{"id":2080,"date":"2009-11-06T00:00:00","date_gmt":"2009-11-06T00:00:00","guid":{"rendered":""},"modified":"2009-11-06T07:49:59","modified_gmt":"2009-11-06T07:49:59","slug":"perux-menos-dinero-para-defensa","status":"publish","type":"post","link":"https:\/\/www.pressenza.com\/es\/2009\/11\/perux-menos-dinero-para-defensa\/","title":{"rendered":"Per\u00fa, menos dinero para Defensa"},"content":{"rendered":"<p>El gesto del presidente del Per\u00fa Alan Garc\u00eda de proponerle al resto de Sudam\u00e9rica reducir el gasto en Defensa y en la compra de armamentos puede ser entendido, quiz\u00e1s, de dos maneras.<br \/>\nComo el intento real, esmerado y consciente de querer enfocar el problema del gasto militar en una de las regiones con mayor \u00edndice de pobreza o como un gesto para la platea. El Gobierno del Per\u00fa le ha planteado a sus pares de la regi\u00f3n dicha posibilidad. A continuaci\u00f3n veamos si es posible estar m\u00e1s cerca de un acuerdo o m\u00e1s cerca, de un moh\u00edn.<\/p>\n<p>El compromiso que plantea el Per\u00fa, y que forma parte del \u201cProtocolo para la Paz, Seguridad y Cooperaci\u00f3n\u201d es reducir un 3% en gasto de defensa, y un 15% en armamento en los pr\u00f3ximos cinco a\u00f1os.<\/p>\n<p>Detr\u00e1s de la propuesta peruana pueden haber diversas motivaciones, desde el estupor que puede generar, en cualquiera, las cifras totales en inversi\u00f3n de armas hasta un irresuelto problema lim\u00edtrofe con Chile. Tambi\u00e9n puede haber mucha ingenuidad.<\/p>\n<p>**Las cifras de la verguenza**<br \/>\nVenezuela ha llegado a un acuerdo con Rusia para iniciar un proceso de modernizaci\u00f3n de su aparato militar, por un total de 120 millones de d\u00f3lares. Incluye la adquisici\u00f3n de helic\u00f3pteros de transporte y de ataque, la compra de 100 mil fusiles de asalto y de 20 aviones de entrenamiento avanzado Super Tucano de Brasil. En el carrito de compras tambi\u00e9n han sido incluidos 12 aviones de transporte, patrulleras navales y corbetas de origen espa\u00f1ol.<\/p>\n<p>Chile tiene un presupuesto para Defensa cercano al 4,2% del PIB. Adquiere y renueva armas bajo la hip\u00f3tesis militar del conflicto simult\u00e1neo con sus tres vecinos: Per\u00fa, Bolivia y Argentina. El ingreso por el canon de la explotaci\u00f3n cupr\u00edfera le asigna a la milicia mapocha el 10% de lo producido por esas exportaciones a un fondo especial de las FF.AA. As\u00ed mismo vende su material b\u00e9lico no renovable a Ecuador, quien en los a\u00f1os 90 mantuvo enfrentamientos b\u00e9licos con Per\u00fa, y a Colombia.<\/p>\n<p>Mientras tanto, Brasil moderniza con tecnolog\u00eda israel\u00ed 46 aviones de combate F-5E de fabricaci\u00f3n estadounidense. Est\u00e1 abocado a potenciar su presencia en el mercado internacional y regional de armamentos as\u00ed como el nivel de desarrollo de su industria militar.<\/p>\n<p>Per\u00fa firm\u00f3 un acuerdo de cooperaci\u00f3n con Rusia para modernizar material a\u00e9reo, con un cr\u00e9dito ruso de 200 millones de d\u00f3lares. Tiene tambi\u00e9n un acuerdo con Francia para actualizar los aviones de combate Mirage 2000 adquiridos en los a\u00f1os 80. Lima adquiri\u00f3 adem\u00e1s dos fragatas de la Marina Italiana y la decisi\u00f3n pol\u00edtica y diplom\u00e1tica de desconocer la demarcaci\u00f3n mar\u00edtima establecida con Chile a comienzos del siglo pasado.<\/p>\n<p>Argentina tiene un presupuesto para Defensa del 1,1% del PBI. No hay datos en torno a que el pa\u00eds se haya llevado adelante importantes programas de reequipamiento.<\/p>\n<p>No es pues un problema centrado en Venezuela y su siempre relaci\u00f3n inamistosa con Colombia, principal socio de Estados Unidos en la regi\u00f3n. El armamentismo es un problema en la regi\u00f3n que en los pr\u00f3ximos a\u00f1os significar\u00e1 el manejo de ingentes cantidades de d\u00f3lares para renovar los equipos y adecuarse a las nuevas necesidades que dichos equipo impongan.<\/p>\n<p>**El problema con Chile**<br \/>\nHay detr\u00e1s del planteamiento del gobierno del Presidente Alan Garc\u00eda la preparaci\u00f3n de un escenario que la diplomacia peruana y sus Fuerzas Armadas ven como probable en el mediano plazo: el desconocimiento por parte de Chile de la sentencia de la Corte Internacional de La Haya en torno al diferendo de l\u00edmites mar\u00edtimos que sostiene Lima con Santiago. Si la sentencia se decanta de lado peruano Chile perder\u00eda una importante y rica porci\u00f3n de mar que hoy considera su mar territorial y sus Fuerzas Armadas podr\u00edan responder militarmente a lo que considerar\u00edan una usurpaci\u00f3n.<\/p>\n<p>Es para la mayor\u00eda de analistas un escenario poco probable, la institucionalidad de la democracia Chilena, en principio, inhibir\u00eda cualquier arrebato de ese tipo, sin embargo la ingente compra de armas, los proceso de poca transparencia con respecto al material b\u00e9lico entre ambos pa\u00edses, los frustrados procesos de acercamiento entre Defensa y Relaciones Exteriores denominados dos m\u00e1s dos, han generado enorme desconfianza en unas relaciones que en lo comercial evidencian una envidiable y saludable relaci\u00f3n pero que en lo militar y diplom\u00e1tico enfrentan uno de sus momentos m\u00e1s bajos desde que el Per\u00fa acudi\u00f3 a La Haya para resolver el problema lim\u00edtrofe, gesto calificado por Chile como lamentable.<\/p>\n<p>**Conclusiones**<br \/>\nLa mayor\u00eda de los gobiernos ha saludado la posici\u00f3n peruana se\u00f1alando su compromiso de analizar el tema para tratarlo en la pr\u00f3xima cumbre de UNASUR.<br \/>\nArgentina ya recibi\u00f3 a la delegaci\u00f3n peruana con buen \u00e1nimo. Ecuador y Bolivia han manifestado su decisi\u00f3n de apoyar el Protocolo propuesto por el Per\u00fa. Incluso Chile, que en un inicio calific\u00f3 la propuesta de descabellada al hablarse de un \u201cPacto de no Agresi\u00f3n\u201d mientras que ahora se habla de Protocolo, -Un tema de sem\u00e1ntica- dijo Santiago, pero que podr\u00eda marcar la diferencia de lo que parece casi una imposible misi\u00f3n y que podr\u00eda quedarse tan solo en gestos para la platea.<\/p>\n<p>Una Am\u00e9rica Latina priorizando la lucha contra la pobreza y la desnutrici\u00f3n por encima del derroche en pertrechos para los soldados ser\u00eda un espaldarazo sin precedentes para el fortalecimiento de UNASUR. Las apuestas est\u00e1n en contra.<\/p>\n<p>Fuente: Radio Nederland<\/p>\n","protected":false},"excerpt":{"rendered":"<p>El Gobierno peruano ha enviado cuatro delegaciones ministeriales a varios pa\u00edses sudamericanos para poner en pr\u00e1ctica una propuesta que hiciera el presidente de Per\u00fa, Alan Garc\u00eda, en la \u00faltima reuni\u00f3n de la Uni\u00f3n Sudamericana de Naciones: promover un compromiso de no agresi\u00f3n, a fin de limitar la ingente compra de armamentos en un continente que busca erradicar la pobreza<\/p>\n","protected":false},"author":19,"featured_media":0,"comment_status":"closed","ping_status":"open","sticky":false,"template":"","format":"standard","meta":{"footnotes":""},"categories":[39,74,67],"tags":[],"class_list":["post-2080","post","type-post","status-publish","format-standard","hentry","category-internacional","category-politica-es","category-sudamerica"],"yoast_head":"<!-- This site is optimized with the Yoast SEO plugin v27.1.1 - https:\/\/yoast.com\/product\/yoast-seo-wordpress\/ -->\n<title>Per\u00fa, menos dinero para Defensa<\/title>\n<meta name=\"description\" content=\"El Gobierno peruano ha enviado cuatro delegaciones ministeriales a varios pa\u00edses sudamericanos para poner en pr\u00e1ctica una propuesta que hiciera el presidente de Per\u00fa, Alan Garc\u00eda, en la \u00faltima reuni\u00f3n de la Uni\u00f3n Sudamericana de Naciones: promover un compromiso de no agresi\u00f3n, a fin de limitar la ingente compra de armamentos en un continente que busca erradicar la pobreza\" \/>\n<meta name=\"robots\" content=\"index, follow, max-snippet:-1, max-image-preview:large, max-video-preview:-1\" \/>\n<link rel=\"canonical\" href=\"https:\/\/www.pressenza.com\/es\/2009\/11\/perux-menos-dinero-para-defensa\/\" \/>\n<meta property=\"og:locale\" content=\"es_ES\" \/>\n<meta property=\"og:type\" content=\"article\" \/>\n<meta property=\"og:title\" content=\"Per\u00fa, menos dinero para Defensa\" \/>\n<meta property=\"og:description\" content=\"El Gobierno peruano ha enviado cuatro delegaciones ministeriales a varios pa\u00edses sudamericanos para poner en pr\u00e1ctica una propuesta que hiciera el presidente de Per\u00fa, Alan Garc\u00eda, en la \u00faltima reuni\u00f3n de la Uni\u00f3n Sudamericana de Naciones: promover un compromiso de no agresi\u00f3n, a fin de limitar la ingente compra de armamentos en un continente que busca erradicar la pobreza\" \/>\n<meta property=\"og:url\" content=\"https:\/\/www.pressenza.com\/es\/2009\/11\/perux-menos-dinero-para-defensa\/\" \/>\n<meta property=\"og:site_name\" content=\"Pressenza\" \/>\n<meta property=\"article:publisher\" content=\"https:\/\/www.facebook.com\/PressenzaItalia\" \/>\n<meta property=\"article:author\" content=\"https:\/\/www.facebook.com\/pressenza\" \/>\n<meta property=\"article:published_time\" content=\"2009-11-06T00:00:00+00:00\" \/>\n<meta property=\"article:modified_time\" content=\"2009-11-06T07:49:59+00:00\" \/>\n<meta name=\"author\" content=\"Pressenza IPA\" \/>\n<meta name=\"twitter:card\" content=\"summary_large_image\" \/>\n<meta name=\"twitter:creator\" content=\"@PressenzaIPA\" \/>\n<meta name=\"twitter:site\" content=\"@PressenzaIPA\" \/>\n<meta name=\"twitter:label1\" content=\"Escrito por\" \/>\n\t<meta name=\"twitter:data1\" content=\"Pressenza IPA\" \/>\n\t<meta name=\"twitter:label2\" content=\"Tiempo de lectura\" \/>\n\t<meta name=\"twitter:data2\" content=\"5 minutos\" \/>\n<script type=\"application\/ld+json\" class=\"yoast-schema-graph\">{\"@context\":\"https:\/\/schema.org\",\"@graph\":[{\"@type\":\"Article\",\"@id\":\"https:\/\/www.pressenza.com\/es\/2009\/11\/perux-menos-dinero-para-defensa\/#article\",\"isPartOf\":{\"@id\":\"https:\/\/www.pressenza.com\/es\/2009\/11\/perux-menos-dinero-para-defensa\/\"},\"author\":{\"name\":\"Pressenza IPA\",\"@id\":\"https:\/\/www.pressenza.com\/es\/#\/schema\/person\/010e5d02bcf40965427a1289a4cc8d75\"},\"headline\":\"Per\u00fa, menos dinero para Defensa\",\"datePublished\":\"2009-11-06T00:00:00+00:00\",\"dateModified\":\"2009-11-06T07:49:59+00:00\",\"mainEntityOfPage\":{\"@id\":\"https:\/\/www.pressenza.com\/es\/2009\/11\/perux-menos-dinero-para-defensa\/\"},\"wordCount\":953,\"publisher\":{\"@id\":\"https:\/\/www.pressenza.com\/es\/#organization\"},\"articleSection\":[\"Internacional\",\"Pol\u00edtica\",\"Sudam\u00e9rica\"],\"inLanguage\":\"es\"},{\"@type\":\"WebPage\",\"@id\":\"https:\/\/www.pressenza.com\/es\/2009\/11\/perux-menos-dinero-para-defensa\/\",\"url\":\"https:\/\/www.pressenza.com\/es\/2009\/11\/perux-menos-dinero-para-defensa\/\",\"name\":\"Per\u00fa, menos dinero para Defensa\",\"isPartOf\":{\"@id\":\"https:\/\/www.pressenza.com\/es\/#website\"},\"datePublished\":\"2009-11-06T00:00:00+00:00\",\"dateModified\":\"2009-11-06T07:49:59+00:00\",\"description\":\"El Gobierno peruano ha enviado cuatro delegaciones ministeriales a varios pa\u00edses sudamericanos para poner en pr\u00e1ctica una propuesta que hiciera el presidente de Per\u00fa, Alan Garc\u00eda, en la \u00faltima reuni\u00f3n de la Uni\u00f3n Sudamericana de Naciones: promover un compromiso de no agresi\u00f3n, a fin de limitar la ingente compra de armamentos en un continente que busca erradicar la pobreza\",\"breadcrumb\":{\"@id\":\"https:\/\/www.pressenza.com\/es\/2009\/11\/perux-menos-dinero-para-defensa\/#breadcrumb\"},\"inLanguage\":\"es\",\"potentialAction\":[{\"@type\":\"ReadAction\",\"target\":[\"https:\/\/www.pressenza.com\/es\/2009\/11\/perux-menos-dinero-para-defensa\/\"]}]},{\"@type\":\"BreadcrumbList\",\"@id\":\"https:\/\/www.pressenza.com\/es\/2009\/11\/perux-menos-dinero-para-defensa\/#breadcrumb\",\"itemListElement\":[{\"@type\":\"ListItem\",\"position\":1,\"name\":\"Accueil\",\"item\":\"https:\/\/www.pressenza.com\/es\/\"},{\"@type\":\"ListItem\",\"position\":2,\"name\":\"Per\u00fa, menos dinero para Defensa\"}]},{\"@type\":\"WebSite\",\"@id\":\"https:\/\/www.pressenza.com\/es\/#website\",\"url\":\"https:\/\/www.pressenza.com\/es\/\",\"name\":\"Pressenza\",\"description\":\"International Press Agency\",\"publisher\":{\"@id\":\"https:\/\/www.pressenza.com\/es\/#organization\"},\"potentialAction\":[{\"@type\":\"SearchAction\",\"target\":{\"@type\":\"EntryPoint\",\"urlTemplate\":\"https:\/\/www.pressenza.com\/es\/?s={search_term_string}\"},\"query-input\":{\"@type\":\"PropertyValueSpecification\",\"valueRequired\":true,\"valueName\":\"search_term_string\"}}],\"inLanguage\":\"es\"},{\"@type\":\"Organization\",\"@id\":\"https:\/\/www.pressenza.com\/es\/#organization\",\"name\":\"Pressenza\",\"url\":\"https:\/\/www.pressenza.com\/es\/\",\"logo\":{\"@type\":\"ImageObject\",\"inLanguage\":\"es\",\"@id\":\"https:\/\/www.pressenza.com\/es\/#\/schema\/logo\/image\/\",\"url\":\"https:\/\/www.pressenza.com\/wp-content\/uploads\/2022\/10\/pressenza_logo_200x200.jpg\",\"contentUrl\":\"https:\/\/www.pressenza.com\/wp-content\/uploads\/2022\/10\/pressenza_logo_200x200.jpg\",\"width\":200,\"height\":200,\"caption\":\"Pressenza\"},\"image\":{\"@id\":\"https:\/\/www.pressenza.com\/es\/#\/schema\/logo\/image\/\"},\"sameAs\":[\"https:\/\/www.facebook.com\/PressenzaItalia\",\"https:\/\/x.com\/PressenzaIPA\"]},{\"@type\":\"Person\",\"@id\":\"https:\/\/www.pressenza.com\/es\/#\/schema\/person\/010e5d02bcf40965427a1289a4cc8d75\",\"name\":\"Pressenza IPA\",\"description\":\"News from Pressenza IPA correspondents\",\"sameAs\":[\"https:\/\/www.facebook.com\/pressenza\",\"https:\/\/x.com\/PressenzaIPA\"],\"url\":\"https:\/\/www.pressenza.com\/es\/author\/pressenza-ipa\/\"}]}<\/script>\n<!-- \/ Yoast SEO plugin. -->","yoast_head_json":{"title":"Per\u00fa, menos dinero para Defensa","description":"El Gobierno peruano ha enviado cuatro delegaciones ministeriales a varios pa\u00edses sudamericanos para poner en pr\u00e1ctica una propuesta que hiciera el presidente de Per\u00fa, Alan Garc\u00eda, en la \u00faltima reuni\u00f3n de la Uni\u00f3n Sudamericana de Naciones: promover un compromiso de no agresi\u00f3n, a fin de limitar la ingente compra de armamentos en un continente que busca erradicar la pobreza","robots":{"index":"index","follow":"follow","max-snippet":"max-snippet:-1","max-image-preview":"max-image-preview:large","max-video-preview":"max-video-preview:-1"},"canonical":"https:\/\/www.pressenza.com\/es\/2009\/11\/perux-menos-dinero-para-defensa\/","og_locale":"es_ES","og_type":"article","og_title":"Per\u00fa, menos dinero para Defensa","og_description":"El Gobierno peruano ha enviado cuatro delegaciones ministeriales a varios pa\u00edses sudamericanos para poner en pr\u00e1ctica una propuesta que hiciera el presidente de Per\u00fa, Alan Garc\u00eda, en la \u00faltima reuni\u00f3n de la Uni\u00f3n Sudamericana de Naciones: promover un compromiso de no agresi\u00f3n, a fin de limitar la ingente compra de armamentos en un continente que busca erradicar la pobreza","og_url":"https:\/\/www.pressenza.com\/es\/2009\/11\/perux-menos-dinero-para-defensa\/","og_site_name":"Pressenza","article_publisher":"https:\/\/www.facebook.com\/PressenzaItalia","article_author":"https:\/\/www.facebook.com\/pressenza","article_published_time":"2009-11-06T00:00:00+00:00","article_modified_time":"2009-11-06T07:49:59+00:00","author":"Pressenza IPA","twitter_card":"summary_large_image","twitter_creator":"@PressenzaIPA","twitter_site":"@PressenzaIPA","twitter_misc":{"Escrito por":"Pressenza IPA","Tiempo de lectura":"5 minutos"},"schema":{"@context":"https:\/\/schema.org","@graph":[{"@type":"Article","@id":"https:\/\/www.pressenza.com\/es\/2009\/11\/perux-menos-dinero-para-defensa\/#article","isPartOf":{"@id":"https:\/\/www.pressenza.com\/es\/2009\/11\/perux-menos-dinero-para-defensa\/"},"author":{"name":"Pressenza IPA","@id":"https:\/\/www.pressenza.com\/es\/#\/schema\/person\/010e5d02bcf40965427a1289a4cc8d75"},"headline":"Per\u00fa, menos dinero para Defensa","datePublished":"2009-11-06T00:00:00+00:00","dateModified":"2009-11-06T07:49:59+00:00","mainEntityOfPage":{"@id":"https:\/\/www.pressenza.com\/es\/2009\/11\/perux-menos-dinero-para-defensa\/"},"wordCount":953,"publisher":{"@id":"https:\/\/www.pressenza.com\/es\/#organization"},"articleSection":["Internacional","Pol\u00edtica","Sudam\u00e9rica"],"inLanguage":"es"},{"@type":"WebPage","@id":"https:\/\/www.pressenza.com\/es\/2009\/11\/perux-menos-dinero-para-defensa\/","url":"https:\/\/www.pressenza.com\/es\/2009\/11\/perux-menos-dinero-para-defensa\/","name":"Per\u00fa, menos dinero para Defensa","isPartOf":{"@id":"https:\/\/www.pressenza.com\/es\/#website"},"datePublished":"2009-11-06T00:00:00+00:00","dateModified":"2009-11-06T07:49:59+00:00","description":"El Gobierno peruano ha enviado cuatro delegaciones ministeriales a varios pa\u00edses sudamericanos para poner en pr\u00e1ctica una propuesta que hiciera el presidente de Per\u00fa, Alan Garc\u00eda, en la \u00faltima reuni\u00f3n de la Uni\u00f3n Sudamericana de Naciones: promover un compromiso de no agresi\u00f3n, a fin de limitar la ingente compra de armamentos en un continente que busca erradicar la pobreza","breadcrumb":{"@id":"https:\/\/www.pressenza.com\/es\/2009\/11\/perux-menos-dinero-para-defensa\/#breadcrumb"},"inLanguage":"es","potentialAction":[{"@type":"ReadAction","target":["https:\/\/www.pressenza.com\/es\/2009\/11\/perux-menos-dinero-para-defensa\/"]}]},{"@type":"BreadcrumbList","@id":"https:\/\/www.pressenza.com\/es\/2009\/11\/perux-menos-dinero-para-defensa\/#breadcrumb","itemListElement":[{"@type":"ListItem","position":1,"name":"Accueil","item":"https:\/\/www.pressenza.com\/es\/"},{"@type":"ListItem","position":2,"name":"Per\u00fa, menos dinero para Defensa"}]},{"@type":"WebSite","@id":"https:\/\/www.pressenza.com\/es\/#website","url":"https:\/\/www.pressenza.com\/es\/","name":"Pressenza","description":"International Press Agency","publisher":{"@id":"https:\/\/www.pressenza.com\/es\/#organization"},"potentialAction":[{"@type":"SearchAction","target":{"@type":"EntryPoint","urlTemplate":"https:\/\/www.pressenza.com\/es\/?s={search_term_string}"},"query-input":{"@type":"PropertyValueSpecification","valueRequired":true,"valueName":"search_term_string"}}],"inLanguage":"es"},{"@type":"Organization","@id":"https:\/\/www.pressenza.com\/es\/#organization","name":"Pressenza","url":"https:\/\/www.pressenza.com\/es\/","logo":{"@type":"ImageObject","inLanguage":"es","@id":"https:\/\/www.pressenza.com\/es\/#\/schema\/logo\/image\/","url":"https:\/\/www.pressenza.com\/wp-content\/uploads\/2022\/10\/pressenza_logo_200x200.jpg","contentUrl":"https:\/\/www.pressenza.com\/wp-content\/uploads\/2022\/10\/pressenza_logo_200x200.jpg","width":200,"height":200,"caption":"Pressenza"},"image":{"@id":"https:\/\/www.pressenza.com\/es\/#\/schema\/logo\/image\/"},"sameAs":["https:\/\/www.facebook.com\/PressenzaItalia","https:\/\/x.com\/PressenzaIPA"]},{"@type":"Person","@id":"https:\/\/www.pressenza.com\/es\/#\/schema\/person\/010e5d02bcf40965427a1289a4cc8d75","name":"Pressenza IPA","description":"News from Pressenza IPA correspondents","sameAs":["https:\/\/www.facebook.com\/pressenza","https:\/\/x.com\/PressenzaIPA"],"url":"https:\/\/www.pressenza.com\/es\/author\/pressenza-ipa\/"}]}},"place":"Lima","original_article_url":"","_links":{"self":[{"href":"https:\/\/www.pressenza.com\/es\/wp-json\/wp\/v2\/posts\/2080","targetHints":{"allow":["GET"]}}],"collection":[{"href":"https:\/\/www.pressenza.com\/es\/wp-json\/wp\/v2\/posts"}],"about":[{"href":"https:\/\/www.pressenza.com\/es\/wp-json\/wp\/v2\/types\/post"}],"author":[{"embeddable":true,"href":"https:\/\/www.pressenza.com\/es\/wp-json\/wp\/v2\/users\/19"}],"replies":[{"embeddable":true,"href":"https:\/\/www.pressenza.com\/es\/wp-json\/wp\/v2\/comments?post=2080"}],"version-history":[{"count":0,"href":"https:\/\/www.pressenza.com\/es\/wp-json\/wp\/v2\/posts\/2080\/revisions"}],"wp:attachment":[{"href":"https:\/\/www.pressenza.com\/es\/wp-json\/wp\/v2\/media?parent=2080"}],"wp:term":[{"taxonomy":"category","embeddable":true,"href":"https:\/\/www.pressenza.com\/es\/wp-json\/wp\/v2\/categories?post=2080"},{"taxonomy":"post_tag","embeddable":true,"href":"https:\/\/www.pressenza.com\/es\/wp-json\/wp\/v2\/tags?post=2080"}],"curies":[{"name":"wp","href":"https:\/\/api.w.org\/{rel}","templated":true}]}}