{"id":207472,"date":"2015-08-04T00:11:42","date_gmt":"2015-08-03T23:11:42","guid":{"rendered":"http:\/\/www.pressenza.com\/?p=207472"},"modified":"2015-08-04T00:11:42","modified_gmt":"2015-08-03T23:11:42","slug":"no-en-mi-nombre","status":"publish","type":"post","link":"https:\/\/www.pressenza.com\/es\/2015\/08\/no-en-mi-nombre\/","title":{"rendered":"No en mi nombre"},"content":{"rendered":"<p><strong><em>por ALEJANDRO BEREZIN, Est. Ingenier\u00eda Comercial, U. Adolfo Ib\u00e1\u00f1ez. Pahil Hashomer Hatzair Chile.<\/em><\/strong><\/p>\n<p><strong><em>Para El Diario Jud\u00edo<\/em><\/strong><\/p>\n<p>Un grupo de terroristas jud\u00edos atac\u00f3 a una familia \u00e1rabe con una bomba incendiaria, desencadenando la muerte de un beb\u00e9 de s\u00f3lo un a\u00f1o y medio que muri\u00f3 quemado en su cuna, y dejando en estado grave a ambos padres y a su hijo mayor, con quemaduras en m\u00e1s de la mitad del cuerpo.<\/p>\n<p>La letalidad de la doctrina fundamentalista, subyugada por el extremismo religioso o patri\u00f3tico, no representa los valores centrales del juda\u00edsmo ni del sionismo, no respeta la vida como tal y no construye un futuro mejor ni para Israel ni para el mundo. No hay verdad absoluta que pueda pasar por encima de la vida misma. Pero \u201c\u00bfHasta cu\u00e1ndo?\u201d es una pregunta que deja de tener sentido si s\u00f3lo repetimos, ante cada calamidad extremista, que ojal\u00e1 no vuelva a ocurrir.<\/p>\n<p>Si queremos ver menos odio y venganza, debemos educar en torno a la paz y la convivencia. El mismo primer ministro Netanyahu comunic\u00f3 que todo el mundo en Israel est\u00e1 en shock por el condenable terrorismo contra la familia Dawabsha, que estamos \u201cs\u00faper\u201d indignados y nos llama a luchar juntos en su contra. Si el gobierno reconoce tolerancia cero contra el terrorismo, as\u00ed tambi\u00e9n deber\u00eda ser nuestro silencio frente a tan vergonzoso crimen.<\/p>\n<p>Pero llamar a la lucha contra el terrorismo y el extremismo jud\u00edo nos llama a reflexionar en el proyecto pol\u00edtico-nacional que construimos y estamos construyendo. La violencia y el terror son tambi\u00e9n hijos del sistema, reproducidos y alimentados por el mismo. La construcci\u00f3n de asentamientos no es gratis, sino a costa de v\u00edctimas fatales e inocentes.<\/p>\n<p>Si hay momentos en que los jud\u00edos deber\u00edamos mostrarnos unidos y fuertes, es este. As\u00ed tambi\u00e9n lo manifest\u00f3 el Presidente de Israel. \u201cTomar la justicia en las propias manos (\u2026) es premiar a los terroristas\u201d. Todos los jud\u00edos deber\u00edamos estar unidos, mostrando un un\u00edvoco mensaje de repudio y rechazo total a la violencia perpetrada en el nombre de nuestro pueblo. El mismo Presidente Rivlin comunica su m\u00e1s profunda verg\u00fcenza y tristeza. Que a los jud\u00edos en Chile no nos de verg\u00fcenza expresar nuestra verg\u00fcenza.<\/p>\n<p>Si usted es jud\u00edo, si\u00e9ntase completamente responsable y obligado de afirmar NO EN MI NOMBRE. Porque qui\u00e9ralo o no, uno solo nos representa a todos, y a m\u00ed estos asesinos no me representan. Por esto, frente a tan detestable acto, expresemos p\u00fablicamente nuestra m\u00e1s en\u00e9rgica condena, porque un fan\u00e1tico extremo pesa por millones de mensajes de sentido com\u00fan y paz.<\/p>\n","protected":false},"excerpt":{"rendered":"<p>por ALEJANDRO BEREZIN, Est. Ingenier\u00eda Comercial, U. Adolfo Ib\u00e1\u00f1ez. Pahil Hashomer Hatzair Chile. Para El Diario Jud\u00edo Un grupo de terroristas jud\u00edos atac\u00f3 a una familia \u00e1rabe con una bomba incendiaria, desencadenando la muerte de un beb\u00e9 de s\u00f3lo un&hellip;<\/p>\n","protected":false},"author":87,"featured_media":207488,"comment_status":"closed","ping_status":"open","sticky":false,"template":"","format":"standard","meta":{"footnotes":""},"categories":[76,79,71],"tags":[11566,441,646,814,350,623],"class_list":["post-207472","post","type-post","status-publish","format-standard","has-post-thumbnail","hentry","category-relaciones-exteriores","category-derechos-humanos","category-medio-oriente-es","tag-conflicto-palestino-israeli","tag-derechos-humanos","tag-israel-es","tag-palestina-es","tag-terrorismo-es","tag-violencia"],"yoast_head":"<!-- This site is optimized with the Yoast SEO plugin v27.1.1 - https:\/\/yoast.com\/product\/yoast-seo-wordpress\/ -->\n<title>No en mi nombre<\/title>\n<meta name=\"description\" content=\"por ALEJANDRO BEREZIN, Est. Ingenier\u00eda Comercial, U. Adolfo Ib\u00e1\u00f1ez. Pahil Hashomer Hatzair Chile. Para El Diario Jud\u00edo Un grupo de terroristas jud\u00edos\" \/>\n<meta name=\"robots\" content=\"index, follow, max-snippet:-1, max-image-preview:large, max-video-preview:-1\" \/>\n<link rel=\"canonical\" href=\"https:\/\/www.pressenza.com\/es\/2015\/08\/no-en-mi-nombre\/\" \/>\n<meta property=\"og:locale\" content=\"es_ES\" \/>\n<meta property=\"og:type\" content=\"article\" \/>\n<meta property=\"og:title\" content=\"No en mi nombre\" \/>\n<meta property=\"og:description\" content=\"por ALEJANDRO BEREZIN, Est. Ingenier\u00eda Comercial, U. Adolfo Ib\u00e1\u00f1ez. Pahil Hashomer Hatzair Chile. Para El Diario Jud\u00edo Un grupo de terroristas jud\u00edos\" \/>\n<meta property=\"og:url\" content=\"https:\/\/www.pressenza.com\/es\/2015\/08\/no-en-mi-nombre\/\" \/>\n<meta property=\"og:site_name\" content=\"Pressenza\" \/>\n<meta property=\"article:publisher\" content=\"https:\/\/www.facebook.com\/PressenzaItalia\" \/>\n<meta property=\"article:published_time\" content=\"2015-08-03T23:11:42+00:00\" \/>\n<meta property=\"og:image\" content=\"https:\/\/www.pressenza.com\/wp-content\/uploads\/2015\/08\/tumblr_m16su5FD7z1ro61bto1_r1_1280.jpg\" \/>\n\t<meta property=\"og:image:width\" content=\"824\" \/>\n\t<meta property=\"og:image:height\" content=\"566\" \/>\n\t<meta property=\"og:image:type\" content=\"image\/jpeg\" \/>\n<meta name=\"author\" content=\"Redacci\u00f3n Argentina\" \/>\n<meta name=\"twitter:card\" content=\"summary_large_image\" \/>\n<meta name=\"twitter:creator\" content=\"@pressenza\" \/>\n<meta name=\"twitter:site\" content=\"@PressenzaIPA\" \/>\n<meta name=\"twitter:label1\" content=\"Escrito por\" \/>\n\t<meta name=\"twitter:data1\" content=\"Redacci\u00f3n Argentina\" \/>\n\t<meta name=\"twitter:label2\" content=\"Tiempo de lectura\" \/>\n\t<meta name=\"twitter:data2\" content=\"2 minutos\" \/>\n<script type=\"application\/ld+json\" class=\"yoast-schema-graph\">{\"@context\":\"https:\/\/schema.org\",\"@graph\":[{\"@type\":\"Article\",\"@id\":\"https:\/\/www.pressenza.com\/es\/2015\/08\/no-en-mi-nombre\/#article\",\"isPartOf\":{\"@id\":\"https:\/\/www.pressenza.com\/es\/2015\/08\/no-en-mi-nombre\/\"},\"author\":{\"name\":\"Redacci\u00f3n Argentina\",\"@id\":\"https:\/\/www.pressenza.com\/es\/#\/schema\/person\/0dda7d1b68267ad95b1e1d83abc98c89\"},\"headline\":\"No en mi nombre\",\"datePublished\":\"2015-08-03T23:11:42+00:00\",\"mainEntityOfPage\":{\"@id\":\"https:\/\/www.pressenza.com\/es\/2015\/08\/no-en-mi-nombre\/\"},\"wordCount\":464,\"publisher\":{\"@id\":\"https:\/\/www.pressenza.com\/es\/#organization\"},\"image\":{\"@id\":\"https:\/\/www.pressenza.com\/es\/2015\/08\/no-en-mi-nombre\/#primaryimage\"},\"thumbnailUrl\":\"https:\/\/www.pressenza.com\/wp-content\/uploads\/2015\/08\/tumblr_m16su5FD7z1ro61bto1_r1_1280.jpg\",\"keywords\":[\"Conflicto Palestino Israel\u00ed\",\"Derechos humanos\",\"Israel\",\"Palestina\",\"terrorismo\",\"Violencia\"],\"articleSection\":[\"Asuntos internacionales\",\"Derechos Humanos\",\"Medio Oriente\"],\"inLanguage\":\"es\"},{\"@type\":\"WebPage\",\"@id\":\"https:\/\/www.pressenza.com\/es\/2015\/08\/no-en-mi-nombre\/\",\"url\":\"https:\/\/www.pressenza.com\/es\/2015\/08\/no-en-mi-nombre\/\",\"name\":\"No en mi nombre\",\"isPartOf\":{\"@id\":\"https:\/\/www.pressenza.com\/es\/#website\"},\"primaryImageOfPage\":{\"@id\":\"https:\/\/www.pressenza.com\/es\/2015\/08\/no-en-mi-nombre\/#primaryimage\"},\"image\":{\"@id\":\"https:\/\/www.pressenza.com\/es\/2015\/08\/no-en-mi-nombre\/#primaryimage\"},\"thumbnailUrl\":\"https:\/\/www.pressenza.com\/wp-content\/uploads\/2015\/08\/tumblr_m16su5FD7z1ro61bto1_r1_1280.jpg\",\"datePublished\":\"2015-08-03T23:11:42+00:00\",\"description\":\"por ALEJANDRO BEREZIN, Est. Ingenier\u00eda Comercial, U. Adolfo Ib\u00e1\u00f1ez. Pahil Hashomer Hatzair Chile. Para El Diario Jud\u00edo Un grupo de terroristas jud\u00edos\",\"breadcrumb\":{\"@id\":\"https:\/\/www.pressenza.com\/es\/2015\/08\/no-en-mi-nombre\/#breadcrumb\"},\"inLanguage\":\"es\",\"potentialAction\":[{\"@type\":\"ReadAction\",\"target\":[\"https:\/\/www.pressenza.com\/es\/2015\/08\/no-en-mi-nombre\/\"]}]},{\"@type\":\"ImageObject\",\"inLanguage\":\"es\",\"@id\":\"https:\/\/www.pressenza.com\/es\/2015\/08\/no-en-mi-nombre\/#primaryimage\",\"url\":\"https:\/\/www.pressenza.com\/wp-content\/uploads\/2015\/08\/tumblr_m16su5FD7z1ro61bto1_r1_1280.jpg\",\"contentUrl\":\"https:\/\/www.pressenza.com\/wp-content\/uploads\/2015\/08\/tumblr_m16su5FD7z1ro61bto1_r1_1280.jpg\",\"width\":824,\"height\":566},{\"@type\":\"BreadcrumbList\",\"@id\":\"https:\/\/www.pressenza.com\/es\/2015\/08\/no-en-mi-nombre\/#breadcrumb\",\"itemListElement\":[{\"@type\":\"ListItem\",\"position\":1,\"name\":\"Accueil\",\"item\":\"https:\/\/www.pressenza.com\/es\/\"},{\"@type\":\"ListItem\",\"position\":2,\"name\":\"No en mi nombre\"}]},{\"@type\":\"WebSite\",\"@id\":\"https:\/\/www.pressenza.com\/es\/#website\",\"url\":\"https:\/\/www.pressenza.com\/es\/\",\"name\":\"Pressenza\",\"description\":\"International Press Agency\",\"publisher\":{\"@id\":\"https:\/\/www.pressenza.com\/es\/#organization\"},\"potentialAction\":[{\"@type\":\"SearchAction\",\"target\":{\"@type\":\"EntryPoint\",\"urlTemplate\":\"https:\/\/www.pressenza.com\/es\/?s={search_term_string}\"},\"query-input\":{\"@type\":\"PropertyValueSpecification\",\"valueRequired\":true,\"valueName\":\"search_term_string\"}}],\"inLanguage\":\"es\"},{\"@type\":\"Organization\",\"@id\":\"https:\/\/www.pressenza.com\/es\/#organization\",\"name\":\"Pressenza\",\"url\":\"https:\/\/www.pressenza.com\/es\/\",\"logo\":{\"@type\":\"ImageObject\",\"inLanguage\":\"es\",\"@id\":\"https:\/\/www.pressenza.com\/es\/#\/schema\/logo\/image\/\",\"url\":\"https:\/\/www.pressenza.com\/wp-content\/uploads\/2022\/10\/pressenza_logo_200x200.jpg\",\"contentUrl\":\"https:\/\/www.pressenza.com\/wp-content\/uploads\/2022\/10\/pressenza_logo_200x200.jpg\",\"width\":200,\"height\":200,\"caption\":\"Pressenza\"},\"image\":{\"@id\":\"https:\/\/www.pressenza.com\/es\/#\/schema\/logo\/image\/\"},\"sameAs\":[\"https:\/\/www.facebook.com\/PressenzaItalia\",\"https:\/\/x.com\/PressenzaIPA\"]},{\"@type\":\"Person\",\"@id\":\"https:\/\/www.pressenza.com\/es\/#\/schema\/person\/0dda7d1b68267ad95b1e1d83abc98c89\",\"name\":\"Redacci\u00f3n Argentina\",\"description\":\"News from the Pressenza Bureau in Argentina.\",\"sameAs\":[\"https:\/\/x.com\/pressenza\"],\"url\":\"https:\/\/www.pressenza.com\/es\/author\/redaccion-argentina\/\"}]}<\/script>\n<!-- \/ Yoast SEO plugin. -->","yoast_head_json":{"title":"No en mi nombre","description":"por ALEJANDRO BEREZIN, Est. Ingenier\u00eda Comercial, U. Adolfo Ib\u00e1\u00f1ez. Pahil Hashomer Hatzair Chile. Para El Diario Jud\u00edo Un grupo de terroristas jud\u00edos","robots":{"index":"index","follow":"follow","max-snippet":"max-snippet:-1","max-image-preview":"max-image-preview:large","max-video-preview":"max-video-preview:-1"},"canonical":"https:\/\/www.pressenza.com\/es\/2015\/08\/no-en-mi-nombre\/","og_locale":"es_ES","og_type":"article","og_title":"No en mi nombre","og_description":"por ALEJANDRO BEREZIN, Est. Ingenier\u00eda Comercial, U. Adolfo Ib\u00e1\u00f1ez. Pahil Hashomer Hatzair Chile. Para El Diario Jud\u00edo Un grupo de terroristas jud\u00edos","og_url":"https:\/\/www.pressenza.com\/es\/2015\/08\/no-en-mi-nombre\/","og_site_name":"Pressenza","article_publisher":"https:\/\/www.facebook.com\/PressenzaItalia","article_published_time":"2015-08-03T23:11:42+00:00","og_image":[{"width":824,"height":566,"url":"https:\/\/www.pressenza.com\/wp-content\/uploads\/2015\/08\/tumblr_m16su5FD7z1ro61bto1_r1_1280.jpg","type":"image\/jpeg"}],"author":"Redacci\u00f3n Argentina","twitter_card":"summary_large_image","twitter_creator":"@pressenza","twitter_site":"@PressenzaIPA","twitter_misc":{"Escrito por":"Redacci\u00f3n Argentina","Tiempo de lectura":"2 minutos"},"schema":{"@context":"https:\/\/schema.org","@graph":[{"@type":"Article","@id":"https:\/\/www.pressenza.com\/es\/2015\/08\/no-en-mi-nombre\/#article","isPartOf":{"@id":"https:\/\/www.pressenza.com\/es\/2015\/08\/no-en-mi-nombre\/"},"author":{"name":"Redacci\u00f3n Argentina","@id":"https:\/\/www.pressenza.com\/es\/#\/schema\/person\/0dda7d1b68267ad95b1e1d83abc98c89"},"headline":"No en mi nombre","datePublished":"2015-08-03T23:11:42+00:00","mainEntityOfPage":{"@id":"https:\/\/www.pressenza.com\/es\/2015\/08\/no-en-mi-nombre\/"},"wordCount":464,"publisher":{"@id":"https:\/\/www.pressenza.com\/es\/#organization"},"image":{"@id":"https:\/\/www.pressenza.com\/es\/2015\/08\/no-en-mi-nombre\/#primaryimage"},"thumbnailUrl":"https:\/\/www.pressenza.com\/wp-content\/uploads\/2015\/08\/tumblr_m16su5FD7z1ro61bto1_r1_1280.jpg","keywords":["Conflicto Palestino Israel\u00ed","Derechos humanos","Israel","Palestina","terrorismo","Violencia"],"articleSection":["Asuntos internacionales","Derechos Humanos","Medio Oriente"],"inLanguage":"es"},{"@type":"WebPage","@id":"https:\/\/www.pressenza.com\/es\/2015\/08\/no-en-mi-nombre\/","url":"https:\/\/www.pressenza.com\/es\/2015\/08\/no-en-mi-nombre\/","name":"No en mi nombre","isPartOf":{"@id":"https:\/\/www.pressenza.com\/es\/#website"},"primaryImageOfPage":{"@id":"https:\/\/www.pressenza.com\/es\/2015\/08\/no-en-mi-nombre\/#primaryimage"},"image":{"@id":"https:\/\/www.pressenza.com\/es\/2015\/08\/no-en-mi-nombre\/#primaryimage"},"thumbnailUrl":"https:\/\/www.pressenza.com\/wp-content\/uploads\/2015\/08\/tumblr_m16su5FD7z1ro61bto1_r1_1280.jpg","datePublished":"2015-08-03T23:11:42+00:00","description":"por ALEJANDRO BEREZIN, Est. Ingenier\u00eda Comercial, U. Adolfo Ib\u00e1\u00f1ez. Pahil Hashomer Hatzair Chile. Para El Diario Jud\u00edo Un grupo de terroristas jud\u00edos","breadcrumb":{"@id":"https:\/\/www.pressenza.com\/es\/2015\/08\/no-en-mi-nombre\/#breadcrumb"},"inLanguage":"es","potentialAction":[{"@type":"ReadAction","target":["https:\/\/www.pressenza.com\/es\/2015\/08\/no-en-mi-nombre\/"]}]},{"@type":"ImageObject","inLanguage":"es","@id":"https:\/\/www.pressenza.com\/es\/2015\/08\/no-en-mi-nombre\/#primaryimage","url":"https:\/\/www.pressenza.com\/wp-content\/uploads\/2015\/08\/tumblr_m16su5FD7z1ro61bto1_r1_1280.jpg","contentUrl":"https:\/\/www.pressenza.com\/wp-content\/uploads\/2015\/08\/tumblr_m16su5FD7z1ro61bto1_r1_1280.jpg","width":824,"height":566},{"@type":"BreadcrumbList","@id":"https:\/\/www.pressenza.com\/es\/2015\/08\/no-en-mi-nombre\/#breadcrumb","itemListElement":[{"@type":"ListItem","position":1,"name":"Accueil","item":"https:\/\/www.pressenza.com\/es\/"},{"@type":"ListItem","position":2,"name":"No en mi nombre"}]},{"@type":"WebSite","@id":"https:\/\/www.pressenza.com\/es\/#website","url":"https:\/\/www.pressenza.com\/es\/","name":"Pressenza","description":"International Press Agency","publisher":{"@id":"https:\/\/www.pressenza.com\/es\/#organization"},"potentialAction":[{"@type":"SearchAction","target":{"@type":"EntryPoint","urlTemplate":"https:\/\/www.pressenza.com\/es\/?s={search_term_string}"},"query-input":{"@type":"PropertyValueSpecification","valueRequired":true,"valueName":"search_term_string"}}],"inLanguage":"es"},{"@type":"Organization","@id":"https:\/\/www.pressenza.com\/es\/#organization","name":"Pressenza","url":"https:\/\/www.pressenza.com\/es\/","logo":{"@type":"ImageObject","inLanguage":"es","@id":"https:\/\/www.pressenza.com\/es\/#\/schema\/logo\/image\/","url":"https:\/\/www.pressenza.com\/wp-content\/uploads\/2022\/10\/pressenza_logo_200x200.jpg","contentUrl":"https:\/\/www.pressenza.com\/wp-content\/uploads\/2022\/10\/pressenza_logo_200x200.jpg","width":200,"height":200,"caption":"Pressenza"},"image":{"@id":"https:\/\/www.pressenza.com\/es\/#\/schema\/logo\/image\/"},"sameAs":["https:\/\/www.facebook.com\/PressenzaItalia","https:\/\/x.com\/PressenzaIPA"]},{"@type":"Person","@id":"https:\/\/www.pressenza.com\/es\/#\/schema\/person\/0dda7d1b68267ad95b1e1d83abc98c89","name":"Redacci\u00f3n Argentina","description":"News from the Pressenza Bureau in Argentina.","sameAs":["https:\/\/x.com\/pressenza"],"url":"https:\/\/www.pressenza.com\/es\/author\/redaccion-argentina\/"}]}},"place":"Santiago de Chile","original_article_url":"http:\/\/eldiariojudio.com\/2015\/08\/03\/no-en-mi-nombre\/","_links":{"self":[{"href":"https:\/\/www.pressenza.com\/es\/wp-json\/wp\/v2\/posts\/207472","targetHints":{"allow":["GET"]}}],"collection":[{"href":"https:\/\/www.pressenza.com\/es\/wp-json\/wp\/v2\/posts"}],"about":[{"href":"https:\/\/www.pressenza.com\/es\/wp-json\/wp\/v2\/types\/post"}],"author":[{"embeddable":true,"href":"https:\/\/www.pressenza.com\/es\/wp-json\/wp\/v2\/users\/87"}],"replies":[{"embeddable":true,"href":"https:\/\/www.pressenza.com\/es\/wp-json\/wp\/v2\/comments?post=207472"}],"version-history":[{"count":0,"href":"https:\/\/www.pressenza.com\/es\/wp-json\/wp\/v2\/posts\/207472\/revisions"}],"wp:featuredmedia":[{"embeddable":true,"href":"https:\/\/www.pressenza.com\/es\/wp-json\/wp\/v2\/media\/207488"}],"wp:attachment":[{"href":"https:\/\/www.pressenza.com\/es\/wp-json\/wp\/v2\/media?parent=207472"}],"wp:term":[{"taxonomy":"category","embeddable":true,"href":"https:\/\/www.pressenza.com\/es\/wp-json\/wp\/v2\/categories?post=207472"},{"taxonomy":"post_tag","embeddable":true,"href":"https:\/\/www.pressenza.com\/es\/wp-json\/wp\/v2\/tags?post=207472"}],"curies":[{"name":"wp","href":"https:\/\/api.w.org\/{rel}","templated":true}]}}