{"id":207151,"date":"2015-08-02T21:09:52","date_gmt":"2015-08-02T20:09:52","guid":{"rendered":"http:\/\/www.pressenza.com\/?p=207151"},"modified":"2016-04-20T11:33:22","modified_gmt":"2016-04-20T10:33:22","slug":"el-eurogrupo-contra-atenas-cronologia-de-un-golpe-orquestado-contra-la-democracia-helena","status":"publish","type":"post","link":"https:\/\/www.pressenza.com\/es\/2015\/08\/el-eurogrupo-contra-atenas-cronologia-de-un-golpe-orquestado-contra-la-democracia-helena\/","title":{"rendered":"El Eurogrupo contra Atenas: cronolog\u00eda de un golpe orquestado contra la democracia helena"},"content":{"rendered":"<p><span lang=\"ES-EC\">El ex eurodiputado alem\u00e1n por la Izquierda Europea, Andreas Wehr, enfatiz\u00f3 en su publicaci\u00f3n de fines de julio, que Grecia ahora s\u00ed se ha convertido en un \u201cprotectorado de la Uni\u00f3n Europea\u201d.<a title=\"\" href=\"https:\/\/mail.google.com\/mail\/u\/0\/#14eef33d12b9e71b__ftn1\" name=\"14eef33d12b9e71b__ftnref1\"><span lang=\"ES-EC\">[1]<\/span><\/a> El pa\u00eds heleno se ha convertido en un laboratorio neoliberal en los \u00faltimos 5 a<\/span><span lang=\"ES-EC\">\u00f1<\/span><span lang=\"ES-EC\">os. Hasta tal punto los poderosos en esta `Europa de Hayek` han escamoteado nuevamente porciones de soberan\u00eda al parlamento griego, con el acuerdo de la noche del 12 al 13 de julio en Bruselas, el mismo que significa una capitulaci\u00f3n griega, seg\u00fan explic\u00f3 el ex ministro Varoufakis. <\/span><\/p>\n<p style=\"text-align: left;\" align=\"center\"><span lang=\"ES-EC\">A futuro, el cambio de rumbo que se ha producido las \u00faltimas semanas en Grecia, la eurozona y la Uni\u00f3n Europea (UE), s\u00f3lo podr\u00e1 ser juzgado cabalmente al cabo de unos meses, probablemente de unos a<\/span><span lang=\"ES-EC\">\u00f1<\/span><span lang=\"ES-EC\">os, por los historiadores.<\/span><\/p>\n<p style=\"text-align: left;\" align=\"center\"><strong><span lang=\"ES-EC\">La ofensiva frontal germano-europea contra la izquierda griega <\/span><\/strong><\/p>\n<p><span lang=\"ES-EC\">Lo que se puede constatar ya, es que el intento de SYRIZA por resquebrajar el sentido de soberan\u00eda popular ha sido abortado, a mediados de julio, por una alianza europea que se parece a la de Metternich en contra de Par\u00eds, en 1815.<a title=\"\" href=\"https:\/\/mail.google.com\/mail\/u\/0\/#14eef33d12b9e71b__ftn2\" name=\"14eef33d12b9e71b__ftnref2\"><span lang=\"ES-EC\">[2]<\/span><\/a> Los medios hegem\u00f3nicos alemanes continuaban con su informaci\u00f3n despectiva en contra del gobierno heleno, hasta el 13 de julio, cuando termin\u00f3 <i>de facto<\/i> la `excepci\u00f3n griega` dentro de la UE. <\/span><\/p>\n<p><span lang=\"ES-EC\">Se movilizaban todas las entidades nacionales e internacionales para evitar que SYRIZA pueda hacer salir el pa\u00eds del abismo. Una de las m\u00e1s importantes revistas alemanas, \u201eStern\u201c (\u201eEstrella\u201c), llam\u00f3 el 2 de julio, a derrocar al gobierno del socialista griego Alexis Tsipras.<\/span><a title=\"\" href=\"https:\/\/mail.google.com\/mail\/u\/0\/#14eef33d12b9e71b__ftn3\" name=\"14eef33d12b9e71b__ftnref3\">[3]<\/a> <span lang=\"ES-EC\">El 11 de junio, el rotativo alem\u00e1n <i>Die Welt<\/i> hab\u00eda descartado comparar a los griegos con los helenos, quienes inventaron la democracia, sino sostuvo que ser\u00edan hoy como una mezcla \u00e9tnica entre los grupos humanos \u00abalbaneses, bizantinos y eslavos\u00bb. <\/span><\/p>\n<p><span lang=\"ES-EC\">De esta manera, la prensa alemana creaba nuevos enemigos de la opini\u00f3n publicada alemana. El capital parec\u00eda necesitar estos nuevos adversarios. Al denigrar a los griegos, el gran capital europeo puede m\u00e1s f\u00e1cilmente profundizar la disminuci\u00f3n de los salarios griegos, sin que se produzca mucha empat\u00eda popular, susceptible de contrarrestarlo. <\/span><\/p>\n<p><span lang=\"ES\">El ejecutivo alem\u00e1n lidera el grupo de pa\u00edses m\u00e1s favorables a imponer la continuaci\u00f3n de la austeridad dentro de la zona euro, e incluso dentro del BCE, Alemania est\u00e1 presionando para que se agudice la restricci\u00f3n financiera ante los bancos griegos, es decir para que se provoque lo antes posible, el cierre de todos los bancos en Grecia. <\/span><span lang=\"ES-EC\">El Banco Central Europeo (BCE), pol\u00edticamente independiente, aunque realmente dependiente de la banca privada europea, jug\u00f3 un papel central en el chantaje sistem\u00e1tico en contra del gobierno bipartito en Atenas, y la prensa alemana de derecha calific\u00f3<\/span><span lang=\"ES-EC\"> la opci\u00f3n pol\u00edtica de asfixiar el pa\u00eds financieramente, como ineluctable. \u00bfHubo una intentona golpista orquestada por las instituciones supranacionales y los acreedores de Grecia? \u00a0<\/span><\/p>\n<p><span lang=\"ES-EC\">Seg\u00fan informa el diario <i>Die Welt<\/i> del 28 de junio, el presidente del Banco Federal Weidmann presion\u00f3\u00a0 dentro del BCE (ubicado en Fr\u00e1ncfort del Meno) para que tampoco se mantengan los cr\u00e9ditos de emergencia para Grecia (los llamados ELA, <i>Emergency Liquidity Assistance<\/i>). Con este rechazo de asumir el rol de <i>lender of last resort<\/i> para los bancos griegos, el BCE caus\u00f3 \u00ab<i>de facto<\/i> la clausura de los bancos\u00bb en Grecia, seg\u00fan resalta este mismo diario.<\/span><\/p>\n<p><span lang=\"ES\">La Canciller Federal Angela Merkel declar\u00f3 luego de la \u00faltima reuni\u00f3n del Eurogrupo, que en Atenas \u00aba\u00fan no se dan las condiciones\u00bb para iniciar las negociaciones sobre un tercer programa de ayuda a Grecia, al tiempo que el <\/span><span lang=\"ES-EC\">presidente del banco central alem\u00e1n, el denominado Banco Federal, Jens Weidmann, <\/span><span lang=\"ES\">se manifest\u00f3\u00a0en contra de una continuaci\u00f3n de la cooperaci\u00f3n por parte del BCE con bancos griegos y subray\u00f3 que ahora es el sector pol\u00edtico el que debe hacerse cargo, en caso necesario, de una financiaci\u00f3n puente para el pa\u00eds heleno.<\/span><\/p>\n<p><span lang=\"ES-EC\">El 5 de julio, los griegos repudiaron la austeridad con el 61% que votaron por el \u201eno\u201c (\u201eoxi\u201c en griego) al chantaje continuo de los acreedores. Antes cerraron muchos bancos del pa\u00eds, debido a una falta de liquidez provocada por el BCE.<\/span><a title=\"\" href=\"https:\/\/mail.google.com\/mail\/u\/0\/#14eef33d12b9e71b__ftn4\" name=\"14eef33d12b9e71b__ftnref4\">[4]<\/a><span lang=\"ES-EC\"> Si los griegos hab\u00edan firmado el 25 de junio, las condiciones de extrema austeridad que exigieron el Eurogrupo y sus acreedores, en vez de convocar un referendo, los bancos griegos no hubieran cerrado la semana pasada, destac\u00f3 el ex ministro de Finanzas de Grecia, Yanis Varoufakis.<\/span><\/p>\n<p><span lang=\"ES-EC\">Pues son los ministros de Finanzas de los pa\u00edses integrantes de la zona euro que expulsaron a Varoufakis de las reuniones<i> <\/i>del Eurogrupo (un caso sin precedente), al tiempo que reducen cada vez m\u00e1s el acceso para bancos griegos a la moneda com\u00fan, a trav\u00e9s de BCE. Paralelamente, el BCE est\u00e1 inyectando no obstante, 60 mil millones de euros al mes en los mercados financieros. M\u00e1s a\u00fan: desde hace poco, est\u00e1 comprando bonos incluso de empresas, por primera vez: de una gran empresa <i>italiana<\/i> de participaci\u00f3n estatal.<\/span><a title=\"\" href=\"https:\/\/mail.google.com\/mail\/u\/0\/#14eef33d12b9e71b__ftn5\" name=\"14eef33d12b9e71b__ftnref5\">[5]<\/a> <span lang=\"ES-EC\">Sin embargo, el BCE neg\u00f3, durante semanas, la continuaci\u00f3n del acceso griego a liquidez, hasta el acuerdo del 13 de julio. Esta contradicci\u00f3n evidente y las preferencias pol\u00edticas del BCE son obvias. Por ejemplo, el <i>ejecutivo italiano<\/i> constituye un fiel seguidor en cuanto a la ejecuci\u00f3n de la austeridad (aunque la resistencia popular est\u00e1 creciendo en Italia). En cambio, el gobierno griego ha constituido la \u00fanica amenaza seria para la perpetuaci\u00f3n del dictado burgu\u00e9s paneuropeo, es decir que <i>SYRIZA fue tumbada pol\u00edticamente<\/i>, por la fuerza, a trav\u00e9s de instituciones tecnocr\u00e1ticas.<\/span><\/p>\n<p><span lang=\"ES-EC\">El legado anal\u00edtico y pol\u00edtico que nos dej\u00f3 Varoufakis es considerable, quien hab\u00eda publicado un art\u00edculo titulado \u00abC\u00f3mo convierten Grecia en otro Kosovo\u00bb, en donde advirti\u00f3 de la inminente reducci\u00f3n de Grecia a un protectorado, en el patio trasero de la UE, luego de haberla reducido a un <i>failed state,<\/i> a trav\u00e9s de las medidas nocivas de austeridad.<\/span><\/p>\n<p><span lang=\"ES-EC\">El analista y catedr\u00e1tico Yanis Varoufakis, quien no es miembro de SYRIZA, estudi\u00f3 econom\u00eda en la Universidad de Essex, donde tambi\u00e9n sigui\u00f3 cursos del afamado polit\u00f3logo y fil\u00f3sofo argentino Ernesto Laclau sobre teor\u00edas pol\u00edticas.<\/span><a title=\"\" href=\"https:\/\/mail.google.com\/mail\/u\/0\/#14eef33d12b9e71b__ftn6\" name=\"14eef33d12b9e71b__ftnref6\">[6]<\/a> <span lang=\"ES-EC\">Al contrario, los antiguos hom\u00f3logos de Varoufakis, los integrantes del Europgrupo,<a title=\"\" href=\"https:\/\/mail.google.com\/mail\/u\/0\/#14eef33d12b9e71b__ftn7\" name=\"14eef33d12b9e71b__ftnref7\"><span lang=\"ES-EC\">[7]<\/span><\/a> se parecen m\u00e1s bien a unos lobos de <i>Wallstreet<\/i>.<\/span><\/p>\n<p style=\"text-align: left;\" align=\"center\"><b><span lang=\"ES-EC\">El \u00absuperimperialismo\u00bb de la Uni\u00f3n Europea<\/span><\/b><\/p>\n<p><span lang=\"ES-EC\">Las instituciones de la integraci\u00f3n europea, ante todo la Comisi\u00f3n Europea, constituyen entidades creadas para contener y contrarrestar la lucha de clase, reemplaz\u00e1ndola por una guerra permanente contra los intereses de los pueblos. El ex eurodiputado Andreas Wehr por la Izquierda Europea,<a title=\"\" href=\"https:\/\/mail.google.com\/mail\/u\/0\/#14eef33d12b9e71b__ftn8\" name=\"14eef33d12b9e71b__ftnref8\"><span lang=\"ES-EC\">[8]<\/span><\/a> lo puntualiz\u00f3 as\u00ed durante un foro que se llev\u00f3 a cabo en Berl\u00edn el 11 de julio de 2015: \u201e<i>Los Estados europeos terminaron la guerra entre ellos mismos para estar en guerra conjuntamente contra sus propios pueblos<\/i>\u201c. Esta cita resume la verdadera l\u00f3gica de un tipo de \u201esuperimperialismo\u201c (Karl Kautsky) que fue instituido, en realidad, en Europa occidental durante la posguerra: los enemigos eternos Francia y Alemania se acercaron, firmaron un importante tratado de amistad (el tratado del El\u00edseo, de 1963) y se convirtieron en el motor de la entonces Comunidad Europea, orientada a la privatizaci\u00f3n y la liberalizaci\u00f3n regional, seg\u00fan el Tratado de Roma de 1957.<\/span><\/p>\n<p><span lang=\"ES-EC\">Berl\u00edn fue preponderante en el \u00e1rea econ\u00f3mica, cuando el gigante pol\u00edtico europeo, Par\u00eds, supo integrar, en un inicio, a la econom\u00eda alemana dentro de un proyecto com\u00fan, con la uni\u00f3n monetaria. Sin embargo, la reunificaci\u00f3n alemana de 1990 ha cambiado la correlaci\u00f3n de fuerzas paulatinamente.. <\/span><\/p>\n<p><b><span lang=\"ES-EC\">Hacia la supremac\u00eda alemana en las instituciones supranacionales \u00a0\u00a0<\/span><\/b><\/p>\n<p><span lang=\"ES-EC\">Alemania ha reci\u00e9n completado su dominaci\u00f3n<i> econ\u00f3mica<\/i> por una tutela <i>pol\u00edtica<\/i>, en vez de continuar respetando a la segunda potencia de la UE, Par\u00eds, como socio igual. Ello significa que el liderazgo pas\u00f3, en el curso de los \u00faltimos 25 a<\/span><span lang=\"ES\">\u00f1<\/span><span lang=\"ES-EC\">os, del tradicional eje Par\u00eds-Bonn a un eje oscilante que suele fluctuar entre Berl\u00edn y varios de sus vecinos, especialmente Austria (miembro de la UE desde 1995) y Pa\u00edses Bajos, adem\u00e1s de los pa\u00edses del norte y este europeo como Finlandia y los pa\u00edses b\u00e1lticos, muy german\u00f3filos por tradici\u00f3n (desde los a\u00f1os 1920) y por los nuevos lazos pol\u00edtico-econ\u00f3micos. Los gobiernos de estos pa\u00edses de Europa central y del Norte, en cuyas econom\u00edas el capital industrial y medi\u00e1tico alem\u00e1n ya juega un rol muy importante, tienen el mismo ideario con respecto a la <i>imprescindible austeridad,<\/i> la misma que refleta la necesidad del capital de acelerar la explotaci\u00f3n del trabajo a ultranza. La austeridad europea se est\u00e1 acelerando desde la crisis del <i>euro<\/i>, la misma que surgi\u00f3 en 2010, en el marco de una crisis <i>bancaria<\/i>, la que fue convertida paulatinamente, por los ejecutivos europeos, en una crisis de la <i>deuda soberana<\/i>. A diferencia de la respuesta de Islandia a la crisis bancaria, donde incluso encarcelaron a algunos banqueros responsables de la agudizaci\u00f3n de la crisis financiera, los gobiernos de la UE escogieron el flagelo del rescate bancario a ultranza.<\/span><\/p>\n<p><span lang=\"ES\">\u00a0El 13 de julio, los jefes de gobierno y de Estado de la UE rechazaron el proyecto griego de renegociar su deuda externa, dentro de un procedimiento europeo referente a todas las deudas ileg\u00edtimas. Las condiciones acordadas durante esta cumbre, prev\u00e9n que el gobierno griego eluda a futuro su propio parlamentario de manera sistem\u00e1tica, al darle a conocer <i>posteriormente<\/i> al parlamento griego las nuevas medidas tomadas anteriormente de acuerdo con el BCE, la Comisi\u00f3n Europea y el FMI. El Ministro de Trabajo griego, <\/span><span lang=\"ES-EC\">Panos Skourletis, declar\u00f3 enseguida que no habr\u00e1 mayor\u00eda para ello en el plenario. Ante su nuevo hom\u00f3logo griego Tsakalotos, el ministro de Finanzas Sch\u00e4uble le signific\u00f3 \u00abVayan simplemente a su parlamento y digan: <i>&#8216;Just do it<\/i>&#8216;,\u00bb seg\u00fan se\u00f1al\u00f3 el diario<i> Frankfurter Allgemeine Zeitung<\/i> del 10 de julio.<\/span><\/p>\n<p><span lang=\"ES-EC\">Berl\u00edn y sus aliados del este, especialmente Polonia,<a title=\"\" href=\"https:\/\/mail.google.com\/mail\/u\/0\/#14eef33d12b9e71b__ftn9\" name=\"14eef33d12b9e71b__ftnref9\"><span lang=\"ES-EC\">[9]<\/span><\/a> Eslovaquia (donde m\u00e1s del 70% de la industria ya es alemana desde hace 10 a<\/span><span lang=\"ES-EC\">\u00f1<\/span><span lang=\"ES-EC\">os) y los pa\u00edses b\u00e1lticos, ante todo el gobierno de Letonia, presionaron el 13 de julio en Bruselas, en contra de SYRIZA al amenazar con no poder ratificar cooperaci\u00f3n financiera alguna con Atenas. El ejecutivo germano agreg\u00f3 en Bruselas, el 12\/13 de julio, que el Grexit ser\u00e1 inevitable, si el mandatario heleno no deje de lado toda la soberan\u00eda nacional, en beneficio de las entidades acreedoras, es decir la banca privada centroeuropea.<\/span><\/p>\n<p><b><span lang=\"ES\">Los antecedentes de una extorsi\u00f3n sin precedente<\/span><\/b><b><\/b><\/p>\n<p><span lang=\"ES\">Los l\u00edderes de la eurozona dieron, el 7 de julio, un ultim\u00e1tum al primer ministro de Grecia, Alexis Tsipras, para que presente propuestas hasta el domingo 12 de julio, que permitan la continuaci\u00f3n del pago griego a sus acreedores, sea especialmente los bancos privados franceses y alemanes. De no ser as\u00ed, la Comisi\u00f3n Europea inform\u00f3 que ya tiene elaborado un plan detallado para la salida griega de la zona euro (<i>Grexit<\/i>), es decir ayuda humanitaria para una econom\u00eda en quiebre.<\/span><\/p>\n<p><span lang=\"ES\">El gobierno griego estableci\u00f3 una comisi\u00f3n para evaluar la deuda soberana. A diferencia del ejecutivo franc\u00e9s, el r\u00e9gimen alem\u00e1n no permite auditor\u00eda de la deuda alguna, la se\u00f1ora Merkel afirm\u00f3 que \u00ab<i>una quita no va a producirse<\/i>\u00ab. Adem\u00e1s, la se\u00f1ora Merkel hab\u00eda declarado anteriormente que un eventual <i>Grexit <\/i>ya no pondr\u00eda en peligro toda la zona euro, seg\u00fan el semanario del Parlamento alem\u00e1n \u00ab<i>Das Parlament<\/i>\u00bb del\u00a06 de julio.<\/span><\/p>\n<p><span lang=\"ES-EC\">Sin embargo, el Presidente <i>Fran\u00e7ois Hollande<\/i> declar\u00f3 abiertamente, el 12 de julio en Bruselas, que \u00abno quiere la salida de Grecia\u00bb, al igual que el mandatario italiano, lo cual demuestra las divisiones internas dentro de la zona euro, y el fin definitivo del tradicional t\u00e1ndem franco-alem\u00e1n, establecido en 1950 (creaci\u00f3n de la CECA) y consolidado en 1959 (tratado de Roma: creaci\u00f3n de la Comunidad Europea) y sobre todo en 1963 (tratado de Amistad franco-alem\u00e1n, el arriba mencionado <i>trait\u00e9 de l&#8217;\u00c9lys\u00e9e<\/i>).<\/span><\/p>\n<p><span lang=\"ES-EC\">El capitalismo franc\u00e9s siempre necesitado estructuras estatales fuertes para impulsar proyectos emblem\u00e1ticos, por lo cual Par\u00eds reci\u00e9n reclam\u00f3 un gobierno econ\u00f3mico para la zona euro, propuesta que fue planteada ya en 2008 por el entonces presidente Sarkozy. En cambio, el capitalismo alem\u00e1n, m\u00e1s consolidado por su estructura interna y los salarios relativamente m\u00e1s bajos desde las reformas del ex canciller federal Schr\u00f6der del 2003 (al contrario, Francia y Luxemburgo tienen el salario m\u00ednimo legal m\u00e1s alto de la UE), rechaza tal entidad coordinadora y Sch\u00e4uble empez\u00f3 simult\u00e1neamente una cr\u00edtica contra la Comisi\u00f3n Europea, como para sancionar las declaraciones francesas. <\/span><\/p>\n<p><span lang=\"ES-EC\">Por lo tanto, llama la atenci\u00f3n el bolet\u00edn de prensa despachado por el ministerio federal de Relaciones Exteriores de Alemania, a cargo del socialdem\u00f3crata Frank-Walter Steinmeier, del 13 de julio de 2015, en donde habla, en tan solo cuatro frases en total (!), dos veces de lo pac\u00edfico que ser\u00eda la UE: evoca la \u00abuni\u00f3n <i>pac\u00edfica <\/i>y pr\u00f3spera [!]\u00bb y el \u00abarreglo <i>pac\u00edfico<\/i> de las controversias e intereses\u00bb, alabando el \u00abcombate\u00bb nocturno de deliberaciones interminables, como si la alternativa fuese una guerra. En este sentido surrealista, el ministro alem\u00e1n tambi\u00e9n aborda el moribundo t\u00e1ndem Par\u00eds-Berl\u00edn, el mismo que califica, de manera c\u00ednica (o sat\u00edrica..) como \u00abestrecha y s\u00f3lida alianza franco-alemana\u00bb.<\/span><\/p>\n<p><span lang=\"ES\">En el marco de la cumbre europea en Bruselas del 27 de junio, la Canciller Federal Angela Merkel, jefa de la Uni\u00f3n Cristianodem\u00f3crata (CDU), calific\u00f3 como \u00abmuy generosa\u00bb la oferta de los acreedores para Atenas, tomando en cuenta la condicionalidad para que Grecia implemente nuevamente ciertas medidas de austeridad, y \u00abanim\u00f3\u00bb al jefe de gobierno griego Alexis Tsipras para que la aceptara, seg\u00fan destaca el diario <i>S\u00fcddeutsche Zeitung<\/i> del 27\/28 de junio.<\/span><\/p>\n<p><span lang=\"ES\">Tras el conocido rechazo griego, la se\u00f1ora Merkel convoc\u00f3, el 29 de junio, a los l\u00edderes de los\u00a0 grupos parlamentarios para abordar la crisis. Tras analizar la crisis con ellos, en una comparecencia ante la prensa junto al socialdem\u00f3crata Sigmar Gabriel (vicecanciller federal y ministro federal de Econom\u00eda y Energ\u00eda), Angela Merkel atribuy\u00f3 la interrupci\u00f3n de las negociaciones entre Grecia y el Eurogrupo a la falta de voluntad de compromiso del gobierno de Alexis Tsipras.<\/span><\/p>\n<p><span lang=\"ES\">El l\u00edder socialdem\u00f3crata Sigmar Gabriel afirm\u00f3 que tras el reciente refer\u00e9ndum griego, el gobierno de Atenas \u00abha roto los \u00faltimos puentes\u00bb que pod\u00edan llevar a un compromiso entre la Uni\u00f3n Europea y Grecia, seg\u00fan el diario <i>Der Tagesspiegel<\/i> del 3 de julio. Gabriel le inst\u00f3 a Tsipras que suspendiera la consulta popular, al igual que la Canciller Federal, quien insisti\u00f3 el 2 de julio que se podr\u00eda renegociar ya ahora, para el caso que se suspenda el refer\u00e9ndum. <\/span><\/p>\n<p><span lang=\"ES\">De igual manera, el ministro Wolfgang Sch\u00e4uble (CDU), declar\u00f3 que Grecia habr\u00eda puesto fin a las negociaciones al implementar el refer\u00e9ndum, seg\u00fan destac\u00f3 el peri\u00f3dico <i>S\u00fcddeutsche Zeitung<\/i> en su portada del 29 de junio.<\/span><\/p>\n<p><span lang=\"ES\">El m\u00e1s destacado diario capitalino <i>Tagesspiegel <\/i>puso de relieve en su n\u00famero del 1<\/span><span lang=\"ES-EC\">\u00b0 de julio, que <\/span><span lang=\"ES\">Wolfgang<\/span> <span lang=\"ES-EC\">Sch\u00e4uble y Christine Lagarde (FMI) \u00abcooperan nuevamente en esta crisis, como siempre\u00bb. El mismo diario resalta que el conocido enunciado despreciativo de Lagarde contra Varoufakis (durante una sesi\u00f3n en la que ella dijo que prefiere \u00abdirigirse a los adultos presentes\u00bb y no al ministro griego), lo habr\u00eda podido expresar igualmente su amigo Sch\u00e4uble<\/span><span lang=\"ES\">.<\/span><\/p>\n<p><span lang=\"ES-EC\">Al igual que Sch\u00e4uble, el presidente del Parlamento Europeo, el socialdem\u00f3crata alem\u00e1n Martin Schulz, advirti\u00f3 de una salida del euro de Grecia en el caso de la victoria del \u00abno\u00bb en el referendo. M\u00e1s a\u00fan, el se\u00f1or Schulz conden\u00f3 a Alexis Tsipras aseverando que \u00abmanipula a las personas en Grecia\u00bb. Adem\u00e1s, Schulz puntualiz\u00f3 que si hubiese ganado el \u00abs\u00ed\u00bb, Tsipras deb\u00eda \u00abdimitir\u00bb, que un gabinete tecnocr\u00e1tico interino deb\u00eda continuar mientras tanto las negociaciones con los acreedores.<\/span><\/p>\n<p><span lang=\"ES-EC\">El eurocomisario alem\u00e1n G\u00fcnther Oettinger (CDU), conocido en Alemania por sus discursos en los que minimiz\u00f3 la culpa de un nazi durante la Segunda Guerra mundial, advirti\u00f3, el 7 de julio, de un <i>colapso<\/i> griego, al llamar a la Comisi\u00f3n Europea y los Estados miembros que impidan una presuntamente inminente \u00abescasez de medicinas, alimentos, petr\u00f3leo y gas por la aguda falta de financiamiento\u00bb..<\/span><\/p>\n<p><b><span lang=\"ES-EC\">Prensa alemana hace llamado para que vuelva&#8230; Bismarck<\/span><\/b><span lang=\"ES-EC\"><br \/>\n<\/span><\/p>\n<p><span lang=\"ES-EC\">Adem\u00e1s, muchos pol\u00edticos y medios conservadores exig\u00edan que se asumiera la salida griega del euro. El ministro de Finanzas del Estado federado de Baviera, Markus S\u00f6der dijo que el \u00abGrexit es inevitable\u00bb, seg\u00fan inform\u00f3 el rotativo <i>Frankfurter Allgemeine Zeitung<\/i> del 29 de junio en su portada. <\/span><span lang=\"ES\">El rotativo m\u00e1s le\u00eddo de Alemania, BILD, evoc\u00f3 el 7 de julio, el ejemplo duro del primer Canciller (jefe de gobierno) del Imperio alem\u00e1n, Otto von Bismarck, al comparar a Merkel con el \u201cCanciller de Hierro\u201d: \u00ab<i>Hoy necesitamos a una Canciller Federal de hierro &#8211; nada de nuevos miles de millones para Grecia<\/i>\u00ab, titul\u00f3 este diario.<\/span><\/p>\n<p><span lang=\"ES-EC\">El diario <i>Die Welt <\/i>pidi\u00f3, en su editorial del 29 de junio: \u00ab<i>\u00a1Dejad que los griegos se marchen!<\/i> <i>La salida de Grecia no supondr\u00eda el fin de la moneda com\u00fan.<\/i>\u00bb El d\u00eda siguiente, este mismo diario calific\u00f3 al entonces ministro de Finanzas Varoufakis, como \u00ab<i>jugador de poker [&#8230;] desvergonzado y egoc\u00e9ntrico [quien] se burla y pisotea la idea de una Europa solidaria. Es posible que los griegos ya hayan da\u00f1ado mucho m\u00e1s a Europa que al euro.<\/i>\u00bb BILD y <i>Die Welt<\/i> forman parte del poderoso consorcio medi\u00e1tico alem\u00e1n Springer, el mismo que cuenta con muy importantes medios en el exterior como por ejemplo en Polonia, donde adquiri\u00f3 uno de los m\u00e1s destacados rotativos, donde puede consiguientemente, inmiscuirse en la pol\u00edtica interna.<\/span><\/p>\n<p><span lang=\"ES-EC\">Tambi\u00e9n asume el nuevo modelo imperante alem\u00e1n, el semanario <i>Frankfurter Allgemeine Sonntagszeitung<\/i> del 28 de junio, en donde el periodista Mark Siemons lamenta en su art\u00edculo titulado \u00abEl hegem\u00f3n casi invisible\u00bb, que el \u00abvac\u00edo del concepto alem\u00e1n de poder, se est[\u00e9] convirtiendo en un vac\u00edo de poder en el continente dominado por aquel\u00bb hegem\u00f3n, la Alemania de la austeridad.<\/span><\/p>\n<p><b><span lang=\"ES-EC\">La meta de las burgues\u00edas europeas concentradas en Bruselas: impedir una auditor\u00eda de la deuda, propuesta por Grecia para toda la UE<\/span><\/b><\/p>\n<p><span lang=\"ES-EC\">Medios progresistas as\u00ed como el reconocido economista socialdem\u00f3crata Heiner Flassbeck destacan la presi\u00f3n alemana dentro de las instituciones europeas, a favor de una austeridad calificada de nociva, al igual que el internacionalmente reconocido fil\u00f3sofo alem\u00e1n J\u00fcrgen Habermas, quien enfatiz\u00f3 (al igual que el l\u00edder de la bancada de La Izquierda en el Parlamento alem\u00e1n) en el intento europeo por derrocar al gobierno griego debido a su plan de llevar a cabo una auditor\u00eda de la deuda. En el diario <i>Handelsblatt<\/i>, el economista estadounidense y premio Nobel de Econom\u00eda, Joseph Stiglitz destac\u00f3 el 2 de julio que se trata de un <i>\u00abataque contra la democracia\u00bb <\/i>(subt\u00edtulo: <i>Joseph Stiglitz considera que la gesti\u00f3n de crisis de los europeos en el caso de Grecia es catastr\u00f3fica<\/i>).<\/span><\/p>\n<p><strong><span lang=\"ES-EC\">Intelectuales piden a Merkel que abandone su habitual l\u00ednea pol\u00edtica de hierro<\/span><\/strong><b><\/b><\/p>\n<p><span lang=\"ES-EC\">I<\/span><span lang=\"ES\">mportantes economistas internacionales como Thomas Piketty enviaron, a su vez, una carta a la se\u00f1ora Merkel para que cambiase radicalmente su postura sobre Grecia a fin de evitar graves da\u00f1os en la eurozona y en todo el mundo. La misiva, a la que ha tenido acceso el diario capitalino <i>Der Tagesspiegel<\/i>, asegura que las pol\u00edticas que se impusieron a Atenas agudizaron la crisis de la deuda externa de Grecia, y \u00ab<i>ahora se empuja al gobierno griego a ponerse un revolver en la sien y a apretar el gatillo [&#8230;] Los da\u00f1os colaterales destruir\u00e1n la eurozona como faro de esperanza, democracia y bienestar. Las consecuencias se sentir\u00e1n en todo el mundo<\/i>\u00ab, argumentan los expertos. Por eso, estos economistas piden a la Canciller Federal que d\u00e9 \u00abvalientes y generosos pasos\u00bb. Adem\u00e1s de Piketty, profesor en la Escuela de Econom\u00eda de Par\u00eds, firman la misiva el arriba mencionado Heiner Flassbeck, ex Secretario de Estado de Finanzas alem\u00e1n, as\u00ed como Jeffrey Sachs, docente de la Universidad de Columbia, Dani Rodrik, profesor en la Universidad de Harvard, y Simon Wren-Lewis, profesor en la Universidad de Oxford.<\/span><\/p>\n<p><b><i><span lang=\"ES-EC\">Quo vadis<\/span><\/i><\/b><b><span lang=\"ES-EC\"> Europa..<\/span><\/b><\/p>\n<p><span lang=\"ES-EC\">El repudio alem\u00e1n del \u00aboxi\u00bb, el rechazo ofensivo de todos los compromisos griegos, que fueron muy desinteresados,<a title=\"\" href=\"https:\/\/mail.google.com\/mail\/u\/0\/#14eef33d12b9e71b__ftn10\" name=\"14eef33d12b9e71b__ftnref10\"><span lang=\"ES-EC\">[10]<\/span><\/a>\u00a0 alcanzaba un nivel hist\u00f3rico. <\/span><\/p>\n<p><span lang=\"ES-EC\">Tras 17 horas de negociaci\u00f3n, el Eurogrupo anunci\u00f3, el 13 de julio, que se ha alcanzado un acuerdo con Atenas. El Parlamento griego deber\u00e1 dar su aprobaci\u00f3n hasta el mi\u00e9rcoles a todo el paquete, dijo el jefe del Eurogrupo Jeroen Dijsselbloem, de Pa\u00edses Bajos. En consecuencia, explic\u00f3 el presidente de la Comisi\u00f3n Europea Juncker, \u00abestamos satisfechos con el resultado\u00bb. Con ello se cumple uno de los dos posibles caminos que planteaba un documento del Ministerio de Finanzas de Wolfgang Sch\u00e4uble. El jefe del partido La Izquierda, Bernd Riexinger, dijo el 12 de julio, que con estas propuestas chantajistas, Sch\u00e4uble se convierte en \u00abel sepulturero de la zona euro\u201d.<\/span><\/p>\n<p><b><span lang=\"ES-EC\">Supranacionalismo totalitario vs. soberan\u00eda: la encrucijada griego-europea <\/span><\/b><\/p>\n<p><span lang=\"ES-EC\">El catedr\u00e1tico de econom\u00eda Paul Robin Krugman concluy\u00f3 recientemente, que \u00abuna capitulaci\u00f3n\u00bb griega, la que se dio sustancialmente\u00bb y con anterioridad, \u00abno es suficiente para Alemania, ya que Berl\u00edn desea un golpe de Estado [<i>regime change<\/i>] y la total humillaci\u00f3n de Grecia\u00bb.<\/span><a title=\"\" href=\"https:\/\/mail.google.com\/mail\/u\/0\/#14eef33d12b9e71b__ftn11\" name=\"14eef33d12b9e71b__ftnref11\">[11]<\/a> <span lang=\"ES-EC\">Seg\u00fan el premio Nobel Krugman, \u00abel proyecto europeo [&#8230;] se le dio un terrible puntazo, que puede ser mortal.\u00bb<\/span><a title=\"\" href=\"https:\/\/mail.google.com\/mail\/u\/0\/#14eef33d12b9e71b__ftn12\" name=\"14eef33d12b9e71b__ftnref12\">[12]<\/a><\/p>\n<p><span lang=\"ES-EC\">El diario de centro-izquierda <i>Die Tageszeitung<\/i> (\u00ab<i>taz<\/i>\u00ab) destac\u00f3 el 13 de julio, en su editorial de Erik Bonse, que <\/span><span lang=\"ES-EC\">e<\/span><span lang=\"ES-EC\">l \u00ab<i>gran pecado de Sch\u00e4uble es que ahora disguste a Francia e Italia. \u00c9l conoce la importancia de las relaciones franco-alemanas. Quien las ponga en juego no es un gran europeo. Visto as\u00ed, uno se ve tentado a darle la raz\u00f3n al ex ministro de Finanzas Varoufakis. El viernes advirti\u00f3 de Sch\u00e4uble en su blog y le acus\u00f3 de querer dar un ejemplo con Grecia para disciplinar a Francia. Muy equivocado no estaba.<\/i>\u00bb <\/span><\/p>\n<p><span lang=\"ES-EC\">Esto podr\u00e1 abrir, sin embargo, un camino estrat\u00e9gico nuevo hacia una alianza entre los griegos, italianos, franceses, portugueses, y con un futuro gobierno espa\u00f1ol conformado por progresistas alrededor de <i>Podemos<\/i>.<\/span><b><\/b><\/p>\n<p><span lang=\"ES-EC\">La Canciller Federal Merkel explicaba el 13 de julio, que los requisitos para el acuerdo se dan. Ella recomienda estas negociaciones \u00abcon pleno convencimiento\u00bb, a\u00f1adi\u00f3. \u00abLas ventajas de un acuerdo prevalecen sobre las desventajas\u201c, apunt\u00f3. De esta manera, se sella una etapa hist\u00f3rica de pol\u00edticas alemanas golpistas. <\/span><\/p>\n<p><span lang=\"ES-EC\">Muchos analistas progresistas concluyen que la inminente crisis del euro desencadenar\u00e1 una crisis econ\u00f3mica planetaria, la misma que podr\u00eda acelerar la tendencia pol\u00edtica derechista (ejemplo: gobierno ultra derechista en Hungr\u00eda desde el 2010, movimientos neonazis y nuevos partidos autoritarios en casi toda la UE).<\/span><\/p>\n<p><span lang=\"ES-EC\">S\u00f3lo los movimientos sociales, partidos y asociaciones progresistas pueden evitar este proceso al aumentar su coordinaci\u00f3n estrat\u00e9gica y cooperaci\u00f3n concreta, tanto a escala nacional como a nivel internacional.<a title=\"\" href=\"https:\/\/mail.google.com\/mail\/u\/0\/#14eef33d12b9e71b__ftn13\" name=\"14eef33d12b9e71b__ftnref13\"><span lang=\"ES-EC\">[13]<\/span><\/a><\/span><\/p>\n<p><span lang=\"ES-EC\">Estoy convencido que esta entrada en v\u00eda muerta obligar\u00e1 a replantear el conjunto del sistema pol\u00edtico de la UE, y a reclamar un serio debate sobre las alternativas, calcadas por ejemplo a la Alianza Bolivariana para los Pueblos de Nuestra Am\u00e9rica (ALBA), la misma que no busca la ganancia econ\u00f3mica cada vez mayor, v\u00eda estructuras e instrumentos supranacionales vinculantes, sino el bienestar general, a trav\u00e9s de instituciones transparentes e intergubernamentales.<\/span><\/p>\n<div><\/div>\n<hr align=\"left\" size=\"1\" width=\"33%\" \/>\n<div>\n<p><a title=\"\" href=\"https:\/\/mail.google.com\/mail\/u\/0\/#14eef33d12b9e71b__ftnref1\" name=\"14eef33d12b9e71b__ftn1\">[1]<\/a><span lang=\"ES-EC\">Cf. art\u00edculo de Andreas Wehr, miembro del Centro Marx-Engels Berl\u00edn (MEZ), titulado \u201cGolpe dentro de SYRIZA\u201d: <a href=\"http:\/\/www.andreas-wehr.eu\/putsch-in-der-syriza.html\" target=\"_blank\">http:\/\/www.andreas-wehr.eu\/putsch-in-der-syriza.html<\/a><\/span><\/p>\n<\/div>\n<div>\n<p><a title=\"\" href=\"https:\/\/mail.google.com\/mail\/u\/0\/#14eef33d12b9e71b__ftnref2\" name=\"14eef33d12b9e71b__ftn2\">[2]<\/a><span lang=\"ES-EC\">Varoufakis supo comunicar claramente al p\u00fablico mundial que dentro de los organismos de la UE, funcionan mecanismos m\u00e1s all\u00e1 del debate econ\u00f3mico-pol\u00edtico, que los tecn\u00f3cratas y hasta los ministros de Finanzas de la eurozona se rigen por meras consignas vac\u00edas, lo cual excluye toda discusi\u00f3n cient\u00edfica fundamentada en teor\u00edas y modelos econ\u00f3micos alternativos. El aislamiento fue total y el gobierno de Tsipras tuvo que aguantar humillaci\u00f3n y denigraci\u00f3n, al igual que la Francia vencida y aislada de 1815.<\/span><\/p>\n<\/div>\n<div>\n<p><a title=\"\" href=\"https:\/\/mail.google.com\/mail\/u\/0\/#14eef33d12b9e71b__ftnref3\" name=\"14eef33d12b9e71b__ftn3\">[3]<\/a><span lang=\"ES-EC\">Hans-Ulrich J\u00f6rges: \u201e<i>Syriza debe ser tumbado<\/i>!\u201c (\u201e<i>Syriza muss fallen<\/i>!)\u201c, <\/span><a href=\"http:\/\/www.stern.de\/\" target=\"_blank\"><span lang=\"ES-EC\">www.stern<\/span><\/a><a href=\"http:\/\/www.stern.de\/\" target=\"_blank\"><span lang=\"ES-EC\">.de<\/span><\/a><span lang=\"ES-EC\">, 02.07.2015<\/span><\/p>\n<\/div>\n<div>\n<p><a title=\"\" href=\"https:\/\/mail.google.com\/mail\/u\/0\/#14eef33d12b9e71b__ftnref4\" name=\"14eef33d12b9e71b__ftn4\">[4]<\/a><span lang=\"ES-EC\">El banco central alem\u00e1n, denominado Banco Federal, tiene la mayor parte de las acciones del BCE, ubicado en Fr\u00e1ncfort del Meno, Alemania; v\u00e9ase: <\/span><a href=\"https:\/\/www.pressenza.com\/es\/2015\/02\/el-planeta-de-los-bancos\/\" target=\"_blank\"><span lang=\"ES-EC\">http:\/\/www.pressenza.com\/es\/2015\/02\/el-planeta-de-los-bancos\/<\/span><\/a><\/p>\n<\/div>\n<div>\n<p><a title=\"\" href=\"https:\/\/mail.google.com\/mail\/u\/0\/#14eef33d12b9e71b__ftnref5\" name=\"14eef33d12b9e71b__ftn5\">[5]<\/a><span lang=\"ES-EC\">El m\u00e1s destacado diario de Alemania, el <i>Frankfurter Allgemeine Zeitung<\/i> del 3.07.2015, destac\u00f3 reci\u00e9n que desde hace pocas semanas, el BCE ha empezado a comprar bonos de una gran empresa energ\u00e9tica italiana, de la cual el Estado italiano posee una parte. El diario enfatiza que esta informaci\u00f3n no fue comunicada por el BCE como bolet\u00edn, s\u00f3lo fue \u201eenterrada\u201c esta notificaci\u00f3n en su sitio web, lo cual parece muy raro, al igual que llama la atenci\u00f3n la pol\u00edtica detr\u00e1s de este cambio de rumbo, seg\u00fan hace resaltar el autor del art\u00edculo, el banquero <i>Dwight Bolden<\/i>.<\/span><\/p>\n<\/div>\n<div>\n<p><a title=\"\" href=\"https:\/\/mail.google.com\/mail\/u\/0\/#14eef33d12b9e71b__ftnref6\" name=\"14eef33d12b9e71b__ftn6\">[6]<\/a><span lang=\"ES-EC\">\u00a0 Laclau, quien se reuni\u00f3 con l\u00edderes y presidentes progresistas sudamericanos como Rafael Correa, Presidente Constitucional de la Rep\u00fablica del Ecuador, muri\u00f3 en 2014, dejando a su vez un reconocido legado intelectual, por ejemplo una importante obra sobre la s\u00edntesis hist\u00f3rica y todas las teor\u00edas del movimiento obrero europeo del siglo 20, libro que redact\u00f3 junto con su esposa, la catedr\u00e1tica belga Chantal Mouffe, tambi\u00e9n experta en teor\u00edas e historia de la <i>democracia radical. <\/i>V\u00e9ase el este mismo libro titulado<i> \u201eHegemon\u00eda y democracia radical\u201c (Hegemonie und radikale Demokratie\u201c).<\/i><\/span><\/p>\n<\/div>\n<div>\n<p><a title=\"\" href=\"https:\/\/mail.google.com\/mail\/u\/0\/#14eef33d12b9e71b__ftnref7\" name=\"14eef33d12b9e71b__ftn7\">[7]<\/a><span lang=\"ES-EC\">\u00a0 Existen actualmente 19 pa\u00edses miembros de la zona euro, y 28 pa\u00edses miembros de la UE.<\/span><\/p>\n<\/div>\n<div>\n<p><a title=\"\" href=\"https:\/\/mail.google.com\/mail\/u\/0\/#14eef33d12b9e71b__ftnref8\" name=\"14eef33d12b9e71b__ftn8\">[8]<\/a><span lang=\"FR\">V\u00e9ase: <a href=\"http:\/\/www.andreas-wehr.eu\/\" target=\"_blank\">http:\/\/www.andreas-wehr.eu\/<\/a> <\/span><\/p>\n<\/div>\n<div>\n<p><a title=\"\" href=\"https:\/\/mail.google.com\/mail\/u\/0\/#14eef33d12b9e71b__ftnref9\" name=\"14eef33d12b9e71b__ftn9\">[9]<\/a><span lang=\"ES-EC\">Adem\u00e1s de su rol como aliado de Berl\u00edn en asuntos relativos a la austeridad europea, Polonia tiene particularmente un papel decisivo en la estrategia europeo-estadounidense en cuanto al apoyo estrat\u00e9gico al gobierno ultra derechista de Ucrania: <a href=\"http:\/\/www.msz.gov.pl\/en\/p\/msz_en\/news\/press_office\/poland_among_leaders_of_expert_support_for_ukraine\" target=\"_blank\">http:\/\/www.msz.gov.pl\/en\/p\/msz_en\/news\/press_office\/poland_among_leaders_of_expert_support_for_ukraine<\/a><\/span><\/p>\n<\/div>\n<div>\n<p><a title=\"\" href=\"https:\/\/mail.google.com\/mail\/u\/0\/#14eef33d12b9e71b__ftnref10\" name=\"14eef33d12b9e71b__ftn10\">[10]<\/a><span lang=\"ES-EC\"> Para comprender el enorme compromiso y voluntad de sacrificio de Tsipras durante los \u00faltimos d\u00edas, hay que tomar en cuenta el extremo aislamiento de su gobierno dentro de la UE, la t\u00e1ctica de Tsipras, quien estuvo dispuesto a capitular a pesar del \u00aboxi\u00bb ya antes de la ofensivas descarada alemana, se parece a una <i>decisi\u00f3n Brest-Litovsk<\/i>, ya que la correlaci\u00f3n de fuerzas puede cambiar dentro de poco, siempre que <i>Podemos <\/i>logre buenos resultados en los pr\u00f3ximos comicios espa\u00f1oles (elecciones legislativas en octubre de 2015). \u00a0<\/span><\/p>\n<\/div>\n<div>\n<p><a title=\"\" href=\"https:\/\/mail.google.com\/mail\/u\/0\/#14eef33d12b9e71b__ftnref11\" name=\"14eef33d12b9e71b__ftn11\">[11]<\/a><span lang=\"ES-EC\"> V\u00e9ase Paul Krugman: \u00ab<i>Disaster In Europe\u00bb,<\/i> <a href=\"http:\/\/krugman.blogs.nytimes.com\" target=\"_blank\">krugman.blogs.nytimes.com<\/a>, 12.07.2015.<\/span><\/p>\n<\/div>\n<div>\n<p><a title=\"\" href=\"https:\/\/mail.google.com\/mail\/u\/0\/#14eef33d12b9e71b__ftnref12\" name=\"14eef33d12b9e71b__ftn12\">[12]<\/a><span lang=\"ES-EC\"> V\u00e9ase Paul Krugman: \u00ab<i>Killing the European Project<\/i>\u00ab, <a href=\"http:\/\/krugman.blogs.nytimes.com\" target=\"_blank\">krugman.blogs.nytimes.com<\/a>, 12.07.2015.<\/span><\/p>\n<\/div>\n<div>\n<p><a title=\"\" href=\"https:\/\/mail.google.com\/mail\/u\/0\/#14eef33d12b9e71b__ftnref13\" name=\"14eef33d12b9e71b__ftn13\">[13]<\/a><span lang=\"ES-EC\">Ya existen algunas iniciativas sumamente importantes: v\u00e9ase el sitio web en solidaridad con el pueblo griego, publicado, difundido tambi\u00e9n en edici\u00f3n impresa y actualizado muy regularmente, en cuatro idiomas: <a href=\"http:\/\/faktencheckhellas.org\/en\/\" target=\"_blank\">http:\/\/faktencheckhellas.org\/en\/<\/a> <\/span><\/p>\n<\/div>\n","protected":false},"excerpt":{"rendered":"<p>El ex eurodiputado alem\u00e1n por la Izquierda Europea, Andreas Wehr, enfatiz\u00f3 en su publicaci\u00f3n de fines de julio, que Grecia ahora s\u00ed se ha convertido en un \u201cprotectorado de la Uni\u00f3n Europea\u201d.[1] El pa\u00eds heleno se ha convertido en un&hellip;<\/p>\n","protected":false},"author":1255,"featured_media":200131,"comment_status":"closed","ping_status":"open","sticky":false,"template":"","format":"standard","meta":{"footnotes":""},"categories":[79,81,66,39,161,74],"tags":[772,18704,515,18270,18882,516,1174,18918,15210,15729],"class_list":["post-207151","post","type-post","status-publish","format-standard","has-post-thumbnail","hentry","category-derechos-humanos","category-economia-es","category-europa-es","category-internacional","category-opiniones","category-politica-es","tag-angela-merkel","tag-auditoria-de-la-deuda","tag-bce","tag-comision-europea","tag-crisis-griega","tag-fmi","tag-grecia","tag-supremacia-alemana","tag-syriza-en","tag-yanis-varoufakis"],"yoast_head":"<!-- This site is optimized with the Yoast SEO plugin v27.1.1 - https:\/\/yoast.com\/product\/yoast-seo-wordpress\/ -->\n<title>El Eurogrupo contra Atenas: cronolog\u00eda de un golpe orquestado contra la democracia helena<\/title>\n<meta name=\"description\" content=\"El ex eurodiputado alem\u00e1n por la Izquierda Europea, Andreas Wehr, enfatiz\u00f3 en su publicaci\u00f3n de fines de julio, que Grecia ahora s\u00ed se ha convertido en un\" \/>\n<meta name=\"robots\" content=\"index, follow, max-snippet:-1, max-image-preview:large, max-video-preview:-1\" \/>\n<link rel=\"canonical\" href=\"https:\/\/www.pressenza.com\/es\/2015\/08\/el-eurogrupo-contra-atenas-cronologia-de-un-golpe-orquestado-contra-la-democracia-helena\/\" \/>\n<meta property=\"og:locale\" content=\"es_ES\" \/>\n<meta property=\"og:type\" content=\"article\" \/>\n<meta property=\"og:title\" content=\"El Eurogrupo contra Atenas: cronolog\u00eda de un golpe orquestado contra la democracia helena\" \/>\n<meta property=\"og:description\" content=\"El ex eurodiputado alem\u00e1n por la Izquierda Europea, Andreas Wehr, enfatiz\u00f3 en su publicaci\u00f3n de fines de julio, que Grecia ahora s\u00ed se ha convertido en un\" \/>\n<meta property=\"og:url\" content=\"https:\/\/www.pressenza.com\/es\/2015\/08\/el-eurogrupo-contra-atenas-cronologia-de-un-golpe-orquestado-contra-la-democracia-helena\/\" \/>\n<meta property=\"og:site_name\" content=\"Pressenza\" \/>\n<meta property=\"article:publisher\" content=\"https:\/\/www.facebook.com\/PressenzaItalia\" \/>\n<meta property=\"article:published_time\" content=\"2015-08-02T20:09:52+00:00\" \/>\n<meta property=\"article:modified_time\" content=\"2016-04-20T10:33:22+00:00\" \/>\n<meta property=\"og:image\" content=\"https:\/\/www.pressenza.com\/wp-content\/uploads\/2015\/07\/Grecia-no.jpg\" \/>\n\t<meta property=\"og:image:width\" content=\"600\" \/>\n\t<meta property=\"og:image:height\" content=\"450\" \/>\n\t<meta property=\"og:image:type\" content=\"image\/jpeg\" \/>\n<meta name=\"author\" content=\"Tobias Baumann\" \/>\n<meta name=\"twitter:card\" content=\"summary_large_image\" \/>\n<meta name=\"twitter:creator\" content=\"@PressenzaIPA\" \/>\n<meta name=\"twitter:site\" content=\"@PressenzaIPA\" \/>\n<meta name=\"twitter:label1\" content=\"Escrito por\" \/>\n\t<meta name=\"twitter:data1\" content=\"Tobias Baumann\" \/>\n\t<meta name=\"twitter:label2\" content=\"Tiempo de lectura\" \/>\n\t<meta name=\"twitter:data2\" content=\"23 minutos\" \/>\n<script type=\"application\/ld+json\" class=\"yoast-schema-graph\">{\"@context\":\"https:\/\/schema.org\",\"@graph\":[{\"@type\":\"Article\",\"@id\":\"https:\/\/www.pressenza.com\/es\/2015\/08\/el-eurogrupo-contra-atenas-cronologia-de-un-golpe-orquestado-contra-la-democracia-helena\/#article\",\"isPartOf\":{\"@id\":\"https:\/\/www.pressenza.com\/es\/2015\/08\/el-eurogrupo-contra-atenas-cronologia-de-un-golpe-orquestado-contra-la-democracia-helena\/\"},\"author\":{\"name\":\"Tobias Baumann\",\"@id\":\"https:\/\/www.pressenza.com\/es\/#\/schema\/person\/8be3e7ffb841d48f69f0d1fa971fbf6f\"},\"headline\":\"El Eurogrupo contra Atenas: cronolog\u00eda de un golpe orquestado contra la democracia helena\",\"datePublished\":\"2015-08-02T20:09:52+00:00\",\"dateModified\":\"2016-04-20T10:33:22+00:00\",\"mainEntityOfPage\":{\"@id\":\"https:\/\/www.pressenza.com\/es\/2015\/08\/el-eurogrupo-contra-atenas-cronologia-de-un-golpe-orquestado-contra-la-democracia-helena\/\"},\"wordCount\":4594,\"publisher\":{\"@id\":\"https:\/\/www.pressenza.com\/es\/#organization\"},\"image\":{\"@id\":\"https:\/\/www.pressenza.com\/es\/2015\/08\/el-eurogrupo-contra-atenas-cronologia-de-un-golpe-orquestado-contra-la-democracia-helena\/#primaryimage\"},\"thumbnailUrl\":\"https:\/\/www.pressenza.com\/wp-content\/uploads\/2015\/07\/Grecia-no.jpg\",\"keywords\":[\"Angela Merkel\",\"auditor\u00eda de la deuda\",\"BCE\",\"Comisi\u00f3n Europea\",\"Crisis Griega\",\"FMI\",\"Grecia\",\"Supremac\u00eda alemana\",\"Syriza\",\"Yanis Varoufakis\"],\"articleSection\":[\"Derechos Humanos\",\"Econom\u00eda\",\"Europa\",\"Internacional\",\"Opiniones\",\"Pol\u00edtica\"],\"inLanguage\":\"es\"},{\"@type\":\"WebPage\",\"@id\":\"https:\/\/www.pressenza.com\/es\/2015\/08\/el-eurogrupo-contra-atenas-cronologia-de-un-golpe-orquestado-contra-la-democracia-helena\/\",\"url\":\"https:\/\/www.pressenza.com\/es\/2015\/08\/el-eurogrupo-contra-atenas-cronologia-de-un-golpe-orquestado-contra-la-democracia-helena\/\",\"name\":\"El Eurogrupo contra Atenas: cronolog\u00eda de un golpe orquestado contra la democracia helena\",\"isPartOf\":{\"@id\":\"https:\/\/www.pressenza.com\/es\/#website\"},\"primaryImageOfPage\":{\"@id\":\"https:\/\/www.pressenza.com\/es\/2015\/08\/el-eurogrupo-contra-atenas-cronologia-de-un-golpe-orquestado-contra-la-democracia-helena\/#primaryimage\"},\"image\":{\"@id\":\"https:\/\/www.pressenza.com\/es\/2015\/08\/el-eurogrupo-contra-atenas-cronologia-de-un-golpe-orquestado-contra-la-democracia-helena\/#primaryimage\"},\"thumbnailUrl\":\"https:\/\/www.pressenza.com\/wp-content\/uploads\/2015\/07\/Grecia-no.jpg\",\"datePublished\":\"2015-08-02T20:09:52+00:00\",\"dateModified\":\"2016-04-20T10:33:22+00:00\",\"description\":\"El ex eurodiputado alem\u00e1n por la Izquierda Europea, Andreas Wehr, enfatiz\u00f3 en su publicaci\u00f3n de fines de julio, que Grecia ahora s\u00ed se ha convertido en un\",\"breadcrumb\":{\"@id\":\"https:\/\/www.pressenza.com\/es\/2015\/08\/el-eurogrupo-contra-atenas-cronologia-de-un-golpe-orquestado-contra-la-democracia-helena\/#breadcrumb\"},\"inLanguage\":\"es\",\"potentialAction\":[{\"@type\":\"ReadAction\",\"target\":[\"https:\/\/www.pressenza.com\/es\/2015\/08\/el-eurogrupo-contra-atenas-cronologia-de-un-golpe-orquestado-contra-la-democracia-helena\/\"]}]},{\"@type\":\"ImageObject\",\"inLanguage\":\"es\",\"@id\":\"https:\/\/www.pressenza.com\/es\/2015\/08\/el-eurogrupo-contra-atenas-cronologia-de-un-golpe-orquestado-contra-la-democracia-helena\/#primaryimage\",\"url\":\"https:\/\/www.pressenza.com\/wp-content\/uploads\/2015\/07\/Grecia-no.jpg\",\"contentUrl\":\"https:\/\/www.pressenza.com\/wp-content\/uploads\/2015\/07\/Grecia-no.jpg\",\"width\":600,\"height\":450},{\"@type\":\"BreadcrumbList\",\"@id\":\"https:\/\/www.pressenza.com\/es\/2015\/08\/el-eurogrupo-contra-atenas-cronologia-de-un-golpe-orquestado-contra-la-democracia-helena\/#breadcrumb\",\"itemListElement\":[{\"@type\":\"ListItem\",\"position\":1,\"name\":\"Accueil\",\"item\":\"https:\/\/www.pressenza.com\/es\/\"},{\"@type\":\"ListItem\",\"position\":2,\"name\":\"El Eurogrupo contra Atenas: cronolog\u00eda de un golpe orquestado contra la democracia helena\"}]},{\"@type\":\"WebSite\",\"@id\":\"https:\/\/www.pressenza.com\/es\/#website\",\"url\":\"https:\/\/www.pressenza.com\/es\/\",\"name\":\"Pressenza\",\"description\":\"International Press Agency\",\"publisher\":{\"@id\":\"https:\/\/www.pressenza.com\/es\/#organization\"},\"potentialAction\":[{\"@type\":\"SearchAction\",\"target\":{\"@type\":\"EntryPoint\",\"urlTemplate\":\"https:\/\/www.pressenza.com\/es\/?s={search_term_string}\"},\"query-input\":{\"@type\":\"PropertyValueSpecification\",\"valueRequired\":true,\"valueName\":\"search_term_string\"}}],\"inLanguage\":\"es\"},{\"@type\":\"Organization\",\"@id\":\"https:\/\/www.pressenza.com\/es\/#organization\",\"name\":\"Pressenza\",\"url\":\"https:\/\/www.pressenza.com\/es\/\",\"logo\":{\"@type\":\"ImageObject\",\"inLanguage\":\"es\",\"@id\":\"https:\/\/www.pressenza.com\/es\/#\/schema\/logo\/image\/\",\"url\":\"https:\/\/www.pressenza.com\/wp-content\/uploads\/2022\/10\/pressenza_logo_200x200.jpg\",\"contentUrl\":\"https:\/\/www.pressenza.com\/wp-content\/uploads\/2022\/10\/pressenza_logo_200x200.jpg\",\"width\":200,\"height\":200,\"caption\":\"Pressenza\"},\"image\":{\"@id\":\"https:\/\/www.pressenza.com\/es\/#\/schema\/logo\/image\/\"},\"sameAs\":[\"https:\/\/www.facebook.com\/PressenzaItalia\",\"https:\/\/x.com\/PressenzaIPA\"]},{\"@type\":\"Person\",\"@id\":\"https:\/\/www.pressenza.com\/es\/#\/schema\/person\/8be3e7ffb841d48f69f0d1fa971fbf6f\",\"name\":\"Tobias Baumann\",\"url\":\"https:\/\/www.pressenza.com\/es\/author\/tobias-baumann\/\"}]}<\/script>\n<!-- \/ Yoast SEO plugin. -->","yoast_head_json":{"title":"El Eurogrupo contra Atenas: cronolog\u00eda de un golpe orquestado contra la democracia helena","description":"El ex eurodiputado alem\u00e1n por la Izquierda Europea, Andreas Wehr, enfatiz\u00f3 en su publicaci\u00f3n de fines de julio, que Grecia ahora s\u00ed se ha convertido en un","robots":{"index":"index","follow":"follow","max-snippet":"max-snippet:-1","max-image-preview":"max-image-preview:large","max-video-preview":"max-video-preview:-1"},"canonical":"https:\/\/www.pressenza.com\/es\/2015\/08\/el-eurogrupo-contra-atenas-cronologia-de-un-golpe-orquestado-contra-la-democracia-helena\/","og_locale":"es_ES","og_type":"article","og_title":"El Eurogrupo contra Atenas: cronolog\u00eda de un golpe orquestado contra la democracia helena","og_description":"El ex eurodiputado alem\u00e1n por la Izquierda Europea, Andreas Wehr, enfatiz\u00f3 en su publicaci\u00f3n de fines de julio, que Grecia ahora s\u00ed se ha convertido en un","og_url":"https:\/\/www.pressenza.com\/es\/2015\/08\/el-eurogrupo-contra-atenas-cronologia-de-un-golpe-orquestado-contra-la-democracia-helena\/","og_site_name":"Pressenza","article_publisher":"https:\/\/www.facebook.com\/PressenzaItalia","article_published_time":"2015-08-02T20:09:52+00:00","article_modified_time":"2016-04-20T10:33:22+00:00","og_image":[{"width":600,"height":450,"url":"https:\/\/www.pressenza.com\/wp-content\/uploads\/2015\/07\/Grecia-no.jpg","type":"image\/jpeg"}],"author":"Tobias Baumann","twitter_card":"summary_large_image","twitter_creator":"@PressenzaIPA","twitter_site":"@PressenzaIPA","twitter_misc":{"Escrito por":"Tobias Baumann","Tiempo de lectura":"23 minutos"},"schema":{"@context":"https:\/\/schema.org","@graph":[{"@type":"Article","@id":"https:\/\/www.pressenza.com\/es\/2015\/08\/el-eurogrupo-contra-atenas-cronologia-de-un-golpe-orquestado-contra-la-democracia-helena\/#article","isPartOf":{"@id":"https:\/\/www.pressenza.com\/es\/2015\/08\/el-eurogrupo-contra-atenas-cronologia-de-un-golpe-orquestado-contra-la-democracia-helena\/"},"author":{"name":"Tobias Baumann","@id":"https:\/\/www.pressenza.com\/es\/#\/schema\/person\/8be3e7ffb841d48f69f0d1fa971fbf6f"},"headline":"El Eurogrupo contra Atenas: cronolog\u00eda de un golpe orquestado contra la democracia helena","datePublished":"2015-08-02T20:09:52+00:00","dateModified":"2016-04-20T10:33:22+00:00","mainEntityOfPage":{"@id":"https:\/\/www.pressenza.com\/es\/2015\/08\/el-eurogrupo-contra-atenas-cronologia-de-un-golpe-orquestado-contra-la-democracia-helena\/"},"wordCount":4594,"publisher":{"@id":"https:\/\/www.pressenza.com\/es\/#organization"},"image":{"@id":"https:\/\/www.pressenza.com\/es\/2015\/08\/el-eurogrupo-contra-atenas-cronologia-de-un-golpe-orquestado-contra-la-democracia-helena\/#primaryimage"},"thumbnailUrl":"https:\/\/www.pressenza.com\/wp-content\/uploads\/2015\/07\/Grecia-no.jpg","keywords":["Angela Merkel","auditor\u00eda de la deuda","BCE","Comisi\u00f3n Europea","Crisis Griega","FMI","Grecia","Supremac\u00eda alemana","Syriza","Yanis Varoufakis"],"articleSection":["Derechos Humanos","Econom\u00eda","Europa","Internacional","Opiniones","Pol\u00edtica"],"inLanguage":"es"},{"@type":"WebPage","@id":"https:\/\/www.pressenza.com\/es\/2015\/08\/el-eurogrupo-contra-atenas-cronologia-de-un-golpe-orquestado-contra-la-democracia-helena\/","url":"https:\/\/www.pressenza.com\/es\/2015\/08\/el-eurogrupo-contra-atenas-cronologia-de-un-golpe-orquestado-contra-la-democracia-helena\/","name":"El Eurogrupo contra Atenas: cronolog\u00eda de un golpe orquestado contra la democracia helena","isPartOf":{"@id":"https:\/\/www.pressenza.com\/es\/#website"},"primaryImageOfPage":{"@id":"https:\/\/www.pressenza.com\/es\/2015\/08\/el-eurogrupo-contra-atenas-cronologia-de-un-golpe-orquestado-contra-la-democracia-helena\/#primaryimage"},"image":{"@id":"https:\/\/www.pressenza.com\/es\/2015\/08\/el-eurogrupo-contra-atenas-cronologia-de-un-golpe-orquestado-contra-la-democracia-helena\/#primaryimage"},"thumbnailUrl":"https:\/\/www.pressenza.com\/wp-content\/uploads\/2015\/07\/Grecia-no.jpg","datePublished":"2015-08-02T20:09:52+00:00","dateModified":"2016-04-20T10:33:22+00:00","description":"El ex eurodiputado alem\u00e1n por la Izquierda Europea, Andreas Wehr, enfatiz\u00f3 en su publicaci\u00f3n de fines de julio, que Grecia ahora s\u00ed se ha convertido en un","breadcrumb":{"@id":"https:\/\/www.pressenza.com\/es\/2015\/08\/el-eurogrupo-contra-atenas-cronologia-de-un-golpe-orquestado-contra-la-democracia-helena\/#breadcrumb"},"inLanguage":"es","potentialAction":[{"@type":"ReadAction","target":["https:\/\/www.pressenza.com\/es\/2015\/08\/el-eurogrupo-contra-atenas-cronologia-de-un-golpe-orquestado-contra-la-democracia-helena\/"]}]},{"@type":"ImageObject","inLanguage":"es","@id":"https:\/\/www.pressenza.com\/es\/2015\/08\/el-eurogrupo-contra-atenas-cronologia-de-un-golpe-orquestado-contra-la-democracia-helena\/#primaryimage","url":"https:\/\/www.pressenza.com\/wp-content\/uploads\/2015\/07\/Grecia-no.jpg","contentUrl":"https:\/\/www.pressenza.com\/wp-content\/uploads\/2015\/07\/Grecia-no.jpg","width":600,"height":450},{"@type":"BreadcrumbList","@id":"https:\/\/www.pressenza.com\/es\/2015\/08\/el-eurogrupo-contra-atenas-cronologia-de-un-golpe-orquestado-contra-la-democracia-helena\/#breadcrumb","itemListElement":[{"@type":"ListItem","position":1,"name":"Accueil","item":"https:\/\/www.pressenza.com\/es\/"},{"@type":"ListItem","position":2,"name":"El Eurogrupo contra Atenas: cronolog\u00eda de un golpe orquestado contra la democracia helena"}]},{"@type":"WebSite","@id":"https:\/\/www.pressenza.com\/es\/#website","url":"https:\/\/www.pressenza.com\/es\/","name":"Pressenza","description":"International Press Agency","publisher":{"@id":"https:\/\/www.pressenza.com\/es\/#organization"},"potentialAction":[{"@type":"SearchAction","target":{"@type":"EntryPoint","urlTemplate":"https:\/\/www.pressenza.com\/es\/?s={search_term_string}"},"query-input":{"@type":"PropertyValueSpecification","valueRequired":true,"valueName":"search_term_string"}}],"inLanguage":"es"},{"@type":"Organization","@id":"https:\/\/www.pressenza.com\/es\/#organization","name":"Pressenza","url":"https:\/\/www.pressenza.com\/es\/","logo":{"@type":"ImageObject","inLanguage":"es","@id":"https:\/\/www.pressenza.com\/es\/#\/schema\/logo\/image\/","url":"https:\/\/www.pressenza.com\/wp-content\/uploads\/2022\/10\/pressenza_logo_200x200.jpg","contentUrl":"https:\/\/www.pressenza.com\/wp-content\/uploads\/2022\/10\/pressenza_logo_200x200.jpg","width":200,"height":200,"caption":"Pressenza"},"image":{"@id":"https:\/\/www.pressenza.com\/es\/#\/schema\/logo\/image\/"},"sameAs":["https:\/\/www.facebook.com\/PressenzaItalia","https:\/\/x.com\/PressenzaIPA"]},{"@type":"Person","@id":"https:\/\/www.pressenza.com\/es\/#\/schema\/person\/8be3e7ffb841d48f69f0d1fa971fbf6f","name":"Tobias Baumann","url":"https:\/\/www.pressenza.com\/es\/author\/tobias-baumann\/"}]}},"place":"","original_article_url":"","_links":{"self":[{"href":"https:\/\/www.pressenza.com\/es\/wp-json\/wp\/v2\/posts\/207151","targetHints":{"allow":["GET"]}}],"collection":[{"href":"https:\/\/www.pressenza.com\/es\/wp-json\/wp\/v2\/posts"}],"about":[{"href":"https:\/\/www.pressenza.com\/es\/wp-json\/wp\/v2\/types\/post"}],"author":[{"embeddable":true,"href":"https:\/\/www.pressenza.com\/es\/wp-json\/wp\/v2\/users\/1255"}],"replies":[{"embeddable":true,"href":"https:\/\/www.pressenza.com\/es\/wp-json\/wp\/v2\/comments?post=207151"}],"version-history":[{"count":0,"href":"https:\/\/www.pressenza.com\/es\/wp-json\/wp\/v2\/posts\/207151\/revisions"}],"wp:featuredmedia":[{"embeddable":true,"href":"https:\/\/www.pressenza.com\/es\/wp-json\/wp\/v2\/media\/200131"}],"wp:attachment":[{"href":"https:\/\/www.pressenza.com\/es\/wp-json\/wp\/v2\/media?parent=207151"}],"wp:term":[{"taxonomy":"category","embeddable":true,"href":"https:\/\/www.pressenza.com\/es\/wp-json\/wp\/v2\/categories?post=207151"},{"taxonomy":"post_tag","embeddable":true,"href":"https:\/\/www.pressenza.com\/es\/wp-json\/wp\/v2\/tags?post=207151"}],"curies":[{"name":"wp","href":"https:\/\/api.w.org\/{rel}","templated":true}]}}