{"id":206843,"date":"2015-07-31T05:58:38","date_gmt":"2015-07-31T04:58:38","guid":{"rendered":"http:\/\/www.pressenza.com\/?p=206843"},"modified":"2015-07-31T06:15:32","modified_gmt":"2015-07-31T05:15:32","slug":"medios-populares-y-alternativos-participaron-en-congreso-internacional-sobre-integracion-en-quito","status":"publish","type":"post","link":"https:\/\/www.pressenza.com\/es\/2015\/07\/medios-populares-y-alternativos-participaron-en-congreso-internacional-sobre-integracion-en-quito\/","title":{"rendered":"Medios populares y alternativos participaron en Congreso Internacional sobre integraci\u00f3n en Quito"},"content":{"rendered":"<p><strong>El Foro de Comunicaci\u00f3n para la Integraci\u00f3n de NuestrAm\u00e9rica tuvo una participaci\u00f3n activa y destacada en el Congreso Internacional \u201cComunicaci\u00f3n e Integraci\u00f3n Latinoamericana desde y para el Sur\u201d organizado por Ciespal y Telesur. Mediante las exposiciones en distintos paneles, los comunicadores de los medios alternativos, populares y comunitarios que integran el Foro formaron parte del Congreso celebrado en Quito el 22 y 23 de julio en el marco del X Aniversario de TeleSur.<br \/>\n<\/strong><\/p>\n<p>El panel \u201cComunicaci\u00f3n e integraci\u00f3n entre los pueblos latinoamericanos\u201d que tuvo lugar el mi\u00e9rcoles 22 de julio fue conformado por ALAI, con Osvaldo Le\u00f3n como disertante, Alba TV en la voz de Ambar Garc\u00eda y Prensa Latina, con Juan Carlos D\u00edaz como expositor.  Le\u00f3n destac\u00f3 que existe un proceso de integraci\u00f3n ciudadana confrontando a los imperios, y que la b\u00fasqueda de una nueva comunicaci\u00f3n es posible, al tiempo que desarroll\u00f3 la idea relativa al desaf\u00edo del necesario desarrollo tecnol\u00f3gico a nivel regional en un nuevo sistema, entre otras propuestas. Por su parte Ambar Garc\u00eda explic\u00f3 el desarrollo de Alba TV, sus actividades, su influencia y coment\u00f3 la construcci\u00f3n que realizan de una comunicaci\u00f3n en red con medios comunitarios no s\u00f3lo en Venezuela, sino a nivel internacional. Adem\u00e1s Garc\u00eda hizo hincapi\u00e9 en la importancia de comenzar a pensar en conjunto frente al contexto actual de la comunicaci\u00f3n y la integraci\u00f3n. En tanto que Juan Carlos D\u00edaz describi\u00f3 la historia de Prensa Latina y el trabajo de las 17 oficinas informativas con que cuentan en Am\u00e9rica Latina y el Caribe, adem\u00e1s de otras repartidas en el mundo. Diaz fue claro en las posiciones de la agencia que representa y en la idea de que Prensa Latina nunca ha dejado de transmitir informaci\u00f3n desde la Habana para el mundo. <\/p>\n<p><a href=\"http:\/\/www.pressenza.com\/wp-content\/uploads\/2015\/07\/ambar-garcia.jpg\"><img loading=\"lazy\" decoding=\"async\" src=\"http:\/\/www.pressenza.com\/wp-content\/uploads\/2015\/07\/ambar-garcia.jpg\" alt=\"Ambar Garcia Alba TV\" width=\"599\" height=\"398\" class=\"aligncenter size-full wp-image-206850\" srcset=\"https:\/\/www.pressenza.com\/wp-content\/uploads\/2015\/07\/ambar-garcia.jpg 599w, https:\/\/www.pressenza.com\/wp-content\/uploads\/2015\/07\/ambar-garcia-300x199.jpg 300w\" sizes=\"auto, (max-width: 599px) 100vw, 599px\" \/><\/a><\/p>\n<p>Mientras que en el panel \u201cMedios p\u00fablicos y nuevos Escenarios Tecnomedi\u00e1ticos en Latinoam\u00e9rica\u201d realizado el mismo mi\u00e9rcoles a las 16.45 particip\u00f3 Sally Burch de Alai, quien hizo una evaluaci\u00f3n de la crisis period\u00edstica con el inicio de la era digital, donde muchos diarios desaparecieron mientras que algunos otros se adaptaron. Entre otras interesantes propuestas, Burch destac\u00f3 que los medios comunitarios deber\u00edan tener mayores espacios de desarrollo y sustento, en tanto que enfatiz\u00f3 en que los medios p\u00fablicos son un espacio de experimentaci\u00f3n de otras formas de participaci\u00f3n ciudadana, adem\u00e1s espacios de creatividad. <\/p>\n<p><a href=\"http:\/\/www.pressenza.com\/wp-content\/uploads\/2015\/07\/Sally.jpg\"><img loading=\"lazy\" decoding=\"async\" src=\"http:\/\/www.pressenza.com\/wp-content\/uploads\/2015\/07\/Sally.jpg\" alt=\"Sally de Alai\" width=\"599\" height=\"398\" class=\"aligncenter size-full wp-image-206856\" srcset=\"https:\/\/www.pressenza.com\/wp-content\/uploads\/2015\/07\/Sally.jpg 599w, https:\/\/www.pressenza.com\/wp-content\/uploads\/2015\/07\/Sally-300x199.jpg 300w\" sizes=\"auto, (max-width: 599px) 100vw, 599px\" \/><\/a><\/p>\n<p>El panel \u201cMovimientos sociales y luchas comunicacionales por la integraci\u00f3n\u201d, que tuvo lugar el jueves 23 a las 16.45, fue conformado por Javier Tolcachier de la agencia de noticias Pressenza y Deolinda Carrizo de la Coordinadora Latinoamericana de Organizaciones del Campo (CLOC). Tolcachier enfatiz\u00f3 en la l\u00ednea de que desde la movilizaci\u00f3n y la organizaci\u00f3n social se podr\u00e1 conectar con la tendencia de integrar, de superar fronteras ficticias, de armonizar diferencias menores entre pueblos hermanos, de ampliar la libertad humana sin l\u00edmites, haciendo referencia de que a trav\u00e9s de la comunicaci\u00f3n, es posible crear consciencia de que un mundo diferente, cuya prioridad sea el desarrollo y la felicidad del cada ser humano es imprescindible. En tanto que Deolinda Carrizo describi\u00f3 el importante desarrollo de la CLOC y de sus diversas actividades, destacando que esa organizaci\u00f3n ha estado presente en procesos de transformaci\u00f3n social, luchando por la inclusi\u00f3n de pueblos ind\u00edgenas, haciendo a su vez eje en la necesidad de identificar necesidades de formaci\u00f3n t\u00e9cnica y pol\u00edtica en temas comunicacionales.<\/p>\n<p>La influencia de la l\u00ednea de propuestas de los medios que integran el Foro de Comunicaci\u00f3n para la Integraci\u00f3n de NuestrAm\u00e9rica se hizo notar durante todo el evento, culminando en el anuncio del director de Ciespal, Francisco Sierra, acerca de que el Congreso del pr\u00f3ximo a\u00f1o tendr\u00e1 como eje la comunicaci\u00f3n popular en funci\u00f3n de la integraci\u00f3n, y ser\u00e1 organizado en conjunto con medios del Foro. <\/p>\n","protected":false},"excerpt":{"rendered":"<p>El Foro de Comunicaci\u00f3n para la Integraci\u00f3n de NuestrAm\u00e9rica tuvo una participaci\u00f3n activa y destacada en el Congreso Internacional \u201cComunicaci\u00f3n e Integraci\u00f3n Latinoamericana desde y para el Sur\u201d organizado por Ciespal y Telesur. Mediante las exposiciones en distintos paneles, los&hellip;<\/p>\n","protected":false},"author":20,"featured_media":206844,"comment_status":"closed","ping_status":"open","sticky":false,"template":"","format":"standard","meta":{"footnotes":""},"categories":[11389,75,67],"tags":[18884,18594,14640],"class_list":["post-206843","post","type-post","status-publish","format-standard","has-post-thumbnail","hentry","category-contenido-original","category-cultura-es","category-sudamerica","tag-comunicacion-alternativa","tag-foro-de-medios-de-comunicacion","tag-integracion-latinoamericana"],"yoast_head":"<!-- This site is optimized with the Yoast SEO plugin v27.1.1 - https:\/\/yoast.com\/product\/yoast-seo-wordpress\/ -->\n<title>Medios populares y alternativos participaron en Congreso Internacional sobre integraci\u00f3n en Quito<\/title>\n<meta name=\"description\" content=\"El Foro de Comunicaci\u00f3n para la Integraci\u00f3n de NuestrAm\u00e9rica tuvo una participaci\u00f3n activa y destacada en el Congreso Internacional \u201cComunicaci\u00f3n e\" \/>\n<meta name=\"robots\" content=\"index, follow, max-snippet:-1, max-image-preview:large, max-video-preview:-1\" \/>\n<link rel=\"canonical\" href=\"https:\/\/www.pressenza.com\/es\/2015\/07\/medios-populares-y-alternativos-participaron-en-congreso-internacional-sobre-integracion-en-quito\/\" \/>\n<meta property=\"og:locale\" content=\"es_ES\" \/>\n<meta property=\"og:type\" content=\"article\" \/>\n<meta property=\"og:title\" content=\"Medios populares y alternativos participaron en Congreso Internacional sobre integraci\u00f3n en Quito\" \/>\n<meta property=\"og:description\" content=\"El Foro de Comunicaci\u00f3n para la Integraci\u00f3n de NuestrAm\u00e9rica tuvo una participaci\u00f3n activa y destacada en el Congreso Internacional \u201cComunicaci\u00f3n e\" \/>\n<meta property=\"og:url\" content=\"https:\/\/www.pressenza.com\/es\/2015\/07\/medios-populares-y-alternativos-participaron-en-congreso-internacional-sobre-integracion-en-quito\/\" \/>\n<meta property=\"og:site_name\" content=\"Pressenza\" \/>\n<meta property=\"article:publisher\" content=\"https:\/\/www.facebook.com\/PressenzaItalia\" \/>\n<meta property=\"article:published_time\" content=\"2015-07-31T04:58:38+00:00\" \/>\n<meta property=\"article:modified_time\" content=\"2015-07-31T05:15:32+00:00\" \/>\n<meta property=\"og:image\" content=\"https:\/\/www.pressenza.com\/wp-content\/uploads\/2015\/07\/Deolinda-Cloc.jpg\" \/>\n\t<meta property=\"og:image:width\" content=\"600\" \/>\n\t<meta property=\"og:image:height\" content=\"450\" \/>\n\t<meta property=\"og:image:type\" content=\"image\/jpeg\" \/>\n<meta name=\"author\" content=\"ivan novotny\" \/>\n<meta name=\"twitter:card\" content=\"summary_large_image\" \/>\n<meta name=\"twitter:creator\" content=\"@ivanovotny\" \/>\n<meta name=\"twitter:site\" content=\"@PressenzaIPA\" \/>\n<meta name=\"twitter:label1\" content=\"Escrito por\" \/>\n\t<meta name=\"twitter:data1\" content=\"ivan novotny\" \/>\n\t<meta name=\"twitter:label2\" content=\"Tiempo de lectura\" \/>\n\t<meta name=\"twitter:data2\" content=\"3 minutos\" \/>\n<script type=\"application\/ld+json\" class=\"yoast-schema-graph\">{\"@context\":\"https:\/\/schema.org\",\"@graph\":[{\"@type\":\"Article\",\"@id\":\"https:\/\/www.pressenza.com\/es\/2015\/07\/medios-populares-y-alternativos-participaron-en-congreso-internacional-sobre-integracion-en-quito\/#article\",\"isPartOf\":{\"@id\":\"https:\/\/www.pressenza.com\/es\/2015\/07\/medios-populares-y-alternativos-participaron-en-congreso-internacional-sobre-integracion-en-quito\/\"},\"author\":{\"name\":\"ivan novotny\",\"@id\":\"https:\/\/www.pressenza.com\/es\/#\/schema\/person\/074b2cdde387af1b7a93f788a03ec37a\"},\"headline\":\"Medios populares y alternativos participaron en Congreso Internacional sobre integraci\u00f3n en Quito\",\"datePublished\":\"2015-07-31T04:58:38+00:00\",\"dateModified\":\"2015-07-31T05:15:32+00:00\",\"mainEntityOfPage\":{\"@id\":\"https:\/\/www.pressenza.com\/es\/2015\/07\/medios-populares-y-alternativos-participaron-en-congreso-internacional-sobre-integracion-en-quito\/\"},\"wordCount\":686,\"publisher\":{\"@id\":\"https:\/\/www.pressenza.com\/es\/#organization\"},\"image\":{\"@id\":\"https:\/\/www.pressenza.com\/es\/2015\/07\/medios-populares-y-alternativos-participaron-en-congreso-internacional-sobre-integracion-en-quito\/#primaryimage\"},\"thumbnailUrl\":\"https:\/\/www.pressenza.com\/wp-content\/uploads\/2015\/07\/Deolinda-Cloc.jpg\",\"keywords\":[\"Comunicaci\u00f3n alternativa\",\"Foro de Medios de Comunicaci\u00f3n\",\"Integraci\u00f3n latinoamericana\"],\"articleSection\":[\"Contenido Original\",\"Cultura y Medios\",\"Sudam\u00e9rica\"],\"inLanguage\":\"es\"},{\"@type\":\"WebPage\",\"@id\":\"https:\/\/www.pressenza.com\/es\/2015\/07\/medios-populares-y-alternativos-participaron-en-congreso-internacional-sobre-integracion-en-quito\/\",\"url\":\"https:\/\/www.pressenza.com\/es\/2015\/07\/medios-populares-y-alternativos-participaron-en-congreso-internacional-sobre-integracion-en-quito\/\",\"name\":\"Medios populares y alternativos participaron en Congreso Internacional sobre integraci\u00f3n en Quito\",\"isPartOf\":{\"@id\":\"https:\/\/www.pressenza.com\/es\/#website\"},\"primaryImageOfPage\":{\"@id\":\"https:\/\/www.pressenza.com\/es\/2015\/07\/medios-populares-y-alternativos-participaron-en-congreso-internacional-sobre-integracion-en-quito\/#primaryimage\"},\"image\":{\"@id\":\"https:\/\/www.pressenza.com\/es\/2015\/07\/medios-populares-y-alternativos-participaron-en-congreso-internacional-sobre-integracion-en-quito\/#primaryimage\"},\"thumbnailUrl\":\"https:\/\/www.pressenza.com\/wp-content\/uploads\/2015\/07\/Deolinda-Cloc.jpg\",\"datePublished\":\"2015-07-31T04:58:38+00:00\",\"dateModified\":\"2015-07-31T05:15:32+00:00\",\"description\":\"El Foro de Comunicaci\u00f3n para la Integraci\u00f3n de NuestrAm\u00e9rica tuvo una participaci\u00f3n activa y destacada en el Congreso Internacional \u201cComunicaci\u00f3n e\",\"breadcrumb\":{\"@id\":\"https:\/\/www.pressenza.com\/es\/2015\/07\/medios-populares-y-alternativos-participaron-en-congreso-internacional-sobre-integracion-en-quito\/#breadcrumb\"},\"inLanguage\":\"es\",\"potentialAction\":[{\"@type\":\"ReadAction\",\"target\":[\"https:\/\/www.pressenza.com\/es\/2015\/07\/medios-populares-y-alternativos-participaron-en-congreso-internacional-sobre-integracion-en-quito\/\"]}]},{\"@type\":\"ImageObject\",\"inLanguage\":\"es\",\"@id\":\"https:\/\/www.pressenza.com\/es\/2015\/07\/medios-populares-y-alternativos-participaron-en-congreso-internacional-sobre-integracion-en-quito\/#primaryimage\",\"url\":\"https:\/\/www.pressenza.com\/wp-content\/uploads\/2015\/07\/Deolinda-Cloc.jpg\",\"contentUrl\":\"https:\/\/www.pressenza.com\/wp-content\/uploads\/2015\/07\/Deolinda-Cloc.jpg\",\"width\":600,\"height\":450},{\"@type\":\"BreadcrumbList\",\"@id\":\"https:\/\/www.pressenza.com\/es\/2015\/07\/medios-populares-y-alternativos-participaron-en-congreso-internacional-sobre-integracion-en-quito\/#breadcrumb\",\"itemListElement\":[{\"@type\":\"ListItem\",\"position\":1,\"name\":\"Accueil\",\"item\":\"https:\/\/www.pressenza.com\/es\/\"},{\"@type\":\"ListItem\",\"position\":2,\"name\":\"Medios populares y alternativos participaron en Congreso Internacional sobre integraci\u00f3n en Quito\"}]},{\"@type\":\"WebSite\",\"@id\":\"https:\/\/www.pressenza.com\/es\/#website\",\"url\":\"https:\/\/www.pressenza.com\/es\/\",\"name\":\"Pressenza\",\"description\":\"International Press Agency\",\"publisher\":{\"@id\":\"https:\/\/www.pressenza.com\/es\/#organization\"},\"potentialAction\":[{\"@type\":\"SearchAction\",\"target\":{\"@type\":\"EntryPoint\",\"urlTemplate\":\"https:\/\/www.pressenza.com\/es\/?s={search_term_string}\"},\"query-input\":{\"@type\":\"PropertyValueSpecification\",\"valueRequired\":true,\"valueName\":\"search_term_string\"}}],\"inLanguage\":\"es\"},{\"@type\":\"Organization\",\"@id\":\"https:\/\/www.pressenza.com\/es\/#organization\",\"name\":\"Pressenza\",\"url\":\"https:\/\/www.pressenza.com\/es\/\",\"logo\":{\"@type\":\"ImageObject\",\"inLanguage\":\"es\",\"@id\":\"https:\/\/www.pressenza.com\/es\/#\/schema\/logo\/image\/\",\"url\":\"https:\/\/www.pressenza.com\/wp-content\/uploads\/2022\/10\/pressenza_logo_200x200.jpg\",\"contentUrl\":\"https:\/\/www.pressenza.com\/wp-content\/uploads\/2022\/10\/pressenza_logo_200x200.jpg\",\"width\":200,\"height\":200,\"caption\":\"Pressenza\"},\"image\":{\"@id\":\"https:\/\/www.pressenza.com\/es\/#\/schema\/logo\/image\/\"},\"sameAs\":[\"https:\/\/www.facebook.com\/PressenzaItalia\",\"https:\/\/x.com\/PressenzaIPA\"]},{\"@type\":\"Person\",\"@id\":\"https:\/\/www.pressenza.com\/es\/#\/schema\/person\/074b2cdde387af1b7a93f788a03ec37a\",\"name\":\"ivan novotny\",\"description\":\"A graduate in Communication Science from the University of Buenos Aires.\",\"sameAs\":[\"https:\/\/www.instagram.com\/inovotny\",\"https:\/\/x.com\/ivanovotny\"],\"url\":\"https:\/\/www.pressenza.com\/es\/author\/ivan-novotny\/\"}]}<\/script>\n<!-- \/ Yoast SEO plugin. -->","yoast_head_json":{"title":"Medios populares y alternativos participaron en Congreso Internacional sobre integraci\u00f3n en Quito","description":"El Foro de Comunicaci\u00f3n para la Integraci\u00f3n de NuestrAm\u00e9rica tuvo una participaci\u00f3n activa y destacada en el Congreso Internacional \u201cComunicaci\u00f3n e","robots":{"index":"index","follow":"follow","max-snippet":"max-snippet:-1","max-image-preview":"max-image-preview:large","max-video-preview":"max-video-preview:-1"},"canonical":"https:\/\/www.pressenza.com\/es\/2015\/07\/medios-populares-y-alternativos-participaron-en-congreso-internacional-sobre-integracion-en-quito\/","og_locale":"es_ES","og_type":"article","og_title":"Medios populares y alternativos participaron en Congreso Internacional sobre integraci\u00f3n en Quito","og_description":"El Foro de Comunicaci\u00f3n para la Integraci\u00f3n de NuestrAm\u00e9rica tuvo una participaci\u00f3n activa y destacada en el Congreso Internacional \u201cComunicaci\u00f3n e","og_url":"https:\/\/www.pressenza.com\/es\/2015\/07\/medios-populares-y-alternativos-participaron-en-congreso-internacional-sobre-integracion-en-quito\/","og_site_name":"Pressenza","article_publisher":"https:\/\/www.facebook.com\/PressenzaItalia","article_published_time":"2015-07-31T04:58:38+00:00","article_modified_time":"2015-07-31T05:15:32+00:00","og_image":[{"width":600,"height":450,"url":"https:\/\/www.pressenza.com\/wp-content\/uploads\/2015\/07\/Deolinda-Cloc.jpg","type":"image\/jpeg"}],"author":"ivan novotny","twitter_card":"summary_large_image","twitter_creator":"@ivanovotny","twitter_site":"@PressenzaIPA","twitter_misc":{"Escrito por":"ivan novotny","Tiempo de lectura":"3 minutos"},"schema":{"@context":"https:\/\/schema.org","@graph":[{"@type":"Article","@id":"https:\/\/www.pressenza.com\/es\/2015\/07\/medios-populares-y-alternativos-participaron-en-congreso-internacional-sobre-integracion-en-quito\/#article","isPartOf":{"@id":"https:\/\/www.pressenza.com\/es\/2015\/07\/medios-populares-y-alternativos-participaron-en-congreso-internacional-sobre-integracion-en-quito\/"},"author":{"name":"ivan novotny","@id":"https:\/\/www.pressenza.com\/es\/#\/schema\/person\/074b2cdde387af1b7a93f788a03ec37a"},"headline":"Medios populares y alternativos participaron en Congreso Internacional sobre integraci\u00f3n en Quito","datePublished":"2015-07-31T04:58:38+00:00","dateModified":"2015-07-31T05:15:32+00:00","mainEntityOfPage":{"@id":"https:\/\/www.pressenza.com\/es\/2015\/07\/medios-populares-y-alternativos-participaron-en-congreso-internacional-sobre-integracion-en-quito\/"},"wordCount":686,"publisher":{"@id":"https:\/\/www.pressenza.com\/es\/#organization"},"image":{"@id":"https:\/\/www.pressenza.com\/es\/2015\/07\/medios-populares-y-alternativos-participaron-en-congreso-internacional-sobre-integracion-en-quito\/#primaryimage"},"thumbnailUrl":"https:\/\/www.pressenza.com\/wp-content\/uploads\/2015\/07\/Deolinda-Cloc.jpg","keywords":["Comunicaci\u00f3n alternativa","Foro de Medios de Comunicaci\u00f3n","Integraci\u00f3n latinoamericana"],"articleSection":["Contenido Original","Cultura y Medios","Sudam\u00e9rica"],"inLanguage":"es"},{"@type":"WebPage","@id":"https:\/\/www.pressenza.com\/es\/2015\/07\/medios-populares-y-alternativos-participaron-en-congreso-internacional-sobre-integracion-en-quito\/","url":"https:\/\/www.pressenza.com\/es\/2015\/07\/medios-populares-y-alternativos-participaron-en-congreso-internacional-sobre-integracion-en-quito\/","name":"Medios populares y alternativos participaron en Congreso Internacional sobre integraci\u00f3n en Quito","isPartOf":{"@id":"https:\/\/www.pressenza.com\/es\/#website"},"primaryImageOfPage":{"@id":"https:\/\/www.pressenza.com\/es\/2015\/07\/medios-populares-y-alternativos-participaron-en-congreso-internacional-sobre-integracion-en-quito\/#primaryimage"},"image":{"@id":"https:\/\/www.pressenza.com\/es\/2015\/07\/medios-populares-y-alternativos-participaron-en-congreso-internacional-sobre-integracion-en-quito\/#primaryimage"},"thumbnailUrl":"https:\/\/www.pressenza.com\/wp-content\/uploads\/2015\/07\/Deolinda-Cloc.jpg","datePublished":"2015-07-31T04:58:38+00:00","dateModified":"2015-07-31T05:15:32+00:00","description":"El Foro de Comunicaci\u00f3n para la Integraci\u00f3n de NuestrAm\u00e9rica tuvo una participaci\u00f3n activa y destacada en el Congreso Internacional \u201cComunicaci\u00f3n e","breadcrumb":{"@id":"https:\/\/www.pressenza.com\/es\/2015\/07\/medios-populares-y-alternativos-participaron-en-congreso-internacional-sobre-integracion-en-quito\/#breadcrumb"},"inLanguage":"es","potentialAction":[{"@type":"ReadAction","target":["https:\/\/www.pressenza.com\/es\/2015\/07\/medios-populares-y-alternativos-participaron-en-congreso-internacional-sobre-integracion-en-quito\/"]}]},{"@type":"ImageObject","inLanguage":"es","@id":"https:\/\/www.pressenza.com\/es\/2015\/07\/medios-populares-y-alternativos-participaron-en-congreso-internacional-sobre-integracion-en-quito\/#primaryimage","url":"https:\/\/www.pressenza.com\/wp-content\/uploads\/2015\/07\/Deolinda-Cloc.jpg","contentUrl":"https:\/\/www.pressenza.com\/wp-content\/uploads\/2015\/07\/Deolinda-Cloc.jpg","width":600,"height":450},{"@type":"BreadcrumbList","@id":"https:\/\/www.pressenza.com\/es\/2015\/07\/medios-populares-y-alternativos-participaron-en-congreso-internacional-sobre-integracion-en-quito\/#breadcrumb","itemListElement":[{"@type":"ListItem","position":1,"name":"Accueil","item":"https:\/\/www.pressenza.com\/es\/"},{"@type":"ListItem","position":2,"name":"Medios populares y alternativos participaron en Congreso Internacional sobre integraci\u00f3n en Quito"}]},{"@type":"WebSite","@id":"https:\/\/www.pressenza.com\/es\/#website","url":"https:\/\/www.pressenza.com\/es\/","name":"Pressenza","description":"International Press Agency","publisher":{"@id":"https:\/\/www.pressenza.com\/es\/#organization"},"potentialAction":[{"@type":"SearchAction","target":{"@type":"EntryPoint","urlTemplate":"https:\/\/www.pressenza.com\/es\/?s={search_term_string}"},"query-input":{"@type":"PropertyValueSpecification","valueRequired":true,"valueName":"search_term_string"}}],"inLanguage":"es"},{"@type":"Organization","@id":"https:\/\/www.pressenza.com\/es\/#organization","name":"Pressenza","url":"https:\/\/www.pressenza.com\/es\/","logo":{"@type":"ImageObject","inLanguage":"es","@id":"https:\/\/www.pressenza.com\/es\/#\/schema\/logo\/image\/","url":"https:\/\/www.pressenza.com\/wp-content\/uploads\/2022\/10\/pressenza_logo_200x200.jpg","contentUrl":"https:\/\/www.pressenza.com\/wp-content\/uploads\/2022\/10\/pressenza_logo_200x200.jpg","width":200,"height":200,"caption":"Pressenza"},"image":{"@id":"https:\/\/www.pressenza.com\/es\/#\/schema\/logo\/image\/"},"sameAs":["https:\/\/www.facebook.com\/PressenzaItalia","https:\/\/x.com\/PressenzaIPA"]},{"@type":"Person","@id":"https:\/\/www.pressenza.com\/es\/#\/schema\/person\/074b2cdde387af1b7a93f788a03ec37a","name":"ivan novotny","description":"A graduate in Communication Science from the University of Buenos Aires.","sameAs":["https:\/\/www.instagram.com\/inovotny","https:\/\/x.com\/ivanovotny"],"url":"https:\/\/www.pressenza.com\/es\/author\/ivan-novotny\/"}]}},"place":"","original_article_url":"","_links":{"self":[{"href":"https:\/\/www.pressenza.com\/es\/wp-json\/wp\/v2\/posts\/206843","targetHints":{"allow":["GET"]}}],"collection":[{"href":"https:\/\/www.pressenza.com\/es\/wp-json\/wp\/v2\/posts"}],"about":[{"href":"https:\/\/www.pressenza.com\/es\/wp-json\/wp\/v2\/types\/post"}],"author":[{"embeddable":true,"href":"https:\/\/www.pressenza.com\/es\/wp-json\/wp\/v2\/users\/20"}],"replies":[{"embeddable":true,"href":"https:\/\/www.pressenza.com\/es\/wp-json\/wp\/v2\/comments?post=206843"}],"version-history":[{"count":0,"href":"https:\/\/www.pressenza.com\/es\/wp-json\/wp\/v2\/posts\/206843\/revisions"}],"wp:featuredmedia":[{"embeddable":true,"href":"https:\/\/www.pressenza.com\/es\/wp-json\/wp\/v2\/media\/206844"}],"wp:attachment":[{"href":"https:\/\/www.pressenza.com\/es\/wp-json\/wp\/v2\/media?parent=206843"}],"wp:term":[{"taxonomy":"category","embeddable":true,"href":"https:\/\/www.pressenza.com\/es\/wp-json\/wp\/v2\/categories?post=206843"},{"taxonomy":"post_tag","embeddable":true,"href":"https:\/\/www.pressenza.com\/es\/wp-json\/wp\/v2\/tags?post=206843"}],"curies":[{"name":"wp","href":"https:\/\/api.w.org\/{rel}","templated":true}]}}