{"id":2063,"date":"2009-11-05T00:00:00","date_gmt":"2009-11-05T00:00:00","guid":{"rendered":""},"modified":"2009-11-06T05:55:58","modified_gmt":"2009-11-06T05:55:58","slug":"mar-del-platax-comenzo-la-muestra-artistica-xmurales-por-la-pazx","status":"publish","type":"post","link":"https:\/\/www.pressenza.com\/es\/2009\/11\/mar-del-platax-comenzo-la-muestra-artistica-xmurales-por-la-pazx\/","title":{"rendered":"Mar del Plata: comenz\u00f3 la muestra art\u00edstica \u00abMurales por la Paz\u00bb"},"content":{"rendered":"<p>En una conferencia realizada en el Colegio de Martilleros de la Ciudad de Mar del Plata, fue presentado el Encuentro de Muralistas 2009 organizado por el Movimiento de Muralistas Argentinos Italo Grassi. Este a\u00f1o el encuentro se realiza en apoyo a la Marcha Mundial por la Paz y la No Violencia. El encuentro se realizar\u00e1 en el Pueblo Estaci\u00f3n Camet, ubicado en Ruta 2 Km. 393 a 10 minutos de la ciudad.<\/p>\n<p>En la presentaci\u00f3n hicieron uso de la palabra, el Intendente interino de Mar del Plata, el Arquitecto Marcelo Artime, El Director de Cultura de Pueblo Estaci\u00f3n Camet, Juan Carlos Castro, el vocero de la Marcha Mundial, Horacio Mes\u00f3n, Juan Bauk, por el Movimiento Nacional de Muralistas y Marta Grassi, hija del entra\u00f1able artista marplatense Italo Grassi, quien fue recordado con honda emoci\u00f3n.<\/p>\n<p>El intendente interino sostuvo que \u201ces importante resaltar la inteligencia de quienes supieron aunar dos hechos loables que apuntan definitivamente a vivir en un mundo mejor: el Arte, a trav\u00e9s de la expresi\u00f3n de los muralistas y la Marcha Mundial por la Paz\u201d. Artime, acompa\u00f1ado, por varios secretarios del gabinete municipal, brind\u00f3 su apoyo a la muestra y destac\u00f3 la figura de Italo Grassi, como un referente de la cultura de la ciudad.<\/p>\n<p>Horacio Mes\u00f3n, vocero de la Marcha Mundial en Mar de Plata, agradeci\u00f3 a los organizadores por realizar esta muestra y hacer suyos los objetivos de este hecho in\u00e9dito en la historia: el desarme nuclear, los tratados de paz entre naciones y  el rechazo a toda forma de violencia. <\/p>\n<p>Juan Bauk del Movimiento Nacional de Muralistas coment\u00f3 que este evento comenz\u00f3 en La Plata el pasado s\u00e1bado y continuar\u00e1 en Mar del Plata hasta el pr\u00f3ximo domingo 8.<\/p>\n<p>Marta Grassi, finalmente hizo un recorrido por la carrera de su padre y cerr\u00f3 su exposici\u00f3n con una estrofa de una poes\u00eda dedicada a su memoria.<\/p>\n<p>La actividad de los muralistas se desarrolla desde el jueves 5 de noviembre desde las 9 y hasta las 17 en Estaci\u00f3n Camet y puede ser visitada por el p\u00fablico. Ha sido declarada de inter\u00e9s por la Secretaria de Cultura del Municipio.<\/p>\n<p>Del encuentro participan 52 artistas; 26 argentinos de distintas provincias y 26 extranjeros (de 13 pa\u00edses y 3 continentes). Tal es el caso de Adrew Nhlangwini, originario de Sud\u00e1frica, quien coment\u00f3 que se sum\u00f3 a la iniciativa porque \u00absoy artista, pinto murales, y me manifiesto en contra de la violencia. Para m\u00ed es importante venir ac\u00e1 y juntarme con artistas en una sola voz: en contra de la violencia\u00bb.<\/p>\n<p>http:\/\/picasaweb.google.es\/cachiphoto\/MURALISTASMDPMM#slideshow\/5400376008534835650<\/p>\n","protected":false},"excerpt":{"rendered":"<p>El Encuentro de Muralistas 2009, organizado por el Movimiento de Muralistas Argentinos Italo Grassi, se present\u00f3 en una conferencia realizada en el Colegio de Martilleros de la ciudad de Mar del Plata, Argentina. Del encuentro participan 52 artistas: 26 argentinos de distintas provincias y 26 extranjeros provenientes de 13 pa\u00edses de tres continentes. <\/p>\n","protected":false},"author":19,"featured_media":0,"comment_status":"closed","ping_status":"open","sticky":false,"template":"","format":"standard","meta":{"footnotes":""},"categories":[75,67],"tags":[],"class_list":["post-2063","post","type-post","status-publish","format-standard","hentry","category-cultura-es","category-sudamerica"],"yoast_head":"<!-- This site is optimized with the Yoast SEO plugin v27.1.1 - https:\/\/yoast.com\/product\/yoast-seo-wordpress\/ -->\n<title>Mar del Plata: comenz\u00f3 la muestra art\u00edstica &quot;Murales por la Paz&quot;<\/title>\n<meta name=\"description\" content=\"El Encuentro de Muralistas 2009, organizado por el Movimiento de Muralistas Argentinos Italo Grassi, se present\u00f3 en una conferencia realizada en el Colegio de Martilleros de la ciudad de Mar del Plata, Argentina. Del encuentro participan 52 artistas: 26 argentinos de distintas provincias y 26 extranjeros provenientes de 13 pa\u00edses de tres continentes.\" \/>\n<meta name=\"robots\" content=\"index, follow, max-snippet:-1, max-image-preview:large, max-video-preview:-1\" \/>\n<link rel=\"canonical\" href=\"https:\/\/www.pressenza.com\/es\/2009\/11\/mar-del-platax-comenzo-la-muestra-artistica-xmurales-por-la-pazx\/\" \/>\n<meta property=\"og:locale\" content=\"es_ES\" \/>\n<meta property=\"og:type\" content=\"article\" \/>\n<meta property=\"og:title\" content=\"Mar del Plata: comenz\u00f3 la muestra art\u00edstica &quot;Murales por la Paz&quot;\" \/>\n<meta property=\"og:description\" content=\"El Encuentro de Muralistas 2009, organizado por el Movimiento de Muralistas Argentinos Italo Grassi, se present\u00f3 en una conferencia realizada en el Colegio de Martilleros de la ciudad de Mar del Plata, Argentina. Del encuentro participan 52 artistas: 26 argentinos de distintas provincias y 26 extranjeros provenientes de 13 pa\u00edses de tres continentes.\" \/>\n<meta property=\"og:url\" content=\"https:\/\/www.pressenza.com\/es\/2009\/11\/mar-del-platax-comenzo-la-muestra-artistica-xmurales-por-la-pazx\/\" \/>\n<meta property=\"og:site_name\" content=\"Pressenza\" \/>\n<meta property=\"article:publisher\" content=\"https:\/\/www.facebook.com\/PressenzaItalia\" \/>\n<meta property=\"article:author\" content=\"https:\/\/www.facebook.com\/pressenza\" \/>\n<meta property=\"article:published_time\" content=\"2009-11-05T00:00:00+00:00\" \/>\n<meta property=\"article:modified_time\" content=\"2009-11-06T05:55:58+00:00\" \/>\n<meta name=\"author\" content=\"Pressenza IPA\" \/>\n<meta name=\"twitter:card\" content=\"summary_large_image\" \/>\n<meta name=\"twitter:creator\" content=\"@PressenzaIPA\" \/>\n<meta name=\"twitter:site\" content=\"@PressenzaIPA\" \/>\n<meta name=\"twitter:label1\" content=\"Escrito por\" \/>\n\t<meta name=\"twitter:data1\" content=\"Pressenza IPA\" \/>\n\t<meta name=\"twitter:label2\" content=\"Tiempo de lectura\" \/>\n\t<meta name=\"twitter:data2\" content=\"2 minutos\" \/>\n<script type=\"application\/ld+json\" class=\"yoast-schema-graph\">{\"@context\":\"https:\/\/schema.org\",\"@graph\":[{\"@type\":\"Article\",\"@id\":\"https:\/\/www.pressenza.com\/es\/2009\/11\/mar-del-platax-comenzo-la-muestra-artistica-xmurales-por-la-pazx\/#article\",\"isPartOf\":{\"@id\":\"https:\/\/www.pressenza.com\/es\/2009\/11\/mar-del-platax-comenzo-la-muestra-artistica-xmurales-por-la-pazx\/\"},\"author\":{\"name\":\"Pressenza IPA\",\"@id\":\"https:\/\/www.pressenza.com\/es\/#\/schema\/person\/010e5d02bcf40965427a1289a4cc8d75\"},\"headline\":\"Mar del Plata: comenz\u00f3 la muestra art\u00edstica \u00abMurales por la Paz\u00bb\",\"datePublished\":\"2009-11-05T00:00:00+00:00\",\"dateModified\":\"2009-11-06T05:55:58+00:00\",\"mainEntityOfPage\":{\"@id\":\"https:\/\/www.pressenza.com\/es\/2009\/11\/mar-del-platax-comenzo-la-muestra-artistica-xmurales-por-la-pazx\/\"},\"wordCount\":448,\"publisher\":{\"@id\":\"https:\/\/www.pressenza.com\/es\/#organization\"},\"articleSection\":[\"Cultura y Medios\",\"Sudam\u00e9rica\"],\"inLanguage\":\"es\"},{\"@type\":\"WebPage\",\"@id\":\"https:\/\/www.pressenza.com\/es\/2009\/11\/mar-del-platax-comenzo-la-muestra-artistica-xmurales-por-la-pazx\/\",\"url\":\"https:\/\/www.pressenza.com\/es\/2009\/11\/mar-del-platax-comenzo-la-muestra-artistica-xmurales-por-la-pazx\/\",\"name\":\"Mar del Plata: comenz\u00f3 la muestra art\u00edstica \\\"Murales por la Paz\\\"\",\"isPartOf\":{\"@id\":\"https:\/\/www.pressenza.com\/es\/#website\"},\"datePublished\":\"2009-11-05T00:00:00+00:00\",\"dateModified\":\"2009-11-06T05:55:58+00:00\",\"description\":\"El Encuentro de Muralistas 2009, organizado por el Movimiento de Muralistas Argentinos Italo Grassi, se present\u00f3 en una conferencia realizada en el Colegio de Martilleros de la ciudad de Mar del Plata, Argentina. Del encuentro participan 52 artistas: 26 argentinos de distintas provincias y 26 extranjeros provenientes de 13 pa\u00edses de tres continentes.\",\"breadcrumb\":{\"@id\":\"https:\/\/www.pressenza.com\/es\/2009\/11\/mar-del-platax-comenzo-la-muestra-artistica-xmurales-por-la-pazx\/#breadcrumb\"},\"inLanguage\":\"es\",\"potentialAction\":[{\"@type\":\"ReadAction\",\"target\":[\"https:\/\/www.pressenza.com\/es\/2009\/11\/mar-del-platax-comenzo-la-muestra-artistica-xmurales-por-la-pazx\/\"]}]},{\"@type\":\"BreadcrumbList\",\"@id\":\"https:\/\/www.pressenza.com\/es\/2009\/11\/mar-del-platax-comenzo-la-muestra-artistica-xmurales-por-la-pazx\/#breadcrumb\",\"itemListElement\":[{\"@type\":\"ListItem\",\"position\":1,\"name\":\"Accueil\",\"item\":\"https:\/\/www.pressenza.com\/es\/\"},{\"@type\":\"ListItem\",\"position\":2,\"name\":\"Mar del Plata: comenz\u00f3 la muestra art\u00edstica \u00abMurales por la Paz\u00bb\"}]},{\"@type\":\"WebSite\",\"@id\":\"https:\/\/www.pressenza.com\/es\/#website\",\"url\":\"https:\/\/www.pressenza.com\/es\/\",\"name\":\"Pressenza\",\"description\":\"International Press Agency\",\"publisher\":{\"@id\":\"https:\/\/www.pressenza.com\/es\/#organization\"},\"potentialAction\":[{\"@type\":\"SearchAction\",\"target\":{\"@type\":\"EntryPoint\",\"urlTemplate\":\"https:\/\/www.pressenza.com\/es\/?s={search_term_string}\"},\"query-input\":{\"@type\":\"PropertyValueSpecification\",\"valueRequired\":true,\"valueName\":\"search_term_string\"}}],\"inLanguage\":\"es\"},{\"@type\":\"Organization\",\"@id\":\"https:\/\/www.pressenza.com\/es\/#organization\",\"name\":\"Pressenza\",\"url\":\"https:\/\/www.pressenza.com\/es\/\",\"logo\":{\"@type\":\"ImageObject\",\"inLanguage\":\"es\",\"@id\":\"https:\/\/www.pressenza.com\/es\/#\/schema\/logo\/image\/\",\"url\":\"https:\/\/www.pressenza.com\/wp-content\/uploads\/2022\/10\/pressenza_logo_200x200.jpg\",\"contentUrl\":\"https:\/\/www.pressenza.com\/wp-content\/uploads\/2022\/10\/pressenza_logo_200x200.jpg\",\"width\":200,\"height\":200,\"caption\":\"Pressenza\"},\"image\":{\"@id\":\"https:\/\/www.pressenza.com\/es\/#\/schema\/logo\/image\/\"},\"sameAs\":[\"https:\/\/www.facebook.com\/PressenzaItalia\",\"https:\/\/x.com\/PressenzaIPA\"]},{\"@type\":\"Person\",\"@id\":\"https:\/\/www.pressenza.com\/es\/#\/schema\/person\/010e5d02bcf40965427a1289a4cc8d75\",\"name\":\"Pressenza IPA\",\"description\":\"News from Pressenza IPA correspondents\",\"sameAs\":[\"https:\/\/www.facebook.com\/pressenza\",\"https:\/\/x.com\/PressenzaIPA\"],\"url\":\"https:\/\/www.pressenza.com\/es\/author\/pressenza-ipa\/\"}]}<\/script>\n<!-- \/ Yoast SEO plugin. -->","yoast_head_json":{"title":"Mar del Plata: comenz\u00f3 la muestra art\u00edstica \"Murales por la Paz\"","description":"El Encuentro de Muralistas 2009, organizado por el Movimiento de Muralistas Argentinos Italo Grassi, se present\u00f3 en una conferencia realizada en el Colegio de Martilleros de la ciudad de Mar del Plata, Argentina. Del encuentro participan 52 artistas: 26 argentinos de distintas provincias y 26 extranjeros provenientes de 13 pa\u00edses de tres continentes.","robots":{"index":"index","follow":"follow","max-snippet":"max-snippet:-1","max-image-preview":"max-image-preview:large","max-video-preview":"max-video-preview:-1"},"canonical":"https:\/\/www.pressenza.com\/es\/2009\/11\/mar-del-platax-comenzo-la-muestra-artistica-xmurales-por-la-pazx\/","og_locale":"es_ES","og_type":"article","og_title":"Mar del Plata: comenz\u00f3 la muestra art\u00edstica \"Murales por la Paz\"","og_description":"El Encuentro de Muralistas 2009, organizado por el Movimiento de Muralistas Argentinos Italo Grassi, se present\u00f3 en una conferencia realizada en el Colegio de Martilleros de la ciudad de Mar del Plata, Argentina. Del encuentro participan 52 artistas: 26 argentinos de distintas provincias y 26 extranjeros provenientes de 13 pa\u00edses de tres continentes.","og_url":"https:\/\/www.pressenza.com\/es\/2009\/11\/mar-del-platax-comenzo-la-muestra-artistica-xmurales-por-la-pazx\/","og_site_name":"Pressenza","article_publisher":"https:\/\/www.facebook.com\/PressenzaItalia","article_author":"https:\/\/www.facebook.com\/pressenza","article_published_time":"2009-11-05T00:00:00+00:00","article_modified_time":"2009-11-06T05:55:58+00:00","author":"Pressenza IPA","twitter_card":"summary_large_image","twitter_creator":"@PressenzaIPA","twitter_site":"@PressenzaIPA","twitter_misc":{"Escrito por":"Pressenza IPA","Tiempo de lectura":"2 minutos"},"schema":{"@context":"https:\/\/schema.org","@graph":[{"@type":"Article","@id":"https:\/\/www.pressenza.com\/es\/2009\/11\/mar-del-platax-comenzo-la-muestra-artistica-xmurales-por-la-pazx\/#article","isPartOf":{"@id":"https:\/\/www.pressenza.com\/es\/2009\/11\/mar-del-platax-comenzo-la-muestra-artistica-xmurales-por-la-pazx\/"},"author":{"name":"Pressenza IPA","@id":"https:\/\/www.pressenza.com\/es\/#\/schema\/person\/010e5d02bcf40965427a1289a4cc8d75"},"headline":"Mar del Plata: comenz\u00f3 la muestra art\u00edstica \u00abMurales por la Paz\u00bb","datePublished":"2009-11-05T00:00:00+00:00","dateModified":"2009-11-06T05:55:58+00:00","mainEntityOfPage":{"@id":"https:\/\/www.pressenza.com\/es\/2009\/11\/mar-del-platax-comenzo-la-muestra-artistica-xmurales-por-la-pazx\/"},"wordCount":448,"publisher":{"@id":"https:\/\/www.pressenza.com\/es\/#organization"},"articleSection":["Cultura y Medios","Sudam\u00e9rica"],"inLanguage":"es"},{"@type":"WebPage","@id":"https:\/\/www.pressenza.com\/es\/2009\/11\/mar-del-platax-comenzo-la-muestra-artistica-xmurales-por-la-pazx\/","url":"https:\/\/www.pressenza.com\/es\/2009\/11\/mar-del-platax-comenzo-la-muestra-artistica-xmurales-por-la-pazx\/","name":"Mar del Plata: comenz\u00f3 la muestra art\u00edstica \"Murales por la Paz\"","isPartOf":{"@id":"https:\/\/www.pressenza.com\/es\/#website"},"datePublished":"2009-11-05T00:00:00+00:00","dateModified":"2009-11-06T05:55:58+00:00","description":"El Encuentro de Muralistas 2009, organizado por el Movimiento de Muralistas Argentinos Italo Grassi, se present\u00f3 en una conferencia realizada en el Colegio de Martilleros de la ciudad de Mar del Plata, Argentina. Del encuentro participan 52 artistas: 26 argentinos de distintas provincias y 26 extranjeros provenientes de 13 pa\u00edses de tres continentes.","breadcrumb":{"@id":"https:\/\/www.pressenza.com\/es\/2009\/11\/mar-del-platax-comenzo-la-muestra-artistica-xmurales-por-la-pazx\/#breadcrumb"},"inLanguage":"es","potentialAction":[{"@type":"ReadAction","target":["https:\/\/www.pressenza.com\/es\/2009\/11\/mar-del-platax-comenzo-la-muestra-artistica-xmurales-por-la-pazx\/"]}]},{"@type":"BreadcrumbList","@id":"https:\/\/www.pressenza.com\/es\/2009\/11\/mar-del-platax-comenzo-la-muestra-artistica-xmurales-por-la-pazx\/#breadcrumb","itemListElement":[{"@type":"ListItem","position":1,"name":"Accueil","item":"https:\/\/www.pressenza.com\/es\/"},{"@type":"ListItem","position":2,"name":"Mar del Plata: comenz\u00f3 la muestra art\u00edstica \u00abMurales por la Paz\u00bb"}]},{"@type":"WebSite","@id":"https:\/\/www.pressenza.com\/es\/#website","url":"https:\/\/www.pressenza.com\/es\/","name":"Pressenza","description":"International Press Agency","publisher":{"@id":"https:\/\/www.pressenza.com\/es\/#organization"},"potentialAction":[{"@type":"SearchAction","target":{"@type":"EntryPoint","urlTemplate":"https:\/\/www.pressenza.com\/es\/?s={search_term_string}"},"query-input":{"@type":"PropertyValueSpecification","valueRequired":true,"valueName":"search_term_string"}}],"inLanguage":"es"},{"@type":"Organization","@id":"https:\/\/www.pressenza.com\/es\/#organization","name":"Pressenza","url":"https:\/\/www.pressenza.com\/es\/","logo":{"@type":"ImageObject","inLanguage":"es","@id":"https:\/\/www.pressenza.com\/es\/#\/schema\/logo\/image\/","url":"https:\/\/www.pressenza.com\/wp-content\/uploads\/2022\/10\/pressenza_logo_200x200.jpg","contentUrl":"https:\/\/www.pressenza.com\/wp-content\/uploads\/2022\/10\/pressenza_logo_200x200.jpg","width":200,"height":200,"caption":"Pressenza"},"image":{"@id":"https:\/\/www.pressenza.com\/es\/#\/schema\/logo\/image\/"},"sameAs":["https:\/\/www.facebook.com\/PressenzaItalia","https:\/\/x.com\/PressenzaIPA"]},{"@type":"Person","@id":"https:\/\/www.pressenza.com\/es\/#\/schema\/person\/010e5d02bcf40965427a1289a4cc8d75","name":"Pressenza IPA","description":"News from Pressenza IPA correspondents","sameAs":["https:\/\/www.facebook.com\/pressenza","https:\/\/x.com\/PressenzaIPA"],"url":"https:\/\/www.pressenza.com\/es\/author\/pressenza-ipa\/"}]}},"place":"Mar del Plata","original_article_url":"","_links":{"self":[{"href":"https:\/\/www.pressenza.com\/es\/wp-json\/wp\/v2\/posts\/2063","targetHints":{"allow":["GET"]}}],"collection":[{"href":"https:\/\/www.pressenza.com\/es\/wp-json\/wp\/v2\/posts"}],"about":[{"href":"https:\/\/www.pressenza.com\/es\/wp-json\/wp\/v2\/types\/post"}],"author":[{"embeddable":true,"href":"https:\/\/www.pressenza.com\/es\/wp-json\/wp\/v2\/users\/19"}],"replies":[{"embeddable":true,"href":"https:\/\/www.pressenza.com\/es\/wp-json\/wp\/v2\/comments?post=2063"}],"version-history":[{"count":0,"href":"https:\/\/www.pressenza.com\/es\/wp-json\/wp\/v2\/posts\/2063\/revisions"}],"wp:attachment":[{"href":"https:\/\/www.pressenza.com\/es\/wp-json\/wp\/v2\/media?parent=2063"}],"wp:term":[{"taxonomy":"category","embeddable":true,"href":"https:\/\/www.pressenza.com\/es\/wp-json\/wp\/v2\/categories?post=2063"},{"taxonomy":"post_tag","embeddable":true,"href":"https:\/\/www.pressenza.com\/es\/wp-json\/wp\/v2\/tags?post=2063"}],"curies":[{"name":"wp","href":"https:\/\/api.w.org\/{rel}","templated":true}]}}