{"id":206176,"date":"2015-07-28T17:40:29","date_gmt":"2015-07-28T16:40:29","guid":{"rendered":"http:\/\/www.pressenza.com\/?p=206176"},"modified":"2015-07-28T17:43:51","modified_gmt":"2015-07-28T16:43:51","slug":"escuela-basica-de-verano-contra-paro-precariedad-y-exclusion-social","status":"publish","type":"post","link":"https:\/\/www.pressenza.com\/es\/2015\/07\/escuela-basica-de-verano-contra-paro-precariedad-y-exclusion-social\/","title":{"rendered":"Escuela B\u00e1sica de Verano contra paro, precariedad y exclusi\u00f3n social"},"content":{"rendered":"<p>La Escuela B\u00e1sica de Verano es una iniciativa de formaci\u00f3n, un espacio de conocimiento mutuo, relaci\u00f3n y reflexi\u00f3n orientado a la acci\u00f3n colectiva contra el paro, la precariedad y la exclusi\u00f3n social. Tendr\u00e1 lugar en el\u00a0 albergue de M\u00e9rida del 7 al 9 de agosto.<\/p>\n<p>Es una escuela de formaci\u00f3n de un movimiento embrionario, la Marea B\u00e1sica, una red de colectivos y comunidades arraigados en diversos territorios, asambleas de desempleadas y precarias, plataformas por la Renta B\u00e1sica Universal, Campamentos Dignidad\u2026 Nos ha unido un \u00e1mbito com\u00fan de lucha, el de erradicar la pobreza, evitar su estigmatizaci\u00f3n y transformar la sociedad, a trav\u00e9s de la participaci\u00f3n en marcos unitarios como la ILP por la Renta B\u00e1sica Estatal o las Marchas de la Dignidad. Y tambi\u00e9n nos vincula ya a un proceso rico de experiencias propias de empoderamiento colectivo como las Sillas del Hambre, los encierros de Navidad o las huelgas de hambre de compa\u00f1eros como Ramiro Pinto y Juanjo Huerta.<\/p>\n<p>La Escuela de Verano se propone como un encuentro de profundizaci\u00f3n en las tem\u00e1ticas que nos unen y tambi\u00e9n como una herramienta de auto-formaci\u00f3n y con-formaci\u00f3n participativa del movimiento. Se plantea como un espacio que nos permita reflexionar colectivamente sobre \u00abnuestras experiencias de explotaci\u00f3n, de exclusi\u00f3n y de lucha.\u00bb<\/p>\n<p>No separamos formaci\u00f3n y organizaci\u00f3n, profundizaci\u00f3n en las propuestas y extensi\u00f3n de la Marea B\u00e1sica. Consideramos que son dos patas indesligables del mismo proyecto: construir un movimiento contra el paro y la precariedad en el que el sujeto fundamental sean las personas paradas y en movimiento, precarias, y con una declarada voluntad transformadora cuya punta de lanza sea la Renta B\u00e1sica Universal.<\/p>\n<p>En la Escuela de Verano combinaremos los talleres y debates \u201cm\u00e1s sesudos\u201d con las actividades de ocio y cultural (ba\u00f1o, m\u00fasica, cuenta-cuentos\u2026).<\/p>\n<p>Puedes encontrar el PROGRAMA:<\/p>\n<p>https:\/\/www.facebook.com\/events\/1461908754108840\/<\/p>\n<p>&nbsp;<\/p>\n<p>&nbsp;<\/p>\n<p>&nbsp;<\/p>\n","protected":false},"excerpt":{"rendered":"<p>La Escuela B\u00e1sica de Verano es una iniciativa de formaci\u00f3n, un espacio de conocimiento mutuo, relaci\u00f3n y reflexi\u00f3n orientado a la acci\u00f3n colectiva contra el paro, la precariedad y la exclusi\u00f3n social. Tendr\u00e1 lugar en el\u00a0 albergue de M\u00e9rida del&hellip;<\/p>\n","protected":false},"author":94,"featured_media":206178,"comment_status":"closed","ping_status":"open","sticky":false,"template":"","format":"standard","meta":{"footnotes":""},"categories":[149,11389,79,1241,81,66,1242,74,63,1239],"tags":[1065,18826,17469,4993,18825,11929],"class_list":["post-206176","post","type-post","status-publish","format-standard","has-post-thumbnail","hentry","category-comunicados-de-prensa","category-contenido-original","category-derechos-humanos","category-diversidad","category-economia-es","category-europa-es","category-noviolencia-tema","category-politica-es","category-region-es","category-salud","tag-espana","tag-exclusion-social","tag-marea-basica-contra-el-paro-y-la-precariedad","tag-paro","tag-precariedad","tag-renta-basica-universal"],"yoast_head":"<!-- This site is optimized with the Yoast SEO plugin v27.1.1 - https:\/\/yoast.com\/product\/yoast-seo-wordpress\/ -->\n<title>Escuela B\u00e1sica de Verano contra paro, precariedad y exclusi\u00f3n social<\/title>\n<meta name=\"description\" content=\"La Escuela B\u00e1sica de Verano es una iniciativa de formaci\u00f3n, un espacio de conocimiento mutuo, relaci\u00f3n y reflexi\u00f3n orientado a la acci\u00f3n colectiva contra\" \/>\n<meta name=\"robots\" content=\"index, follow, max-snippet:-1, max-image-preview:large, max-video-preview:-1\" \/>\n<link rel=\"canonical\" href=\"https:\/\/www.pressenza.com\/es\/2015\/07\/escuela-basica-de-verano-contra-paro-precariedad-y-exclusion-social\/\" \/>\n<meta property=\"og:locale\" content=\"es_ES\" \/>\n<meta property=\"og:type\" content=\"article\" \/>\n<meta property=\"og:title\" content=\"Escuela B\u00e1sica de Verano contra paro, precariedad y exclusi\u00f3n social\" \/>\n<meta property=\"og:description\" content=\"La Escuela B\u00e1sica de Verano es una iniciativa de formaci\u00f3n, un espacio de conocimiento mutuo, relaci\u00f3n y reflexi\u00f3n orientado a la acci\u00f3n colectiva contra\" \/>\n<meta property=\"og:url\" content=\"https:\/\/www.pressenza.com\/es\/2015\/07\/escuela-basica-de-verano-contra-paro-precariedad-y-exclusion-social\/\" \/>\n<meta property=\"og:site_name\" content=\"Pressenza\" \/>\n<meta property=\"article:publisher\" content=\"https:\/\/www.facebook.com\/PressenzaItalia\" \/>\n<meta property=\"article:author\" content=\"https:\/\/www.facebook.com\/pressenza\" \/>\n<meta property=\"article:published_time\" content=\"2015-07-28T16:40:29+00:00\" \/>\n<meta property=\"article:modified_time\" content=\"2015-07-28T16:43:51+00:00\" \/>\n<meta property=\"og:image\" content=\"https:\/\/www.pressenza.com\/wp-content\/uploads\/2015\/07\/escuela-verano-marea-basica.jpg\" \/>\n\t<meta property=\"og:image:width\" content=\"904\" \/>\n\t<meta property=\"og:image:height\" content=\"1280\" \/>\n\t<meta property=\"og:image:type\" content=\"image\/jpeg\" \/>\n<meta name=\"author\" content=\"Redacci\u00f3n Madrid\" \/>\n<meta name=\"twitter:card\" content=\"summary_large_image\" \/>\n<meta name=\"twitter:creator\" content=\"@pressenza\" \/>\n<meta name=\"twitter:site\" content=\"@PressenzaIPA\" \/>\n<meta name=\"twitter:label1\" content=\"Escrito por\" \/>\n\t<meta name=\"twitter:data1\" content=\"Redacci\u00f3n Madrid\" \/>\n\t<meta name=\"twitter:label2\" content=\"Tiempo de lectura\" \/>\n\t<meta name=\"twitter:data2\" content=\"2 minutos\" \/>\n<script type=\"application\/ld+json\" class=\"yoast-schema-graph\">{\"@context\":\"https:\/\/schema.org\",\"@graph\":[{\"@type\":\"Article\",\"@id\":\"https:\/\/www.pressenza.com\/es\/2015\/07\/escuela-basica-de-verano-contra-paro-precariedad-y-exclusion-social\/#article\",\"isPartOf\":{\"@id\":\"https:\/\/www.pressenza.com\/es\/2015\/07\/escuela-basica-de-verano-contra-paro-precariedad-y-exclusion-social\/\"},\"author\":{\"name\":\"Redacci\u00f3n Madrid\",\"@id\":\"https:\/\/www.pressenza.com\/es\/#\/schema\/person\/828fc40eeca2ad7be3630e5a46adba94\"},\"headline\":\"Escuela B\u00e1sica de Verano contra paro, precariedad y exclusi\u00f3n social\",\"datePublished\":\"2015-07-28T16:40:29+00:00\",\"dateModified\":\"2015-07-28T16:43:51+00:00\",\"mainEntityOfPage\":{\"@id\":\"https:\/\/www.pressenza.com\/es\/2015\/07\/escuela-basica-de-verano-contra-paro-precariedad-y-exclusion-social\/\"},\"wordCount\":347,\"publisher\":{\"@id\":\"https:\/\/www.pressenza.com\/es\/#organization\"},\"image\":{\"@id\":\"https:\/\/www.pressenza.com\/es\/2015\/07\/escuela-basica-de-verano-contra-paro-precariedad-y-exclusion-social\/#primaryimage\"},\"thumbnailUrl\":\"https:\/\/www.pressenza.com\/wp-content\/uploads\/2015\/07\/escuela-verano-marea-basica.jpg\",\"keywords\":[\"Espa\u00f1a\",\"exclusi\u00f3n social\",\"Marea B\u00e1sica contra el Paro y la Precariedad\",\"paro\",\"precariedad\",\"Renta B\u00e1sica Universal\"],\"articleSection\":[\"Comunicados de Prensa\",\"Contenido Original\",\"Derechos Humanos\",\"Diversidad\",\"Econom\u00eda\",\"Europa\",\"Noviolencia\",\"Pol\u00edtica\",\"Regi\u00f3n\",\"Salud\"],\"inLanguage\":\"es\"},{\"@type\":\"WebPage\",\"@id\":\"https:\/\/www.pressenza.com\/es\/2015\/07\/escuela-basica-de-verano-contra-paro-precariedad-y-exclusion-social\/\",\"url\":\"https:\/\/www.pressenza.com\/es\/2015\/07\/escuela-basica-de-verano-contra-paro-precariedad-y-exclusion-social\/\",\"name\":\"Escuela B\u00e1sica de Verano contra paro, precariedad y exclusi\u00f3n social\",\"isPartOf\":{\"@id\":\"https:\/\/www.pressenza.com\/es\/#website\"},\"primaryImageOfPage\":{\"@id\":\"https:\/\/www.pressenza.com\/es\/2015\/07\/escuela-basica-de-verano-contra-paro-precariedad-y-exclusion-social\/#primaryimage\"},\"image\":{\"@id\":\"https:\/\/www.pressenza.com\/es\/2015\/07\/escuela-basica-de-verano-contra-paro-precariedad-y-exclusion-social\/#primaryimage\"},\"thumbnailUrl\":\"https:\/\/www.pressenza.com\/wp-content\/uploads\/2015\/07\/escuela-verano-marea-basica.jpg\",\"datePublished\":\"2015-07-28T16:40:29+00:00\",\"dateModified\":\"2015-07-28T16:43:51+00:00\",\"description\":\"La Escuela B\u00e1sica de Verano es una iniciativa de formaci\u00f3n, un espacio de conocimiento mutuo, relaci\u00f3n y reflexi\u00f3n orientado a la acci\u00f3n colectiva contra\",\"breadcrumb\":{\"@id\":\"https:\/\/www.pressenza.com\/es\/2015\/07\/escuela-basica-de-verano-contra-paro-precariedad-y-exclusion-social\/#breadcrumb\"},\"inLanguage\":\"es\",\"potentialAction\":[{\"@type\":\"ReadAction\",\"target\":[\"https:\/\/www.pressenza.com\/es\/2015\/07\/escuela-basica-de-verano-contra-paro-precariedad-y-exclusion-social\/\"]}]},{\"@type\":\"ImageObject\",\"inLanguage\":\"es\",\"@id\":\"https:\/\/www.pressenza.com\/es\/2015\/07\/escuela-basica-de-verano-contra-paro-precariedad-y-exclusion-social\/#primaryimage\",\"url\":\"https:\/\/www.pressenza.com\/wp-content\/uploads\/2015\/07\/escuela-verano-marea-basica.jpg\",\"contentUrl\":\"https:\/\/www.pressenza.com\/wp-content\/uploads\/2015\/07\/escuela-verano-marea-basica.jpg\",\"width\":904,\"height\":1280},{\"@type\":\"BreadcrumbList\",\"@id\":\"https:\/\/www.pressenza.com\/es\/2015\/07\/escuela-basica-de-verano-contra-paro-precariedad-y-exclusion-social\/#breadcrumb\",\"itemListElement\":[{\"@type\":\"ListItem\",\"position\":1,\"name\":\"Accueil\",\"item\":\"https:\/\/www.pressenza.com\/es\/\"},{\"@type\":\"ListItem\",\"position\":2,\"name\":\"Escuela B\u00e1sica de Verano contra paro, precariedad y exclusi\u00f3n social\"}]},{\"@type\":\"WebSite\",\"@id\":\"https:\/\/www.pressenza.com\/es\/#website\",\"url\":\"https:\/\/www.pressenza.com\/es\/\",\"name\":\"Pressenza\",\"description\":\"International Press Agency\",\"publisher\":{\"@id\":\"https:\/\/www.pressenza.com\/es\/#organization\"},\"potentialAction\":[{\"@type\":\"SearchAction\",\"target\":{\"@type\":\"EntryPoint\",\"urlTemplate\":\"https:\/\/www.pressenza.com\/es\/?s={search_term_string}\"},\"query-input\":{\"@type\":\"PropertyValueSpecification\",\"valueRequired\":true,\"valueName\":\"search_term_string\"}}],\"inLanguage\":\"es\"},{\"@type\":\"Organization\",\"@id\":\"https:\/\/www.pressenza.com\/es\/#organization\",\"name\":\"Pressenza\",\"url\":\"https:\/\/www.pressenza.com\/es\/\",\"logo\":{\"@type\":\"ImageObject\",\"inLanguage\":\"es\",\"@id\":\"https:\/\/www.pressenza.com\/es\/#\/schema\/logo\/image\/\",\"url\":\"https:\/\/www.pressenza.com\/wp-content\/uploads\/2022\/10\/pressenza_logo_200x200.jpg\",\"contentUrl\":\"https:\/\/www.pressenza.com\/wp-content\/uploads\/2022\/10\/pressenza_logo_200x200.jpg\",\"width\":200,\"height\":200,\"caption\":\"Pressenza\"},\"image\":{\"@id\":\"https:\/\/www.pressenza.com\/es\/#\/schema\/logo\/image\/\"},\"sameAs\":[\"https:\/\/www.facebook.com\/PressenzaItalia\",\"https:\/\/x.com\/PressenzaIPA\"]},{\"@type\":\"Person\",\"@id\":\"https:\/\/www.pressenza.com\/es\/#\/schema\/person\/828fc40eeca2ad7be3630e5a46adba94\",\"name\":\"Redacci\u00f3n Madrid\",\"description\":\"News from the Pressenza Bureau in Madrid, Spain\",\"sameAs\":[\"https:\/\/www.facebook.com\/pressenza\",\"https:\/\/x.com\/pressenza\"],\"url\":\"https:\/\/www.pressenza.com\/es\/author\/redaccion-madrid\/\"}]}<\/script>\n<!-- \/ Yoast SEO plugin. -->","yoast_head_json":{"title":"Escuela B\u00e1sica de Verano contra paro, precariedad y exclusi\u00f3n social","description":"La Escuela B\u00e1sica de Verano es una iniciativa de formaci\u00f3n, un espacio de conocimiento mutuo, relaci\u00f3n y reflexi\u00f3n orientado a la acci\u00f3n colectiva contra","robots":{"index":"index","follow":"follow","max-snippet":"max-snippet:-1","max-image-preview":"max-image-preview:large","max-video-preview":"max-video-preview:-1"},"canonical":"https:\/\/www.pressenza.com\/es\/2015\/07\/escuela-basica-de-verano-contra-paro-precariedad-y-exclusion-social\/","og_locale":"es_ES","og_type":"article","og_title":"Escuela B\u00e1sica de Verano contra paro, precariedad y exclusi\u00f3n social","og_description":"La Escuela B\u00e1sica de Verano es una iniciativa de formaci\u00f3n, un espacio de conocimiento mutuo, relaci\u00f3n y reflexi\u00f3n orientado a la acci\u00f3n colectiva contra","og_url":"https:\/\/www.pressenza.com\/es\/2015\/07\/escuela-basica-de-verano-contra-paro-precariedad-y-exclusion-social\/","og_site_name":"Pressenza","article_publisher":"https:\/\/www.facebook.com\/PressenzaItalia","article_author":"https:\/\/www.facebook.com\/pressenza","article_published_time":"2015-07-28T16:40:29+00:00","article_modified_time":"2015-07-28T16:43:51+00:00","og_image":[{"width":904,"height":1280,"url":"https:\/\/www.pressenza.com\/wp-content\/uploads\/2015\/07\/escuela-verano-marea-basica.jpg","type":"image\/jpeg"}],"author":"Redacci\u00f3n Madrid","twitter_card":"summary_large_image","twitter_creator":"@pressenza","twitter_site":"@PressenzaIPA","twitter_misc":{"Escrito por":"Redacci\u00f3n Madrid","Tiempo de lectura":"2 minutos"},"schema":{"@context":"https:\/\/schema.org","@graph":[{"@type":"Article","@id":"https:\/\/www.pressenza.com\/es\/2015\/07\/escuela-basica-de-verano-contra-paro-precariedad-y-exclusion-social\/#article","isPartOf":{"@id":"https:\/\/www.pressenza.com\/es\/2015\/07\/escuela-basica-de-verano-contra-paro-precariedad-y-exclusion-social\/"},"author":{"name":"Redacci\u00f3n Madrid","@id":"https:\/\/www.pressenza.com\/es\/#\/schema\/person\/828fc40eeca2ad7be3630e5a46adba94"},"headline":"Escuela B\u00e1sica de Verano contra paro, precariedad y exclusi\u00f3n social","datePublished":"2015-07-28T16:40:29+00:00","dateModified":"2015-07-28T16:43:51+00:00","mainEntityOfPage":{"@id":"https:\/\/www.pressenza.com\/es\/2015\/07\/escuela-basica-de-verano-contra-paro-precariedad-y-exclusion-social\/"},"wordCount":347,"publisher":{"@id":"https:\/\/www.pressenza.com\/es\/#organization"},"image":{"@id":"https:\/\/www.pressenza.com\/es\/2015\/07\/escuela-basica-de-verano-contra-paro-precariedad-y-exclusion-social\/#primaryimage"},"thumbnailUrl":"https:\/\/www.pressenza.com\/wp-content\/uploads\/2015\/07\/escuela-verano-marea-basica.jpg","keywords":["Espa\u00f1a","exclusi\u00f3n social","Marea B\u00e1sica contra el Paro y la Precariedad","paro","precariedad","Renta B\u00e1sica Universal"],"articleSection":["Comunicados de Prensa","Contenido Original","Derechos Humanos","Diversidad","Econom\u00eda","Europa","Noviolencia","Pol\u00edtica","Regi\u00f3n","Salud"],"inLanguage":"es"},{"@type":"WebPage","@id":"https:\/\/www.pressenza.com\/es\/2015\/07\/escuela-basica-de-verano-contra-paro-precariedad-y-exclusion-social\/","url":"https:\/\/www.pressenza.com\/es\/2015\/07\/escuela-basica-de-verano-contra-paro-precariedad-y-exclusion-social\/","name":"Escuela B\u00e1sica de Verano contra paro, precariedad y exclusi\u00f3n social","isPartOf":{"@id":"https:\/\/www.pressenza.com\/es\/#website"},"primaryImageOfPage":{"@id":"https:\/\/www.pressenza.com\/es\/2015\/07\/escuela-basica-de-verano-contra-paro-precariedad-y-exclusion-social\/#primaryimage"},"image":{"@id":"https:\/\/www.pressenza.com\/es\/2015\/07\/escuela-basica-de-verano-contra-paro-precariedad-y-exclusion-social\/#primaryimage"},"thumbnailUrl":"https:\/\/www.pressenza.com\/wp-content\/uploads\/2015\/07\/escuela-verano-marea-basica.jpg","datePublished":"2015-07-28T16:40:29+00:00","dateModified":"2015-07-28T16:43:51+00:00","description":"La Escuela B\u00e1sica de Verano es una iniciativa de formaci\u00f3n, un espacio de conocimiento mutuo, relaci\u00f3n y reflexi\u00f3n orientado a la acci\u00f3n colectiva contra","breadcrumb":{"@id":"https:\/\/www.pressenza.com\/es\/2015\/07\/escuela-basica-de-verano-contra-paro-precariedad-y-exclusion-social\/#breadcrumb"},"inLanguage":"es","potentialAction":[{"@type":"ReadAction","target":["https:\/\/www.pressenza.com\/es\/2015\/07\/escuela-basica-de-verano-contra-paro-precariedad-y-exclusion-social\/"]}]},{"@type":"ImageObject","inLanguage":"es","@id":"https:\/\/www.pressenza.com\/es\/2015\/07\/escuela-basica-de-verano-contra-paro-precariedad-y-exclusion-social\/#primaryimage","url":"https:\/\/www.pressenza.com\/wp-content\/uploads\/2015\/07\/escuela-verano-marea-basica.jpg","contentUrl":"https:\/\/www.pressenza.com\/wp-content\/uploads\/2015\/07\/escuela-verano-marea-basica.jpg","width":904,"height":1280},{"@type":"BreadcrumbList","@id":"https:\/\/www.pressenza.com\/es\/2015\/07\/escuela-basica-de-verano-contra-paro-precariedad-y-exclusion-social\/#breadcrumb","itemListElement":[{"@type":"ListItem","position":1,"name":"Accueil","item":"https:\/\/www.pressenza.com\/es\/"},{"@type":"ListItem","position":2,"name":"Escuela B\u00e1sica de Verano contra paro, precariedad y exclusi\u00f3n social"}]},{"@type":"WebSite","@id":"https:\/\/www.pressenza.com\/es\/#website","url":"https:\/\/www.pressenza.com\/es\/","name":"Pressenza","description":"International Press Agency","publisher":{"@id":"https:\/\/www.pressenza.com\/es\/#organization"},"potentialAction":[{"@type":"SearchAction","target":{"@type":"EntryPoint","urlTemplate":"https:\/\/www.pressenza.com\/es\/?s={search_term_string}"},"query-input":{"@type":"PropertyValueSpecification","valueRequired":true,"valueName":"search_term_string"}}],"inLanguage":"es"},{"@type":"Organization","@id":"https:\/\/www.pressenza.com\/es\/#organization","name":"Pressenza","url":"https:\/\/www.pressenza.com\/es\/","logo":{"@type":"ImageObject","inLanguage":"es","@id":"https:\/\/www.pressenza.com\/es\/#\/schema\/logo\/image\/","url":"https:\/\/www.pressenza.com\/wp-content\/uploads\/2022\/10\/pressenza_logo_200x200.jpg","contentUrl":"https:\/\/www.pressenza.com\/wp-content\/uploads\/2022\/10\/pressenza_logo_200x200.jpg","width":200,"height":200,"caption":"Pressenza"},"image":{"@id":"https:\/\/www.pressenza.com\/es\/#\/schema\/logo\/image\/"},"sameAs":["https:\/\/www.facebook.com\/PressenzaItalia","https:\/\/x.com\/PressenzaIPA"]},{"@type":"Person","@id":"https:\/\/www.pressenza.com\/es\/#\/schema\/person\/828fc40eeca2ad7be3630e5a46adba94","name":"Redacci\u00f3n Madrid","description":"News from the Pressenza Bureau in Madrid, Spain","sameAs":["https:\/\/www.facebook.com\/pressenza","https:\/\/x.com\/pressenza"],"url":"https:\/\/www.pressenza.com\/es\/author\/redaccion-madrid\/"}]}},"place":"","original_article_url":"","_links":{"self":[{"href":"https:\/\/www.pressenza.com\/es\/wp-json\/wp\/v2\/posts\/206176","targetHints":{"allow":["GET"]}}],"collection":[{"href":"https:\/\/www.pressenza.com\/es\/wp-json\/wp\/v2\/posts"}],"about":[{"href":"https:\/\/www.pressenza.com\/es\/wp-json\/wp\/v2\/types\/post"}],"author":[{"embeddable":true,"href":"https:\/\/www.pressenza.com\/es\/wp-json\/wp\/v2\/users\/94"}],"replies":[{"embeddable":true,"href":"https:\/\/www.pressenza.com\/es\/wp-json\/wp\/v2\/comments?post=206176"}],"version-history":[{"count":0,"href":"https:\/\/www.pressenza.com\/es\/wp-json\/wp\/v2\/posts\/206176\/revisions"}],"wp:featuredmedia":[{"embeddable":true,"href":"https:\/\/www.pressenza.com\/es\/wp-json\/wp\/v2\/media\/206178"}],"wp:attachment":[{"href":"https:\/\/www.pressenza.com\/es\/wp-json\/wp\/v2\/media?parent=206176"}],"wp:term":[{"taxonomy":"category","embeddable":true,"href":"https:\/\/www.pressenza.com\/es\/wp-json\/wp\/v2\/categories?post=206176"},{"taxonomy":"post_tag","embeddable":true,"href":"https:\/\/www.pressenza.com\/es\/wp-json\/wp\/v2\/tags?post=206176"}],"curies":[{"name":"wp","href":"https:\/\/api.w.org\/{rel}","templated":true}]}}