{"id":205908,"date":"2015-07-28T01:05:54","date_gmt":"2015-07-28T00:05:54","guid":{"rendered":"http:\/\/www.pressenza.com\/?p=205908"},"modified":"2017-11-21T18:40:03","modified_gmt":"2017-11-21T18:40:03","slug":"bachelet-pide-romper-el-silencio-sobre-violaciones-a-ddhh","status":"publish","type":"post","link":"https:\/\/www.pressenza.com\/es\/2015\/07\/bachelet-pide-romper-el-silencio-sobre-violaciones-a-ddhh\/","title":{"rendered":"Bachelet pide romper el silencio sobre violaciones a DDHH"},"content":{"rendered":"<p style=\"text-align: justify;\">\u201cBasta ya de silencio\u201d, dijo la presidenta chilena, instando a civiles y militares a revelar informaci\u00f3n sobre los abusos cometidos en dictadura.<\/p>\n<p style=\"text-align: justify;\">La presidenta de Chile, Michelle Bachelet, inst\u00f3 este lunes (27.07.2015) a civiles y militares que manejen informaci\u00f3n sobre casos de violaciones a los derechos humanos ocurridos en la dictadura de Augusto Pinochet, que rompan los pactos de silencio y ayuden a resolver casos que siguen conmocionando al pa\u00eds. Cit\u00f3 como ejemplo al \u201ccaso quemados\u201d, donde el recluta Fernando Guzm\u00e1n revel\u00f3 c\u00f3mo ocurri\u00f3 el ataque contra dos j\u00f3venes en 1986, que termin\u00f3 con la muerte de uno de ellos y dej\u00f3 gravemente herida a Carmen Gloria Quintana.<\/p>\n<p>En un acto realizado en el Palacio de la Moneda, Bachelet se\u00f1al\u00f3 que \u201chay personas que saben la verdad de muchos casos que permanecen sin resolver y Chile les pide que sigan el ejemplo del conscripto Guzm\u00e1n y ayuden a reparar tanto dolor\u201d. La mandataria agreg\u00f3 que \u201ces necesario que quienes tuvieran informaci\u00f3n sobre violaciones a los derechos humanos, civiles o militares, la entregaran antes de que sea demasiado tarde. Hoy quiero reiterar ese llamado a quienes tengan informaci\u00f3n, porque basta de silencio\u201d.<\/p>\n<p style=\"text-align: justify;\">Las palabras de la mandataria se conocen tras <a href=\"http:\/\/dw.com\/p\/1G4S7\">la reapertura del \u201ccaso quemados\u201d<\/a>, donde este lunes se dej\u00f3 en prisi\u00f3n preventiva a otros cinco militares, y el mismo d\u00eda en que el magistrado Miguel V\u00e1zquez dict\u00f3 una sentencia de ocho a\u00f1os de c\u00e1rcel contra el jefe de la Direcci\u00f3n de Inteligencia Nacional (DINA), Manuel Contreras, misma condena que recibieron el brigadier (r) Miguel Krassnoff Martchenko y el coronel (r) Marcelo Moren Brito por el secuestro y desaparici\u00f3n del dirigente izquierdista Germ\u00e1n Rodolfo Moreno.<\/p>\n<p><b>Justicia y reparaci\u00f3n<\/b><\/p>\n<p>La semana pasada, la justicia chilena detuvo a siete militares retirados por su posible participaci\u00f3n en el ataque contra Quintana y el fot\u00f3grafo Rodrigo Rojas. La detenci\u00f3n y posterior interrogatorio de antiguos oficiales y suboficiales del Ej\u00e9rcito se produjeron luego de un cambio en el testimonio del exrecluta Fernando Guzm\u00e1n, quien revel\u00f3 un acuerdo entre funcionarios de la instituci\u00f3n para encubrir el caso.<\/p>\n<p>Bachelet, quien fue torturada bajo el r\u00e9gimen militar y debi\u00f3 exiliarse durante varios a\u00f1os, dijo que la declaraci\u00f3n de Guzm\u00e1n ayuda a cicatrizar las heridas del pasado. \u201cEs sano para Chile que avancemos no s\u00f3lo en conocer lo que ocurri\u00f3, sino que avancemos tambi\u00e9n en justicia y, por supuesto, en reparaci\u00f3n a las v\u00edctimas y familiares\u201d, se\u00f1al\u00f3 la jefa de Estado. Durante la dictadura de Pinochet (1973-1990) m\u00e1s de 3.000 personas murieron o desaparecieron a manos de agentes de la dictadura, mientras otras 28.000 personas sufrieron torturas.<\/p>\n<p>DZC (EFE, dpa, Reuters)<\/p>\n","protected":false},"excerpt":{"rendered":"<p>\u201cBasta ya de silencio\u201d, dijo la presidenta chilena, instando a civiles y militares a revelar informaci\u00f3n sobre los abusos cometidos en dictadura. La presidenta de Chile, Michelle Bachelet, inst\u00f3 este lunes (27.07.2015) a civiles y militares que manejen informaci\u00f3n sobre&hellip;<\/p>\n","protected":false},"author":993,"featured_media":205909,"comment_status":"closed","ping_status":"open","sticky":false,"template":"","format":"standard","meta":{"footnotes":""},"categories":[79,67],"tags":[29,8242],"class_list":["post-205908","post","type-post","status-publish","format-standard","has-post-thumbnail","hentry","category-derechos-humanos","category-sudamerica","tag-chile","tag-michelle-bachelet-es"],"yoast_head":"<!-- This site is optimized with the Yoast SEO plugin v27.1.1 - https:\/\/yoast.com\/product\/yoast-seo-wordpress\/ -->\n<title>Bachelet pide romper el silencio sobre violaciones a DDHH<\/title>\n<meta name=\"description\" content=\"\u201cBasta ya de silencio\u201d, dijo la presidenta chilena, instando a civiles y militares a revelar informaci\u00f3n sobre los abusos cometidos en dictadura. La\" \/>\n<meta name=\"robots\" content=\"index, follow, max-snippet:-1, max-image-preview:large, max-video-preview:-1\" \/>\n<link rel=\"canonical\" href=\"https:\/\/www.pressenza.com\/es\/2015\/07\/bachelet-pide-romper-el-silencio-sobre-violaciones-a-ddhh\/\" \/>\n<meta property=\"og:locale\" content=\"es_ES\" \/>\n<meta property=\"og:type\" content=\"article\" \/>\n<meta property=\"og:title\" content=\"Bachelet pide romper el silencio sobre violaciones a DDHH\" \/>\n<meta property=\"og:description\" content=\"\u201cBasta ya de silencio\u201d, dijo la presidenta chilena, instando a civiles y militares a revelar informaci\u00f3n sobre los abusos cometidos en dictadura. La\" \/>\n<meta property=\"og:url\" content=\"https:\/\/www.pressenza.com\/es\/2015\/07\/bachelet-pide-romper-el-silencio-sobre-violaciones-a-ddhh\/\" \/>\n<meta property=\"og:site_name\" content=\"Pressenza\" \/>\n<meta property=\"article:publisher\" content=\"https:\/\/www.facebook.com\/PressenzaItalia\" \/>\n<meta property=\"article:published_time\" content=\"2015-07-28T00:05:54+00:00\" \/>\n<meta property=\"article:modified_time\" content=\"2017-11-21T18:40:03+00:00\" \/>\n<meta property=\"og:image\" content=\"https:\/\/www.pressenza.com\/wp-content\/uploads\/2015\/07\/018610816_30300.jpg\" \/>\n\t<meta property=\"og:image:width\" content=\"700\" \/>\n\t<meta property=\"og:image:height\" content=\"394\" \/>\n\t<meta property=\"og:image:type\" content=\"image\/jpeg\" \/>\n<meta name=\"author\" content=\"Deutsche Welle\" \/>\n<meta name=\"twitter:card\" content=\"summary_large_image\" \/>\n<meta name=\"twitter:creator\" content=\"@PressenzaIPA\" \/>\n<meta name=\"twitter:site\" content=\"@PressenzaIPA\" \/>\n<meta name=\"twitter:label1\" content=\"Escrito por\" \/>\n\t<meta name=\"twitter:data1\" content=\"Deutsche Welle\" \/>\n\t<meta name=\"twitter:label2\" content=\"Tiempo de lectura\" \/>\n\t<meta name=\"twitter:data2\" content=\"2 minutos\" \/>\n<script type=\"application\/ld+json\" class=\"yoast-schema-graph\">{\"@context\":\"https:\/\/schema.org\",\"@graph\":[{\"@type\":\"Article\",\"@id\":\"https:\/\/www.pressenza.com\/es\/2015\/07\/bachelet-pide-romper-el-silencio-sobre-violaciones-a-ddhh\/#article\",\"isPartOf\":{\"@id\":\"https:\/\/www.pressenza.com\/es\/2015\/07\/bachelet-pide-romper-el-silencio-sobre-violaciones-a-ddhh\/\"},\"author\":{\"name\":\"Deutsche Welle\",\"@id\":\"https:\/\/www.pressenza.com\/es\/#\/schema\/person\/b7c775911f2c9a1b8c7225b94e2e9f37\"},\"headline\":\"Bachelet pide romper el silencio sobre violaciones a DDHH\",\"datePublished\":\"2015-07-28T00:05:54+00:00\",\"dateModified\":\"2017-11-21T18:40:03+00:00\",\"mainEntityOfPage\":{\"@id\":\"https:\/\/www.pressenza.com\/es\/2015\/07\/bachelet-pide-romper-el-silencio-sobre-violaciones-a-ddhh\/\"},\"wordCount\":471,\"publisher\":{\"@id\":\"https:\/\/www.pressenza.com\/es\/#organization\"},\"image\":{\"@id\":\"https:\/\/www.pressenza.com\/es\/2015\/07\/bachelet-pide-romper-el-silencio-sobre-violaciones-a-ddhh\/#primaryimage\"},\"thumbnailUrl\":\"https:\/\/www.pressenza.com\/wp-content\/uploads\/2015\/07\/018610816_30300.jpg\",\"keywords\":[\"Chile\",\"Michelle Bachelet\"],\"articleSection\":[\"Derechos Humanos\",\"Sudam\u00e9rica\"],\"inLanguage\":\"es\"},{\"@type\":\"WebPage\",\"@id\":\"https:\/\/www.pressenza.com\/es\/2015\/07\/bachelet-pide-romper-el-silencio-sobre-violaciones-a-ddhh\/\",\"url\":\"https:\/\/www.pressenza.com\/es\/2015\/07\/bachelet-pide-romper-el-silencio-sobre-violaciones-a-ddhh\/\",\"name\":\"Bachelet pide romper el silencio sobre violaciones a DDHH\",\"isPartOf\":{\"@id\":\"https:\/\/www.pressenza.com\/es\/#website\"},\"primaryImageOfPage\":{\"@id\":\"https:\/\/www.pressenza.com\/es\/2015\/07\/bachelet-pide-romper-el-silencio-sobre-violaciones-a-ddhh\/#primaryimage\"},\"image\":{\"@id\":\"https:\/\/www.pressenza.com\/es\/2015\/07\/bachelet-pide-romper-el-silencio-sobre-violaciones-a-ddhh\/#primaryimage\"},\"thumbnailUrl\":\"https:\/\/www.pressenza.com\/wp-content\/uploads\/2015\/07\/018610816_30300.jpg\",\"datePublished\":\"2015-07-28T00:05:54+00:00\",\"dateModified\":\"2017-11-21T18:40:03+00:00\",\"description\":\"\u201cBasta ya de silencio\u201d, dijo la presidenta chilena, instando a civiles y militares a revelar informaci\u00f3n sobre los abusos cometidos en dictadura. La\",\"breadcrumb\":{\"@id\":\"https:\/\/www.pressenza.com\/es\/2015\/07\/bachelet-pide-romper-el-silencio-sobre-violaciones-a-ddhh\/#breadcrumb\"},\"inLanguage\":\"es\",\"potentialAction\":[{\"@type\":\"ReadAction\",\"target\":[\"https:\/\/www.pressenza.com\/es\/2015\/07\/bachelet-pide-romper-el-silencio-sobre-violaciones-a-ddhh\/\"]}]},{\"@type\":\"ImageObject\",\"inLanguage\":\"es\",\"@id\":\"https:\/\/www.pressenza.com\/es\/2015\/07\/bachelet-pide-romper-el-silencio-sobre-violaciones-a-ddhh\/#primaryimage\",\"url\":\"https:\/\/www.pressenza.com\/wp-content\/uploads\/2015\/07\/018610816_30300.jpg\",\"contentUrl\":\"https:\/\/www.pressenza.com\/wp-content\/uploads\/2015\/07\/018610816_30300.jpg\",\"width\":700,\"height\":394},{\"@type\":\"BreadcrumbList\",\"@id\":\"https:\/\/www.pressenza.com\/es\/2015\/07\/bachelet-pide-romper-el-silencio-sobre-violaciones-a-ddhh\/#breadcrumb\",\"itemListElement\":[{\"@type\":\"ListItem\",\"position\":1,\"name\":\"Accueil\",\"item\":\"https:\/\/www.pressenza.com\/es\/\"},{\"@type\":\"ListItem\",\"position\":2,\"name\":\"Bachelet pide romper el silencio sobre violaciones a DDHH\"}]},{\"@type\":\"WebSite\",\"@id\":\"https:\/\/www.pressenza.com\/es\/#website\",\"url\":\"https:\/\/www.pressenza.com\/es\/\",\"name\":\"Pressenza\",\"description\":\"International Press Agency\",\"publisher\":{\"@id\":\"https:\/\/www.pressenza.com\/es\/#organization\"},\"potentialAction\":[{\"@type\":\"SearchAction\",\"target\":{\"@type\":\"EntryPoint\",\"urlTemplate\":\"https:\/\/www.pressenza.com\/es\/?s={search_term_string}\"},\"query-input\":{\"@type\":\"PropertyValueSpecification\",\"valueRequired\":true,\"valueName\":\"search_term_string\"}}],\"inLanguage\":\"es\"},{\"@type\":\"Organization\",\"@id\":\"https:\/\/www.pressenza.com\/es\/#organization\",\"name\":\"Pressenza\",\"url\":\"https:\/\/www.pressenza.com\/es\/\",\"logo\":{\"@type\":\"ImageObject\",\"inLanguage\":\"es\",\"@id\":\"https:\/\/www.pressenza.com\/es\/#\/schema\/logo\/image\/\",\"url\":\"https:\/\/www.pressenza.com\/wp-content\/uploads\/2022\/10\/pressenza_logo_200x200.jpg\",\"contentUrl\":\"https:\/\/www.pressenza.com\/wp-content\/uploads\/2022\/10\/pressenza_logo_200x200.jpg\",\"width\":200,\"height\":200,\"caption\":\"Pressenza\"},\"image\":{\"@id\":\"https:\/\/www.pressenza.com\/es\/#\/schema\/logo\/image\/\"},\"sameAs\":[\"https:\/\/www.facebook.com\/PressenzaItalia\",\"https:\/\/x.com\/PressenzaIPA\"]},{\"@type\":\"Person\",\"@id\":\"https:\/\/www.pressenza.com\/es\/#\/schema\/person\/b7c775911f2c9a1b8c7225b94e2e9f37\",\"name\":\"Deutsche Welle\",\"description\":\"Articles and photographs by Deutsche Welle on Pressenza do not fall under the Creative Commons licence and are not reproducible in any way. www.dw.com\",\"sameAs\":[\"http:\/\/www.dw.com\"],\"url\":\"https:\/\/www.pressenza.com\/es\/author\/deutsche-welle\/\"}]}<\/script>\n<!-- \/ Yoast SEO plugin. -->","yoast_head_json":{"title":"Bachelet pide romper el silencio sobre violaciones a DDHH","description":"\u201cBasta ya de silencio\u201d, dijo la presidenta chilena, instando a civiles y militares a revelar informaci\u00f3n sobre los abusos cometidos en dictadura. La","robots":{"index":"index","follow":"follow","max-snippet":"max-snippet:-1","max-image-preview":"max-image-preview:large","max-video-preview":"max-video-preview:-1"},"canonical":"https:\/\/www.pressenza.com\/es\/2015\/07\/bachelet-pide-romper-el-silencio-sobre-violaciones-a-ddhh\/","og_locale":"es_ES","og_type":"article","og_title":"Bachelet pide romper el silencio sobre violaciones a DDHH","og_description":"\u201cBasta ya de silencio\u201d, dijo la presidenta chilena, instando a civiles y militares a revelar informaci\u00f3n sobre los abusos cometidos en dictadura. La","og_url":"https:\/\/www.pressenza.com\/es\/2015\/07\/bachelet-pide-romper-el-silencio-sobre-violaciones-a-ddhh\/","og_site_name":"Pressenza","article_publisher":"https:\/\/www.facebook.com\/PressenzaItalia","article_published_time":"2015-07-28T00:05:54+00:00","article_modified_time":"2017-11-21T18:40:03+00:00","og_image":[{"width":700,"height":394,"url":"https:\/\/www.pressenza.com\/wp-content\/uploads\/2015\/07\/018610816_30300.jpg","type":"image\/jpeg"}],"author":"Deutsche Welle","twitter_card":"summary_large_image","twitter_creator":"@PressenzaIPA","twitter_site":"@PressenzaIPA","twitter_misc":{"Escrito por":"Deutsche Welle","Tiempo de lectura":"2 minutos"},"schema":{"@context":"https:\/\/schema.org","@graph":[{"@type":"Article","@id":"https:\/\/www.pressenza.com\/es\/2015\/07\/bachelet-pide-romper-el-silencio-sobre-violaciones-a-ddhh\/#article","isPartOf":{"@id":"https:\/\/www.pressenza.com\/es\/2015\/07\/bachelet-pide-romper-el-silencio-sobre-violaciones-a-ddhh\/"},"author":{"name":"Deutsche Welle","@id":"https:\/\/www.pressenza.com\/es\/#\/schema\/person\/b7c775911f2c9a1b8c7225b94e2e9f37"},"headline":"Bachelet pide romper el silencio sobre violaciones a DDHH","datePublished":"2015-07-28T00:05:54+00:00","dateModified":"2017-11-21T18:40:03+00:00","mainEntityOfPage":{"@id":"https:\/\/www.pressenza.com\/es\/2015\/07\/bachelet-pide-romper-el-silencio-sobre-violaciones-a-ddhh\/"},"wordCount":471,"publisher":{"@id":"https:\/\/www.pressenza.com\/es\/#organization"},"image":{"@id":"https:\/\/www.pressenza.com\/es\/2015\/07\/bachelet-pide-romper-el-silencio-sobre-violaciones-a-ddhh\/#primaryimage"},"thumbnailUrl":"https:\/\/www.pressenza.com\/wp-content\/uploads\/2015\/07\/018610816_30300.jpg","keywords":["Chile","Michelle Bachelet"],"articleSection":["Derechos Humanos","Sudam\u00e9rica"],"inLanguage":"es"},{"@type":"WebPage","@id":"https:\/\/www.pressenza.com\/es\/2015\/07\/bachelet-pide-romper-el-silencio-sobre-violaciones-a-ddhh\/","url":"https:\/\/www.pressenza.com\/es\/2015\/07\/bachelet-pide-romper-el-silencio-sobre-violaciones-a-ddhh\/","name":"Bachelet pide romper el silencio sobre violaciones a DDHH","isPartOf":{"@id":"https:\/\/www.pressenza.com\/es\/#website"},"primaryImageOfPage":{"@id":"https:\/\/www.pressenza.com\/es\/2015\/07\/bachelet-pide-romper-el-silencio-sobre-violaciones-a-ddhh\/#primaryimage"},"image":{"@id":"https:\/\/www.pressenza.com\/es\/2015\/07\/bachelet-pide-romper-el-silencio-sobre-violaciones-a-ddhh\/#primaryimage"},"thumbnailUrl":"https:\/\/www.pressenza.com\/wp-content\/uploads\/2015\/07\/018610816_30300.jpg","datePublished":"2015-07-28T00:05:54+00:00","dateModified":"2017-11-21T18:40:03+00:00","description":"\u201cBasta ya de silencio\u201d, dijo la presidenta chilena, instando a civiles y militares a revelar informaci\u00f3n sobre los abusos cometidos en dictadura. La","breadcrumb":{"@id":"https:\/\/www.pressenza.com\/es\/2015\/07\/bachelet-pide-romper-el-silencio-sobre-violaciones-a-ddhh\/#breadcrumb"},"inLanguage":"es","potentialAction":[{"@type":"ReadAction","target":["https:\/\/www.pressenza.com\/es\/2015\/07\/bachelet-pide-romper-el-silencio-sobre-violaciones-a-ddhh\/"]}]},{"@type":"ImageObject","inLanguage":"es","@id":"https:\/\/www.pressenza.com\/es\/2015\/07\/bachelet-pide-romper-el-silencio-sobre-violaciones-a-ddhh\/#primaryimage","url":"https:\/\/www.pressenza.com\/wp-content\/uploads\/2015\/07\/018610816_30300.jpg","contentUrl":"https:\/\/www.pressenza.com\/wp-content\/uploads\/2015\/07\/018610816_30300.jpg","width":700,"height":394},{"@type":"BreadcrumbList","@id":"https:\/\/www.pressenza.com\/es\/2015\/07\/bachelet-pide-romper-el-silencio-sobre-violaciones-a-ddhh\/#breadcrumb","itemListElement":[{"@type":"ListItem","position":1,"name":"Accueil","item":"https:\/\/www.pressenza.com\/es\/"},{"@type":"ListItem","position":2,"name":"Bachelet pide romper el silencio sobre violaciones a DDHH"}]},{"@type":"WebSite","@id":"https:\/\/www.pressenza.com\/es\/#website","url":"https:\/\/www.pressenza.com\/es\/","name":"Pressenza","description":"International Press Agency","publisher":{"@id":"https:\/\/www.pressenza.com\/es\/#organization"},"potentialAction":[{"@type":"SearchAction","target":{"@type":"EntryPoint","urlTemplate":"https:\/\/www.pressenza.com\/es\/?s={search_term_string}"},"query-input":{"@type":"PropertyValueSpecification","valueRequired":true,"valueName":"search_term_string"}}],"inLanguage":"es"},{"@type":"Organization","@id":"https:\/\/www.pressenza.com\/es\/#organization","name":"Pressenza","url":"https:\/\/www.pressenza.com\/es\/","logo":{"@type":"ImageObject","inLanguage":"es","@id":"https:\/\/www.pressenza.com\/es\/#\/schema\/logo\/image\/","url":"https:\/\/www.pressenza.com\/wp-content\/uploads\/2022\/10\/pressenza_logo_200x200.jpg","contentUrl":"https:\/\/www.pressenza.com\/wp-content\/uploads\/2022\/10\/pressenza_logo_200x200.jpg","width":200,"height":200,"caption":"Pressenza"},"image":{"@id":"https:\/\/www.pressenza.com\/es\/#\/schema\/logo\/image\/"},"sameAs":["https:\/\/www.facebook.com\/PressenzaItalia","https:\/\/x.com\/PressenzaIPA"]},{"@type":"Person","@id":"https:\/\/www.pressenza.com\/es\/#\/schema\/person\/b7c775911f2c9a1b8c7225b94e2e9f37","name":"Deutsche Welle","description":"Articles and photographs by Deutsche Welle on Pressenza do not fall under the Creative Commons licence and are not reproducible in any way. www.dw.com","sameAs":["http:\/\/www.dw.com"],"url":"https:\/\/www.pressenza.com\/es\/author\/deutsche-welle\/"}]}},"place":"Santiago de Chile","original_article_url":"","_links":{"self":[{"href":"https:\/\/www.pressenza.com\/es\/wp-json\/wp\/v2\/posts\/205908","targetHints":{"allow":["GET"]}}],"collection":[{"href":"https:\/\/www.pressenza.com\/es\/wp-json\/wp\/v2\/posts"}],"about":[{"href":"https:\/\/www.pressenza.com\/es\/wp-json\/wp\/v2\/types\/post"}],"author":[{"embeddable":true,"href":"https:\/\/www.pressenza.com\/es\/wp-json\/wp\/v2\/users\/993"}],"replies":[{"embeddable":true,"href":"https:\/\/www.pressenza.com\/es\/wp-json\/wp\/v2\/comments?post=205908"}],"version-history":[{"count":0,"href":"https:\/\/www.pressenza.com\/es\/wp-json\/wp\/v2\/posts\/205908\/revisions"}],"wp:featuredmedia":[{"embeddable":true,"href":"https:\/\/www.pressenza.com\/es\/wp-json\/wp\/v2\/media\/205909"}],"wp:attachment":[{"href":"https:\/\/www.pressenza.com\/es\/wp-json\/wp\/v2\/media?parent=205908"}],"wp:term":[{"taxonomy":"category","embeddable":true,"href":"https:\/\/www.pressenza.com\/es\/wp-json\/wp\/v2\/categories?post=205908"},{"taxonomy":"post_tag","embeddable":true,"href":"https:\/\/www.pressenza.com\/es\/wp-json\/wp\/v2\/tags?post=205908"}],"curies":[{"name":"wp","href":"https:\/\/api.w.org\/{rel}","templated":true}]}}