{"id":205319,"date":"2015-07-24T18:55:23","date_gmt":"2015-07-24T17:55:23","guid":{"rendered":"http:\/\/www.pressenza.com\/?p=205319"},"modified":"2015-07-24T18:55:23","modified_gmt":"2015-07-24T17:55:23","slug":"a-39-anos-de-la-noche-del-apagon-reclaman-por-juicio-a-blaquier","status":"publish","type":"post","link":"https:\/\/www.pressenza.com\/es\/2015\/07\/a-39-anos-de-la-noche-del-apagon-reclaman-por-juicio-a-blaquier\/","title":{"rendered":"A 39 a\u00f1os de la Noche del Apag\u00f3n: reclaman por juicio a Blaquier"},"content":{"rendered":"<div class=\"interna-top2\">\n<p class=\"interna-top-bajada\"><strong>Agrupaciones de derechos humanos, sociales y pol\u00edticas, marchar\u00e1n esta tarde y pedir\u00e1n una vez m\u00e1s justicia por las v\u00edctimas.Uno de los reclamos es que se juzgue la complicidad de Carlos Blaquier por el secuestro de 29 personas.<\/strong><\/p>\n<div class=\"interna-top-bottom\">\n<div class=\"interna-top-foto3\">\n<div class=\"bx-wrapper\">\n<div class=\"bx-controls\">\u00a0ANTECEDENTES<\/div>\n<\/div>\n<\/div>\n<\/div>\n<\/div>\n<div class=\"interna-texto\">\n<div class=\"interna-top-mapa-bis\">\n<ul id=\"listas\">\n<li><a href=\"http:\/\/www.infojusnoticias.gov.ar\/nacionales\/noche-del-apagon-blaquier-otra-vez-complicado-4225.html\">\u00abNoche del Apag\u00f3n\u00bb: Blaquier otra vez complicado<\/a><\/li>\n<li><a href=\"http:\/\/www.infojusnoticias.gov.ar\/nacionales\/blaquier-la-querella-le-reclamo-a-la-corte-que-intervenga-en-la-causa-8755.html\">Blaquier: la querella le reclam\u00f3 a la Corte que intervenga en la&#8230;<\/a><\/li>\n<li><a href=\"http:\/\/www.infojusnoticias.gov.ar\/nacionales\/el-fiscal-de-luca-pidio-a-la-corte-que-revise-fallos-que-favorecen-a-blaquier-8735.html\">El fiscal De Luca pidi\u00f3 a la Corte que revise fallos que favorecen a&#8230;<\/a><\/li>\n<\/ul>\n<\/div>\n<p>La Noche del Apag\u00f3n fue un operativo en el que se secuestr\u00f3 a unas 400 personas -al menos 33 siguen desaparecidas- en las localidades juje\u00f1as de Libertador, Calilegua y El Talar, donde tiene su ingenio y las mayores fincas ca\u00f1eras el grupo Ledesma, propiedad de Carlos Blaquier.\u00a0Hoy, a 39 a\u00f1os de ese d\u00eda, distintas agrupaciones de derechos humanos, sociales y pol\u00edticas, piden justicia por las v\u00edctimas.<\/p>\n<p>Uno de los reclamos constantes de las marchas es que se juzgue la complicidad de Blaquier para detener a las personas durante la \u201cNoche del Apag\u00f3n\u201d, que lleva ese nombre porque para dificultar la movilidad de las personas perseguidas se hicieron apagones de electricidad entre el 20 y el 27 de julio de 1976.<\/p>\n<p>Rita Cordero de Garnica lleva la mitad de su vida dedicada a \u00abque se haga justicia\u00bb y que Blaquier responda por la desaparici\u00f3n de dos de sus hijos y unos 400 secuestros m\u00e1s.\u00bbYo lo que quiero es que lo traigan (a juicio) tambi\u00e9n a Blaquier, porque \u00e9l fue el promotor de tantas cosas que pasaron\u00bb, dijo Rita, de 83 a\u00f1os y una de las primeras Madres de Libertador y Calilegua, en una entrevista con T\u00e9lam.<\/p>\n<p>Los testimonios coinciden en que al principio se cre\u00eda que los apagones eran por reparaciones o desperfectos, pero en la oscuridad se escuchaban los gritos de las racias y cuando volv\u00eda el d\u00eda se hac\u00eda evidente que, en estos peque\u00f1os pueblos, algunas personas hab\u00edan desaparecido junto a la oscuridad.<\/p>\n<p>Esta semana Rita lleg\u00f3 a Buenos Aires junto a familiares de otros dos hermanos desaparecidos en los &#8217;70, cuando trabajaban en el Ingenio Ledesma, para reclamarle al presidente de la Corte Suprema, Ricardo Lorenzetti, que la causa Blaquier vaya a juicio.<\/p>\n<p><strong>Los actos a 39 a\u00f1os del apag\u00f3n<\/strong><\/p>\n<p>Los actos empezaron a las 9 en la Escuela Normal de Libertador, donde se record\u00f3 a los alumnos desaparecidos. A las 15 una marcha partir\u00e1 desde Calilegua hacia Libertador, con la participaci\u00f3n de integrantes el Centro de Acci\u00f3n Popular Olga M\u00e1rquez de Agredes, junto a diversos colectivos de derechos humanos, la red de organizaciones sociales y agrupaciones pol\u00edticas de Jujuy.<\/p>\n<p>A su paso por el Monolito a la Memoria, los manifestantes har\u00e1n un alto para recordar a las v\u00edctimas de la \u00faltima dictadura c\u00edvico-militar en la plaza de Libertador San Mart\u00edn, y despu\u00e9s cerrar\u00e1n la actividad con un festival solidario por la Memoria en esa localidad.<\/p>\n<p><strong>La complicidad civil y el proceso judicial<\/strong><\/p>\n<p>El 28 de julio de 1974, Blaquier denunci\u00f3 \u00abuna escalada izquierdista en la zona\u00bb, como llam\u00f3 a las demandas obreras, y pidi\u00f3 al gobierno nacional que les pusiera fin. Un mes m\u00e1s tarde -el 28 de agosto- fue detenido Guillermo D\u00edaz, que pas\u00f3 a ser uno de los primeros desaparecidos juje\u00f1os despu\u00e9s de estar encarcelado en el penal de Gorriti. Ese mismo d\u00eda de 1974 fue detenido Garnica y la embestida represiva descabez\u00f3 al sindicalismo combativo de los obreros del ingenio y los ca\u00f1averales de los Blaquier.<\/p>\n<p>En 2012 Blaquier fue procesado en el marco de una causa de lesa humanidad por la Noche del Apag\u00f3n. En ese momento el empresario estuvo cerca de ir a juicio oral por su responsabilidad directa en el secuestro de 29 personas. Una prueba que lo podr\u00eda complicar fue sumada tres a\u00f1os despu\u00e9s, en marzo de este a\u00f1o, cuando la\u00a0Sala IV de la C\u00e1mara de Casaci\u00f3n acredit\u00f3 que se usaron camionetas del mayor ingenio azucarero para el traslado de secuestrados. Sin embargo otorg\u00f3 la \u00abfalta de m\u00e9rito\u00bb a Blaquier y a Alberto Lemos, ex administrador del Ledesma.<\/p>\n<p>Ese fallo de Casaci\u00f3n bloque\u00f3 una causa que estaba abierta, con procesamientos aunque a\u00fan sin detenidos, mediante una falta de m\u00e9rito que fue apelada e interpretada por fiscales, querellantes y v\u00edctimas como una extempor\u00e1nea absoluci\u00f3n encubierta.\u00a0Los representantes del Ministerio P\u00fablico Javier De Luca y Ricardo Wechsler presentaron dos recursos extraordinarios para que la Corte Suprema analice esta resoluci\u00f3n.<\/p>\n<div>\n<div id=\":3ls\" tabindex=\"0\" data-tooltip=\"Muestra el contenido reducido\"><strong>Los centros clandestinos en Jujuy<\/strong><\/div>\n<\/div>\n<p>En Jujuy funcionaron los centros clandestinos Jefatura de Polic\u00eda, Guerrero y Servicio Penitenciario. Contin\u00faa la investigaci\u00f3n de otros lugares que fueron se\u00f1alados como puntos de fusilamiento, como Puesto Mendoza.<\/p>\n<p>Algunos de los secuestrados fueron trasladados a c\u00e1rceles y comisar\u00edas de Jujuy, y otros estuvieron dentro de las instalaciones del complejo de Ledesma. Entre los detenidos desaparecidos se encuentran Domingo Horacio Garnica, Miguel Angel Garnica, Rub\u00e9n Carrazana, Guillermo D\u00edaz, Carlos D\u00edaz, Germ\u00e1n C\u00f3rdoba, Leandro C\u00f3rdoba, Domingo Faustino Reales, Salvador Cruz, Rom\u00e1n Rivero, Miguel Arc\u00e1ngel Cortez.<\/p>\n<p>Uno de los secuestrados esa noche, liberado y vuelto a secuestrar, fue el m\u00e9dico Luis Aredes, ex intendente de Libertador y esposo de Olga M\u00e1rquez. Hasta sus \u00faltimos d\u00edas de vida, Olga dio vueltas a la plaza todos los jueves pidiendo por su marido. Tambi\u00e9n se recuerda a Juan Carlos Petrignani, Osvaldo Giribaldi y al sindicalista Jorge Weisz, entre tantas otras v\u00edctimas de la represi\u00f3n militar.<\/p>\n<\/div>\n","protected":false},"excerpt":{"rendered":"<p>Agrupaciones de derechos humanos, sociales y pol\u00edticas, marchar\u00e1n esta tarde y pedir\u00e1n una vez m\u00e1s justicia por las v\u00edctimas.Uno de los reclamos es que se juzgue la complicidad de Carlos Blaquier por el secuestro de 29 personas. \u00a0ANTECEDENTES \u00abNoche del&hellip;<\/p>\n","protected":false},"author":87,"featured_media":205320,"comment_status":"closed","ping_status":"open","sticky":false,"template":"","format":"standard","meta":{"footnotes":""},"categories":[79,67],"tags":[11650,5422,7399,18744],"class_list":["post-205319","post","type-post","status-publish","format-standard","has-post-thumbnail","hentry","category-derechos-humanos","category-sudamerica","tag-blaquier","tag-juicio","tag-jujuy","tag-noche-del-apagon"],"yoast_head":"<!-- This site is optimized with the Yoast SEO plugin v27.1.1 - https:\/\/yoast.com\/product\/yoast-seo-wordpress\/ -->\n<title>A 39 a\u00f1os de la Noche del Apag\u00f3n: reclaman por juicio a Blaquier<\/title>\n<meta name=\"description\" content=\"Agrupaciones de derechos humanos, sociales y pol\u00edticas, marchar\u00e1n esta tarde y pedir\u00e1n una vez m\u00e1s justicia por las v\u00edctimas.Uno de los reclamos es que se\" \/>\n<meta name=\"robots\" content=\"index, follow, max-snippet:-1, max-image-preview:large, max-video-preview:-1\" \/>\n<link rel=\"canonical\" href=\"https:\/\/www.pressenza.com\/es\/2015\/07\/a-39-anos-de-la-noche-del-apagon-reclaman-por-juicio-a-blaquier\/\" \/>\n<meta property=\"og:locale\" content=\"es_ES\" \/>\n<meta property=\"og:type\" content=\"article\" \/>\n<meta property=\"og:title\" content=\"A 39 a\u00f1os de la Noche del Apag\u00f3n: reclaman por juicio a Blaquier\" \/>\n<meta property=\"og:description\" content=\"Agrupaciones de derechos humanos, sociales y pol\u00edticas, marchar\u00e1n esta tarde y pedir\u00e1n una vez m\u00e1s justicia por las v\u00edctimas.Uno de los reclamos es que se\" \/>\n<meta property=\"og:url\" content=\"https:\/\/www.pressenza.com\/es\/2015\/07\/a-39-anos-de-la-noche-del-apagon-reclaman-por-juicio-a-blaquier\/\" \/>\n<meta property=\"og:site_name\" content=\"Pressenza\" \/>\n<meta property=\"article:publisher\" content=\"https:\/\/www.facebook.com\/PressenzaItalia\" \/>\n<meta property=\"article:published_time\" content=\"2015-07-24T17:55:23+00:00\" \/>\n<meta property=\"og:image\" content=\"https:\/\/www.pressenza.com\/wp-content\/uploads\/2015\/07\/A-39-a--os-de-la-Noche-del-Apagon-reclaman-por-juicio-a-Blaquier.jpg\" \/>\n\t<meta property=\"og:image:width\" content=\"551\" \/>\n\t<meta property=\"og:image:height\" content=\"367\" \/>\n\t<meta property=\"og:image:type\" content=\"image\/jpeg\" \/>\n<meta name=\"author\" content=\"Redacci\u00f3n Argentina\" \/>\n<meta name=\"twitter:card\" content=\"summary_large_image\" \/>\n<meta name=\"twitter:creator\" content=\"@pressenza\" \/>\n<meta name=\"twitter:site\" content=\"@PressenzaIPA\" \/>\n<meta name=\"twitter:label1\" content=\"Escrito por\" \/>\n\t<meta name=\"twitter:data1\" content=\"Redacci\u00f3n Argentina\" \/>\n\t<meta name=\"twitter:label2\" content=\"Tiempo de lectura\" \/>\n\t<meta name=\"twitter:data2\" content=\"5 minutos\" \/>\n<script type=\"application\/ld+json\" class=\"yoast-schema-graph\">{\"@context\":\"https:\/\/schema.org\",\"@graph\":[{\"@type\":\"Article\",\"@id\":\"https:\/\/www.pressenza.com\/es\/2015\/07\/a-39-anos-de-la-noche-del-apagon-reclaman-por-juicio-a-blaquier\/#article\",\"isPartOf\":{\"@id\":\"https:\/\/www.pressenza.com\/es\/2015\/07\/a-39-anos-de-la-noche-del-apagon-reclaman-por-juicio-a-blaquier\/\"},\"author\":{\"name\":\"Redacci\u00f3n Argentina\",\"@id\":\"https:\/\/www.pressenza.com\/es\/#\/schema\/person\/0dda7d1b68267ad95b1e1d83abc98c89\"},\"headline\":\"A 39 a\u00f1os de la Noche del Apag\u00f3n: reclaman por juicio a Blaquier\",\"datePublished\":\"2015-07-24T17:55:23+00:00\",\"mainEntityOfPage\":{\"@id\":\"https:\/\/www.pressenza.com\/es\/2015\/07\/a-39-anos-de-la-noche-del-apagon-reclaman-por-juicio-a-blaquier\/\"},\"wordCount\":951,\"publisher\":{\"@id\":\"https:\/\/www.pressenza.com\/es\/#organization\"},\"image\":{\"@id\":\"https:\/\/www.pressenza.com\/es\/2015\/07\/a-39-anos-de-la-noche-del-apagon-reclaman-por-juicio-a-blaquier\/#primaryimage\"},\"thumbnailUrl\":\"https:\/\/www.pressenza.com\/wp-content\/uploads\/2015\/07\/A-39-a--os-de-la-Noche-del-Apagon-reclaman-por-juicio-a-Blaquier.jpg\",\"keywords\":[\"Blaquier\",\"juicio\",\"Jujuy\",\"Noche del Apag\u00f3n\"],\"articleSection\":[\"Derechos Humanos\",\"Sudam\u00e9rica\"],\"inLanguage\":\"es\"},{\"@type\":\"WebPage\",\"@id\":\"https:\/\/www.pressenza.com\/es\/2015\/07\/a-39-anos-de-la-noche-del-apagon-reclaman-por-juicio-a-blaquier\/\",\"url\":\"https:\/\/www.pressenza.com\/es\/2015\/07\/a-39-anos-de-la-noche-del-apagon-reclaman-por-juicio-a-blaquier\/\",\"name\":\"A 39 a\u00f1os de la Noche del Apag\u00f3n: reclaman por juicio a Blaquier\",\"isPartOf\":{\"@id\":\"https:\/\/www.pressenza.com\/es\/#website\"},\"primaryImageOfPage\":{\"@id\":\"https:\/\/www.pressenza.com\/es\/2015\/07\/a-39-anos-de-la-noche-del-apagon-reclaman-por-juicio-a-blaquier\/#primaryimage\"},\"image\":{\"@id\":\"https:\/\/www.pressenza.com\/es\/2015\/07\/a-39-anos-de-la-noche-del-apagon-reclaman-por-juicio-a-blaquier\/#primaryimage\"},\"thumbnailUrl\":\"https:\/\/www.pressenza.com\/wp-content\/uploads\/2015\/07\/A-39-a--os-de-la-Noche-del-Apagon-reclaman-por-juicio-a-Blaquier.jpg\",\"datePublished\":\"2015-07-24T17:55:23+00:00\",\"description\":\"Agrupaciones de derechos humanos, sociales y pol\u00edticas, marchar\u00e1n esta tarde y pedir\u00e1n una vez m\u00e1s justicia por las v\u00edctimas.Uno de los reclamos es que se\",\"breadcrumb\":{\"@id\":\"https:\/\/www.pressenza.com\/es\/2015\/07\/a-39-anos-de-la-noche-del-apagon-reclaman-por-juicio-a-blaquier\/#breadcrumb\"},\"inLanguage\":\"es\",\"potentialAction\":[{\"@type\":\"ReadAction\",\"target\":[\"https:\/\/www.pressenza.com\/es\/2015\/07\/a-39-anos-de-la-noche-del-apagon-reclaman-por-juicio-a-blaquier\/\"]}]},{\"@type\":\"ImageObject\",\"inLanguage\":\"es\",\"@id\":\"https:\/\/www.pressenza.com\/es\/2015\/07\/a-39-anos-de-la-noche-del-apagon-reclaman-por-juicio-a-blaquier\/#primaryimage\",\"url\":\"https:\/\/www.pressenza.com\/wp-content\/uploads\/2015\/07\/A-39-a--os-de-la-Noche-del-Apagon-reclaman-por-juicio-a-Blaquier.jpg\",\"contentUrl\":\"https:\/\/www.pressenza.com\/wp-content\/uploads\/2015\/07\/A-39-a--os-de-la-Noche-del-Apagon-reclaman-por-juicio-a-Blaquier.jpg\",\"width\":551,\"height\":367},{\"@type\":\"BreadcrumbList\",\"@id\":\"https:\/\/www.pressenza.com\/es\/2015\/07\/a-39-anos-de-la-noche-del-apagon-reclaman-por-juicio-a-blaquier\/#breadcrumb\",\"itemListElement\":[{\"@type\":\"ListItem\",\"position\":1,\"name\":\"Accueil\",\"item\":\"https:\/\/www.pressenza.com\/es\/\"},{\"@type\":\"ListItem\",\"position\":2,\"name\":\"A 39 a\u00f1os de la Noche del Apag\u00f3n: reclaman por juicio a Blaquier\"}]},{\"@type\":\"WebSite\",\"@id\":\"https:\/\/www.pressenza.com\/es\/#website\",\"url\":\"https:\/\/www.pressenza.com\/es\/\",\"name\":\"Pressenza\",\"description\":\"International Press Agency\",\"publisher\":{\"@id\":\"https:\/\/www.pressenza.com\/es\/#organization\"},\"potentialAction\":[{\"@type\":\"SearchAction\",\"target\":{\"@type\":\"EntryPoint\",\"urlTemplate\":\"https:\/\/www.pressenza.com\/es\/?s={search_term_string}\"},\"query-input\":{\"@type\":\"PropertyValueSpecification\",\"valueRequired\":true,\"valueName\":\"search_term_string\"}}],\"inLanguage\":\"es\"},{\"@type\":\"Organization\",\"@id\":\"https:\/\/www.pressenza.com\/es\/#organization\",\"name\":\"Pressenza\",\"url\":\"https:\/\/www.pressenza.com\/es\/\",\"logo\":{\"@type\":\"ImageObject\",\"inLanguage\":\"es\",\"@id\":\"https:\/\/www.pressenza.com\/es\/#\/schema\/logo\/image\/\",\"url\":\"https:\/\/www.pressenza.com\/wp-content\/uploads\/2022\/10\/pressenza_logo_200x200.jpg\",\"contentUrl\":\"https:\/\/www.pressenza.com\/wp-content\/uploads\/2022\/10\/pressenza_logo_200x200.jpg\",\"width\":200,\"height\":200,\"caption\":\"Pressenza\"},\"image\":{\"@id\":\"https:\/\/www.pressenza.com\/es\/#\/schema\/logo\/image\/\"},\"sameAs\":[\"https:\/\/www.facebook.com\/PressenzaItalia\",\"https:\/\/x.com\/PressenzaIPA\"]},{\"@type\":\"Person\",\"@id\":\"https:\/\/www.pressenza.com\/es\/#\/schema\/person\/0dda7d1b68267ad95b1e1d83abc98c89\",\"name\":\"Redacci\u00f3n Argentina\",\"description\":\"News from the Pressenza Bureau in Argentina.\",\"sameAs\":[\"https:\/\/x.com\/pressenza\"],\"url\":\"https:\/\/www.pressenza.com\/es\/author\/redaccion-argentina\/\"}]}<\/script>\n<!-- \/ Yoast SEO plugin. -->","yoast_head_json":{"title":"A 39 a\u00f1os de la Noche del Apag\u00f3n: reclaman por juicio a Blaquier","description":"Agrupaciones de derechos humanos, sociales y pol\u00edticas, marchar\u00e1n esta tarde y pedir\u00e1n una vez m\u00e1s justicia por las v\u00edctimas.Uno de los reclamos es que se","robots":{"index":"index","follow":"follow","max-snippet":"max-snippet:-1","max-image-preview":"max-image-preview:large","max-video-preview":"max-video-preview:-1"},"canonical":"https:\/\/www.pressenza.com\/es\/2015\/07\/a-39-anos-de-la-noche-del-apagon-reclaman-por-juicio-a-blaquier\/","og_locale":"es_ES","og_type":"article","og_title":"A 39 a\u00f1os de la Noche del Apag\u00f3n: reclaman por juicio a Blaquier","og_description":"Agrupaciones de derechos humanos, sociales y pol\u00edticas, marchar\u00e1n esta tarde y pedir\u00e1n una vez m\u00e1s justicia por las v\u00edctimas.Uno de los reclamos es que se","og_url":"https:\/\/www.pressenza.com\/es\/2015\/07\/a-39-anos-de-la-noche-del-apagon-reclaman-por-juicio-a-blaquier\/","og_site_name":"Pressenza","article_publisher":"https:\/\/www.facebook.com\/PressenzaItalia","article_published_time":"2015-07-24T17:55:23+00:00","og_image":[{"width":551,"height":367,"url":"https:\/\/www.pressenza.com\/wp-content\/uploads\/2015\/07\/A-39-a--os-de-la-Noche-del-Apagon-reclaman-por-juicio-a-Blaquier.jpg","type":"image\/jpeg"}],"author":"Redacci\u00f3n Argentina","twitter_card":"summary_large_image","twitter_creator":"@pressenza","twitter_site":"@PressenzaIPA","twitter_misc":{"Escrito por":"Redacci\u00f3n Argentina","Tiempo de lectura":"5 minutos"},"schema":{"@context":"https:\/\/schema.org","@graph":[{"@type":"Article","@id":"https:\/\/www.pressenza.com\/es\/2015\/07\/a-39-anos-de-la-noche-del-apagon-reclaman-por-juicio-a-blaquier\/#article","isPartOf":{"@id":"https:\/\/www.pressenza.com\/es\/2015\/07\/a-39-anos-de-la-noche-del-apagon-reclaman-por-juicio-a-blaquier\/"},"author":{"name":"Redacci\u00f3n Argentina","@id":"https:\/\/www.pressenza.com\/es\/#\/schema\/person\/0dda7d1b68267ad95b1e1d83abc98c89"},"headline":"A 39 a\u00f1os de la Noche del Apag\u00f3n: reclaman por juicio a Blaquier","datePublished":"2015-07-24T17:55:23+00:00","mainEntityOfPage":{"@id":"https:\/\/www.pressenza.com\/es\/2015\/07\/a-39-anos-de-la-noche-del-apagon-reclaman-por-juicio-a-blaquier\/"},"wordCount":951,"publisher":{"@id":"https:\/\/www.pressenza.com\/es\/#organization"},"image":{"@id":"https:\/\/www.pressenza.com\/es\/2015\/07\/a-39-anos-de-la-noche-del-apagon-reclaman-por-juicio-a-blaquier\/#primaryimage"},"thumbnailUrl":"https:\/\/www.pressenza.com\/wp-content\/uploads\/2015\/07\/A-39-a--os-de-la-Noche-del-Apagon-reclaman-por-juicio-a-Blaquier.jpg","keywords":["Blaquier","juicio","Jujuy","Noche del Apag\u00f3n"],"articleSection":["Derechos Humanos","Sudam\u00e9rica"],"inLanguage":"es"},{"@type":"WebPage","@id":"https:\/\/www.pressenza.com\/es\/2015\/07\/a-39-anos-de-la-noche-del-apagon-reclaman-por-juicio-a-blaquier\/","url":"https:\/\/www.pressenza.com\/es\/2015\/07\/a-39-anos-de-la-noche-del-apagon-reclaman-por-juicio-a-blaquier\/","name":"A 39 a\u00f1os de la Noche del Apag\u00f3n: reclaman por juicio a Blaquier","isPartOf":{"@id":"https:\/\/www.pressenza.com\/es\/#website"},"primaryImageOfPage":{"@id":"https:\/\/www.pressenza.com\/es\/2015\/07\/a-39-anos-de-la-noche-del-apagon-reclaman-por-juicio-a-blaquier\/#primaryimage"},"image":{"@id":"https:\/\/www.pressenza.com\/es\/2015\/07\/a-39-anos-de-la-noche-del-apagon-reclaman-por-juicio-a-blaquier\/#primaryimage"},"thumbnailUrl":"https:\/\/www.pressenza.com\/wp-content\/uploads\/2015\/07\/A-39-a--os-de-la-Noche-del-Apagon-reclaman-por-juicio-a-Blaquier.jpg","datePublished":"2015-07-24T17:55:23+00:00","description":"Agrupaciones de derechos humanos, sociales y pol\u00edticas, marchar\u00e1n esta tarde y pedir\u00e1n una vez m\u00e1s justicia por las v\u00edctimas.Uno de los reclamos es que se","breadcrumb":{"@id":"https:\/\/www.pressenza.com\/es\/2015\/07\/a-39-anos-de-la-noche-del-apagon-reclaman-por-juicio-a-blaquier\/#breadcrumb"},"inLanguage":"es","potentialAction":[{"@type":"ReadAction","target":["https:\/\/www.pressenza.com\/es\/2015\/07\/a-39-anos-de-la-noche-del-apagon-reclaman-por-juicio-a-blaquier\/"]}]},{"@type":"ImageObject","inLanguage":"es","@id":"https:\/\/www.pressenza.com\/es\/2015\/07\/a-39-anos-de-la-noche-del-apagon-reclaman-por-juicio-a-blaquier\/#primaryimage","url":"https:\/\/www.pressenza.com\/wp-content\/uploads\/2015\/07\/A-39-a--os-de-la-Noche-del-Apagon-reclaman-por-juicio-a-Blaquier.jpg","contentUrl":"https:\/\/www.pressenza.com\/wp-content\/uploads\/2015\/07\/A-39-a--os-de-la-Noche-del-Apagon-reclaman-por-juicio-a-Blaquier.jpg","width":551,"height":367},{"@type":"BreadcrumbList","@id":"https:\/\/www.pressenza.com\/es\/2015\/07\/a-39-anos-de-la-noche-del-apagon-reclaman-por-juicio-a-blaquier\/#breadcrumb","itemListElement":[{"@type":"ListItem","position":1,"name":"Accueil","item":"https:\/\/www.pressenza.com\/es\/"},{"@type":"ListItem","position":2,"name":"A 39 a\u00f1os de la Noche del Apag\u00f3n: reclaman por juicio a Blaquier"}]},{"@type":"WebSite","@id":"https:\/\/www.pressenza.com\/es\/#website","url":"https:\/\/www.pressenza.com\/es\/","name":"Pressenza","description":"International Press Agency","publisher":{"@id":"https:\/\/www.pressenza.com\/es\/#organization"},"potentialAction":[{"@type":"SearchAction","target":{"@type":"EntryPoint","urlTemplate":"https:\/\/www.pressenza.com\/es\/?s={search_term_string}"},"query-input":{"@type":"PropertyValueSpecification","valueRequired":true,"valueName":"search_term_string"}}],"inLanguage":"es"},{"@type":"Organization","@id":"https:\/\/www.pressenza.com\/es\/#organization","name":"Pressenza","url":"https:\/\/www.pressenza.com\/es\/","logo":{"@type":"ImageObject","inLanguage":"es","@id":"https:\/\/www.pressenza.com\/es\/#\/schema\/logo\/image\/","url":"https:\/\/www.pressenza.com\/wp-content\/uploads\/2022\/10\/pressenza_logo_200x200.jpg","contentUrl":"https:\/\/www.pressenza.com\/wp-content\/uploads\/2022\/10\/pressenza_logo_200x200.jpg","width":200,"height":200,"caption":"Pressenza"},"image":{"@id":"https:\/\/www.pressenza.com\/es\/#\/schema\/logo\/image\/"},"sameAs":["https:\/\/www.facebook.com\/PressenzaItalia","https:\/\/x.com\/PressenzaIPA"]},{"@type":"Person","@id":"https:\/\/www.pressenza.com\/es\/#\/schema\/person\/0dda7d1b68267ad95b1e1d83abc98c89","name":"Redacci\u00f3n Argentina","description":"News from the Pressenza Bureau in Argentina.","sameAs":["https:\/\/x.com\/pressenza"],"url":"https:\/\/www.pressenza.com\/es\/author\/redaccion-argentina\/"}]}},"place":"","original_article_url":"http:\/\/www.infojusnoticias.gov.ar\/provinciales\/a-39-anos-de-la-noche-del-apagon-reclaman-por-juicio-a-blaquier-2929.html","_links":{"self":[{"href":"https:\/\/www.pressenza.com\/es\/wp-json\/wp\/v2\/posts\/205319","targetHints":{"allow":["GET"]}}],"collection":[{"href":"https:\/\/www.pressenza.com\/es\/wp-json\/wp\/v2\/posts"}],"about":[{"href":"https:\/\/www.pressenza.com\/es\/wp-json\/wp\/v2\/types\/post"}],"author":[{"embeddable":true,"href":"https:\/\/www.pressenza.com\/es\/wp-json\/wp\/v2\/users\/87"}],"replies":[{"embeddable":true,"href":"https:\/\/www.pressenza.com\/es\/wp-json\/wp\/v2\/comments?post=205319"}],"version-history":[{"count":0,"href":"https:\/\/www.pressenza.com\/es\/wp-json\/wp\/v2\/posts\/205319\/revisions"}],"wp:featuredmedia":[{"embeddable":true,"href":"https:\/\/www.pressenza.com\/es\/wp-json\/wp\/v2\/media\/205320"}],"wp:attachment":[{"href":"https:\/\/www.pressenza.com\/es\/wp-json\/wp\/v2\/media?parent=205319"}],"wp:term":[{"taxonomy":"category","embeddable":true,"href":"https:\/\/www.pressenza.com\/es\/wp-json\/wp\/v2\/categories?post=205319"},{"taxonomy":"post_tag","embeddable":true,"href":"https:\/\/www.pressenza.com\/es\/wp-json\/wp\/v2\/tags?post=205319"}],"curies":[{"name":"wp","href":"https:\/\/api.w.org\/{rel}","templated":true}]}}