{"id":2053,"date":"2009-11-05T00:00:00","date_gmt":"2009-11-05T00:00:00","guid":{"rendered":""},"modified":"2009-11-08T06:53:25","modified_gmt":"2009-11-08T06:53:25","slug":"la-marcha-por-la-paz-y-la-no-violencia-llega-en-belgica","status":"publish","type":"post","link":"https:\/\/www.pressenza.com\/es\/2009\/11\/la-marcha-por-la-paz-y-la-no-violencia-llega-en-belgica\/","title":{"rendered":"La marcha por la paz y la no-violencia llega en Belgica"},"content":{"rendered":"<p>Recibimiento alegre y caluroso al Equipo Base de la Marcha Mundial por la Paz y la No-violencia en Bruselas.<br \/>\nDespu\u00e9s de comer un \u201cstoemp\u201d (comida t\u00edpica belga), los miembros del EB partieron hacia Ypres. Esta peque\u00f1a y simb\u00f3lica ciudad, fue el primer lugar donde se utilizaron las armas qu\u00edmicas, en 1915. Fue evacuada y completamente destruida para posteriormente y tras terminar la primera Guerra Mundial, reconstruirse en estilo medieval. Los responsables pol\u00edticos la declararon desde entonces, ciudad de paz. Hoy por elecci\u00f3n, alberga la secretaria de \u201cMajors for Peace\u201d.<\/p>\n<p>Tras recibir la bienvenida por parte del Alcalde, se march\u00f3 por toda la ciudad hasta concluir en la \u201cpuerta de Menen\u201d donde se particip\u00f3 en la ceremonia en recuerdo de las v\u00edctimas de la destrucci\u00f3n. La convocatoria, que moviliz\u00f3 a un centenar de participantes, concluyo en un acto festivo con bailes folcl\u00f3ricos y comida local.<\/p>\n<p>Video en alta resolucion:<br \/>\n[Video Belgica](http:\/\/videoforum.theworldmarch.org\/index.php?action=videos;sa=downfile;id=673)<\/p>\n","protected":false},"excerpt":{"rendered":"<p>Recibimiento alegre y caluroso al Equipo Base de la Marcha Mundial por la Paz y la No-violencia en Bruselas y en Ypres. En la \u00abciudad de paz\u00bb se recibi\u00f2 la bienvenida por parte del Alcalde y se asisti\u00f2 a la ceremonia en recuerdo de las v\u00edctimas de la destrucci\u00f3n durante la primera Guerra Mundial. El d\u00eda termin\u00f3 en un acto festivo con bailes folcl\u00f3ricos y comida local.<\/p>\n","protected":false},"author":19,"featured_media":0,"comment_status":"closed","ping_status":"open","sticky":false,"template":"","format":"standard","meta":{"footnotes":""},"categories":[149,75,66],"tags":[],"class_list":["post-2053","post","type-post","status-publish","format-standard","hentry","category-comunicados-de-prensa","category-cultura-es","category-europa-es"],"yoast_head":"<!-- This site is optimized with the Yoast SEO plugin v27.1.1 - https:\/\/yoast.com\/product\/yoast-seo-wordpress\/ -->\n<title>La marcha por la paz y la no-violencia llega en Belgica<\/title>\n<meta name=\"description\" content=\"Recibimiento alegre y caluroso al Equipo Base de la Marcha Mundial por la Paz y la No-violencia en Bruselas y en Ypres. En la &quot;ciudad de paz&quot; se recibi\u00f2 la bienvenida por parte del Alcalde y se asisti\u00f2 a la ceremonia en recuerdo de las v\u00edctimas de la destrucci\u00f3n durante la primera Guerra Mundial. El d\u00eda termin\u00f3 en un acto festivo con bailes folcl\u00f3ricos y comida local.\" \/>\n<meta name=\"robots\" content=\"index, follow, max-snippet:-1, max-image-preview:large, max-video-preview:-1\" \/>\n<link rel=\"canonical\" href=\"https:\/\/www.pressenza.com\/es\/2009\/11\/la-marcha-por-la-paz-y-la-no-violencia-llega-en-belgica\/\" \/>\n<meta property=\"og:locale\" content=\"es_ES\" \/>\n<meta property=\"og:type\" content=\"article\" \/>\n<meta property=\"og:title\" content=\"La marcha por la paz y la no-violencia llega en Belgica\" \/>\n<meta property=\"og:description\" content=\"Recibimiento alegre y caluroso al Equipo Base de la Marcha Mundial por la Paz y la No-violencia en Bruselas y en Ypres. En la &quot;ciudad de paz&quot; se recibi\u00f2 la bienvenida por parte del Alcalde y se asisti\u00f2 a la ceremonia en recuerdo de las v\u00edctimas de la destrucci\u00f3n durante la primera Guerra Mundial. El d\u00eda termin\u00f3 en un acto festivo con bailes folcl\u00f3ricos y comida local.\" \/>\n<meta property=\"og:url\" content=\"https:\/\/www.pressenza.com\/es\/2009\/11\/la-marcha-por-la-paz-y-la-no-violencia-llega-en-belgica\/\" \/>\n<meta property=\"og:site_name\" content=\"Pressenza\" \/>\n<meta property=\"article:publisher\" content=\"https:\/\/www.facebook.com\/PressenzaItalia\" \/>\n<meta property=\"article:author\" content=\"https:\/\/www.facebook.com\/pressenza\" \/>\n<meta property=\"article:published_time\" content=\"2009-11-05T00:00:00+00:00\" \/>\n<meta property=\"article:modified_time\" content=\"2009-11-08T06:53:25+00:00\" \/>\n<meta name=\"author\" content=\"Pressenza IPA\" \/>\n<meta name=\"twitter:card\" content=\"summary_large_image\" \/>\n<meta name=\"twitter:creator\" content=\"@PressenzaIPA\" \/>\n<meta name=\"twitter:site\" content=\"@PressenzaIPA\" \/>\n<meta name=\"twitter:label1\" content=\"Escrito por\" \/>\n\t<meta name=\"twitter:data1\" content=\"Pressenza IPA\" \/>\n\t<meta name=\"twitter:label2\" content=\"Tiempo de lectura\" \/>\n\t<meta name=\"twitter:data2\" content=\"1 minuto\" \/>\n<script type=\"application\/ld+json\" class=\"yoast-schema-graph\">{\"@context\":\"https:\/\/schema.org\",\"@graph\":[{\"@type\":\"Article\",\"@id\":\"https:\/\/www.pressenza.com\/es\/2009\/11\/la-marcha-por-la-paz-y-la-no-violencia-llega-en-belgica\/#article\",\"isPartOf\":{\"@id\":\"https:\/\/www.pressenza.com\/es\/2009\/11\/la-marcha-por-la-paz-y-la-no-violencia-llega-en-belgica\/\"},\"author\":{\"name\":\"Pressenza IPA\",\"@id\":\"https:\/\/www.pressenza.com\/es\/#\/schema\/person\/010e5d02bcf40965427a1289a4cc8d75\"},\"headline\":\"La marcha por la paz y la no-violencia llega en Belgica\",\"datePublished\":\"2009-11-05T00:00:00+00:00\",\"dateModified\":\"2009-11-08T06:53:25+00:00\",\"mainEntityOfPage\":{\"@id\":\"https:\/\/www.pressenza.com\/es\/2009\/11\/la-marcha-por-la-paz-y-la-no-violencia-llega-en-belgica\/\"},\"wordCount\":181,\"publisher\":{\"@id\":\"https:\/\/www.pressenza.com\/es\/#organization\"},\"articleSection\":[\"Comunicados de Prensa\",\"Cultura y Medios\",\"Europa\"],\"inLanguage\":\"es\"},{\"@type\":\"WebPage\",\"@id\":\"https:\/\/www.pressenza.com\/es\/2009\/11\/la-marcha-por-la-paz-y-la-no-violencia-llega-en-belgica\/\",\"url\":\"https:\/\/www.pressenza.com\/es\/2009\/11\/la-marcha-por-la-paz-y-la-no-violencia-llega-en-belgica\/\",\"name\":\"La marcha por la paz y la no-violencia llega en Belgica\",\"isPartOf\":{\"@id\":\"https:\/\/www.pressenza.com\/es\/#website\"},\"datePublished\":\"2009-11-05T00:00:00+00:00\",\"dateModified\":\"2009-11-08T06:53:25+00:00\",\"description\":\"Recibimiento alegre y caluroso al Equipo Base de la Marcha Mundial por la Paz y la No-violencia en Bruselas y en Ypres. En la \\\"ciudad de paz\\\" se recibi\u00f2 la bienvenida por parte del Alcalde y se asisti\u00f2 a la ceremonia en recuerdo de las v\u00edctimas de la destrucci\u00f3n durante la primera Guerra Mundial. El d\u00eda termin\u00f3 en un acto festivo con bailes folcl\u00f3ricos y comida local.\",\"breadcrumb\":{\"@id\":\"https:\/\/www.pressenza.com\/es\/2009\/11\/la-marcha-por-la-paz-y-la-no-violencia-llega-en-belgica\/#breadcrumb\"},\"inLanguage\":\"es\",\"potentialAction\":[{\"@type\":\"ReadAction\",\"target\":[\"https:\/\/www.pressenza.com\/es\/2009\/11\/la-marcha-por-la-paz-y-la-no-violencia-llega-en-belgica\/\"]}]},{\"@type\":\"BreadcrumbList\",\"@id\":\"https:\/\/www.pressenza.com\/es\/2009\/11\/la-marcha-por-la-paz-y-la-no-violencia-llega-en-belgica\/#breadcrumb\",\"itemListElement\":[{\"@type\":\"ListItem\",\"position\":1,\"name\":\"Accueil\",\"item\":\"https:\/\/www.pressenza.com\/es\/\"},{\"@type\":\"ListItem\",\"position\":2,\"name\":\"La marcha por la paz y la no-violencia llega en Belgica\"}]},{\"@type\":\"WebSite\",\"@id\":\"https:\/\/www.pressenza.com\/es\/#website\",\"url\":\"https:\/\/www.pressenza.com\/es\/\",\"name\":\"Pressenza\",\"description\":\"International Press Agency\",\"publisher\":{\"@id\":\"https:\/\/www.pressenza.com\/es\/#organization\"},\"potentialAction\":[{\"@type\":\"SearchAction\",\"target\":{\"@type\":\"EntryPoint\",\"urlTemplate\":\"https:\/\/www.pressenza.com\/es\/?s={search_term_string}\"},\"query-input\":{\"@type\":\"PropertyValueSpecification\",\"valueRequired\":true,\"valueName\":\"search_term_string\"}}],\"inLanguage\":\"es\"},{\"@type\":\"Organization\",\"@id\":\"https:\/\/www.pressenza.com\/es\/#organization\",\"name\":\"Pressenza\",\"url\":\"https:\/\/www.pressenza.com\/es\/\",\"logo\":{\"@type\":\"ImageObject\",\"inLanguage\":\"es\",\"@id\":\"https:\/\/www.pressenza.com\/es\/#\/schema\/logo\/image\/\",\"url\":\"https:\/\/www.pressenza.com\/wp-content\/uploads\/2022\/10\/pressenza_logo_200x200.jpg\",\"contentUrl\":\"https:\/\/www.pressenza.com\/wp-content\/uploads\/2022\/10\/pressenza_logo_200x200.jpg\",\"width\":200,\"height\":200,\"caption\":\"Pressenza\"},\"image\":{\"@id\":\"https:\/\/www.pressenza.com\/es\/#\/schema\/logo\/image\/\"},\"sameAs\":[\"https:\/\/www.facebook.com\/PressenzaItalia\",\"https:\/\/x.com\/PressenzaIPA\"]},{\"@type\":\"Person\",\"@id\":\"https:\/\/www.pressenza.com\/es\/#\/schema\/person\/010e5d02bcf40965427a1289a4cc8d75\",\"name\":\"Pressenza IPA\",\"description\":\"News from Pressenza IPA correspondents\",\"sameAs\":[\"https:\/\/www.facebook.com\/pressenza\",\"https:\/\/x.com\/PressenzaIPA\"],\"url\":\"https:\/\/www.pressenza.com\/es\/author\/pressenza-ipa\/\"}]}<\/script>\n<!-- \/ Yoast SEO plugin. -->","yoast_head_json":{"title":"La marcha por la paz y la no-violencia llega en Belgica","description":"Recibimiento alegre y caluroso al Equipo Base de la Marcha Mundial por la Paz y la No-violencia en Bruselas y en Ypres. En la \"ciudad de paz\" se recibi\u00f2 la bienvenida por parte del Alcalde y se asisti\u00f2 a la ceremonia en recuerdo de las v\u00edctimas de la destrucci\u00f3n durante la primera Guerra Mundial. El d\u00eda termin\u00f3 en un acto festivo con bailes folcl\u00f3ricos y comida local.","robots":{"index":"index","follow":"follow","max-snippet":"max-snippet:-1","max-image-preview":"max-image-preview:large","max-video-preview":"max-video-preview:-1"},"canonical":"https:\/\/www.pressenza.com\/es\/2009\/11\/la-marcha-por-la-paz-y-la-no-violencia-llega-en-belgica\/","og_locale":"es_ES","og_type":"article","og_title":"La marcha por la paz y la no-violencia llega en Belgica","og_description":"Recibimiento alegre y caluroso al Equipo Base de la Marcha Mundial por la Paz y la No-violencia en Bruselas y en Ypres. En la \"ciudad de paz\" se recibi\u00f2 la bienvenida por parte del Alcalde y se asisti\u00f2 a la ceremonia en recuerdo de las v\u00edctimas de la destrucci\u00f3n durante la primera Guerra Mundial. El d\u00eda termin\u00f3 en un acto festivo con bailes folcl\u00f3ricos y comida local.","og_url":"https:\/\/www.pressenza.com\/es\/2009\/11\/la-marcha-por-la-paz-y-la-no-violencia-llega-en-belgica\/","og_site_name":"Pressenza","article_publisher":"https:\/\/www.facebook.com\/PressenzaItalia","article_author":"https:\/\/www.facebook.com\/pressenza","article_published_time":"2009-11-05T00:00:00+00:00","article_modified_time":"2009-11-08T06:53:25+00:00","author":"Pressenza IPA","twitter_card":"summary_large_image","twitter_creator":"@PressenzaIPA","twitter_site":"@PressenzaIPA","twitter_misc":{"Escrito por":"Pressenza IPA","Tiempo de lectura":"1 minuto"},"schema":{"@context":"https:\/\/schema.org","@graph":[{"@type":"Article","@id":"https:\/\/www.pressenza.com\/es\/2009\/11\/la-marcha-por-la-paz-y-la-no-violencia-llega-en-belgica\/#article","isPartOf":{"@id":"https:\/\/www.pressenza.com\/es\/2009\/11\/la-marcha-por-la-paz-y-la-no-violencia-llega-en-belgica\/"},"author":{"name":"Pressenza IPA","@id":"https:\/\/www.pressenza.com\/es\/#\/schema\/person\/010e5d02bcf40965427a1289a4cc8d75"},"headline":"La marcha por la paz y la no-violencia llega en Belgica","datePublished":"2009-11-05T00:00:00+00:00","dateModified":"2009-11-08T06:53:25+00:00","mainEntityOfPage":{"@id":"https:\/\/www.pressenza.com\/es\/2009\/11\/la-marcha-por-la-paz-y-la-no-violencia-llega-en-belgica\/"},"wordCount":181,"publisher":{"@id":"https:\/\/www.pressenza.com\/es\/#organization"},"articleSection":["Comunicados de Prensa","Cultura y Medios","Europa"],"inLanguage":"es"},{"@type":"WebPage","@id":"https:\/\/www.pressenza.com\/es\/2009\/11\/la-marcha-por-la-paz-y-la-no-violencia-llega-en-belgica\/","url":"https:\/\/www.pressenza.com\/es\/2009\/11\/la-marcha-por-la-paz-y-la-no-violencia-llega-en-belgica\/","name":"La marcha por la paz y la no-violencia llega en Belgica","isPartOf":{"@id":"https:\/\/www.pressenza.com\/es\/#website"},"datePublished":"2009-11-05T00:00:00+00:00","dateModified":"2009-11-08T06:53:25+00:00","description":"Recibimiento alegre y caluroso al Equipo Base de la Marcha Mundial por la Paz y la No-violencia en Bruselas y en Ypres. En la \"ciudad de paz\" se recibi\u00f2 la bienvenida por parte del Alcalde y se asisti\u00f2 a la ceremonia en recuerdo de las v\u00edctimas de la destrucci\u00f3n durante la primera Guerra Mundial. El d\u00eda termin\u00f3 en un acto festivo con bailes folcl\u00f3ricos y comida local.","breadcrumb":{"@id":"https:\/\/www.pressenza.com\/es\/2009\/11\/la-marcha-por-la-paz-y-la-no-violencia-llega-en-belgica\/#breadcrumb"},"inLanguage":"es","potentialAction":[{"@type":"ReadAction","target":["https:\/\/www.pressenza.com\/es\/2009\/11\/la-marcha-por-la-paz-y-la-no-violencia-llega-en-belgica\/"]}]},{"@type":"BreadcrumbList","@id":"https:\/\/www.pressenza.com\/es\/2009\/11\/la-marcha-por-la-paz-y-la-no-violencia-llega-en-belgica\/#breadcrumb","itemListElement":[{"@type":"ListItem","position":1,"name":"Accueil","item":"https:\/\/www.pressenza.com\/es\/"},{"@type":"ListItem","position":2,"name":"La marcha por la paz y la no-violencia llega en Belgica"}]},{"@type":"WebSite","@id":"https:\/\/www.pressenza.com\/es\/#website","url":"https:\/\/www.pressenza.com\/es\/","name":"Pressenza","description":"International Press Agency","publisher":{"@id":"https:\/\/www.pressenza.com\/es\/#organization"},"potentialAction":[{"@type":"SearchAction","target":{"@type":"EntryPoint","urlTemplate":"https:\/\/www.pressenza.com\/es\/?s={search_term_string}"},"query-input":{"@type":"PropertyValueSpecification","valueRequired":true,"valueName":"search_term_string"}}],"inLanguage":"es"},{"@type":"Organization","@id":"https:\/\/www.pressenza.com\/es\/#organization","name":"Pressenza","url":"https:\/\/www.pressenza.com\/es\/","logo":{"@type":"ImageObject","inLanguage":"es","@id":"https:\/\/www.pressenza.com\/es\/#\/schema\/logo\/image\/","url":"https:\/\/www.pressenza.com\/wp-content\/uploads\/2022\/10\/pressenza_logo_200x200.jpg","contentUrl":"https:\/\/www.pressenza.com\/wp-content\/uploads\/2022\/10\/pressenza_logo_200x200.jpg","width":200,"height":200,"caption":"Pressenza"},"image":{"@id":"https:\/\/www.pressenza.com\/es\/#\/schema\/logo\/image\/"},"sameAs":["https:\/\/www.facebook.com\/PressenzaItalia","https:\/\/x.com\/PressenzaIPA"]},{"@type":"Person","@id":"https:\/\/www.pressenza.com\/es\/#\/schema\/person\/010e5d02bcf40965427a1289a4cc8d75","name":"Pressenza IPA","description":"News from Pressenza IPA correspondents","sameAs":["https:\/\/www.facebook.com\/pressenza","https:\/\/x.com\/PressenzaIPA"],"url":"https:\/\/www.pressenza.com\/es\/author\/pressenza-ipa\/"}]}},"place":"Bruselas","original_article_url":"","_links":{"self":[{"href":"https:\/\/www.pressenza.com\/es\/wp-json\/wp\/v2\/posts\/2053","targetHints":{"allow":["GET"]}}],"collection":[{"href":"https:\/\/www.pressenza.com\/es\/wp-json\/wp\/v2\/posts"}],"about":[{"href":"https:\/\/www.pressenza.com\/es\/wp-json\/wp\/v2\/types\/post"}],"author":[{"embeddable":true,"href":"https:\/\/www.pressenza.com\/es\/wp-json\/wp\/v2\/users\/19"}],"replies":[{"embeddable":true,"href":"https:\/\/www.pressenza.com\/es\/wp-json\/wp\/v2\/comments?post=2053"}],"version-history":[{"count":0,"href":"https:\/\/www.pressenza.com\/es\/wp-json\/wp\/v2\/posts\/2053\/revisions"}],"wp:attachment":[{"href":"https:\/\/www.pressenza.com\/es\/wp-json\/wp\/v2\/media?parent=2053"}],"wp:term":[{"taxonomy":"category","embeddable":true,"href":"https:\/\/www.pressenza.com\/es\/wp-json\/wp\/v2\/categories?post=2053"},{"taxonomy":"post_tag","embeddable":true,"href":"https:\/\/www.pressenza.com\/es\/wp-json\/wp\/v2\/tags?post=2053"}],"curies":[{"name":"wp","href":"https:\/\/api.w.org\/{rel}","templated":true}]}}