{"id":2051,"date":"2009-11-04T00:00:00","date_gmt":"2009-11-04T00:00:00","guid":{"rendered":""},"modified":"2009-11-05T21:43:28","modified_gmt":"2009-11-05T21:43:28","slug":"xx-el-muro-por-la-paz-xx-x-500-artistas-de-diferentes-continentes-haran-el-graffiti-mas-largo-del-mundo","status":"publish","type":"post","link":"https:\/\/www.pressenza.com\/es\/2009\/11\/xx-el-muro-por-la-paz-xx-x-500-artistas-de-diferentes-continentes-haran-el-graffiti-mas-largo-del-mundo\/","title":{"rendered":"\u00ab El muro por la paz \u00bb : 500 artistas de diferentes continentes har\u00e1n el graffiti m\u00e1s largo del mundo"},"content":{"rendered":"<p>En noviembre de 1989, el muro de Berl\u00edn volaba en pedazos y, al mismo tiempo, los miles de graffitis realizados desde 1961 por artistas comprometidos, venidos de los cuatro continentes del planeta, para cubrirlo con el objetivo de denunciar su presencia.<br \/>\nExactamente veinte a\u00f1os despu\u00e9s, en noviembre de 2009, se seguir\u00e1 tratando de un muro, pero esta vez, no de un muro de la verg\u00fcenza, que algunos llamaban \u201cla muralla\u201d, si no de un muro de la Paz, portador de esperanza.<\/p>\n<p>\u00bfDe qu\u00e9 se trata ? De la iniciativa de un grupo de j\u00f3venes del Centro Cultural Siembra Arte, de la comuna de Pe\u00f1alol\u00e9n, en Santiago de Chile. El alcalde, Se\u00f1or Claudio Orrego Larrain, adhiri\u00f3 a la Marcha Mundial por la Paz y la No Violencia y los j\u00f3venes est\u00e1n en contacto con la asociaci\u00f3n Mundo sin guerras que es la promotora.  Gracias al entusiasmo y la persuasi\u00f3n, estos j\u00f3venes obtuvieron que la municipalidad pusiera a su disposici\u00f3n un largo muro de una avenida de la ciudad que bordea vi\u00f1as. <\/p>\n<p>El proyecto consiste en cubrir este muro de 1.000 metros de largo, con obras pict\u00f3ricas sobre un tema com\u00fan: la paz, la no-violencia y el desarme nuclear. \u00a1Algo nunca antes visto!&#8230; En el mismo \u00e1mbito, el actual r\u00e9cord Guiness fue otorgado en 2007 a un muro de 700 metros realizado en Espa\u00f1a. Aunque esta no es ni remotamente la motivaci\u00f3n principal de los protagonistas, ese r\u00e9cord ser\u00e1 superado.<\/p>\n<p>De manera muy r\u00e1pida, las redes de grafiteros se activan, las primeras reuniones movilizan \u201cjefes de tribus\u201d y artistas aut\u00f3nomos, responsables de Mundo sin Guerras coordinan la log\u00edstica, las energ\u00edas se re\u00fanen. Resultado: m\u00e1s de 500 personas inscritas, en su mayor\u00eda j\u00f3venes, provenientes de todo Chile y tambi\u00e9n de Argentina, Brasil, Per\u00fa, Paraguay, Costa Rica, M\u00e9xico, Espa\u00f1a, Francia y Canad\u00e1, para cubrir el muro durante los d\u00edas 13, 14 y 15 de noviembre. <\/p>\n<p>Adem\u00e1s de los 500 artistas, unos cien voluntarios se movilizan alrededor del proyecto, bajo el auspicio de la municipalidad. As\u00ed, para cubrir 2.000 m2, har\u00e1n falta aproximadamente 2.000 litros de pintura, ofrecidos por la sociedad Sherwin Williams\u2026 y por supuesto, el evento se llevar\u00e1 a cabo bajo la mirada de la poblaci\u00f3n local.<br \/>\nEl graffiti es un arte que molesta, provocador, rebelde, usualmente incorrecto a nivel pol\u00edtico y que apunta a la sociedad enferma. Incomoda sobretodo porque est\u00e1 a la vista de todos, en la calle. No es sorprendente que algunos se opongan a considerarlo como un arte, prefiriendo calificarlo de vandalismo. Sin duda, estas personas son adeptas o funcionarios de la publicidad as\u00e9ptica, que tambi\u00e9n se encuentra sobre nuestras paredes, ant\u00edtesis del arte, con una \u00fanica misi\u00f3n: transportarnos hacia los lugares de consumo. <\/p>\n<p>La funci\u00f3n del arte es al menos triple: primero, el artista saca fuera de s\u00ed sus propios contenidos y as\u00ed se libera de ellos de manera cat\u00e1rtica, provocando una identificaci\u00f3n del observador que reconoce esos mismos contenidos en s\u00ed mismo; el artista puede entonces transferir sus propios contenidos manifestando fuera de s\u00ed nuevos mundos, creados integralmente, frutos de una madurez, de una especie de alquimia y provocando una adhesi\u00f3n del observador que percibe la comprensi\u00f3n del artista pues tambi\u00e9n es la suya; y finalmente, el artista, mediante sus producciones, puede permitir trascender hacia espacios nuevos, desconocidos, encontrando un eco en el observador en b\u00fasqueda de lo que tambi\u00e9n hay de muy profundo en s\u00ed mismo. <\/p>\n<p>Si el graffiti incomoda, tambi\u00e9n es la prueba de que est\u00e1 vivo. En su obra Graffiti, regularmente reeditada desde 1960, Brassa\u00ef habla de Arte Marginal, primitivo, ef\u00edmero, del que Picasso participaba. Guernica, fresco monumental de 3 metros y medio por casi 8 metros, se convirti\u00f3 en la obra de referencia para denunciar la guerra. De esta manera, precursor de los grafiteros, el mismo Picasso tambi\u00e9n provocaba cuando, durante la segunda guerra mundial, a un embajador nazi que le preguntaba: \u201c\u00bfFue usted quien hizo Guernica?\u201d, el respondi\u00f3: \u201c\u00a1No, fue usted!\u201d. <\/p>\n<p>Efectivamente, el arte tiene por funci\u00f3n de remitir a s\u00ed mismo y a veces eso hace da\u00f1o, como lo expresan ciertos grafiteros que califican sus pinturas de quemadura.  <\/p>\n<p>Los arque\u00f3logos dudan en considerar como graffiti todas las pinturas prehist\u00f3ricas de Lascaux. No obstante, se trata de murales, sin duda los primeros de la humanidad. Pero \u00bfQui\u00e9n sabe c\u00f3mo se habr\u00e1 considerado a los autores hace 16.000 a\u00f1os? \u00bfComo v\u00e1ndalos, locos, magos, iluminados? \u00bfContribuyeron ellos a permitirle al hombre de las cavernas dar un paso m\u00e1s en su evoluci\u00f3n?<br \/>\nNos maravillamos frente al Juicio final, fresco de 20 metros de alto por 10 metros de largo, pintado por Miguel \u00c1ngel hacia 1515, sobre el muro de la Capilla Sixtina en el Vaticano. No nos dicen que para la \u00e9poca el fresco hizo esc\u00e1ndalo, debido a los 400 personajes que en \u00e9l son representados, completamente desnudos.<br \/>\nMientras que Miguel \u00c1ngel recib\u00eda sus pedidos del papado, el mejicano Diego Rivera, figura emblem\u00e1tica del muralismo a principios del siglo XX, no solamente ataca a la iglesia y al clero en sus obras, si no que tambi\u00e9n supo contar con pinturas muy coloridas, la historia del pueblo mejicano, colonizado durante mucho tiempo.  <\/p>\n<p>El graffiti est\u00e1 presente en los momentos fuertes de la historia.   Encontramos sus huellas en el Valle de los Reyes, en Egipto; en Tikal en Guatemala, uno de los principales sitios arqueol\u00f3gicos mayas; en Turqu\u00eda, con el alfabeto r\u00fanico utilizado por los antiguos pueblos anglosajones; o en los Var\u00e8gue, esos Vikingos de Dinamarca y de Suecia; en Constantinopla, en las catacumbas romanas, sobre las paredes de las c\u00e1rceles de la torre de Crest, en Francia, donde, hacia 1850, los protestantes eran encerrados por razones religiosas o pol\u00edticas; durante las revoluciones; bajo la ocupaci\u00f3n (Reichstag cubierto de graffitis por las tropas rusas); durante la guerra de Argelia; en el mayo franc\u00e9s de 1968; m\u00e1s recientemente en el metro de Nueva York; sobre las paredes de Hiroshima, etc. <\/p>\n<p>El graffiti no es solamente una rebeli\u00f3n, tambi\u00e9n puede ser un camino, una invitaci\u00f3n a pensar, a ver de otra manera, un pasaje a otra realidad, una invitaci\u00f3n a salir de los marcos establecidos. En todo caso, esta forma de expresi\u00f3n no deja a nadie indiferente. As\u00ed por ejemplo, recientemente, el pasado abril, en el Gran Palacio de Par\u00eds, la primera exposici\u00f3n internacional de graffiti recibi\u00f3 a m\u00e1s de 80.000 mil visitantes en un mes. <\/p>\n<p>\u00a1Felicitemos anticipadamente a estos 500 grafiteros que deber\u00edan darnos un gran respiro, pues hay que abrir nuevas ventanas en este mundo que se vuelve sofocante!&#8230;<br \/>\n\u00bfQu\u00e9 nos van a decir estos j\u00f3venes a trav\u00e9s de sus miradas y de sus sensibilidades, con frecuencia a flor de piel? \u00bfHacia qu\u00e9 nos van a dirigir sus obras? \u00bfQu\u00e9 quiere decir la paz para ellos? \u00bfA qu\u00e9 paz nos remitir\u00e1 su pintura? \u00bfC\u00f3mo expresar\u00e1n su rechazo de la violencia? \u00bfNos incitar\u00e1 a adoptar definitivamente una actitud no violenta? \u00bfC\u00f3mo van a mostrar el monstruo nuclear? \u00bfQu\u00e9 toma de conciencia van a despertar en nosotros? <\/p>\n<p>Felicitemos esta audaz manifestaci\u00f3n cultural que consiste en volver tangible un pensamiento y un sentimiento colectivo que parece decir: \u00a1Cuidado, el mundo debe cambiar; cuidado, nosotros debemos cambiar! <\/p>\n<p>Traducci\u00f3n: Gabriela Valera Ram\u00edrez<\/p>\n","protected":false},"excerpt":{"rendered":"<p>Los artistas cubrir\u00e1n de obras pict\u00f3ricas un muro de 1.000 metros de largo, ubicado en Santiago de Chile, sobre los temas de la paz, la no violencia y el desarme nuclear. \u00a1Algo nunca antes visto!&#8230; El actual r\u00e9cord Guiness, otorgado en 2007 a un muro de 700 metros realizado en Espa\u00f1a, no es ni remotamente la motivaci\u00f3n principal de los protagonistas, pero ser\u00e1 superado<\/p>\n","protected":false},"author":19,"featured_media":0,"comment_status":"closed","ping_status":"open","sticky":false,"template":"","format":"standard","meta":{"footnotes":""},"categories":[75,66,39,161],"tags":[],"class_list":["post-2051","post","type-post","status-publish","format-standard","hentry","category-cultura-es","category-europa-es","category-internacional","category-opiniones"],"yoast_head":"<!-- This site is optimized with the Yoast SEO plugin v27.1.1 - https:\/\/yoast.com\/product\/yoast-seo-wordpress\/ -->\n<title>\u00ab El muro por la paz \u00bb : 500 artistas de diferentes continentes har\u00e1n el graffiti m\u00e1s largo del mundo<\/title>\n<meta name=\"description\" content=\"Los artistas cubrir\u00e1n de obras pict\u00f3ricas un muro de 1.000 metros de largo, ubicado en Santiago de Chile, sobre los temas de la paz, la no violencia y el desarme nuclear. \u00a1Algo nunca antes visto!... El actual r\u00e9cord Guiness, otorgado en 2007 a un muro de 700 metros realizado en Espa\u00f1a, no es ni remotamente la motivaci\u00f3n principal de los protagonistas, pero ser\u00e1 superado\" \/>\n<meta name=\"robots\" content=\"index, follow, max-snippet:-1, max-image-preview:large, max-video-preview:-1\" \/>\n<link rel=\"canonical\" href=\"https:\/\/www.pressenza.com\/es\/2009\/11\/xx-el-muro-por-la-paz-xx-x-500-artistas-de-diferentes-continentes-haran-el-graffiti-mas-largo-del-mundo\/\" \/>\n<meta property=\"og:locale\" content=\"es_ES\" \/>\n<meta property=\"og:type\" content=\"article\" \/>\n<meta property=\"og:title\" content=\"\u00ab El muro por la paz \u00bb : 500 artistas de diferentes continentes har\u00e1n el graffiti m\u00e1s largo del mundo\" \/>\n<meta property=\"og:description\" content=\"Los artistas cubrir\u00e1n de obras pict\u00f3ricas un muro de 1.000 metros de largo, ubicado en Santiago de Chile, sobre los temas de la paz, la no violencia y el desarme nuclear. \u00a1Algo nunca antes visto!... El actual r\u00e9cord Guiness, otorgado en 2007 a un muro de 700 metros realizado en Espa\u00f1a, no es ni remotamente la motivaci\u00f3n principal de los protagonistas, pero ser\u00e1 superado\" \/>\n<meta property=\"og:url\" content=\"https:\/\/www.pressenza.com\/es\/2009\/11\/xx-el-muro-por-la-paz-xx-x-500-artistas-de-diferentes-continentes-haran-el-graffiti-mas-largo-del-mundo\/\" \/>\n<meta property=\"og:site_name\" content=\"Pressenza\" \/>\n<meta property=\"article:publisher\" content=\"https:\/\/www.facebook.com\/PressenzaItalia\" \/>\n<meta property=\"article:author\" content=\"https:\/\/www.facebook.com\/pressenza\" \/>\n<meta property=\"article:published_time\" content=\"2009-11-04T00:00:00+00:00\" \/>\n<meta property=\"article:modified_time\" content=\"2009-11-05T21:43:28+00:00\" \/>\n<meta name=\"author\" content=\"Pressenza IPA\" \/>\n<meta name=\"twitter:card\" content=\"summary_large_image\" \/>\n<meta name=\"twitter:creator\" content=\"@PressenzaIPA\" \/>\n<meta name=\"twitter:site\" content=\"@PressenzaIPA\" \/>\n<meta name=\"twitter:label1\" content=\"Escrito por\" \/>\n\t<meta name=\"twitter:data1\" content=\"Pressenza IPA\" \/>\n\t<meta name=\"twitter:label2\" content=\"Tiempo de lectura\" \/>\n\t<meta name=\"twitter:data2\" content=\"6 minutos\" \/>\n<script type=\"application\/ld+json\" class=\"yoast-schema-graph\">{\"@context\":\"https:\/\/schema.org\",\"@graph\":[{\"@type\":\"Article\",\"@id\":\"https:\/\/www.pressenza.com\/es\/2009\/11\/xx-el-muro-por-la-paz-xx-x-500-artistas-de-diferentes-continentes-haran-el-graffiti-mas-largo-del-mundo\/#article\",\"isPartOf\":{\"@id\":\"https:\/\/www.pressenza.com\/es\/2009\/11\/xx-el-muro-por-la-paz-xx-x-500-artistas-de-diferentes-continentes-haran-el-graffiti-mas-largo-del-mundo\/\"},\"author\":{\"name\":\"Pressenza IPA\",\"@id\":\"https:\/\/www.pressenza.com\/es\/#\/schema\/person\/010e5d02bcf40965427a1289a4cc8d75\"},\"headline\":\"\u00ab El muro por la paz \u00bb : 500 artistas de diferentes continentes har\u00e1n el graffiti m\u00e1s largo del mundo\",\"datePublished\":\"2009-11-04T00:00:00+00:00\",\"dateModified\":\"2009-11-05T21:43:28+00:00\",\"mainEntityOfPage\":{\"@id\":\"https:\/\/www.pressenza.com\/es\/2009\/11\/xx-el-muro-por-la-paz-xx-x-500-artistas-de-diferentes-continentes-haran-el-graffiti-mas-largo-del-mundo\/\"},\"wordCount\":1264,\"publisher\":{\"@id\":\"https:\/\/www.pressenza.com\/es\/#organization\"},\"articleSection\":[\"Cultura y Medios\",\"Europa\",\"Internacional\",\"Opiniones\"],\"inLanguage\":\"es\"},{\"@type\":\"WebPage\",\"@id\":\"https:\/\/www.pressenza.com\/es\/2009\/11\/xx-el-muro-por-la-paz-xx-x-500-artistas-de-diferentes-continentes-haran-el-graffiti-mas-largo-del-mundo\/\",\"url\":\"https:\/\/www.pressenza.com\/es\/2009\/11\/xx-el-muro-por-la-paz-xx-x-500-artistas-de-diferentes-continentes-haran-el-graffiti-mas-largo-del-mundo\/\",\"name\":\"\u00ab El muro por la paz \u00bb : 500 artistas de diferentes continentes har\u00e1n el graffiti m\u00e1s largo del mundo\",\"isPartOf\":{\"@id\":\"https:\/\/www.pressenza.com\/es\/#website\"},\"datePublished\":\"2009-11-04T00:00:00+00:00\",\"dateModified\":\"2009-11-05T21:43:28+00:00\",\"description\":\"Los artistas cubrir\u00e1n de obras pict\u00f3ricas un muro de 1.000 metros de largo, ubicado en Santiago de Chile, sobre los temas de la paz, la no violencia y el desarme nuclear. \u00a1Algo nunca antes visto!... El actual r\u00e9cord Guiness, otorgado en 2007 a un muro de 700 metros realizado en Espa\u00f1a, no es ni remotamente la motivaci\u00f3n principal de los protagonistas, pero ser\u00e1 superado\",\"breadcrumb\":{\"@id\":\"https:\/\/www.pressenza.com\/es\/2009\/11\/xx-el-muro-por-la-paz-xx-x-500-artistas-de-diferentes-continentes-haran-el-graffiti-mas-largo-del-mundo\/#breadcrumb\"},\"inLanguage\":\"es\",\"potentialAction\":[{\"@type\":\"ReadAction\",\"target\":[\"https:\/\/www.pressenza.com\/es\/2009\/11\/xx-el-muro-por-la-paz-xx-x-500-artistas-de-diferentes-continentes-haran-el-graffiti-mas-largo-del-mundo\/\"]}]},{\"@type\":\"BreadcrumbList\",\"@id\":\"https:\/\/www.pressenza.com\/es\/2009\/11\/xx-el-muro-por-la-paz-xx-x-500-artistas-de-diferentes-continentes-haran-el-graffiti-mas-largo-del-mundo\/#breadcrumb\",\"itemListElement\":[{\"@type\":\"ListItem\",\"position\":1,\"name\":\"Accueil\",\"item\":\"https:\/\/www.pressenza.com\/es\/\"},{\"@type\":\"ListItem\",\"position\":2,\"name\":\"\u00ab El muro por la paz \u00bb : 500 artistas de diferentes continentes har\u00e1n el graffiti m\u00e1s largo del mundo\"}]},{\"@type\":\"WebSite\",\"@id\":\"https:\/\/www.pressenza.com\/es\/#website\",\"url\":\"https:\/\/www.pressenza.com\/es\/\",\"name\":\"Pressenza\",\"description\":\"International Press Agency\",\"publisher\":{\"@id\":\"https:\/\/www.pressenza.com\/es\/#organization\"},\"potentialAction\":[{\"@type\":\"SearchAction\",\"target\":{\"@type\":\"EntryPoint\",\"urlTemplate\":\"https:\/\/www.pressenza.com\/es\/?s={search_term_string}\"},\"query-input\":{\"@type\":\"PropertyValueSpecification\",\"valueRequired\":true,\"valueName\":\"search_term_string\"}}],\"inLanguage\":\"es\"},{\"@type\":\"Organization\",\"@id\":\"https:\/\/www.pressenza.com\/es\/#organization\",\"name\":\"Pressenza\",\"url\":\"https:\/\/www.pressenza.com\/es\/\",\"logo\":{\"@type\":\"ImageObject\",\"inLanguage\":\"es\",\"@id\":\"https:\/\/www.pressenza.com\/es\/#\/schema\/logo\/image\/\",\"url\":\"https:\/\/www.pressenza.com\/wp-content\/uploads\/2022\/10\/pressenza_logo_200x200.jpg\",\"contentUrl\":\"https:\/\/www.pressenza.com\/wp-content\/uploads\/2022\/10\/pressenza_logo_200x200.jpg\",\"width\":200,\"height\":200,\"caption\":\"Pressenza\"},\"image\":{\"@id\":\"https:\/\/www.pressenza.com\/es\/#\/schema\/logo\/image\/\"},\"sameAs\":[\"https:\/\/www.facebook.com\/PressenzaItalia\",\"https:\/\/x.com\/PressenzaIPA\"]},{\"@type\":\"Person\",\"@id\":\"https:\/\/www.pressenza.com\/es\/#\/schema\/person\/010e5d02bcf40965427a1289a4cc8d75\",\"name\":\"Pressenza IPA\",\"description\":\"News from Pressenza IPA correspondents\",\"sameAs\":[\"https:\/\/www.facebook.com\/pressenza\",\"https:\/\/x.com\/PressenzaIPA\"],\"url\":\"https:\/\/www.pressenza.com\/es\/author\/pressenza-ipa\/\"}]}<\/script>\n<!-- \/ Yoast SEO plugin. -->","yoast_head_json":{"title":"\u00ab El muro por la paz \u00bb : 500 artistas de diferentes continentes har\u00e1n el graffiti m\u00e1s largo del mundo","description":"Los artistas cubrir\u00e1n de obras pict\u00f3ricas un muro de 1.000 metros de largo, ubicado en Santiago de Chile, sobre los temas de la paz, la no violencia y el desarme nuclear. \u00a1Algo nunca antes visto!... El actual r\u00e9cord Guiness, otorgado en 2007 a un muro de 700 metros realizado en Espa\u00f1a, no es ni remotamente la motivaci\u00f3n principal de los protagonistas, pero ser\u00e1 superado","robots":{"index":"index","follow":"follow","max-snippet":"max-snippet:-1","max-image-preview":"max-image-preview:large","max-video-preview":"max-video-preview:-1"},"canonical":"https:\/\/www.pressenza.com\/es\/2009\/11\/xx-el-muro-por-la-paz-xx-x-500-artistas-de-diferentes-continentes-haran-el-graffiti-mas-largo-del-mundo\/","og_locale":"es_ES","og_type":"article","og_title":"\u00ab El muro por la paz \u00bb : 500 artistas de diferentes continentes har\u00e1n el graffiti m\u00e1s largo del mundo","og_description":"Los artistas cubrir\u00e1n de obras pict\u00f3ricas un muro de 1.000 metros de largo, ubicado en Santiago de Chile, sobre los temas de la paz, la no violencia y el desarme nuclear. \u00a1Algo nunca antes visto!... El actual r\u00e9cord Guiness, otorgado en 2007 a un muro de 700 metros realizado en Espa\u00f1a, no es ni remotamente la motivaci\u00f3n principal de los protagonistas, pero ser\u00e1 superado","og_url":"https:\/\/www.pressenza.com\/es\/2009\/11\/xx-el-muro-por-la-paz-xx-x-500-artistas-de-diferentes-continentes-haran-el-graffiti-mas-largo-del-mundo\/","og_site_name":"Pressenza","article_publisher":"https:\/\/www.facebook.com\/PressenzaItalia","article_author":"https:\/\/www.facebook.com\/pressenza","article_published_time":"2009-11-04T00:00:00+00:00","article_modified_time":"2009-11-05T21:43:28+00:00","author":"Pressenza IPA","twitter_card":"summary_large_image","twitter_creator":"@PressenzaIPA","twitter_site":"@PressenzaIPA","twitter_misc":{"Escrito por":"Pressenza IPA","Tiempo de lectura":"6 minutos"},"schema":{"@context":"https:\/\/schema.org","@graph":[{"@type":"Article","@id":"https:\/\/www.pressenza.com\/es\/2009\/11\/xx-el-muro-por-la-paz-xx-x-500-artistas-de-diferentes-continentes-haran-el-graffiti-mas-largo-del-mundo\/#article","isPartOf":{"@id":"https:\/\/www.pressenza.com\/es\/2009\/11\/xx-el-muro-por-la-paz-xx-x-500-artistas-de-diferentes-continentes-haran-el-graffiti-mas-largo-del-mundo\/"},"author":{"name":"Pressenza IPA","@id":"https:\/\/www.pressenza.com\/es\/#\/schema\/person\/010e5d02bcf40965427a1289a4cc8d75"},"headline":"\u00ab El muro por la paz \u00bb : 500 artistas de diferentes continentes har\u00e1n el graffiti m\u00e1s largo del mundo","datePublished":"2009-11-04T00:00:00+00:00","dateModified":"2009-11-05T21:43:28+00:00","mainEntityOfPage":{"@id":"https:\/\/www.pressenza.com\/es\/2009\/11\/xx-el-muro-por-la-paz-xx-x-500-artistas-de-diferentes-continentes-haran-el-graffiti-mas-largo-del-mundo\/"},"wordCount":1264,"publisher":{"@id":"https:\/\/www.pressenza.com\/es\/#organization"},"articleSection":["Cultura y Medios","Europa","Internacional","Opiniones"],"inLanguage":"es"},{"@type":"WebPage","@id":"https:\/\/www.pressenza.com\/es\/2009\/11\/xx-el-muro-por-la-paz-xx-x-500-artistas-de-diferentes-continentes-haran-el-graffiti-mas-largo-del-mundo\/","url":"https:\/\/www.pressenza.com\/es\/2009\/11\/xx-el-muro-por-la-paz-xx-x-500-artistas-de-diferentes-continentes-haran-el-graffiti-mas-largo-del-mundo\/","name":"\u00ab El muro por la paz \u00bb : 500 artistas de diferentes continentes har\u00e1n el graffiti m\u00e1s largo del mundo","isPartOf":{"@id":"https:\/\/www.pressenza.com\/es\/#website"},"datePublished":"2009-11-04T00:00:00+00:00","dateModified":"2009-11-05T21:43:28+00:00","description":"Los artistas cubrir\u00e1n de obras pict\u00f3ricas un muro de 1.000 metros de largo, ubicado en Santiago de Chile, sobre los temas de la paz, la no violencia y el desarme nuclear. \u00a1Algo nunca antes visto!... El actual r\u00e9cord Guiness, otorgado en 2007 a un muro de 700 metros realizado en Espa\u00f1a, no es ni remotamente la motivaci\u00f3n principal de los protagonistas, pero ser\u00e1 superado","breadcrumb":{"@id":"https:\/\/www.pressenza.com\/es\/2009\/11\/xx-el-muro-por-la-paz-xx-x-500-artistas-de-diferentes-continentes-haran-el-graffiti-mas-largo-del-mundo\/#breadcrumb"},"inLanguage":"es","potentialAction":[{"@type":"ReadAction","target":["https:\/\/www.pressenza.com\/es\/2009\/11\/xx-el-muro-por-la-paz-xx-x-500-artistas-de-diferentes-continentes-haran-el-graffiti-mas-largo-del-mundo\/"]}]},{"@type":"BreadcrumbList","@id":"https:\/\/www.pressenza.com\/es\/2009\/11\/xx-el-muro-por-la-paz-xx-x-500-artistas-de-diferentes-continentes-haran-el-graffiti-mas-largo-del-mundo\/#breadcrumb","itemListElement":[{"@type":"ListItem","position":1,"name":"Accueil","item":"https:\/\/www.pressenza.com\/es\/"},{"@type":"ListItem","position":2,"name":"\u00ab El muro por la paz \u00bb : 500 artistas de diferentes continentes har\u00e1n el graffiti m\u00e1s largo del mundo"}]},{"@type":"WebSite","@id":"https:\/\/www.pressenza.com\/es\/#website","url":"https:\/\/www.pressenza.com\/es\/","name":"Pressenza","description":"International Press Agency","publisher":{"@id":"https:\/\/www.pressenza.com\/es\/#organization"},"potentialAction":[{"@type":"SearchAction","target":{"@type":"EntryPoint","urlTemplate":"https:\/\/www.pressenza.com\/es\/?s={search_term_string}"},"query-input":{"@type":"PropertyValueSpecification","valueRequired":true,"valueName":"search_term_string"}}],"inLanguage":"es"},{"@type":"Organization","@id":"https:\/\/www.pressenza.com\/es\/#organization","name":"Pressenza","url":"https:\/\/www.pressenza.com\/es\/","logo":{"@type":"ImageObject","inLanguage":"es","@id":"https:\/\/www.pressenza.com\/es\/#\/schema\/logo\/image\/","url":"https:\/\/www.pressenza.com\/wp-content\/uploads\/2022\/10\/pressenza_logo_200x200.jpg","contentUrl":"https:\/\/www.pressenza.com\/wp-content\/uploads\/2022\/10\/pressenza_logo_200x200.jpg","width":200,"height":200,"caption":"Pressenza"},"image":{"@id":"https:\/\/www.pressenza.com\/es\/#\/schema\/logo\/image\/"},"sameAs":["https:\/\/www.facebook.com\/PressenzaItalia","https:\/\/x.com\/PressenzaIPA"]},{"@type":"Person","@id":"https:\/\/www.pressenza.com\/es\/#\/schema\/person\/010e5d02bcf40965427a1289a4cc8d75","name":"Pressenza IPA","description":"News from Pressenza IPA correspondents","sameAs":["https:\/\/www.facebook.com\/pressenza","https:\/\/x.com\/PressenzaIPA"],"url":"https:\/\/www.pressenza.com\/es\/author\/pressenza-ipa\/"}]}},"place":"Paris","original_article_url":"","_links":{"self":[{"href":"https:\/\/www.pressenza.com\/es\/wp-json\/wp\/v2\/posts\/2051","targetHints":{"allow":["GET"]}}],"collection":[{"href":"https:\/\/www.pressenza.com\/es\/wp-json\/wp\/v2\/posts"}],"about":[{"href":"https:\/\/www.pressenza.com\/es\/wp-json\/wp\/v2\/types\/post"}],"author":[{"embeddable":true,"href":"https:\/\/www.pressenza.com\/es\/wp-json\/wp\/v2\/users\/19"}],"replies":[{"embeddable":true,"href":"https:\/\/www.pressenza.com\/es\/wp-json\/wp\/v2\/comments?post=2051"}],"version-history":[{"count":0,"href":"https:\/\/www.pressenza.com\/es\/wp-json\/wp\/v2\/posts\/2051\/revisions"}],"wp:attachment":[{"href":"https:\/\/www.pressenza.com\/es\/wp-json\/wp\/v2\/media?parent=2051"}],"wp:term":[{"taxonomy":"category","embeddable":true,"href":"https:\/\/www.pressenza.com\/es\/wp-json\/wp\/v2\/categories?post=2051"},{"taxonomy":"post_tag","embeddable":true,"href":"https:\/\/www.pressenza.com\/es\/wp-json\/wp\/v2\/tags?post=2051"}],"curies":[{"name":"wp","href":"https:\/\/api.w.org\/{rel}","templated":true}]}}