{"id":204799,"date":"2015-07-22T16:28:12","date_gmt":"2015-07-22T15:28:12","guid":{"rendered":"http:\/\/www.pressenza.com\/?p=204799"},"modified":"2015-07-22T16:28:12","modified_gmt":"2015-07-22T15:28:12","slug":"comunicacion-popular-para-la-integracion-continental","status":"publish","type":"post","link":"https:\/\/www.pressenza.com\/es\/2015\/07\/comunicacion-popular-para-la-integracion-continental\/","title":{"rendered":"Comunicaci\u00f3n popular para la integraci\u00f3n continental"},"content":{"rendered":"<p><em>Por Eddy Salinas Alba<\/em><\/p>\n<p>No se puede hablar de integraci\u00f3n regional sin involucrar a la comunicaci\u00f3n y la comunicaci\u00f3n desde lo peque\u00f1o y cercano es la base para objetivos mayores. Seg\u00fan Eduardo Guerrero, miembro de la Coordinadora de Medios Populares del Ecuador (Corape),  para este planteamiento es necesario que se democratice la comunicaci\u00f3n, lo cual significa participaci\u00f3n de las comunidades como un ejercicio de derechos.<\/p>\n<p>El Foro Comunicaci\u00f3n para la Integraci\u00f3n de Nuestra Am\u00e9rica organiz\u00f3 el conversatorio Medios Populares Construyendo La Patria Grande, cumplido en CIESPAL Quito, como antesala al congreso Comunicaci\u00f3n e Integraci\u00f3n Latinoamericana Desde y Hacia el Sur. En este dialogo se demostr\u00f3 que la comunicaci\u00f3n comunitaria es necesaria para la construcci\u00f3n de la \u2018Patria Grande\u2019 desde los peque\u00f1os procesos de comunicaci\u00f3n.<\/p>\n<p>Nelsy Lizarazo, representante de Pressenza en Ecuador y Colombia, expres\u00f3 que el futuro com\u00fan es trabajar por la integraci\u00f3n de Latinoam\u00e9rica y el Caribe: \u201cEl proceso de integraci\u00f3n requiere no solo instancias interinstitucionales\u201d, por ello dentro de la comunicaci\u00f3n comunitaria y global es  urgente despertar sue\u00f1os y aspiraciones de hermandad en los p\u00fablicos.<br \/>\nLizarazo afirm\u00f3 que el cumplimiento de los derechos humanos se convierte en beneficios compartidos en las sociedades. Con ella coincidi\u00f3 Dolores Arce, del Centro de Producci\u00f3n Radiof\u00f3nica de Bolivia (CEPRA), quien defendi\u00f3 la comunicaci\u00f3n comunitaria como una prioridad para el proceso integracionista.<\/p>\n<p>Arce enunci\u00f3 los logros que su pa\u00eds ha obtenido en pol\u00edticas comunicacionales y legislaci\u00f3n desde el Estado. Por ejemplo la redistribuci\u00f3n de frecuencias que incluye a sectores campesinos, ind\u00edgenas, organizaciones con el 34 % del espectro radioel\u00e9ctrico y la acreditaci\u00f3n a comunicadores de estos sectores.<\/p>\n<p>Ante esto, Ignacio L\u00f3pez Vigil, del colectivo Radialistas Apasionadas y Apasionados, expres\u00f3 que Ecuador deber\u00eda emular estas experiencias de Bolivia, en espec\u00edfico con el art\u00edculo 42 de la Ley de Comunicaci\u00f3n que implica la profesionalizaci\u00f3n de los comunicadores para espacios informativos. En el caso de las comunidades esto se convierte en una barrera. Seg\u00fan Vigil, el Estado colombiano ha entregado m\u00e1s de 600 frecuencias comunitarias \u201ca pesar de un Gobierno de derecha\u201d. <\/p>\n<p>Gerly Corzo es oriunda de Santander (norte de Colombia) y estudia su posgrado en comunicaci\u00f3n. A su criterio la entrega de frecuencias a las organizaciones sociales no es suficiente. \u201cEn mi pa\u00eds existen medios p\u00fablicos y comunitarios que para permanecer al aire se han convertido en privados (por la venta de publicidad)\u201d.<\/p>\n<p>En este punto coincide Arce, y lo plante\u00f3 como tarea pendiente encontrar un sistema que permita una estabilidad en recursos econ\u00f3micos y humanos en estos medios. Esta realidad se dar\u00eda en toda la regi\u00f3n.<\/p>\n","protected":false},"excerpt":{"rendered":"<p>Por Eddy Salinas Alba No se puede hablar de integraci\u00f3n regional sin involucrar a la comunicaci\u00f3n y la comunicaci\u00f3n desde lo peque\u00f1o y cercano es la base para objetivos mayores. Seg\u00fan Eduardo Guerrero, miembro de la Coordinadora de Medios Populares&hellip;<\/p>\n","protected":false},"author":1011,"featured_media":204800,"comment_status":"closed","ping_status":"open","sticky":false,"template":"","format":"standard","meta":{"footnotes":""},"categories":[69,76,11389,75,74,67],"tags":[4581,18168,14640],"class_list":["post-204799","post","type-post","status-publish","format-standard","has-post-thumbnail","hentry","category-america-central","category-relaciones-exteriores","category-contenido-original","category-cultura-es","category-politica-es","category-sudamerica","tag-comunicacion","tag-derecho-a-la-comunicacion","tag-integracion-latinoamericana"],"yoast_head":"<!-- This site is optimized with the Yoast SEO plugin v27.1.1 - https:\/\/yoast.com\/product\/yoast-seo-wordpress\/ -->\n<title>Comunicaci\u00f3n popular para la integraci\u00f3n continental<\/title>\n<meta name=\"description\" content=\"Por Eddy Salinas Alba No se puede hablar de integraci\u00f3n regional sin involucrar a la comunicaci\u00f3n y la comunicaci\u00f3n desde lo peque\u00f1o y cercano es la base\" \/>\n<meta name=\"robots\" content=\"index, follow, max-snippet:-1, max-image-preview:large, max-video-preview:-1\" \/>\n<link rel=\"canonical\" href=\"https:\/\/www.pressenza.com\/es\/2015\/07\/comunicacion-popular-para-la-integracion-continental\/\" \/>\n<meta property=\"og:locale\" content=\"es_ES\" \/>\n<meta property=\"og:type\" content=\"article\" \/>\n<meta property=\"og:title\" content=\"Comunicaci\u00f3n popular para la integraci\u00f3n continental\" \/>\n<meta property=\"og:description\" content=\"Por Eddy Salinas Alba No se puede hablar de integraci\u00f3n regional sin involucrar a la comunicaci\u00f3n y la comunicaci\u00f3n desde lo peque\u00f1o y cercano es la base\" \/>\n<meta property=\"og:url\" content=\"https:\/\/www.pressenza.com\/es\/2015\/07\/comunicacion-popular-para-la-integracion-continental\/\" \/>\n<meta property=\"og:site_name\" content=\"Pressenza\" \/>\n<meta property=\"article:publisher\" content=\"https:\/\/www.facebook.com\/PressenzaItalia\" \/>\n<meta property=\"article:published_time\" content=\"2015-07-22T15:28:12+00:00\" \/>\n<meta property=\"og:image\" content=\"https:\/\/www.pressenza.com\/wp-content\/uploads\/2015\/07\/NuestrAm--rica-06.jpg\" \/>\n\t<meta property=\"og:image:width\" content=\"3379\" \/>\n\t<meta property=\"og:image:height\" content=\"2534\" \/>\n\t<meta property=\"og:image:type\" content=\"image\/jpeg\" \/>\n<meta name=\"author\" content=\"Redacci\u00f3n Ecuador\" \/>\n<meta name=\"twitter:card\" content=\"summary_large_image\" \/>\n<meta name=\"twitter:creator\" content=\"@PressenzaIPA\" \/>\n<meta name=\"twitter:site\" content=\"@PressenzaIPA\" \/>\n<meta name=\"twitter:label1\" content=\"Escrito por\" \/>\n\t<meta name=\"twitter:data1\" content=\"Redacci\u00f3n Ecuador\" \/>\n\t<meta name=\"twitter:label2\" content=\"Tiempo de lectura\" \/>\n\t<meta name=\"twitter:data2\" content=\"2 minutos\" \/>\n<script type=\"application\/ld+json\" class=\"yoast-schema-graph\">{\"@context\":\"https:\/\/schema.org\",\"@graph\":[{\"@type\":\"Article\",\"@id\":\"https:\/\/www.pressenza.com\/es\/2015\/07\/comunicacion-popular-para-la-integracion-continental\/#article\",\"isPartOf\":{\"@id\":\"https:\/\/www.pressenza.com\/es\/2015\/07\/comunicacion-popular-para-la-integracion-continental\/\"},\"author\":{\"name\":\"Redacci\u00f3n Ecuador\",\"@id\":\"https:\/\/www.pressenza.com\/es\/#\/schema\/person\/883a735c40665759bcc6fe0c26bcb46f\"},\"headline\":\"Comunicaci\u00f3n popular para la integraci\u00f3n continental\",\"datePublished\":\"2015-07-22T15:28:12+00:00\",\"mainEntityOfPage\":{\"@id\":\"https:\/\/www.pressenza.com\/es\/2015\/07\/comunicacion-popular-para-la-integracion-continental\/\"},\"wordCount\":473,\"publisher\":{\"@id\":\"https:\/\/www.pressenza.com\/es\/#organization\"},\"image\":{\"@id\":\"https:\/\/www.pressenza.com\/es\/2015\/07\/comunicacion-popular-para-la-integracion-continental\/#primaryimage\"},\"thumbnailUrl\":\"https:\/\/www.pressenza.com\/wp-content\/uploads\/2015\/07\/NuestrAm--rica-06.jpg\",\"keywords\":[\"comunicaci\u00f3n\",\"Derecho a la comunicaci\u00f3n\",\"Integraci\u00f3n latinoamericana\"],\"articleSection\":[\"Am\u00e9rica Central\",\"Asuntos internacionales\",\"Contenido Original\",\"Cultura y Medios\",\"Pol\u00edtica\",\"Sudam\u00e9rica\"],\"inLanguage\":\"es\"},{\"@type\":\"WebPage\",\"@id\":\"https:\/\/www.pressenza.com\/es\/2015\/07\/comunicacion-popular-para-la-integracion-continental\/\",\"url\":\"https:\/\/www.pressenza.com\/es\/2015\/07\/comunicacion-popular-para-la-integracion-continental\/\",\"name\":\"Comunicaci\u00f3n popular para la integraci\u00f3n continental\",\"isPartOf\":{\"@id\":\"https:\/\/www.pressenza.com\/es\/#website\"},\"primaryImageOfPage\":{\"@id\":\"https:\/\/www.pressenza.com\/es\/2015\/07\/comunicacion-popular-para-la-integracion-continental\/#primaryimage\"},\"image\":{\"@id\":\"https:\/\/www.pressenza.com\/es\/2015\/07\/comunicacion-popular-para-la-integracion-continental\/#primaryimage\"},\"thumbnailUrl\":\"https:\/\/www.pressenza.com\/wp-content\/uploads\/2015\/07\/NuestrAm--rica-06.jpg\",\"datePublished\":\"2015-07-22T15:28:12+00:00\",\"description\":\"Por Eddy Salinas Alba No se puede hablar de integraci\u00f3n regional sin involucrar a la comunicaci\u00f3n y la comunicaci\u00f3n desde lo peque\u00f1o y cercano es la base\",\"breadcrumb\":{\"@id\":\"https:\/\/www.pressenza.com\/es\/2015\/07\/comunicacion-popular-para-la-integracion-continental\/#breadcrumb\"},\"inLanguage\":\"es\",\"potentialAction\":[{\"@type\":\"ReadAction\",\"target\":[\"https:\/\/www.pressenza.com\/es\/2015\/07\/comunicacion-popular-para-la-integracion-continental\/\"]}]},{\"@type\":\"ImageObject\",\"inLanguage\":\"es\",\"@id\":\"https:\/\/www.pressenza.com\/es\/2015\/07\/comunicacion-popular-para-la-integracion-continental\/#primaryimage\",\"url\":\"https:\/\/www.pressenza.com\/wp-content\/uploads\/2015\/07\/NuestrAm--rica-06.jpg\",\"contentUrl\":\"https:\/\/www.pressenza.com\/wp-content\/uploads\/2015\/07\/NuestrAm--rica-06.jpg\",\"width\":3379,\"height\":2534},{\"@type\":\"BreadcrumbList\",\"@id\":\"https:\/\/www.pressenza.com\/es\/2015\/07\/comunicacion-popular-para-la-integracion-continental\/#breadcrumb\",\"itemListElement\":[{\"@type\":\"ListItem\",\"position\":1,\"name\":\"Accueil\",\"item\":\"https:\/\/www.pressenza.com\/es\/\"},{\"@type\":\"ListItem\",\"position\":2,\"name\":\"Comunicaci\u00f3n popular para la integraci\u00f3n continental\"}]},{\"@type\":\"WebSite\",\"@id\":\"https:\/\/www.pressenza.com\/es\/#website\",\"url\":\"https:\/\/www.pressenza.com\/es\/\",\"name\":\"Pressenza\",\"description\":\"International Press Agency\",\"publisher\":{\"@id\":\"https:\/\/www.pressenza.com\/es\/#organization\"},\"potentialAction\":[{\"@type\":\"SearchAction\",\"target\":{\"@type\":\"EntryPoint\",\"urlTemplate\":\"https:\/\/www.pressenza.com\/es\/?s={search_term_string}\"},\"query-input\":{\"@type\":\"PropertyValueSpecification\",\"valueRequired\":true,\"valueName\":\"search_term_string\"}}],\"inLanguage\":\"es\"},{\"@type\":\"Organization\",\"@id\":\"https:\/\/www.pressenza.com\/es\/#organization\",\"name\":\"Pressenza\",\"url\":\"https:\/\/www.pressenza.com\/es\/\",\"logo\":{\"@type\":\"ImageObject\",\"inLanguage\":\"es\",\"@id\":\"https:\/\/www.pressenza.com\/es\/#\/schema\/logo\/image\/\",\"url\":\"https:\/\/www.pressenza.com\/wp-content\/uploads\/2022\/10\/pressenza_logo_200x200.jpg\",\"contentUrl\":\"https:\/\/www.pressenza.com\/wp-content\/uploads\/2022\/10\/pressenza_logo_200x200.jpg\",\"width\":200,\"height\":200,\"caption\":\"Pressenza\"},\"image\":{\"@id\":\"https:\/\/www.pressenza.com\/es\/#\/schema\/logo\/image\/\"},\"sameAs\":[\"https:\/\/www.facebook.com\/PressenzaItalia\",\"https:\/\/x.com\/PressenzaIPA\"]},{\"@type\":\"Person\",\"@id\":\"https:\/\/www.pressenza.com\/es\/#\/schema\/person\/883a735c40665759bcc6fe0c26bcb46f\",\"name\":\"Redacci\u00f3n Ecuador\",\"description\":\"News published by the Pressenza bureau in Quito, Ecuador\",\"url\":\"https:\/\/www.pressenza.com\/es\/author\/redaccion-ecuador\/\"}]}<\/script>\n<!-- \/ Yoast SEO plugin. -->","yoast_head_json":{"title":"Comunicaci\u00f3n popular para la integraci\u00f3n continental","description":"Por Eddy Salinas Alba No se puede hablar de integraci\u00f3n regional sin involucrar a la comunicaci\u00f3n y la comunicaci\u00f3n desde lo peque\u00f1o y cercano es la base","robots":{"index":"index","follow":"follow","max-snippet":"max-snippet:-1","max-image-preview":"max-image-preview:large","max-video-preview":"max-video-preview:-1"},"canonical":"https:\/\/www.pressenza.com\/es\/2015\/07\/comunicacion-popular-para-la-integracion-continental\/","og_locale":"es_ES","og_type":"article","og_title":"Comunicaci\u00f3n popular para la integraci\u00f3n continental","og_description":"Por Eddy Salinas Alba No se puede hablar de integraci\u00f3n regional sin involucrar a la comunicaci\u00f3n y la comunicaci\u00f3n desde lo peque\u00f1o y cercano es la base","og_url":"https:\/\/www.pressenza.com\/es\/2015\/07\/comunicacion-popular-para-la-integracion-continental\/","og_site_name":"Pressenza","article_publisher":"https:\/\/www.facebook.com\/PressenzaItalia","article_published_time":"2015-07-22T15:28:12+00:00","og_image":[{"width":3379,"height":2534,"url":"https:\/\/www.pressenza.com\/wp-content\/uploads\/2015\/07\/NuestrAm--rica-06.jpg","type":"image\/jpeg"}],"author":"Redacci\u00f3n Ecuador","twitter_card":"summary_large_image","twitter_creator":"@PressenzaIPA","twitter_site":"@PressenzaIPA","twitter_misc":{"Escrito por":"Redacci\u00f3n Ecuador","Tiempo de lectura":"2 minutos"},"schema":{"@context":"https:\/\/schema.org","@graph":[{"@type":"Article","@id":"https:\/\/www.pressenza.com\/es\/2015\/07\/comunicacion-popular-para-la-integracion-continental\/#article","isPartOf":{"@id":"https:\/\/www.pressenza.com\/es\/2015\/07\/comunicacion-popular-para-la-integracion-continental\/"},"author":{"name":"Redacci\u00f3n Ecuador","@id":"https:\/\/www.pressenza.com\/es\/#\/schema\/person\/883a735c40665759bcc6fe0c26bcb46f"},"headline":"Comunicaci\u00f3n popular para la integraci\u00f3n continental","datePublished":"2015-07-22T15:28:12+00:00","mainEntityOfPage":{"@id":"https:\/\/www.pressenza.com\/es\/2015\/07\/comunicacion-popular-para-la-integracion-continental\/"},"wordCount":473,"publisher":{"@id":"https:\/\/www.pressenza.com\/es\/#organization"},"image":{"@id":"https:\/\/www.pressenza.com\/es\/2015\/07\/comunicacion-popular-para-la-integracion-continental\/#primaryimage"},"thumbnailUrl":"https:\/\/www.pressenza.com\/wp-content\/uploads\/2015\/07\/NuestrAm--rica-06.jpg","keywords":["comunicaci\u00f3n","Derecho a la comunicaci\u00f3n","Integraci\u00f3n latinoamericana"],"articleSection":["Am\u00e9rica Central","Asuntos internacionales","Contenido Original","Cultura y Medios","Pol\u00edtica","Sudam\u00e9rica"],"inLanguage":"es"},{"@type":"WebPage","@id":"https:\/\/www.pressenza.com\/es\/2015\/07\/comunicacion-popular-para-la-integracion-continental\/","url":"https:\/\/www.pressenza.com\/es\/2015\/07\/comunicacion-popular-para-la-integracion-continental\/","name":"Comunicaci\u00f3n popular para la integraci\u00f3n continental","isPartOf":{"@id":"https:\/\/www.pressenza.com\/es\/#website"},"primaryImageOfPage":{"@id":"https:\/\/www.pressenza.com\/es\/2015\/07\/comunicacion-popular-para-la-integracion-continental\/#primaryimage"},"image":{"@id":"https:\/\/www.pressenza.com\/es\/2015\/07\/comunicacion-popular-para-la-integracion-continental\/#primaryimage"},"thumbnailUrl":"https:\/\/www.pressenza.com\/wp-content\/uploads\/2015\/07\/NuestrAm--rica-06.jpg","datePublished":"2015-07-22T15:28:12+00:00","description":"Por Eddy Salinas Alba No se puede hablar de integraci\u00f3n regional sin involucrar a la comunicaci\u00f3n y la comunicaci\u00f3n desde lo peque\u00f1o y cercano es la base","breadcrumb":{"@id":"https:\/\/www.pressenza.com\/es\/2015\/07\/comunicacion-popular-para-la-integracion-continental\/#breadcrumb"},"inLanguage":"es","potentialAction":[{"@type":"ReadAction","target":["https:\/\/www.pressenza.com\/es\/2015\/07\/comunicacion-popular-para-la-integracion-continental\/"]}]},{"@type":"ImageObject","inLanguage":"es","@id":"https:\/\/www.pressenza.com\/es\/2015\/07\/comunicacion-popular-para-la-integracion-continental\/#primaryimage","url":"https:\/\/www.pressenza.com\/wp-content\/uploads\/2015\/07\/NuestrAm--rica-06.jpg","contentUrl":"https:\/\/www.pressenza.com\/wp-content\/uploads\/2015\/07\/NuestrAm--rica-06.jpg","width":3379,"height":2534},{"@type":"BreadcrumbList","@id":"https:\/\/www.pressenza.com\/es\/2015\/07\/comunicacion-popular-para-la-integracion-continental\/#breadcrumb","itemListElement":[{"@type":"ListItem","position":1,"name":"Accueil","item":"https:\/\/www.pressenza.com\/es\/"},{"@type":"ListItem","position":2,"name":"Comunicaci\u00f3n popular para la integraci\u00f3n continental"}]},{"@type":"WebSite","@id":"https:\/\/www.pressenza.com\/es\/#website","url":"https:\/\/www.pressenza.com\/es\/","name":"Pressenza","description":"International Press Agency","publisher":{"@id":"https:\/\/www.pressenza.com\/es\/#organization"},"potentialAction":[{"@type":"SearchAction","target":{"@type":"EntryPoint","urlTemplate":"https:\/\/www.pressenza.com\/es\/?s={search_term_string}"},"query-input":{"@type":"PropertyValueSpecification","valueRequired":true,"valueName":"search_term_string"}}],"inLanguage":"es"},{"@type":"Organization","@id":"https:\/\/www.pressenza.com\/es\/#organization","name":"Pressenza","url":"https:\/\/www.pressenza.com\/es\/","logo":{"@type":"ImageObject","inLanguage":"es","@id":"https:\/\/www.pressenza.com\/es\/#\/schema\/logo\/image\/","url":"https:\/\/www.pressenza.com\/wp-content\/uploads\/2022\/10\/pressenza_logo_200x200.jpg","contentUrl":"https:\/\/www.pressenza.com\/wp-content\/uploads\/2022\/10\/pressenza_logo_200x200.jpg","width":200,"height":200,"caption":"Pressenza"},"image":{"@id":"https:\/\/www.pressenza.com\/es\/#\/schema\/logo\/image\/"},"sameAs":["https:\/\/www.facebook.com\/PressenzaItalia","https:\/\/x.com\/PressenzaIPA"]},{"@type":"Person","@id":"https:\/\/www.pressenza.com\/es\/#\/schema\/person\/883a735c40665759bcc6fe0c26bcb46f","name":"Redacci\u00f3n Ecuador","description":"News published by the Pressenza bureau in Quito, Ecuador","url":"https:\/\/www.pressenza.com\/es\/author\/redaccion-ecuador\/"}]}},"place":"Quito","original_article_url":"","_links":{"self":[{"href":"https:\/\/www.pressenza.com\/es\/wp-json\/wp\/v2\/posts\/204799","targetHints":{"allow":["GET"]}}],"collection":[{"href":"https:\/\/www.pressenza.com\/es\/wp-json\/wp\/v2\/posts"}],"about":[{"href":"https:\/\/www.pressenza.com\/es\/wp-json\/wp\/v2\/types\/post"}],"author":[{"embeddable":true,"href":"https:\/\/www.pressenza.com\/es\/wp-json\/wp\/v2\/users\/1011"}],"replies":[{"embeddable":true,"href":"https:\/\/www.pressenza.com\/es\/wp-json\/wp\/v2\/comments?post=204799"}],"version-history":[{"count":0,"href":"https:\/\/www.pressenza.com\/es\/wp-json\/wp\/v2\/posts\/204799\/revisions"}],"wp:featuredmedia":[{"embeddable":true,"href":"https:\/\/www.pressenza.com\/es\/wp-json\/wp\/v2\/media\/204800"}],"wp:attachment":[{"href":"https:\/\/www.pressenza.com\/es\/wp-json\/wp\/v2\/media?parent=204799"}],"wp:term":[{"taxonomy":"category","embeddable":true,"href":"https:\/\/www.pressenza.com\/es\/wp-json\/wp\/v2\/categories?post=204799"},{"taxonomy":"post_tag","embeddable":true,"href":"https:\/\/www.pressenza.com\/es\/wp-json\/wp\/v2\/tags?post=204799"}],"curies":[{"name":"wp","href":"https:\/\/api.w.org\/{rel}","templated":true}]}}