{"id":204660,"date":"2015-07-22T06:05:47","date_gmt":"2015-07-22T05:05:47","guid":{"rendered":"http:\/\/www.pressenza.com\/?p=204660"},"modified":"2015-07-22T06:10:32","modified_gmt":"2015-07-22T05:10:32","slug":"pressenza-participa-en-el-congreso-comunicacion-desde-y-para-el-sur-en-quito","status":"publish","type":"post","link":"https:\/\/www.pressenza.com\/es\/2015\/07\/pressenza-participa-en-el-congreso-comunicacion-desde-y-para-el-sur-en-quito\/","title":{"rendered":"Pressenza participa en el Congreso \u201cComunicaci\u00f3n e Integraci\u00f3n Latinoamericana desde y para el Sur\u201d en Quito"},"content":{"rendered":"<p>En el marco del 10 Aniversario de creaci\u00f3n de TeleSUR, el Centro Internacional de Estudios Superiores de Comunicaci\u00f3n para Am\u00e9rica Latina (CIESPAL) organiza el Congreso Internacional \u00abComunicaci\u00f3n e Integraci\u00f3n Latinoamericana desde y para el Sur\u00bb, que tendr\u00e1 lugar el 22 y 23 de julio de 2015, en el Auditorio de CIESPAL, Quito, Ecuador.<\/p>\n<p>La Agencia Internacional de noticias Pressenza, con enfoque de paz y no violencia, participar\u00e1 en el grupo de trabajo \u201cParticipaci\u00f3n social en procesos informativos\u201d a trav\u00e9s del licenciado en Comunicaci\u00f2n Iv\u00e1n Novotny, editor de Pressenza en Argentina, con la ponencia: \u201cContar con nosotros para contar nosotros. Descosificaci\u00f3n, poder social y democratizaci\u00f3n generacional como pilares de la comunicaci\u00f3n hacia la integraci\u00f3n\u201d.  La mesa, de la que participan otros seis expositores de distintos pa\u00edses de la regi\u00f3n , tendr\u00e1 lugar el mi\u00e9rcoles 22 de julio a las 14 en la sala Calicuchima de la sede de Ciespal en Quito (Av. Diego de Almagro N32-133).<\/p>\n<p>En tanto que en el panel \u00abMovimientos sociales y luchas comunicacionales por la integraci\u00f3n\u00bb que se llevar\u00e0 a cabo el jueves 23 de julio a las 16.45 participar\u00e1 por Pressenza Javier Tolcachier, compartiendo la mesa con Deolinda Carrizo de la Coordinadora Latinoamericana de Organizaciones del Campo (CLOC) y con Claudio Maldonado de Ciespal.<\/p>\n<p>El Congreso tiene como objetivo ser un espacio de conocimiento, debate, reflexi\u00f3n y participaci\u00f3n en torno a un tema en com\u00fan \u201cla comunicaci\u00f3n como eje central en la integraci\u00f3n de los pueblos latinoamericanos\u201d y a la vez, ser la voz para la construcci\u00f3n de un nuevo orden comunicacional. <\/p>\n<p>Durante el Congreso se desarrollar\u00e1n conferencias magistrales de expertos internacionales, como: Atilio Bor\u00f3n, Luis Britto Garc\u00eca y Laura Flanders. Adem\u00e1s, habr\u00e1 cuatro paneles sobre distintos temas y los participantes que enviaron su ponencia estar\u00e1n en Mesas de Trabajo clasificadas en torno a los siguientes temas:<\/p>\n<p>1.      Integraci\u00f3n y Comunicaci\u00f3n desde el Sur.<br \/>\n2.      Comunicaci\u00f3n e informaci\u00f3n como Derecho Humano.<br \/>\n3.      Formaci\u00f3n de periodistas con visi\u00f3n del Sur.<br \/>\n4.      Participaci\u00f3n social en procesos informativos.<br \/>\n5.      TDT, nueva plataforma de contenidos.<br \/>\n6.      Conformaci\u00f3n de la agenda medi\u00e1tica.<br \/>\n7.      Pol\u00edticas p\u00fablicas de informaci\u00f3n y comunicaci\u00f3n<br \/>\n8.      Rol de los medios p\u00fablicos en Latinoam\u00e9rica.<\/p>\n<p>#EncuentroSur<\/p>\n<p>Para mayor informaci\u00f3n del evento ingresar a: http:\/\/encuentrosur.ciespal.org<\/p>\n","protected":false},"excerpt":{"rendered":"<p>En el marco del 10 Aniversario de creaci\u00f3n de TeleSUR, el Centro Internacional de Estudios Superiores de Comunicaci\u00f3n para Am\u00e9rica Latina (CIESPAL) organiza el Congreso Internacional \u00abComunicaci\u00f3n e Integraci\u00f3n Latinoamericana desde y para el Sur\u00bb, que tendr\u00e1 lugar el 22&hellip;<\/p>\n","protected":false},"author":87,"featured_media":204662,"comment_status":"closed","ping_status":"open","sticky":false,"template":"","format":"standard","meta":{"footnotes":""},"categories":[75,67],"tags":[13966,451,14640,6117],"class_list":["post-204660","post","type-post","status-publish","format-standard","has-post-thumbnail","hentry","category-cultura-es","category-sudamerica","tag-ciespal","tag-integracion","tag-integracion-latinoamericana","tag-telesur"],"yoast_head":"<!-- This site is optimized with the Yoast SEO plugin v27.1.1 - https:\/\/yoast.com\/product\/yoast-seo-wordpress\/ -->\n<title>Pressenza participa en el Congreso \u201cComunicaci\u00f3n e Integraci\u00f3n Latinoamericana desde y para el Sur\u201d en Quito<\/title>\n<meta name=\"description\" content=\"En el marco del 10 Aniversario de creaci\u00f3n de TeleSUR, el Centro Internacional de Estudios Superiores de Comunicaci\u00f3n para Am\u00e9rica Latina (CIESPAL)\" \/>\n<meta name=\"robots\" content=\"index, follow, max-snippet:-1, max-image-preview:large, max-video-preview:-1\" \/>\n<link rel=\"canonical\" href=\"https:\/\/www.pressenza.com\/es\/2015\/07\/pressenza-participa-en-el-congreso-comunicacion-desde-y-para-el-sur-en-quito\/\" \/>\n<meta property=\"og:locale\" content=\"es_ES\" \/>\n<meta property=\"og:type\" content=\"article\" \/>\n<meta property=\"og:title\" content=\"Pressenza participa en el Congreso \u201cComunicaci\u00f3n e Integraci\u00f3n Latinoamericana desde y para el Sur\u201d en Quito\" \/>\n<meta property=\"og:description\" content=\"En el marco del 10 Aniversario de creaci\u00f3n de TeleSUR, el Centro Internacional de Estudios Superiores de Comunicaci\u00f3n para Am\u00e9rica Latina (CIESPAL)\" \/>\n<meta property=\"og:url\" content=\"https:\/\/www.pressenza.com\/es\/2015\/07\/pressenza-participa-en-el-congreso-comunicacion-desde-y-para-el-sur-en-quito\/\" \/>\n<meta property=\"og:site_name\" content=\"Pressenza\" \/>\n<meta property=\"article:publisher\" content=\"https:\/\/www.facebook.com\/PressenzaItalia\" \/>\n<meta property=\"article:published_time\" content=\"2015-07-22T05:05:47+00:00\" \/>\n<meta property=\"article:modified_time\" content=\"2015-07-22T05:10:32+00:00\" \/>\n<meta property=\"og:image\" content=\"https:\/\/www.pressenza.com\/wp-content\/uploads\/2015\/07\/telesur.jpg\" \/>\n\t<meta property=\"og:image:width\" content=\"3508\" \/>\n\t<meta property=\"og:image:height\" content=\"4961\" \/>\n\t<meta property=\"og:image:type\" content=\"image\/jpeg\" \/>\n<meta name=\"author\" content=\"Redacci\u00f3n Argentina\" \/>\n<meta name=\"twitter:card\" content=\"summary_large_image\" \/>\n<meta name=\"twitter:creator\" content=\"@pressenza\" \/>\n<meta name=\"twitter:site\" content=\"@PressenzaIPA\" \/>\n<meta name=\"twitter:label1\" content=\"Escrito por\" \/>\n\t<meta name=\"twitter:data1\" content=\"Redacci\u00f3n Argentina\" \/>\n\t<meta name=\"twitter:label2\" content=\"Tiempo de lectura\" \/>\n\t<meta name=\"twitter:data2\" content=\"2 minutos\" \/>\n<script type=\"application\/ld+json\" class=\"yoast-schema-graph\">{\"@context\":\"https:\/\/schema.org\",\"@graph\":[{\"@type\":\"Article\",\"@id\":\"https:\/\/www.pressenza.com\/es\/2015\/07\/pressenza-participa-en-el-congreso-comunicacion-desde-y-para-el-sur-en-quito\/#article\",\"isPartOf\":{\"@id\":\"https:\/\/www.pressenza.com\/es\/2015\/07\/pressenza-participa-en-el-congreso-comunicacion-desde-y-para-el-sur-en-quito\/\"},\"author\":{\"name\":\"Redacci\u00f3n Argentina\",\"@id\":\"https:\/\/www.pressenza.com\/es\/#\/schema\/person\/0dda7d1b68267ad95b1e1d83abc98c89\"},\"headline\":\"Pressenza participa en el Congreso \u201cComunicaci\u00f3n e Integraci\u00f3n Latinoamericana desde y para el Sur\u201d en Quito\",\"datePublished\":\"2015-07-22T05:05:47+00:00\",\"dateModified\":\"2015-07-22T05:10:32+00:00\",\"mainEntityOfPage\":{\"@id\":\"https:\/\/www.pressenza.com\/es\/2015\/07\/pressenza-participa-en-el-congreso-comunicacion-desde-y-para-el-sur-en-quito\/\"},\"wordCount\":414,\"publisher\":{\"@id\":\"https:\/\/www.pressenza.com\/es\/#organization\"},\"image\":{\"@id\":\"https:\/\/www.pressenza.com\/es\/2015\/07\/pressenza-participa-en-el-congreso-comunicacion-desde-y-para-el-sur-en-quito\/#primaryimage\"},\"thumbnailUrl\":\"https:\/\/www.pressenza.com\/wp-content\/uploads\/2015\/07\/telesur.jpg\",\"keywords\":[\"CIESPAL\",\"Integraci\u00f3n\",\"Integraci\u00f3n latinoamericana\",\"telesur\"],\"articleSection\":[\"Cultura y Medios\",\"Sudam\u00e9rica\"],\"inLanguage\":\"es\"},{\"@type\":\"WebPage\",\"@id\":\"https:\/\/www.pressenza.com\/es\/2015\/07\/pressenza-participa-en-el-congreso-comunicacion-desde-y-para-el-sur-en-quito\/\",\"url\":\"https:\/\/www.pressenza.com\/es\/2015\/07\/pressenza-participa-en-el-congreso-comunicacion-desde-y-para-el-sur-en-quito\/\",\"name\":\"Pressenza participa en el Congreso \u201cComunicaci\u00f3n e Integraci\u00f3n Latinoamericana desde y para el Sur\u201d en Quito\",\"isPartOf\":{\"@id\":\"https:\/\/www.pressenza.com\/es\/#website\"},\"primaryImageOfPage\":{\"@id\":\"https:\/\/www.pressenza.com\/es\/2015\/07\/pressenza-participa-en-el-congreso-comunicacion-desde-y-para-el-sur-en-quito\/#primaryimage\"},\"image\":{\"@id\":\"https:\/\/www.pressenza.com\/es\/2015\/07\/pressenza-participa-en-el-congreso-comunicacion-desde-y-para-el-sur-en-quito\/#primaryimage\"},\"thumbnailUrl\":\"https:\/\/www.pressenza.com\/wp-content\/uploads\/2015\/07\/telesur.jpg\",\"datePublished\":\"2015-07-22T05:05:47+00:00\",\"dateModified\":\"2015-07-22T05:10:32+00:00\",\"description\":\"En el marco del 10 Aniversario de creaci\u00f3n de TeleSUR, el Centro Internacional de Estudios Superiores de Comunicaci\u00f3n para Am\u00e9rica Latina (CIESPAL)\",\"breadcrumb\":{\"@id\":\"https:\/\/www.pressenza.com\/es\/2015\/07\/pressenza-participa-en-el-congreso-comunicacion-desde-y-para-el-sur-en-quito\/#breadcrumb\"},\"inLanguage\":\"es\",\"potentialAction\":[{\"@type\":\"ReadAction\",\"target\":[\"https:\/\/www.pressenza.com\/es\/2015\/07\/pressenza-participa-en-el-congreso-comunicacion-desde-y-para-el-sur-en-quito\/\"]}]},{\"@type\":\"ImageObject\",\"inLanguage\":\"es\",\"@id\":\"https:\/\/www.pressenza.com\/es\/2015\/07\/pressenza-participa-en-el-congreso-comunicacion-desde-y-para-el-sur-en-quito\/#primaryimage\",\"url\":\"https:\/\/www.pressenza.com\/wp-content\/uploads\/2015\/07\/telesur.jpg\",\"contentUrl\":\"https:\/\/www.pressenza.com\/wp-content\/uploads\/2015\/07\/telesur.jpg\",\"width\":3508,\"height\":4961},{\"@type\":\"BreadcrumbList\",\"@id\":\"https:\/\/www.pressenza.com\/es\/2015\/07\/pressenza-participa-en-el-congreso-comunicacion-desde-y-para-el-sur-en-quito\/#breadcrumb\",\"itemListElement\":[{\"@type\":\"ListItem\",\"position\":1,\"name\":\"Accueil\",\"item\":\"https:\/\/www.pressenza.com\/es\/\"},{\"@type\":\"ListItem\",\"position\":2,\"name\":\"Pressenza participa en el Congreso \u201cComunicaci\u00f3n e Integraci\u00f3n Latinoamericana desde y para el Sur\u201d en Quito\"}]},{\"@type\":\"WebSite\",\"@id\":\"https:\/\/www.pressenza.com\/es\/#website\",\"url\":\"https:\/\/www.pressenza.com\/es\/\",\"name\":\"Pressenza\",\"description\":\"International Press Agency\",\"publisher\":{\"@id\":\"https:\/\/www.pressenza.com\/es\/#organization\"},\"potentialAction\":[{\"@type\":\"SearchAction\",\"target\":{\"@type\":\"EntryPoint\",\"urlTemplate\":\"https:\/\/www.pressenza.com\/es\/?s={search_term_string}\"},\"query-input\":{\"@type\":\"PropertyValueSpecification\",\"valueRequired\":true,\"valueName\":\"search_term_string\"}}],\"inLanguage\":\"es\"},{\"@type\":\"Organization\",\"@id\":\"https:\/\/www.pressenza.com\/es\/#organization\",\"name\":\"Pressenza\",\"url\":\"https:\/\/www.pressenza.com\/es\/\",\"logo\":{\"@type\":\"ImageObject\",\"inLanguage\":\"es\",\"@id\":\"https:\/\/www.pressenza.com\/es\/#\/schema\/logo\/image\/\",\"url\":\"https:\/\/www.pressenza.com\/wp-content\/uploads\/2022\/10\/pressenza_logo_200x200.jpg\",\"contentUrl\":\"https:\/\/www.pressenza.com\/wp-content\/uploads\/2022\/10\/pressenza_logo_200x200.jpg\",\"width\":200,\"height\":200,\"caption\":\"Pressenza\"},\"image\":{\"@id\":\"https:\/\/www.pressenza.com\/es\/#\/schema\/logo\/image\/\"},\"sameAs\":[\"https:\/\/www.facebook.com\/PressenzaItalia\",\"https:\/\/x.com\/PressenzaIPA\"]},{\"@type\":\"Person\",\"@id\":\"https:\/\/www.pressenza.com\/es\/#\/schema\/person\/0dda7d1b68267ad95b1e1d83abc98c89\",\"name\":\"Redacci\u00f3n Argentina\",\"description\":\"News from the Pressenza Bureau in Argentina.\",\"sameAs\":[\"https:\/\/x.com\/pressenza\"],\"url\":\"https:\/\/www.pressenza.com\/es\/author\/redaccion-argentina\/\"}]}<\/script>\n<!-- \/ Yoast SEO plugin. -->","yoast_head_json":{"title":"Pressenza participa en el Congreso \u201cComunicaci\u00f3n e Integraci\u00f3n Latinoamericana desde y para el Sur\u201d en Quito","description":"En el marco del 10 Aniversario de creaci\u00f3n de TeleSUR, el Centro Internacional de Estudios Superiores de Comunicaci\u00f3n para Am\u00e9rica Latina (CIESPAL)","robots":{"index":"index","follow":"follow","max-snippet":"max-snippet:-1","max-image-preview":"max-image-preview:large","max-video-preview":"max-video-preview:-1"},"canonical":"https:\/\/www.pressenza.com\/es\/2015\/07\/pressenza-participa-en-el-congreso-comunicacion-desde-y-para-el-sur-en-quito\/","og_locale":"es_ES","og_type":"article","og_title":"Pressenza participa en el Congreso \u201cComunicaci\u00f3n e Integraci\u00f3n Latinoamericana desde y para el Sur\u201d en Quito","og_description":"En el marco del 10 Aniversario de creaci\u00f3n de TeleSUR, el Centro Internacional de Estudios Superiores de Comunicaci\u00f3n para Am\u00e9rica Latina (CIESPAL)","og_url":"https:\/\/www.pressenza.com\/es\/2015\/07\/pressenza-participa-en-el-congreso-comunicacion-desde-y-para-el-sur-en-quito\/","og_site_name":"Pressenza","article_publisher":"https:\/\/www.facebook.com\/PressenzaItalia","article_published_time":"2015-07-22T05:05:47+00:00","article_modified_time":"2015-07-22T05:10:32+00:00","og_image":[{"width":3508,"height":4961,"url":"https:\/\/www.pressenza.com\/wp-content\/uploads\/2015\/07\/telesur.jpg","type":"image\/jpeg"}],"author":"Redacci\u00f3n Argentina","twitter_card":"summary_large_image","twitter_creator":"@pressenza","twitter_site":"@PressenzaIPA","twitter_misc":{"Escrito por":"Redacci\u00f3n Argentina","Tiempo de lectura":"2 minutos"},"schema":{"@context":"https:\/\/schema.org","@graph":[{"@type":"Article","@id":"https:\/\/www.pressenza.com\/es\/2015\/07\/pressenza-participa-en-el-congreso-comunicacion-desde-y-para-el-sur-en-quito\/#article","isPartOf":{"@id":"https:\/\/www.pressenza.com\/es\/2015\/07\/pressenza-participa-en-el-congreso-comunicacion-desde-y-para-el-sur-en-quito\/"},"author":{"name":"Redacci\u00f3n Argentina","@id":"https:\/\/www.pressenza.com\/es\/#\/schema\/person\/0dda7d1b68267ad95b1e1d83abc98c89"},"headline":"Pressenza participa en el Congreso \u201cComunicaci\u00f3n e Integraci\u00f3n Latinoamericana desde y para el Sur\u201d en Quito","datePublished":"2015-07-22T05:05:47+00:00","dateModified":"2015-07-22T05:10:32+00:00","mainEntityOfPage":{"@id":"https:\/\/www.pressenza.com\/es\/2015\/07\/pressenza-participa-en-el-congreso-comunicacion-desde-y-para-el-sur-en-quito\/"},"wordCount":414,"publisher":{"@id":"https:\/\/www.pressenza.com\/es\/#organization"},"image":{"@id":"https:\/\/www.pressenza.com\/es\/2015\/07\/pressenza-participa-en-el-congreso-comunicacion-desde-y-para-el-sur-en-quito\/#primaryimage"},"thumbnailUrl":"https:\/\/www.pressenza.com\/wp-content\/uploads\/2015\/07\/telesur.jpg","keywords":["CIESPAL","Integraci\u00f3n","Integraci\u00f3n latinoamericana","telesur"],"articleSection":["Cultura y Medios","Sudam\u00e9rica"],"inLanguage":"es"},{"@type":"WebPage","@id":"https:\/\/www.pressenza.com\/es\/2015\/07\/pressenza-participa-en-el-congreso-comunicacion-desde-y-para-el-sur-en-quito\/","url":"https:\/\/www.pressenza.com\/es\/2015\/07\/pressenza-participa-en-el-congreso-comunicacion-desde-y-para-el-sur-en-quito\/","name":"Pressenza participa en el Congreso \u201cComunicaci\u00f3n e Integraci\u00f3n Latinoamericana desde y para el Sur\u201d en Quito","isPartOf":{"@id":"https:\/\/www.pressenza.com\/es\/#website"},"primaryImageOfPage":{"@id":"https:\/\/www.pressenza.com\/es\/2015\/07\/pressenza-participa-en-el-congreso-comunicacion-desde-y-para-el-sur-en-quito\/#primaryimage"},"image":{"@id":"https:\/\/www.pressenza.com\/es\/2015\/07\/pressenza-participa-en-el-congreso-comunicacion-desde-y-para-el-sur-en-quito\/#primaryimage"},"thumbnailUrl":"https:\/\/www.pressenza.com\/wp-content\/uploads\/2015\/07\/telesur.jpg","datePublished":"2015-07-22T05:05:47+00:00","dateModified":"2015-07-22T05:10:32+00:00","description":"En el marco del 10 Aniversario de creaci\u00f3n de TeleSUR, el Centro Internacional de Estudios Superiores de Comunicaci\u00f3n para Am\u00e9rica Latina (CIESPAL)","breadcrumb":{"@id":"https:\/\/www.pressenza.com\/es\/2015\/07\/pressenza-participa-en-el-congreso-comunicacion-desde-y-para-el-sur-en-quito\/#breadcrumb"},"inLanguage":"es","potentialAction":[{"@type":"ReadAction","target":["https:\/\/www.pressenza.com\/es\/2015\/07\/pressenza-participa-en-el-congreso-comunicacion-desde-y-para-el-sur-en-quito\/"]}]},{"@type":"ImageObject","inLanguage":"es","@id":"https:\/\/www.pressenza.com\/es\/2015\/07\/pressenza-participa-en-el-congreso-comunicacion-desde-y-para-el-sur-en-quito\/#primaryimage","url":"https:\/\/www.pressenza.com\/wp-content\/uploads\/2015\/07\/telesur.jpg","contentUrl":"https:\/\/www.pressenza.com\/wp-content\/uploads\/2015\/07\/telesur.jpg","width":3508,"height":4961},{"@type":"BreadcrumbList","@id":"https:\/\/www.pressenza.com\/es\/2015\/07\/pressenza-participa-en-el-congreso-comunicacion-desde-y-para-el-sur-en-quito\/#breadcrumb","itemListElement":[{"@type":"ListItem","position":1,"name":"Accueil","item":"https:\/\/www.pressenza.com\/es\/"},{"@type":"ListItem","position":2,"name":"Pressenza participa en el Congreso \u201cComunicaci\u00f3n e Integraci\u00f3n Latinoamericana desde y para el Sur\u201d en Quito"}]},{"@type":"WebSite","@id":"https:\/\/www.pressenza.com\/es\/#website","url":"https:\/\/www.pressenza.com\/es\/","name":"Pressenza","description":"International Press Agency","publisher":{"@id":"https:\/\/www.pressenza.com\/es\/#organization"},"potentialAction":[{"@type":"SearchAction","target":{"@type":"EntryPoint","urlTemplate":"https:\/\/www.pressenza.com\/es\/?s={search_term_string}"},"query-input":{"@type":"PropertyValueSpecification","valueRequired":true,"valueName":"search_term_string"}}],"inLanguage":"es"},{"@type":"Organization","@id":"https:\/\/www.pressenza.com\/es\/#organization","name":"Pressenza","url":"https:\/\/www.pressenza.com\/es\/","logo":{"@type":"ImageObject","inLanguage":"es","@id":"https:\/\/www.pressenza.com\/es\/#\/schema\/logo\/image\/","url":"https:\/\/www.pressenza.com\/wp-content\/uploads\/2022\/10\/pressenza_logo_200x200.jpg","contentUrl":"https:\/\/www.pressenza.com\/wp-content\/uploads\/2022\/10\/pressenza_logo_200x200.jpg","width":200,"height":200,"caption":"Pressenza"},"image":{"@id":"https:\/\/www.pressenza.com\/es\/#\/schema\/logo\/image\/"},"sameAs":["https:\/\/www.facebook.com\/PressenzaItalia","https:\/\/x.com\/PressenzaIPA"]},{"@type":"Person","@id":"https:\/\/www.pressenza.com\/es\/#\/schema\/person\/0dda7d1b68267ad95b1e1d83abc98c89","name":"Redacci\u00f3n Argentina","description":"News from the Pressenza Bureau in Argentina.","sameAs":["https:\/\/x.com\/pressenza"],"url":"https:\/\/www.pressenza.com\/es\/author\/redaccion-argentina\/"}]}},"place":"","original_article_url":"","_links":{"self":[{"href":"https:\/\/www.pressenza.com\/es\/wp-json\/wp\/v2\/posts\/204660","targetHints":{"allow":["GET"]}}],"collection":[{"href":"https:\/\/www.pressenza.com\/es\/wp-json\/wp\/v2\/posts"}],"about":[{"href":"https:\/\/www.pressenza.com\/es\/wp-json\/wp\/v2\/types\/post"}],"author":[{"embeddable":true,"href":"https:\/\/www.pressenza.com\/es\/wp-json\/wp\/v2\/users\/87"}],"replies":[{"embeddable":true,"href":"https:\/\/www.pressenza.com\/es\/wp-json\/wp\/v2\/comments?post=204660"}],"version-history":[{"count":0,"href":"https:\/\/www.pressenza.com\/es\/wp-json\/wp\/v2\/posts\/204660\/revisions"}],"wp:featuredmedia":[{"embeddable":true,"href":"https:\/\/www.pressenza.com\/es\/wp-json\/wp\/v2\/media\/204662"}],"wp:attachment":[{"href":"https:\/\/www.pressenza.com\/es\/wp-json\/wp\/v2\/media?parent=204660"}],"wp:term":[{"taxonomy":"category","embeddable":true,"href":"https:\/\/www.pressenza.com\/es\/wp-json\/wp\/v2\/categories?post=204660"},{"taxonomy":"post_tag","embeddable":true,"href":"https:\/\/www.pressenza.com\/es\/wp-json\/wp\/v2\/tags?post=204660"}],"curies":[{"name":"wp","href":"https:\/\/api.w.org\/{rel}","templated":true}]}}