{"id":2045,"date":"2009-11-04T00:00:00","date_gmt":"2009-11-04T00:00:00","guid":{"rendered":""},"modified":"2009-11-05T09:39:12","modified_gmt":"2009-11-05T09:39:12","slug":"la-marcha-mundial-por-la-paz-y-no-violencia-sigue-cosechando-exitos-y-despertando-la-conciencia-de-los-pueblos","status":"publish","type":"post","link":"https:\/\/www.pressenza.com\/es\/2009\/11\/la-marcha-mundial-por-la-paz-y-no-violencia-sigue-cosechando-exitos-y-despertando-la-conciencia-de-los-pueblos\/","title":{"rendered":"La Marcha Mundial por la Paz y No violencia sigue cosechando exitos y despertando la conciencia de los pueblos"},"content":{"rendered":"<p>El 2 de Noviembre de 2009 continuaron las actividades de la Marcha Mundial en el pa\u00eds checo. A primeras horas de la ma\u00f1ana se efectu\u00f3 una importante conferencia de prensa con la participaci\u00f3n de Alena Gajdusova, Primera Vicepresidenta del Senado, Rafael de La Rubia, Presidente de la organizaci\u00f3n Mundo Sin Guerras, organizadora mundial de la Marcha, Otakar Mika, experto en temas relacionados con armas de destrucci\u00f3n nuclear, Dana Feminova, portavoz local de la Marcha Mundial, Jan Tamas, Presidente del partido humanista Checo y el se\u00f1or Tomas Tozizka, coordinador de la red mundial contra la pobreza. Todos ellos coincidieron y destacaron la importancia de que todos los pa\u00edses tomen la decisi\u00f3n de reducci\u00f3n de armamento y asignaci\u00f3n de nuevas funciones a los ejercitos, con el objeto de dejar de invertir los recursos financieros y humanos en prop\u00f3sitos destructivos para comenzar a direccionarlos para el desarrollo humano. <\/p>\n<p>Rafael de La Rubia, portavoz internacional de la Marcha, destac\u00f3 que a la fecha se han recorrido m\u00e1s de 23 pa\u00edses y cientos de ciudades, donde los marchantes han sido recibidos por los pueblos, presidentes y parlamentos, y que este recorrido ya se convierte en el m\u00e1s grande que haya registrado en toda su historia la humanidad para pedir la paz y no violencia.<\/p>\n<p>Posteriormente se efectu\u00f3 una actividad en el Senado con la participacion de embajadores y representantes consulares de varios pa\u00edses de Europa y America entre ellos, Mexico,Palestina, Belgica,Croacia y Portugal. Esta actividad fue coordinada por la vicepresidenta del Senado checo, la honorable se\u00f1ora Alena Gajdusova y en su transcurso se solicit\u00f3 a los representantes diplom\u00e1ticos trasmitir el mensaje de paz, no violencia y desarme progresivo a sus respectivos gobiernos. En esta actividad se destaco por parte de Rafael de La Rubia la participacion de un Diputado de Costa Rica, dentro del equipo base de la marcha, ya que este Pais hace aproxiimadamente 60 anos de manera voluntaria y unilatereal decidio vivir sin ejercito. <\/p>\n<p>En horas de la tarde Rafael de La Rubia tuvo la oportunidad de compartir con Pan Sdidla, Comisario de la Comision de Asuntos Sociales del Parlamento Europeo,donde coincidieron en la necesidad de que los objetivos propuestos porla marcha munidal se cumplan, sean la reduccion gradual de las armas y dejar de invertir en la guerra para hacer lo que es mas logico, invertir en la paz y el desarrollo humanista de los pueblos.<\/p>\n<p>photo gallery<br \/>\n[http:\/\/picasaweb.google.com\/imagenpressenzaspain\/ConferenceInSenateCzechRepublicPrague#](http:\/\/picasaweb.google.com\/imagenpressenzaspain\/ConferenceInSenateCzechRepublicPrague# \u00abhttp:\/\/picasaweb.google.com\/imagenpressenzaspain\/ConferenceInSenateCzechRepublicPrague#\u00bb) <\/p>\n","protected":false},"excerpt":{"rendered":"<p>Importante conferencia de prensa donde participaron, entre otros, Alena Gajdusova, Primera Vicepresidenta del Senado, Rafael de La Rubia, Presidente de Mundo Sin Guerras y Otakar Mika, experto en temas de armas nucleares. Todos destacaron la importancia de que todos los pa\u00edses tomen la decisi\u00f3n de reducci\u00f3n de armamento y asignaci\u00f3n de nuevas funciones a los ejercitos.<\/p>\n","protected":false},"author":19,"featured_media":0,"comment_status":"closed","ping_status":"open","sticky":false,"template":"","format":"standard","meta":{"footnotes":""},"categories":[149,66,39,74],"tags":[],"class_list":["post-2045","post","type-post","status-publish","format-standard","hentry","category-comunicados-de-prensa","category-europa-es","category-internacional","category-politica-es"],"yoast_head":"<!-- This site is optimized with the Yoast SEO plugin v27.1.1 - https:\/\/yoast.com\/product\/yoast-seo-wordpress\/ -->\n<title>La Marcha Mundial por la Paz y No violencia sigue cosechando exitos y despertando la conciencia de los pueblos<\/title>\n<meta name=\"description\" content=\"Importante conferencia de prensa donde participaron, entre otros, Alena Gajdusova, Primera Vicepresidenta del Senado, Rafael de La Rubia, Presidente de Mundo Sin Guerras y Otakar Mika, experto en temas de armas nucleares. Todos destacaron la importancia de que todos los pa\u00edses tomen la decisi\u00f3n de reducci\u00f3n de armamento y asignaci\u00f3n de nuevas funciones a los ejercitos.\" \/>\n<meta name=\"robots\" content=\"index, follow, max-snippet:-1, max-image-preview:large, max-video-preview:-1\" \/>\n<link rel=\"canonical\" href=\"https:\/\/www.pressenza.com\/es\/2009\/11\/la-marcha-mundial-por-la-paz-y-no-violencia-sigue-cosechando-exitos-y-despertando-la-conciencia-de-los-pueblos\/\" \/>\n<meta property=\"og:locale\" content=\"es_ES\" \/>\n<meta property=\"og:type\" content=\"article\" \/>\n<meta property=\"og:title\" content=\"La Marcha Mundial por la Paz y No violencia sigue cosechando exitos y despertando la conciencia de los pueblos\" \/>\n<meta property=\"og:description\" content=\"Importante conferencia de prensa donde participaron, entre otros, Alena Gajdusova, Primera Vicepresidenta del Senado, Rafael de La Rubia, Presidente de Mundo Sin Guerras y Otakar Mika, experto en temas de armas nucleares. Todos destacaron la importancia de que todos los pa\u00edses tomen la decisi\u00f3n de reducci\u00f3n de armamento y asignaci\u00f3n de nuevas funciones a los ejercitos.\" \/>\n<meta property=\"og:url\" content=\"https:\/\/www.pressenza.com\/es\/2009\/11\/la-marcha-mundial-por-la-paz-y-no-violencia-sigue-cosechando-exitos-y-despertando-la-conciencia-de-los-pueblos\/\" \/>\n<meta property=\"og:site_name\" content=\"Pressenza\" \/>\n<meta property=\"article:publisher\" content=\"https:\/\/www.facebook.com\/PressenzaItalia\" \/>\n<meta property=\"article:author\" content=\"https:\/\/www.facebook.com\/pressenza\" \/>\n<meta property=\"article:published_time\" content=\"2009-11-04T00:00:00+00:00\" \/>\n<meta property=\"article:modified_time\" content=\"2009-11-05T09:39:12+00:00\" \/>\n<meta name=\"author\" content=\"Pressenza IPA\" \/>\n<meta name=\"twitter:card\" content=\"summary_large_image\" \/>\n<meta name=\"twitter:creator\" content=\"@PressenzaIPA\" \/>\n<meta name=\"twitter:site\" content=\"@PressenzaIPA\" \/>\n<meta name=\"twitter:label1\" content=\"Escrito por\" \/>\n\t<meta name=\"twitter:data1\" content=\"Pressenza IPA\" \/>\n\t<meta name=\"twitter:label2\" content=\"Tiempo de lectura\" \/>\n\t<meta name=\"twitter:data2\" content=\"2 minutos\" \/>\n<script type=\"application\/ld+json\" class=\"yoast-schema-graph\">{\"@context\":\"https:\/\/schema.org\",\"@graph\":[{\"@type\":\"Article\",\"@id\":\"https:\/\/www.pressenza.com\/es\/2009\/11\/la-marcha-mundial-por-la-paz-y-no-violencia-sigue-cosechando-exitos-y-despertando-la-conciencia-de-los-pueblos\/#article\",\"isPartOf\":{\"@id\":\"https:\/\/www.pressenza.com\/es\/2009\/11\/la-marcha-mundial-por-la-paz-y-no-violencia-sigue-cosechando-exitos-y-despertando-la-conciencia-de-los-pueblos\/\"},\"author\":{\"name\":\"Pressenza IPA\",\"@id\":\"https:\/\/www.pressenza.com\/es\/#\/schema\/person\/010e5d02bcf40965427a1289a4cc8d75\"},\"headline\":\"La Marcha Mundial por la Paz y No violencia sigue cosechando exitos y despertando la conciencia de los pueblos\",\"datePublished\":\"2009-11-04T00:00:00+00:00\",\"dateModified\":\"2009-11-05T09:39:12+00:00\",\"mainEntityOfPage\":{\"@id\":\"https:\/\/www.pressenza.com\/es\/2009\/11\/la-marcha-mundial-por-la-paz-y-no-violencia-sigue-cosechando-exitos-y-despertando-la-conciencia-de-los-pueblos\/\"},\"wordCount\":449,\"publisher\":{\"@id\":\"https:\/\/www.pressenza.com\/es\/#organization\"},\"articleSection\":[\"Comunicados de Prensa\",\"Europa\",\"Internacional\",\"Pol\u00edtica\"],\"inLanguage\":\"es\"},{\"@type\":\"WebPage\",\"@id\":\"https:\/\/www.pressenza.com\/es\/2009\/11\/la-marcha-mundial-por-la-paz-y-no-violencia-sigue-cosechando-exitos-y-despertando-la-conciencia-de-los-pueblos\/\",\"url\":\"https:\/\/www.pressenza.com\/es\/2009\/11\/la-marcha-mundial-por-la-paz-y-no-violencia-sigue-cosechando-exitos-y-despertando-la-conciencia-de-los-pueblos\/\",\"name\":\"La Marcha Mundial por la Paz y No violencia sigue cosechando exitos y despertando la conciencia de los pueblos\",\"isPartOf\":{\"@id\":\"https:\/\/www.pressenza.com\/es\/#website\"},\"datePublished\":\"2009-11-04T00:00:00+00:00\",\"dateModified\":\"2009-11-05T09:39:12+00:00\",\"description\":\"Importante conferencia de prensa donde participaron, entre otros, Alena Gajdusova, Primera Vicepresidenta del Senado, Rafael de La Rubia, Presidente de Mundo Sin Guerras y Otakar Mika, experto en temas de armas nucleares. Todos destacaron la importancia de que todos los pa\u00edses tomen la decisi\u00f3n de reducci\u00f3n de armamento y asignaci\u00f3n de nuevas funciones a los ejercitos.\",\"breadcrumb\":{\"@id\":\"https:\/\/www.pressenza.com\/es\/2009\/11\/la-marcha-mundial-por-la-paz-y-no-violencia-sigue-cosechando-exitos-y-despertando-la-conciencia-de-los-pueblos\/#breadcrumb\"},\"inLanguage\":\"es\",\"potentialAction\":[{\"@type\":\"ReadAction\",\"target\":[\"https:\/\/www.pressenza.com\/es\/2009\/11\/la-marcha-mundial-por-la-paz-y-no-violencia-sigue-cosechando-exitos-y-despertando-la-conciencia-de-los-pueblos\/\"]}]},{\"@type\":\"BreadcrumbList\",\"@id\":\"https:\/\/www.pressenza.com\/es\/2009\/11\/la-marcha-mundial-por-la-paz-y-no-violencia-sigue-cosechando-exitos-y-despertando-la-conciencia-de-los-pueblos\/#breadcrumb\",\"itemListElement\":[{\"@type\":\"ListItem\",\"position\":1,\"name\":\"Accueil\",\"item\":\"https:\/\/www.pressenza.com\/es\/\"},{\"@type\":\"ListItem\",\"position\":2,\"name\":\"La Marcha Mundial por la Paz y No violencia sigue cosechando exitos y despertando la conciencia de los pueblos\"}]},{\"@type\":\"WebSite\",\"@id\":\"https:\/\/www.pressenza.com\/es\/#website\",\"url\":\"https:\/\/www.pressenza.com\/es\/\",\"name\":\"Pressenza\",\"description\":\"International Press Agency\",\"publisher\":{\"@id\":\"https:\/\/www.pressenza.com\/es\/#organization\"},\"potentialAction\":[{\"@type\":\"SearchAction\",\"target\":{\"@type\":\"EntryPoint\",\"urlTemplate\":\"https:\/\/www.pressenza.com\/es\/?s={search_term_string}\"},\"query-input\":{\"@type\":\"PropertyValueSpecification\",\"valueRequired\":true,\"valueName\":\"search_term_string\"}}],\"inLanguage\":\"es\"},{\"@type\":\"Organization\",\"@id\":\"https:\/\/www.pressenza.com\/es\/#organization\",\"name\":\"Pressenza\",\"url\":\"https:\/\/www.pressenza.com\/es\/\",\"logo\":{\"@type\":\"ImageObject\",\"inLanguage\":\"es\",\"@id\":\"https:\/\/www.pressenza.com\/es\/#\/schema\/logo\/image\/\",\"url\":\"https:\/\/www.pressenza.com\/wp-content\/uploads\/2022\/10\/pressenza_logo_200x200.jpg\",\"contentUrl\":\"https:\/\/www.pressenza.com\/wp-content\/uploads\/2022\/10\/pressenza_logo_200x200.jpg\",\"width\":200,\"height\":200,\"caption\":\"Pressenza\"},\"image\":{\"@id\":\"https:\/\/www.pressenza.com\/es\/#\/schema\/logo\/image\/\"},\"sameAs\":[\"https:\/\/www.facebook.com\/PressenzaItalia\",\"https:\/\/x.com\/PressenzaIPA\"]},{\"@type\":\"Person\",\"@id\":\"https:\/\/www.pressenza.com\/es\/#\/schema\/person\/010e5d02bcf40965427a1289a4cc8d75\",\"name\":\"Pressenza IPA\",\"description\":\"News from Pressenza IPA correspondents\",\"sameAs\":[\"https:\/\/www.facebook.com\/pressenza\",\"https:\/\/x.com\/PressenzaIPA\"],\"url\":\"https:\/\/www.pressenza.com\/es\/author\/pressenza-ipa\/\"}]}<\/script>\n<!-- \/ Yoast SEO plugin. -->","yoast_head_json":{"title":"La Marcha Mundial por la Paz y No violencia sigue cosechando exitos y despertando la conciencia de los pueblos","description":"Importante conferencia de prensa donde participaron, entre otros, Alena Gajdusova, Primera Vicepresidenta del Senado, Rafael de La Rubia, Presidente de Mundo Sin Guerras y Otakar Mika, experto en temas de armas nucleares. Todos destacaron la importancia de que todos los pa\u00edses tomen la decisi\u00f3n de reducci\u00f3n de armamento y asignaci\u00f3n de nuevas funciones a los ejercitos.","robots":{"index":"index","follow":"follow","max-snippet":"max-snippet:-1","max-image-preview":"max-image-preview:large","max-video-preview":"max-video-preview:-1"},"canonical":"https:\/\/www.pressenza.com\/es\/2009\/11\/la-marcha-mundial-por-la-paz-y-no-violencia-sigue-cosechando-exitos-y-despertando-la-conciencia-de-los-pueblos\/","og_locale":"es_ES","og_type":"article","og_title":"La Marcha Mundial por la Paz y No violencia sigue cosechando exitos y despertando la conciencia de los pueblos","og_description":"Importante conferencia de prensa donde participaron, entre otros, Alena Gajdusova, Primera Vicepresidenta del Senado, Rafael de La Rubia, Presidente de Mundo Sin Guerras y Otakar Mika, experto en temas de armas nucleares. Todos destacaron la importancia de que todos los pa\u00edses tomen la decisi\u00f3n de reducci\u00f3n de armamento y asignaci\u00f3n de nuevas funciones a los ejercitos.","og_url":"https:\/\/www.pressenza.com\/es\/2009\/11\/la-marcha-mundial-por-la-paz-y-no-violencia-sigue-cosechando-exitos-y-despertando-la-conciencia-de-los-pueblos\/","og_site_name":"Pressenza","article_publisher":"https:\/\/www.facebook.com\/PressenzaItalia","article_author":"https:\/\/www.facebook.com\/pressenza","article_published_time":"2009-11-04T00:00:00+00:00","article_modified_time":"2009-11-05T09:39:12+00:00","author":"Pressenza IPA","twitter_card":"summary_large_image","twitter_creator":"@PressenzaIPA","twitter_site":"@PressenzaIPA","twitter_misc":{"Escrito por":"Pressenza IPA","Tiempo de lectura":"2 minutos"},"schema":{"@context":"https:\/\/schema.org","@graph":[{"@type":"Article","@id":"https:\/\/www.pressenza.com\/es\/2009\/11\/la-marcha-mundial-por-la-paz-y-no-violencia-sigue-cosechando-exitos-y-despertando-la-conciencia-de-los-pueblos\/#article","isPartOf":{"@id":"https:\/\/www.pressenza.com\/es\/2009\/11\/la-marcha-mundial-por-la-paz-y-no-violencia-sigue-cosechando-exitos-y-despertando-la-conciencia-de-los-pueblos\/"},"author":{"name":"Pressenza IPA","@id":"https:\/\/www.pressenza.com\/es\/#\/schema\/person\/010e5d02bcf40965427a1289a4cc8d75"},"headline":"La Marcha Mundial por la Paz y No violencia sigue cosechando exitos y despertando la conciencia de los pueblos","datePublished":"2009-11-04T00:00:00+00:00","dateModified":"2009-11-05T09:39:12+00:00","mainEntityOfPage":{"@id":"https:\/\/www.pressenza.com\/es\/2009\/11\/la-marcha-mundial-por-la-paz-y-no-violencia-sigue-cosechando-exitos-y-despertando-la-conciencia-de-los-pueblos\/"},"wordCount":449,"publisher":{"@id":"https:\/\/www.pressenza.com\/es\/#organization"},"articleSection":["Comunicados de Prensa","Europa","Internacional","Pol\u00edtica"],"inLanguage":"es"},{"@type":"WebPage","@id":"https:\/\/www.pressenza.com\/es\/2009\/11\/la-marcha-mundial-por-la-paz-y-no-violencia-sigue-cosechando-exitos-y-despertando-la-conciencia-de-los-pueblos\/","url":"https:\/\/www.pressenza.com\/es\/2009\/11\/la-marcha-mundial-por-la-paz-y-no-violencia-sigue-cosechando-exitos-y-despertando-la-conciencia-de-los-pueblos\/","name":"La Marcha Mundial por la Paz y No violencia sigue cosechando exitos y despertando la conciencia de los pueblos","isPartOf":{"@id":"https:\/\/www.pressenza.com\/es\/#website"},"datePublished":"2009-11-04T00:00:00+00:00","dateModified":"2009-11-05T09:39:12+00:00","description":"Importante conferencia de prensa donde participaron, entre otros, Alena Gajdusova, Primera Vicepresidenta del Senado, Rafael de La Rubia, Presidente de Mundo Sin Guerras y Otakar Mika, experto en temas de armas nucleares. Todos destacaron la importancia de que todos los pa\u00edses tomen la decisi\u00f3n de reducci\u00f3n de armamento y asignaci\u00f3n de nuevas funciones a los ejercitos.","breadcrumb":{"@id":"https:\/\/www.pressenza.com\/es\/2009\/11\/la-marcha-mundial-por-la-paz-y-no-violencia-sigue-cosechando-exitos-y-despertando-la-conciencia-de-los-pueblos\/#breadcrumb"},"inLanguage":"es","potentialAction":[{"@type":"ReadAction","target":["https:\/\/www.pressenza.com\/es\/2009\/11\/la-marcha-mundial-por-la-paz-y-no-violencia-sigue-cosechando-exitos-y-despertando-la-conciencia-de-los-pueblos\/"]}]},{"@type":"BreadcrumbList","@id":"https:\/\/www.pressenza.com\/es\/2009\/11\/la-marcha-mundial-por-la-paz-y-no-violencia-sigue-cosechando-exitos-y-despertando-la-conciencia-de-los-pueblos\/#breadcrumb","itemListElement":[{"@type":"ListItem","position":1,"name":"Accueil","item":"https:\/\/www.pressenza.com\/es\/"},{"@type":"ListItem","position":2,"name":"La Marcha Mundial por la Paz y No violencia sigue cosechando exitos y despertando la conciencia de los pueblos"}]},{"@type":"WebSite","@id":"https:\/\/www.pressenza.com\/es\/#website","url":"https:\/\/www.pressenza.com\/es\/","name":"Pressenza","description":"International Press Agency","publisher":{"@id":"https:\/\/www.pressenza.com\/es\/#organization"},"potentialAction":[{"@type":"SearchAction","target":{"@type":"EntryPoint","urlTemplate":"https:\/\/www.pressenza.com\/es\/?s={search_term_string}"},"query-input":{"@type":"PropertyValueSpecification","valueRequired":true,"valueName":"search_term_string"}}],"inLanguage":"es"},{"@type":"Organization","@id":"https:\/\/www.pressenza.com\/es\/#organization","name":"Pressenza","url":"https:\/\/www.pressenza.com\/es\/","logo":{"@type":"ImageObject","inLanguage":"es","@id":"https:\/\/www.pressenza.com\/es\/#\/schema\/logo\/image\/","url":"https:\/\/www.pressenza.com\/wp-content\/uploads\/2022\/10\/pressenza_logo_200x200.jpg","contentUrl":"https:\/\/www.pressenza.com\/wp-content\/uploads\/2022\/10\/pressenza_logo_200x200.jpg","width":200,"height":200,"caption":"Pressenza"},"image":{"@id":"https:\/\/www.pressenza.com\/es\/#\/schema\/logo\/image\/"},"sameAs":["https:\/\/www.facebook.com\/PressenzaItalia","https:\/\/x.com\/PressenzaIPA"]},{"@type":"Person","@id":"https:\/\/www.pressenza.com\/es\/#\/schema\/person\/010e5d02bcf40965427a1289a4cc8d75","name":"Pressenza IPA","description":"News from Pressenza IPA correspondents","sameAs":["https:\/\/www.facebook.com\/pressenza","https:\/\/x.com\/PressenzaIPA"],"url":"https:\/\/www.pressenza.com\/es\/author\/pressenza-ipa\/"}]}},"place":"Praga","original_article_url":"","_links":{"self":[{"href":"https:\/\/www.pressenza.com\/es\/wp-json\/wp\/v2\/posts\/2045","targetHints":{"allow":["GET"]}}],"collection":[{"href":"https:\/\/www.pressenza.com\/es\/wp-json\/wp\/v2\/posts"}],"about":[{"href":"https:\/\/www.pressenza.com\/es\/wp-json\/wp\/v2\/types\/post"}],"author":[{"embeddable":true,"href":"https:\/\/www.pressenza.com\/es\/wp-json\/wp\/v2\/users\/19"}],"replies":[{"embeddable":true,"href":"https:\/\/www.pressenza.com\/es\/wp-json\/wp\/v2\/comments?post=2045"}],"version-history":[{"count":0,"href":"https:\/\/www.pressenza.com\/es\/wp-json\/wp\/v2\/posts\/2045\/revisions"}],"wp:attachment":[{"href":"https:\/\/www.pressenza.com\/es\/wp-json\/wp\/v2\/media?parent=2045"}],"wp:term":[{"taxonomy":"category","embeddable":true,"href":"https:\/\/www.pressenza.com\/es\/wp-json\/wp\/v2\/categories?post=2045"},{"taxonomy":"post_tag","embeddable":true,"href":"https:\/\/www.pressenza.com\/es\/wp-json\/wp\/v2\/tags?post=2045"}],"curies":[{"name":"wp","href":"https:\/\/api.w.org\/{rel}","templated":true}]}}