{"id":20356,"date":"2012-10-16T18:00:51","date_gmt":"2012-10-16T17:00:51","guid":{"rendered":"http:\/\/www.pressenza.com\/?p=20356"},"modified":"2015-07-21T21:19:09","modified_gmt":"2015-07-21T20:19:09","slug":"patricia-ruiz-estamos-volviendo-a-luchar-por-cosas-que-ya-se-lucho","status":"publish","type":"post","link":"https:\/\/www.pressenza.com\/es\/2012\/10\/patricia-ruiz-estamos-volviendo-a-luchar-por-cosas-que-ya-se-lucho\/","title":{"rendered":"Patricia Ruiz: \u00abEstamos volviendo a luchar por cosas que ya se luch\u00f3\u00bb"},"content":{"rendered":"<p>Patricia Ruiz es activista social y participa desde el inicio del Movimiento 15M en la ciudad de M\u00e1laga.<\/p>\n<p>En esta entrevista nos cuenta como surgi\u00f3 el movimiento, la acampada de la Plaza de la Constituci\u00f3n y como se fueron gestando las asambleas barriales y los frentes de acci\u00f3n.<\/p>\n<p>Nos habla de la participaci\u00f3n en las acciones para frenar los desahucios y la lucha simb\u00f3lica de denunciar a los pol\u00edticos y a la banca, participando de performances como las del flamenco anticapitalista.<\/p>\n<p>Nos cuenta el d\u00eda a d\u00eda de los espa\u00f1oles y la necesidad de un cambio de direcci\u00f3n profundo, tanto en lo social como en lo personal.<\/p>\n\n<p>&nbsp;<\/p>\n","protected":false},"excerpt":{"rendered":"<p>Patricia Ruiz es activista social y participa desde el inicio del Movimiento 15M en la ciudad de M\u00e1laga. En esta entrevista nos cuenta como surgi\u00f3 el movimiento, la acampada de la Plaza de la Constituci\u00f3n y como se fueron gestando&hellip;<\/p>\n","protected":false},"author":96,"featured_media":20512,"comment_status":"closed","ping_status":"open","sticky":false,"template":"","format":"standard","meta":{"footnotes":""},"categories":[79,81,155,66],"tags":[704,728,355,984,383],"class_list":["post-20356","post","type-post","status-publish","format-standard","has-post-thumbnail","hentry","category-derechos-humanos","category-economia-es","category-entrevistas","category-europa-es","tag-15m-es","tag-25s","tag-crisis-es","tag-indignados-es","tag-noviolencia"],"yoast_head":"<!-- This site is optimized with the Yoast SEO plugin v27.1.1 - https:\/\/yoast.com\/product\/yoast-seo-wordpress\/ -->\n<title>Patricia Ruiz: &quot;Estamos volviendo a luchar por cosas que ya se luch\u00f3&quot;<\/title>\n<meta name=\"description\" content=\"Patricia Ruiz es activista social y participa desde el inicio del Movimiento 15M en la ciudad de M\u00e1laga. En esta entrevista nos cuenta como surgi\u00f3 el\" \/>\n<meta name=\"robots\" content=\"index, follow, max-snippet:-1, max-image-preview:large, max-video-preview:-1\" \/>\n<link rel=\"canonical\" href=\"https:\/\/www.pressenza.com\/es\/2012\/10\/patricia-ruiz-estamos-volviendo-a-luchar-por-cosas-que-ya-se-lucho\/\" \/>\n<meta property=\"og:locale\" content=\"es_ES\" \/>\n<meta property=\"og:type\" content=\"article\" \/>\n<meta property=\"og:title\" content=\"Patricia Ruiz: &quot;Estamos volviendo a luchar por cosas que ya se luch\u00f3&quot;\" \/>\n<meta property=\"og:description\" content=\"Patricia Ruiz es activista social y participa desde el inicio del Movimiento 15M en la ciudad de M\u00e1laga. En esta entrevista nos cuenta como surgi\u00f3 el\" \/>\n<meta property=\"og:url\" content=\"https:\/\/www.pressenza.com\/es\/2012\/10\/patricia-ruiz-estamos-volviendo-a-luchar-por-cosas-que-ya-se-lucho\/\" \/>\n<meta property=\"og:site_name\" content=\"Pressenza\" \/>\n<meta property=\"article:publisher\" content=\"https:\/\/www.facebook.com\/PressenzaItalia\" \/>\n<meta property=\"article:author\" content=\"https:\/\/www.facebook.com\/mariano.quiroga.779\" \/>\n<meta property=\"article:published_time\" content=\"2012-10-16T17:00:51+00:00\" \/>\n<meta property=\"article:modified_time\" content=\"2015-07-21T20:19:09+00:00\" \/>\n<meta property=\"og:image\" content=\"https:\/\/www.pressenza.com\/wp-content\/uploads\/2012\/10\/patricia-ruiz1.jpg\" \/>\n\t<meta property=\"og:image:width\" content=\"1920\" \/>\n\t<meta property=\"og:image:height\" content=\"1080\" \/>\n\t<meta property=\"og:image:type\" content=\"image\/jpeg\" \/>\n<meta name=\"author\" content=\"Mariano Quiroga\" \/>\n<meta name=\"twitter:card\" content=\"summary_large_image\" \/>\n<meta name=\"twitter:creator\" content=\"@MaruchoQuiroga\" \/>\n<meta name=\"twitter:site\" content=\"@PressenzaIPA\" \/>\n<meta name=\"twitter:label1\" content=\"Escrito por\" \/>\n\t<meta name=\"twitter:data1\" content=\"Mariano Quiroga\" \/>\n\t<meta name=\"twitter:label2\" content=\"Tiempo de lectura\" \/>\n\t<meta name=\"twitter:data2\" content=\"1 minuto\" \/>\n<script type=\"application\/ld+json\" class=\"yoast-schema-graph\">{\"@context\":\"https:\/\/schema.org\",\"@graph\":[{\"@type\":\"Article\",\"@id\":\"https:\/\/www.pressenza.com\/es\/2012\/10\/patricia-ruiz-estamos-volviendo-a-luchar-por-cosas-que-ya-se-lucho\/#article\",\"isPartOf\":{\"@id\":\"https:\/\/www.pressenza.com\/es\/2012\/10\/patricia-ruiz-estamos-volviendo-a-luchar-por-cosas-que-ya-se-lucho\/\"},\"author\":{\"name\":\"Mariano Quiroga\",\"@id\":\"https:\/\/www.pressenza.com\/es\/#\/schema\/person\/a0856fe41d8234b92503e6b28dc2585e\"},\"headline\":\"Patricia Ruiz: \u00abEstamos volviendo a luchar por cosas que ya se luch\u00f3\u00bb\",\"datePublished\":\"2012-10-16T17:00:51+00:00\",\"dateModified\":\"2015-07-21T20:19:09+00:00\",\"mainEntityOfPage\":{\"@id\":\"https:\/\/www.pressenza.com\/es\/2012\/10\/patricia-ruiz-estamos-volviendo-a-luchar-por-cosas-que-ya-se-lucho\/\"},\"wordCount\":136,\"publisher\":{\"@id\":\"https:\/\/www.pressenza.com\/es\/#organization\"},\"image\":{\"@id\":\"https:\/\/www.pressenza.com\/es\/2012\/10\/patricia-ruiz-estamos-volviendo-a-luchar-por-cosas-que-ya-se-lucho\/#primaryimage\"},\"thumbnailUrl\":\"https:\/\/www.pressenza.com\/wp-content\/uploads\/2012\/10\/patricia-ruiz1.jpg\",\"keywords\":[\"15M\",\"25S\",\"crisis\",\"indignados\",\"Noviolencia\"],\"articleSection\":[\"Derechos Humanos\",\"Econom\u00eda\",\"Entrevistas\",\"Europa\"],\"inLanguage\":\"es\"},{\"@type\":\"WebPage\",\"@id\":\"https:\/\/www.pressenza.com\/es\/2012\/10\/patricia-ruiz-estamos-volviendo-a-luchar-por-cosas-que-ya-se-lucho\/\",\"url\":\"https:\/\/www.pressenza.com\/es\/2012\/10\/patricia-ruiz-estamos-volviendo-a-luchar-por-cosas-que-ya-se-lucho\/\",\"name\":\"Patricia Ruiz: \\\"Estamos volviendo a luchar por cosas que ya se luch\u00f3\\\"\",\"isPartOf\":{\"@id\":\"https:\/\/www.pressenza.com\/es\/#website\"},\"primaryImageOfPage\":{\"@id\":\"https:\/\/www.pressenza.com\/es\/2012\/10\/patricia-ruiz-estamos-volviendo-a-luchar-por-cosas-que-ya-se-lucho\/#primaryimage\"},\"image\":{\"@id\":\"https:\/\/www.pressenza.com\/es\/2012\/10\/patricia-ruiz-estamos-volviendo-a-luchar-por-cosas-que-ya-se-lucho\/#primaryimage\"},\"thumbnailUrl\":\"https:\/\/www.pressenza.com\/wp-content\/uploads\/2012\/10\/patricia-ruiz1.jpg\",\"datePublished\":\"2012-10-16T17:00:51+00:00\",\"dateModified\":\"2015-07-21T20:19:09+00:00\",\"description\":\"Patricia Ruiz es activista social y participa desde el inicio del Movimiento 15M en la ciudad de M\u00e1laga. En esta entrevista nos cuenta como surgi\u00f3 el\",\"breadcrumb\":{\"@id\":\"https:\/\/www.pressenza.com\/es\/2012\/10\/patricia-ruiz-estamos-volviendo-a-luchar-por-cosas-que-ya-se-lucho\/#breadcrumb\"},\"inLanguage\":\"es\",\"potentialAction\":[{\"@type\":\"ReadAction\",\"target\":[\"https:\/\/www.pressenza.com\/es\/2012\/10\/patricia-ruiz-estamos-volviendo-a-luchar-por-cosas-que-ya-se-lucho\/\"]}]},{\"@type\":\"ImageObject\",\"inLanguage\":\"es\",\"@id\":\"https:\/\/www.pressenza.com\/es\/2012\/10\/patricia-ruiz-estamos-volviendo-a-luchar-por-cosas-que-ya-se-lucho\/#primaryimage\",\"url\":\"https:\/\/www.pressenza.com\/wp-content\/uploads\/2012\/10\/patricia-ruiz1.jpg\",\"contentUrl\":\"https:\/\/www.pressenza.com\/wp-content\/uploads\/2012\/10\/patricia-ruiz1.jpg\",\"width\":\"1920\",\"height\":\"1080\"},{\"@type\":\"BreadcrumbList\",\"@id\":\"https:\/\/www.pressenza.com\/es\/2012\/10\/patricia-ruiz-estamos-volviendo-a-luchar-por-cosas-que-ya-se-lucho\/#breadcrumb\",\"itemListElement\":[{\"@type\":\"ListItem\",\"position\":1,\"name\":\"Accueil\",\"item\":\"https:\/\/www.pressenza.com\/es\/\"},{\"@type\":\"ListItem\",\"position\":2,\"name\":\"Patricia Ruiz: \u00abEstamos volviendo a luchar por cosas que ya se luch\u00f3\u00bb\"}]},{\"@type\":\"WebSite\",\"@id\":\"https:\/\/www.pressenza.com\/es\/#website\",\"url\":\"https:\/\/www.pressenza.com\/es\/\",\"name\":\"Pressenza\",\"description\":\"International Press Agency\",\"publisher\":{\"@id\":\"https:\/\/www.pressenza.com\/es\/#organization\"},\"potentialAction\":[{\"@type\":\"SearchAction\",\"target\":{\"@type\":\"EntryPoint\",\"urlTemplate\":\"https:\/\/www.pressenza.com\/es\/?s={search_term_string}\"},\"query-input\":{\"@type\":\"PropertyValueSpecification\",\"valueRequired\":true,\"valueName\":\"search_term_string\"}}],\"inLanguage\":\"es\"},{\"@type\":\"Organization\",\"@id\":\"https:\/\/www.pressenza.com\/es\/#organization\",\"name\":\"Pressenza\",\"url\":\"https:\/\/www.pressenza.com\/es\/\",\"logo\":{\"@type\":\"ImageObject\",\"inLanguage\":\"es\",\"@id\":\"https:\/\/www.pressenza.com\/es\/#\/schema\/logo\/image\/\",\"url\":\"https:\/\/www.pressenza.com\/wp-content\/uploads\/2022\/10\/pressenza_logo_200x200.jpg\",\"contentUrl\":\"https:\/\/www.pressenza.com\/wp-content\/uploads\/2022\/10\/pressenza_logo_200x200.jpg\",\"width\":200,\"height\":200,\"caption\":\"Pressenza\"},\"image\":{\"@id\":\"https:\/\/www.pressenza.com\/es\/#\/schema\/logo\/image\/\"},\"sameAs\":[\"https:\/\/www.facebook.com\/PressenzaItalia\",\"https:\/\/x.com\/PressenzaIPA\"]},{\"@type\":\"Person\",\"@id\":\"https:\/\/www.pressenza.com\/es\/#\/schema\/person\/a0856fe41d8234b92503e6b28dc2585e\",\"name\":\"Mariano Quiroga\",\"description\":\"Born in Buenos Aires, Argentina, in 1976, Mariano is a journalist, poet and international editor for Pressenza. His career includes publications in different countries and languages. Currently he is presenter on radio programmes in Ecuador and Argentina. A humanist communicator specialising in international politics, his vocation has led him to seek to build bridges that allow relationships to be made between data, events, people and contexts in order to create an inclusive look that synthesises the noblest searches for social justice and humanisation of the planet.\",\"sameAs\":[\"https:\/\/www.facebook.com\/mariano.quiroga.779\",\"https:\/\/x.com\/MaruchoQuiroga\"],\"url\":\"https:\/\/www.pressenza.com\/es\/author\/mariano-quiroga\/\"}]}<\/script>\n<!-- \/ Yoast SEO plugin. -->","yoast_head_json":{"title":"Patricia Ruiz: \"Estamos volviendo a luchar por cosas que ya se luch\u00f3\"","description":"Patricia Ruiz es activista social y participa desde el inicio del Movimiento 15M en la ciudad de M\u00e1laga. En esta entrevista nos cuenta como surgi\u00f3 el","robots":{"index":"index","follow":"follow","max-snippet":"max-snippet:-1","max-image-preview":"max-image-preview:large","max-video-preview":"max-video-preview:-1"},"canonical":"https:\/\/www.pressenza.com\/es\/2012\/10\/patricia-ruiz-estamos-volviendo-a-luchar-por-cosas-que-ya-se-lucho\/","og_locale":"es_ES","og_type":"article","og_title":"Patricia Ruiz: \"Estamos volviendo a luchar por cosas que ya se luch\u00f3\"","og_description":"Patricia Ruiz es activista social y participa desde el inicio del Movimiento 15M en la ciudad de M\u00e1laga. En esta entrevista nos cuenta como surgi\u00f3 el","og_url":"https:\/\/www.pressenza.com\/es\/2012\/10\/patricia-ruiz-estamos-volviendo-a-luchar-por-cosas-que-ya-se-lucho\/","og_site_name":"Pressenza","article_publisher":"https:\/\/www.facebook.com\/PressenzaItalia","article_author":"https:\/\/www.facebook.com\/mariano.quiroga.779","article_published_time":"2012-10-16T17:00:51+00:00","article_modified_time":"2015-07-21T20:19:09+00:00","og_image":[{"width":1920,"height":1080,"url":"https:\/\/www.pressenza.com\/wp-content\/uploads\/2012\/10\/patricia-ruiz1.jpg","type":"image\/jpeg"}],"author":"Mariano Quiroga","twitter_card":"summary_large_image","twitter_creator":"@MaruchoQuiroga","twitter_site":"@PressenzaIPA","twitter_misc":{"Escrito por":"Mariano Quiroga","Tiempo de lectura":"1 minuto"},"schema":{"@context":"https:\/\/schema.org","@graph":[{"@type":"Article","@id":"https:\/\/www.pressenza.com\/es\/2012\/10\/patricia-ruiz-estamos-volviendo-a-luchar-por-cosas-que-ya-se-lucho\/#article","isPartOf":{"@id":"https:\/\/www.pressenza.com\/es\/2012\/10\/patricia-ruiz-estamos-volviendo-a-luchar-por-cosas-que-ya-se-lucho\/"},"author":{"name":"Mariano Quiroga","@id":"https:\/\/www.pressenza.com\/es\/#\/schema\/person\/a0856fe41d8234b92503e6b28dc2585e"},"headline":"Patricia Ruiz: \u00abEstamos volviendo a luchar por cosas que ya se luch\u00f3\u00bb","datePublished":"2012-10-16T17:00:51+00:00","dateModified":"2015-07-21T20:19:09+00:00","mainEntityOfPage":{"@id":"https:\/\/www.pressenza.com\/es\/2012\/10\/patricia-ruiz-estamos-volviendo-a-luchar-por-cosas-que-ya-se-lucho\/"},"wordCount":136,"publisher":{"@id":"https:\/\/www.pressenza.com\/es\/#organization"},"image":{"@id":"https:\/\/www.pressenza.com\/es\/2012\/10\/patricia-ruiz-estamos-volviendo-a-luchar-por-cosas-que-ya-se-lucho\/#primaryimage"},"thumbnailUrl":"https:\/\/www.pressenza.com\/wp-content\/uploads\/2012\/10\/patricia-ruiz1.jpg","keywords":["15M","25S","crisis","indignados","Noviolencia"],"articleSection":["Derechos Humanos","Econom\u00eda","Entrevistas","Europa"],"inLanguage":"es"},{"@type":"WebPage","@id":"https:\/\/www.pressenza.com\/es\/2012\/10\/patricia-ruiz-estamos-volviendo-a-luchar-por-cosas-que-ya-se-lucho\/","url":"https:\/\/www.pressenza.com\/es\/2012\/10\/patricia-ruiz-estamos-volviendo-a-luchar-por-cosas-que-ya-se-lucho\/","name":"Patricia Ruiz: \"Estamos volviendo a luchar por cosas que ya se luch\u00f3\"","isPartOf":{"@id":"https:\/\/www.pressenza.com\/es\/#website"},"primaryImageOfPage":{"@id":"https:\/\/www.pressenza.com\/es\/2012\/10\/patricia-ruiz-estamos-volviendo-a-luchar-por-cosas-que-ya-se-lucho\/#primaryimage"},"image":{"@id":"https:\/\/www.pressenza.com\/es\/2012\/10\/patricia-ruiz-estamos-volviendo-a-luchar-por-cosas-que-ya-se-lucho\/#primaryimage"},"thumbnailUrl":"https:\/\/www.pressenza.com\/wp-content\/uploads\/2012\/10\/patricia-ruiz1.jpg","datePublished":"2012-10-16T17:00:51+00:00","dateModified":"2015-07-21T20:19:09+00:00","description":"Patricia Ruiz es activista social y participa desde el inicio del Movimiento 15M en la ciudad de M\u00e1laga. En esta entrevista nos cuenta como surgi\u00f3 el","breadcrumb":{"@id":"https:\/\/www.pressenza.com\/es\/2012\/10\/patricia-ruiz-estamos-volviendo-a-luchar-por-cosas-que-ya-se-lucho\/#breadcrumb"},"inLanguage":"es","potentialAction":[{"@type":"ReadAction","target":["https:\/\/www.pressenza.com\/es\/2012\/10\/patricia-ruiz-estamos-volviendo-a-luchar-por-cosas-que-ya-se-lucho\/"]}]},{"@type":"ImageObject","inLanguage":"es","@id":"https:\/\/www.pressenza.com\/es\/2012\/10\/patricia-ruiz-estamos-volviendo-a-luchar-por-cosas-que-ya-se-lucho\/#primaryimage","url":"https:\/\/www.pressenza.com\/wp-content\/uploads\/2012\/10\/patricia-ruiz1.jpg","contentUrl":"https:\/\/www.pressenza.com\/wp-content\/uploads\/2012\/10\/patricia-ruiz1.jpg","width":"1920","height":"1080"},{"@type":"BreadcrumbList","@id":"https:\/\/www.pressenza.com\/es\/2012\/10\/patricia-ruiz-estamos-volviendo-a-luchar-por-cosas-que-ya-se-lucho\/#breadcrumb","itemListElement":[{"@type":"ListItem","position":1,"name":"Accueil","item":"https:\/\/www.pressenza.com\/es\/"},{"@type":"ListItem","position":2,"name":"Patricia Ruiz: \u00abEstamos volviendo a luchar por cosas que ya se luch\u00f3\u00bb"}]},{"@type":"WebSite","@id":"https:\/\/www.pressenza.com\/es\/#website","url":"https:\/\/www.pressenza.com\/es\/","name":"Pressenza","description":"International Press Agency","publisher":{"@id":"https:\/\/www.pressenza.com\/es\/#organization"},"potentialAction":[{"@type":"SearchAction","target":{"@type":"EntryPoint","urlTemplate":"https:\/\/www.pressenza.com\/es\/?s={search_term_string}"},"query-input":{"@type":"PropertyValueSpecification","valueRequired":true,"valueName":"search_term_string"}}],"inLanguage":"es"},{"@type":"Organization","@id":"https:\/\/www.pressenza.com\/es\/#organization","name":"Pressenza","url":"https:\/\/www.pressenza.com\/es\/","logo":{"@type":"ImageObject","inLanguage":"es","@id":"https:\/\/www.pressenza.com\/es\/#\/schema\/logo\/image\/","url":"https:\/\/www.pressenza.com\/wp-content\/uploads\/2022\/10\/pressenza_logo_200x200.jpg","contentUrl":"https:\/\/www.pressenza.com\/wp-content\/uploads\/2022\/10\/pressenza_logo_200x200.jpg","width":200,"height":200,"caption":"Pressenza"},"image":{"@id":"https:\/\/www.pressenza.com\/es\/#\/schema\/logo\/image\/"},"sameAs":["https:\/\/www.facebook.com\/PressenzaItalia","https:\/\/x.com\/PressenzaIPA"]},{"@type":"Person","@id":"https:\/\/www.pressenza.com\/es\/#\/schema\/person\/a0856fe41d8234b92503e6b28dc2585e","name":"Mariano Quiroga","description":"Born in Buenos Aires, Argentina, in 1976, Mariano is a journalist, poet and international editor for Pressenza. His career includes publications in different countries and languages. Currently he is presenter on radio programmes in Ecuador and Argentina. A humanist communicator specialising in international politics, his vocation has led him to seek to build bridges that allow relationships to be made between data, events, people and contexts in order to create an inclusive look that synthesises the noblest searches for social justice and humanisation of the planet.","sameAs":["https:\/\/www.facebook.com\/mariano.quiroga.779","https:\/\/x.com\/MaruchoQuiroga"],"url":"https:\/\/www.pressenza.com\/es\/author\/mariano-quiroga\/"}]}},"place":"M\u00e1laga","original_article_url":"","_links":{"self":[{"href":"https:\/\/www.pressenza.com\/es\/wp-json\/wp\/v2\/posts\/20356","targetHints":{"allow":["GET"]}}],"collection":[{"href":"https:\/\/www.pressenza.com\/es\/wp-json\/wp\/v2\/posts"}],"about":[{"href":"https:\/\/www.pressenza.com\/es\/wp-json\/wp\/v2\/types\/post"}],"author":[{"embeddable":true,"href":"https:\/\/www.pressenza.com\/es\/wp-json\/wp\/v2\/users\/96"}],"replies":[{"embeddable":true,"href":"https:\/\/www.pressenza.com\/es\/wp-json\/wp\/v2\/comments?post=20356"}],"version-history":[{"count":0,"href":"https:\/\/www.pressenza.com\/es\/wp-json\/wp\/v2\/posts\/20356\/revisions"}],"wp:featuredmedia":[{"embeddable":true,"href":"https:\/\/www.pressenza.com\/es\/wp-json\/wp\/v2\/media\/20512"}],"wp:attachment":[{"href":"https:\/\/www.pressenza.com\/es\/wp-json\/wp\/v2\/media?parent=20356"}],"wp:term":[{"taxonomy":"category","embeddable":true,"href":"https:\/\/www.pressenza.com\/es\/wp-json\/wp\/v2\/categories?post=20356"},{"taxonomy":"post_tag","embeddable":true,"href":"https:\/\/www.pressenza.com\/es\/wp-json\/wp\/v2\/tags?post=20356"}],"curies":[{"name":"wp","href":"https:\/\/api.w.org\/{rel}","templated":true}]}}