{"id":203229,"date":"2015-07-17T08:51:17","date_gmt":"2015-07-17T07:51:17","guid":{"rendered":"http:\/\/www.pressenza.com\/?p=203229"},"modified":"2015-07-17T09:12:28","modified_gmt":"2015-07-17T08:12:28","slug":"podemos-syriza-parece-el-sur","status":"publish","type":"post","link":"https:\/\/www.pressenza.com\/es\/2015\/07\/podemos-syriza-parece-el-sur\/","title":{"rendered":"Podemos, Syriza&#8230; Parece el Sur&#8230;"},"content":{"rendered":"<p><strong>Por Martine Sicard<\/strong>\u00a0<strong>(<\/strong>*<strong>)<\/strong><\/p>\n<p>Mientras que ese \u00faltimo s\u00e1bado 11 de julio se celebraba en Madrid el Foro para el Cambio organizado por Podemos, en Bruselas el Eurogrupo acordaba a puertas cerradas de liquidar Grecia y su sed de autonom\u00eda, expresada sin embargo libremente en el reciente refer\u00e9ndum.<\/p>\n<p>\u00bfAparentemente ninguna relaci\u00f3n, azar puro? O no del todo&#8230;<\/p>\n<p>Con la participaci\u00f3n activa de movimientos sociales, de la sociedad civil as\u00ed como de expertos en diferentes campos, tales como la escritora y activista Susan George, el soci\u00f3logo Boaventura de Sousa Santos, el jurista Joan Garc\u00e9s entre otros, m\u00e1s de 3000 personas trabajaron en com\u00fan durante todo el d\u00eda en Madrid con el fin de contribuir a la elaboraci\u00f3n de un programa de cambio para el pa\u00eds. Las elecciones generales pueden en efecto ser convocadas en cualquier momento, el gobierno intentando tomar por sorpresa los nuevos partidos.<\/p>\n<p>Y cuando en el mitin final Pablo Iglesias lanzaba un grito lleno de esperanza tal una boya a Tsipras \u00bb\u00a0<em>\u00a1Espera Alexis! Estamos llegando<\/em>\u00a0\u00bb se pudo entender mejor las decisiones de la Troika hacia Grecia.<\/p>\n<p>\u00a1S\u00ed! Es bien de esto de lo que se trata por parte de la Troika. Enviar una se\u00f1al, una advertencia, hacia Podemos y otras tentativas pol\u00edticas de la parte en particular de los pueblos del Sur \u00e1vidos de emancipaci\u00f3n.<\/p>\n<p>Recordemos adem\u00e1s que Tsipras hab\u00eda mostrado p\u00fablicamente su apoyo a Podemos en noviembre pasado en Madrid y que Pablo Iglesias hab\u00eda hecho lo mismo en Atenas. (Podemos y Syriza tienen en com\u00fan el hecho de oponerse a las pol\u00edticas de austeridad y de ocupar esca\u00f1os en las filas del grupo Izquierda europea unida en Estrasburgo, aunque su historia, su posicionamiento y sus referencias divergen en ciertos puntos).<\/p>\n<p>Porque si se miraba con cierto paternalismo y demagogia, los movimientos sociales surgidos desde mayo de 2011 tanto en la plaza Syntagma de Atenas como en la Puerta del Sol de Madrid, no representaban peligros reales para los intereses de los grandes grupos financieros que continuaban dictando su pol\u00edtica neoliberal a sus anchas. Pero desde que aquellos comenzaron a articularse en forma de nuevas opciones pol\u00edticas con modelos nuevos, transparentes y participativos, con mecanismos de funcionamiento democr\u00e1ticos \u00abpopulistas\u00bb, para reivindicar derechos a la salud, a la educaci\u00f3n p\u00fablica, a una vivienda digna, entonces las cosas empezaron a cambiar! Adem\u00e1s en Espa\u00f1a estas nuevas expresiones pol\u00edticas comenzaron a ganar ayuntamientos, y comunidades aut\u00f3nomas. \u00a1En Grecia se atreven a cuestionar las decisiones de Bruselas convocando un refer\u00e9ndum! \u00a1! \u00a1! Entonces las campa\u00f1as de difamaci\u00f3n y desinformaci\u00f3n de todo tipo por parte de los medios en manos de esos mismos capitales neoliberales fueron in crescendo&#8230;<\/p>\n<p>Frente a esta planificada estrangulaci\u00f3n de Grecia, en un comunicado de prensa fechado del 29 de junio,<a href=\"#_edn1\" name=\"_ednref1\">[i]<\/a> Podemos se manifestaba as\u00ed:<\/p>\n<p><em>&#8230; Ante el ultim\u00e1tum y el chantaje de los acreedores, el gobierno griego ha reaccionado de manera ejemplar: d\u00e1ndole la palabra a la ciudadan\u00eda para que decida de manera democr\u00e1tica y soberana su propio futuro&#8230;<\/em><\/p>\n<p><em>Con su intransigencia, los acreedores han demostrado que su principal inter\u00e9s no es resolver la crisis de la deuda griega sino someter y derrocar un gobierno democr\u00e1ticamente elegido para demostrar que no hay alternativa<\/em>&#8230;<\/p>\n<p><em>Syriza no es responsable de la tremenda crisis econ\u00f3mica que afecta a Grecia. Fueron los gobiernos de Nueva Democracia y el PASOK, los aliados del PP y el PSOE, quienes falsearon las cuentas, entregaron la soberan\u00eda del pa\u00eds a la Troika y legaron al gobierno de Syriza una cat\u00e1strofe econ\u00f3mica y social&#8230;<\/em><\/p>\n<p><strong><em>Hoy en Europa hay dos campos enfrentados: la austeridad y la democracia, el gobierno del pueblo o el gobierno de los mercados y sus poderes no elegidos. Nosotros estamos con la democracia. Nosotros estamos con el pueblo griego<\/em><\/strong><em>.<\/em><\/p>\n<p>S\u00ed, en este 14 de julio s\u00edmbolo de libertad, igualdad, fraternidad, nos habr\u00eda gustado que el presidente franc\u00e9s aprovechase la ocasi\u00f3n para reivindicar estos valores y los derechos de los pueblos a disponer de si-mismos para todos los pa\u00edses de Europa en lugar de hacer una demostraci\u00f3n de fuerza militar e invitar a desfilar a militares de un pa\u00eds como M\u00e9xico.<\/p>\n<p>M\u00e1s que hacerse eco de los tenientes de acciones del Ibex 85 y banqueros, ya es hora de recobrar y hacer soplar aquel esp\u00edritu revolucionario para invitar los pueblos de Europa a levantarse y rebelarse esta vez de forma no-violenta.<\/p>\n<p>De no ser as\u00ed, no ser\u00e1 la Bastilla que tomar\u00e1n los pueblos de Europa sino m\u00e1s bien el parlamento de Bruselas en el momento que all\u00ed confluyan sus marchas populares previstas para el oto\u00f1o y que van a recorrer varios pa\u00edses de Europa desde el Sur.<\/p>\n<p>.<\/p>\n<p><u>\u00daltima hora:<\/u> En la entrevista concedida el 14\/07 a la televisi\u00f3n p\u00fablica de su pa\u00eds, el primer ministro griego Alexis Tsipras parece condicionar en buena parte, la suerte futura de Grecia a un equilibrio de fuerzas ideol\u00f3gicas en el seno de Europa. El l\u00edder griego afirm\u00f3 que Europa \u00bb pod\u00eda cambiar \u00bb si en las elecciones previstas este a\u00f1o en Espa\u00f1a ganan \u00bb fuerzas semejantes \u00bb a Syriza, y asegur\u00f3 querer mantenerse en el Gobierno hasta la celebraci\u00f3n de \u00e9stas en Espa\u00f1a.<\/p>\n<p><a href=\"#_ednref1\" name=\"_edn1\">[i]<\/a> <a href=\"http:\/\/podemos.info\/comunicado-de-podemos-ante-la-gravedad-de-la-situacion-que-vive-grecia\/\">http:\/\/podemos.info\/comunicado-de-podemos-ante-la-gravedad-de-la-situacion-que-vive-grecia\/<\/a><\/p>\n<p>&nbsp;<\/p>\n<p><strong>(*) Martine Sicard, <\/strong>activista residente en Madrid, miembro de Mundo sin Guerras y sin Violencia, y traductora de la edici\u00f3n francesa de <em>Podemos, S\u00fbr que nous pouvons<\/em> (Indig\u00e8ne Editions, <a href=\"http:\/\/www.indigene-editions.fr\/%20\">http:\/\/www.indigene-editions.fr\/<\/a> )<\/p>\n<p><strong>Ilustraci\u00f3n: ENEKO, <\/strong>dibujante e ilustrador hispano-venezolano residente en Madrid <a href=\"http:\/\/blogs.20minutos.es\/eneko\/\">http:\/\/blogs.20minutos.es\/eneko\/<\/a><\/p>\n<p>&nbsp;<\/p>\n","protected":false},"excerpt":{"rendered":"<p>Por Martine Sicard\u00a0(*) Mientras que ese \u00faltimo s\u00e1bado 11 de julio se celebraba en Madrid el Foro para el Cambio organizado por Podemos, en Bruselas el Eurogrupo acordaba a puertas cerradas de liquidar Grecia y su sed de autonom\u00eda, expresada&hellip;<\/p>\n","protected":false},"author":926,"featured_media":203127,"comment_status":"closed","ping_status":"open","sticky":false,"template":"","format":"standard","meta":{"footnotes":""},"categories":[11389,66,39,161,74],"tags":[696,17659,1346,1497,10642,10769,1162],"class_list":["post-203229","post","type-post","status-publish","format-standard","has-post-thumbnail","hentry","category-contenido-original","category-europa-es","category-internacional","category-opiniones","category-politica-es","tag-democracia","tag-esperanza","tag-grecia-es","tag-movimientos-sociales","tag-podemos","tag-syriza-es","tag-troika"],"yoast_head":"<!-- This site is optimized with the Yoast SEO plugin v27.1.1 - https:\/\/yoast.com\/product\/yoast-seo-wordpress\/ -->\n<title>Podemos, Syriza... Parece el Sur...<\/title>\n<meta name=\"description\" content=\"Por Martine Sicard\u00a0(*) Mientras que ese \u00faltimo s\u00e1bado 11 de julio se celebraba en Madrid el Foro para el Cambio organizado por Podemos, en Bruselas el\" \/>\n<meta name=\"robots\" content=\"index, follow, max-snippet:-1, max-image-preview:large, max-video-preview:-1\" \/>\n<link rel=\"canonical\" href=\"https:\/\/www.pressenza.com\/es\/2015\/07\/podemos-syriza-parece-el-sur\/\" \/>\n<meta property=\"og:locale\" content=\"es_ES\" \/>\n<meta property=\"og:type\" content=\"article\" \/>\n<meta property=\"og:title\" content=\"Podemos, Syriza... Parece el Sur...\" \/>\n<meta property=\"og:description\" content=\"Por Martine Sicard\u00a0(*) Mientras que ese \u00faltimo s\u00e1bado 11 de julio se celebraba en Madrid el Foro para el Cambio organizado por Podemos, en Bruselas el\" \/>\n<meta property=\"og:url\" content=\"https:\/\/www.pressenza.com\/es\/2015\/07\/podemos-syriza-parece-el-sur\/\" \/>\n<meta property=\"og:site_name\" content=\"Pressenza\" \/>\n<meta property=\"article:publisher\" content=\"https:\/\/www.facebook.com\/PressenzaItalia\" \/>\n<meta property=\"article:published_time\" content=\"2015-07-17T07:51:17+00:00\" \/>\n<meta property=\"article:modified_time\" content=\"2015-07-17T08:12:28+00:00\" \/>\n<meta property=\"og:image\" content=\"https:\/\/www.pressenza.com\/wp-content\/uploads\/2015\/07\/15-07-13tiburon.jpg\" \/>\n\t<meta property=\"og:image:width\" content=\"400\" \/>\n\t<meta property=\"og:image:height\" content=\"506\" \/>\n\t<meta property=\"og:image:type\" content=\"image\/jpeg\" \/>\n<meta name=\"author\" content=\"R\u00e9daction France\" \/>\n<meta name=\"twitter:card\" content=\"summary_large_image\" \/>\n<meta name=\"twitter:creator\" content=\"@PressenzaIPA\" \/>\n<meta name=\"twitter:site\" content=\"@PressenzaIPA\" \/>\n<meta name=\"twitter:label1\" content=\"Escrito por\" \/>\n\t<meta name=\"twitter:data1\" content=\"R\u00e9daction France\" \/>\n\t<meta name=\"twitter:label2\" content=\"Tiempo de lectura\" \/>\n\t<meta name=\"twitter:data2\" content=\"5 minutos\" \/>\n<script type=\"application\/ld+json\" class=\"yoast-schema-graph\">{\"@context\":\"https:\/\/schema.org\",\"@graph\":[{\"@type\":\"Article\",\"@id\":\"https:\/\/www.pressenza.com\/es\/2015\/07\/podemos-syriza-parece-el-sur\/#article\",\"isPartOf\":{\"@id\":\"https:\/\/www.pressenza.com\/es\/2015\/07\/podemos-syriza-parece-el-sur\/\"},\"author\":{\"name\":\"R\u00e9daction France\",\"@id\":\"https:\/\/www.pressenza.com\/es\/#\/schema\/person\/3c9fe6670cc2cffbd37562f87b98e869\"},\"headline\":\"Podemos, Syriza&#8230; Parece el Sur&#8230;\",\"datePublished\":\"2015-07-17T07:51:17+00:00\",\"dateModified\":\"2015-07-17T08:12:28+00:00\",\"mainEntityOfPage\":{\"@id\":\"https:\/\/www.pressenza.com\/es\/2015\/07\/podemos-syriza-parece-el-sur\/\"},\"wordCount\":964,\"publisher\":{\"@id\":\"https:\/\/www.pressenza.com\/es\/#organization\"},\"image\":{\"@id\":\"https:\/\/www.pressenza.com\/es\/2015\/07\/podemos-syriza-parece-el-sur\/#primaryimage\"},\"thumbnailUrl\":\"https:\/\/www.pressenza.com\/wp-content\/uploads\/2015\/07\/15-07-13tiburon.jpg\",\"keywords\":[\"Democracia\",\"esperanza\",\"Grecia\",\"movimientos sociales\",\"Podemos\",\"Syriza\",\"Troika\"],\"articleSection\":[\"Contenido Original\",\"Europa\",\"Internacional\",\"Opiniones\",\"Pol\u00edtica\"],\"inLanguage\":\"es\"},{\"@type\":\"WebPage\",\"@id\":\"https:\/\/www.pressenza.com\/es\/2015\/07\/podemos-syriza-parece-el-sur\/\",\"url\":\"https:\/\/www.pressenza.com\/es\/2015\/07\/podemos-syriza-parece-el-sur\/\",\"name\":\"Podemos, Syriza... Parece el Sur...\",\"isPartOf\":{\"@id\":\"https:\/\/www.pressenza.com\/es\/#website\"},\"primaryImageOfPage\":{\"@id\":\"https:\/\/www.pressenza.com\/es\/2015\/07\/podemos-syriza-parece-el-sur\/#primaryimage\"},\"image\":{\"@id\":\"https:\/\/www.pressenza.com\/es\/2015\/07\/podemos-syriza-parece-el-sur\/#primaryimage\"},\"thumbnailUrl\":\"https:\/\/www.pressenza.com\/wp-content\/uploads\/2015\/07\/15-07-13tiburon.jpg\",\"datePublished\":\"2015-07-17T07:51:17+00:00\",\"dateModified\":\"2015-07-17T08:12:28+00:00\",\"description\":\"Por Martine Sicard\u00a0(*) Mientras que ese \u00faltimo s\u00e1bado 11 de julio se celebraba en Madrid el Foro para el Cambio organizado por Podemos, en Bruselas el\",\"breadcrumb\":{\"@id\":\"https:\/\/www.pressenza.com\/es\/2015\/07\/podemos-syriza-parece-el-sur\/#breadcrumb\"},\"inLanguage\":\"es\",\"potentialAction\":[{\"@type\":\"ReadAction\",\"target\":[\"https:\/\/www.pressenza.com\/es\/2015\/07\/podemos-syriza-parece-el-sur\/\"]}]},{\"@type\":\"ImageObject\",\"inLanguage\":\"es\",\"@id\":\"https:\/\/www.pressenza.com\/es\/2015\/07\/podemos-syriza-parece-el-sur\/#primaryimage\",\"url\":\"https:\/\/www.pressenza.com\/wp-content\/uploads\/2015\/07\/15-07-13tiburon.jpg\",\"contentUrl\":\"https:\/\/www.pressenza.com\/wp-content\/uploads\/2015\/07\/15-07-13tiburon.jpg\",\"width\":400,\"height\":506},{\"@type\":\"BreadcrumbList\",\"@id\":\"https:\/\/www.pressenza.com\/es\/2015\/07\/podemos-syriza-parece-el-sur\/#breadcrumb\",\"itemListElement\":[{\"@type\":\"ListItem\",\"position\":1,\"name\":\"Accueil\",\"item\":\"https:\/\/www.pressenza.com\/es\/\"},{\"@type\":\"ListItem\",\"position\":2,\"name\":\"Podemos, Syriza&#8230; Parece el Sur&#8230;\"}]},{\"@type\":\"WebSite\",\"@id\":\"https:\/\/www.pressenza.com\/es\/#website\",\"url\":\"https:\/\/www.pressenza.com\/es\/\",\"name\":\"Pressenza\",\"description\":\"International Press Agency\",\"publisher\":{\"@id\":\"https:\/\/www.pressenza.com\/es\/#organization\"},\"potentialAction\":[{\"@type\":\"SearchAction\",\"target\":{\"@type\":\"EntryPoint\",\"urlTemplate\":\"https:\/\/www.pressenza.com\/es\/?s={search_term_string}\"},\"query-input\":{\"@type\":\"PropertyValueSpecification\",\"valueRequired\":true,\"valueName\":\"search_term_string\"}}],\"inLanguage\":\"es\"},{\"@type\":\"Organization\",\"@id\":\"https:\/\/www.pressenza.com\/es\/#organization\",\"name\":\"Pressenza\",\"url\":\"https:\/\/www.pressenza.com\/es\/\",\"logo\":{\"@type\":\"ImageObject\",\"inLanguage\":\"es\",\"@id\":\"https:\/\/www.pressenza.com\/es\/#\/schema\/logo\/image\/\",\"url\":\"https:\/\/www.pressenza.com\/wp-content\/uploads\/2022\/10\/pressenza_logo_200x200.jpg\",\"contentUrl\":\"https:\/\/www.pressenza.com\/wp-content\/uploads\/2022\/10\/pressenza_logo_200x200.jpg\",\"width\":200,\"height\":200,\"caption\":\"Pressenza\"},\"image\":{\"@id\":\"https:\/\/www.pressenza.com\/es\/#\/schema\/logo\/image\/\"},\"sameAs\":[\"https:\/\/www.facebook.com\/PressenzaItalia\",\"https:\/\/x.com\/PressenzaIPA\"]},{\"@type\":\"Person\",\"@id\":\"https:\/\/www.pressenza.com\/es\/#\/schema\/person\/3c9fe6670cc2cffbd37562f87b98e869\",\"name\":\"R\u00e9daction France\",\"description\":\"News published by the Pressenza bureau in France\",\"sameAs\":[\"http:\/\/www.pressenza.com\/fr\"],\"url\":\"https:\/\/www.pressenza.com\/es\/author\/redactionfrance\/\"}]}<\/script>\n<!-- \/ Yoast SEO plugin. -->","yoast_head_json":{"title":"Podemos, Syriza... Parece el Sur...","description":"Por Martine Sicard\u00a0(*) Mientras que ese \u00faltimo s\u00e1bado 11 de julio se celebraba en Madrid el Foro para el Cambio organizado por Podemos, en Bruselas el","robots":{"index":"index","follow":"follow","max-snippet":"max-snippet:-1","max-image-preview":"max-image-preview:large","max-video-preview":"max-video-preview:-1"},"canonical":"https:\/\/www.pressenza.com\/es\/2015\/07\/podemos-syriza-parece-el-sur\/","og_locale":"es_ES","og_type":"article","og_title":"Podemos, Syriza... Parece el Sur...","og_description":"Por Martine Sicard\u00a0(*) Mientras que ese \u00faltimo s\u00e1bado 11 de julio se celebraba en Madrid el Foro para el Cambio organizado por Podemos, en Bruselas el","og_url":"https:\/\/www.pressenza.com\/es\/2015\/07\/podemos-syriza-parece-el-sur\/","og_site_name":"Pressenza","article_publisher":"https:\/\/www.facebook.com\/PressenzaItalia","article_published_time":"2015-07-17T07:51:17+00:00","article_modified_time":"2015-07-17T08:12:28+00:00","og_image":[{"width":400,"height":506,"url":"https:\/\/www.pressenza.com\/wp-content\/uploads\/2015\/07\/15-07-13tiburon.jpg","type":"image\/jpeg"}],"author":"R\u00e9daction France","twitter_card":"summary_large_image","twitter_creator":"@PressenzaIPA","twitter_site":"@PressenzaIPA","twitter_misc":{"Escrito por":"R\u00e9daction France","Tiempo de lectura":"5 minutos"},"schema":{"@context":"https:\/\/schema.org","@graph":[{"@type":"Article","@id":"https:\/\/www.pressenza.com\/es\/2015\/07\/podemos-syriza-parece-el-sur\/#article","isPartOf":{"@id":"https:\/\/www.pressenza.com\/es\/2015\/07\/podemos-syriza-parece-el-sur\/"},"author":{"name":"R\u00e9daction France","@id":"https:\/\/www.pressenza.com\/es\/#\/schema\/person\/3c9fe6670cc2cffbd37562f87b98e869"},"headline":"Podemos, Syriza&#8230; Parece el Sur&#8230;","datePublished":"2015-07-17T07:51:17+00:00","dateModified":"2015-07-17T08:12:28+00:00","mainEntityOfPage":{"@id":"https:\/\/www.pressenza.com\/es\/2015\/07\/podemos-syriza-parece-el-sur\/"},"wordCount":964,"publisher":{"@id":"https:\/\/www.pressenza.com\/es\/#organization"},"image":{"@id":"https:\/\/www.pressenza.com\/es\/2015\/07\/podemos-syriza-parece-el-sur\/#primaryimage"},"thumbnailUrl":"https:\/\/www.pressenza.com\/wp-content\/uploads\/2015\/07\/15-07-13tiburon.jpg","keywords":["Democracia","esperanza","Grecia","movimientos sociales","Podemos","Syriza","Troika"],"articleSection":["Contenido Original","Europa","Internacional","Opiniones","Pol\u00edtica"],"inLanguage":"es"},{"@type":"WebPage","@id":"https:\/\/www.pressenza.com\/es\/2015\/07\/podemos-syriza-parece-el-sur\/","url":"https:\/\/www.pressenza.com\/es\/2015\/07\/podemos-syriza-parece-el-sur\/","name":"Podemos, Syriza... Parece el Sur...","isPartOf":{"@id":"https:\/\/www.pressenza.com\/es\/#website"},"primaryImageOfPage":{"@id":"https:\/\/www.pressenza.com\/es\/2015\/07\/podemos-syriza-parece-el-sur\/#primaryimage"},"image":{"@id":"https:\/\/www.pressenza.com\/es\/2015\/07\/podemos-syriza-parece-el-sur\/#primaryimage"},"thumbnailUrl":"https:\/\/www.pressenza.com\/wp-content\/uploads\/2015\/07\/15-07-13tiburon.jpg","datePublished":"2015-07-17T07:51:17+00:00","dateModified":"2015-07-17T08:12:28+00:00","description":"Por Martine Sicard\u00a0(*) Mientras que ese \u00faltimo s\u00e1bado 11 de julio se celebraba en Madrid el Foro para el Cambio organizado por Podemos, en Bruselas el","breadcrumb":{"@id":"https:\/\/www.pressenza.com\/es\/2015\/07\/podemos-syriza-parece-el-sur\/#breadcrumb"},"inLanguage":"es","potentialAction":[{"@type":"ReadAction","target":["https:\/\/www.pressenza.com\/es\/2015\/07\/podemos-syriza-parece-el-sur\/"]}]},{"@type":"ImageObject","inLanguage":"es","@id":"https:\/\/www.pressenza.com\/es\/2015\/07\/podemos-syriza-parece-el-sur\/#primaryimage","url":"https:\/\/www.pressenza.com\/wp-content\/uploads\/2015\/07\/15-07-13tiburon.jpg","contentUrl":"https:\/\/www.pressenza.com\/wp-content\/uploads\/2015\/07\/15-07-13tiburon.jpg","width":400,"height":506},{"@type":"BreadcrumbList","@id":"https:\/\/www.pressenza.com\/es\/2015\/07\/podemos-syriza-parece-el-sur\/#breadcrumb","itemListElement":[{"@type":"ListItem","position":1,"name":"Accueil","item":"https:\/\/www.pressenza.com\/es\/"},{"@type":"ListItem","position":2,"name":"Podemos, Syriza&#8230; Parece el Sur&#8230;"}]},{"@type":"WebSite","@id":"https:\/\/www.pressenza.com\/es\/#website","url":"https:\/\/www.pressenza.com\/es\/","name":"Pressenza","description":"International Press Agency","publisher":{"@id":"https:\/\/www.pressenza.com\/es\/#organization"},"potentialAction":[{"@type":"SearchAction","target":{"@type":"EntryPoint","urlTemplate":"https:\/\/www.pressenza.com\/es\/?s={search_term_string}"},"query-input":{"@type":"PropertyValueSpecification","valueRequired":true,"valueName":"search_term_string"}}],"inLanguage":"es"},{"@type":"Organization","@id":"https:\/\/www.pressenza.com\/es\/#organization","name":"Pressenza","url":"https:\/\/www.pressenza.com\/es\/","logo":{"@type":"ImageObject","inLanguage":"es","@id":"https:\/\/www.pressenza.com\/es\/#\/schema\/logo\/image\/","url":"https:\/\/www.pressenza.com\/wp-content\/uploads\/2022\/10\/pressenza_logo_200x200.jpg","contentUrl":"https:\/\/www.pressenza.com\/wp-content\/uploads\/2022\/10\/pressenza_logo_200x200.jpg","width":200,"height":200,"caption":"Pressenza"},"image":{"@id":"https:\/\/www.pressenza.com\/es\/#\/schema\/logo\/image\/"},"sameAs":["https:\/\/www.facebook.com\/PressenzaItalia","https:\/\/x.com\/PressenzaIPA"]},{"@type":"Person","@id":"https:\/\/www.pressenza.com\/es\/#\/schema\/person\/3c9fe6670cc2cffbd37562f87b98e869","name":"R\u00e9daction France","description":"News published by the Pressenza bureau in France","sameAs":["http:\/\/www.pressenza.com\/fr"],"url":"https:\/\/www.pressenza.com\/es\/author\/redactionfrance\/"}]}},"place":"","original_article_url":"","_links":{"self":[{"href":"https:\/\/www.pressenza.com\/es\/wp-json\/wp\/v2\/posts\/203229","targetHints":{"allow":["GET"]}}],"collection":[{"href":"https:\/\/www.pressenza.com\/es\/wp-json\/wp\/v2\/posts"}],"about":[{"href":"https:\/\/www.pressenza.com\/es\/wp-json\/wp\/v2\/types\/post"}],"author":[{"embeddable":true,"href":"https:\/\/www.pressenza.com\/es\/wp-json\/wp\/v2\/users\/926"}],"replies":[{"embeddable":true,"href":"https:\/\/www.pressenza.com\/es\/wp-json\/wp\/v2\/comments?post=203229"}],"version-history":[{"count":0,"href":"https:\/\/www.pressenza.com\/es\/wp-json\/wp\/v2\/posts\/203229\/revisions"}],"wp:featuredmedia":[{"embeddable":true,"href":"https:\/\/www.pressenza.com\/es\/wp-json\/wp\/v2\/media\/203127"}],"wp:attachment":[{"href":"https:\/\/www.pressenza.com\/es\/wp-json\/wp\/v2\/media?parent=203229"}],"wp:term":[{"taxonomy":"category","embeddable":true,"href":"https:\/\/www.pressenza.com\/es\/wp-json\/wp\/v2\/categories?post=203229"},{"taxonomy":"post_tag","embeddable":true,"href":"https:\/\/www.pressenza.com\/es\/wp-json\/wp\/v2\/tags?post=203229"}],"curies":[{"name":"wp","href":"https:\/\/api.w.org\/{rel}","templated":true}]}}