{"id":202616,"date":"2015-07-14T17:58:06","date_gmt":"2015-07-14T16:58:06","guid":{"rendered":"http:\/\/www.pressenza.com\/?p=202616"},"modified":"2015-07-15T08:54:54","modified_gmt":"2015-07-15T07:54:54","slug":"entrevista-a-rosa-galindo-primera-concejala-del-partido-humanista-en-espana","status":"publish","type":"post","link":"https:\/\/www.pressenza.com\/es\/2015\/07\/entrevista-a-rosa-galindo-primera-concejala-del-partido-humanista-en-espana\/","title":{"rendered":"Entrevista a Rosa Galindo, primera concejala del Partido Humanista en Espa\u00f1a"},"content":{"rendered":"<ul>\n<li>Un mes despu\u00e9s de haber llegado al Ayuntamiento de M\u00e1laga, entrevistamos a Rosa Galindo, primera concejala en Espa\u00f1a del Partido Humanista.<\/li>\n<li>Ha sido elegida a trav\u00e9s de la candidatura de confluencia ciudadana M\u00e1laga Ahora.<\/li>\n<li>Esta candidatura ha sacado cuatro concejales en una ciudad que cuenta con casi 600.000 habitantes.<\/li>\n<\/ul>\n<p>&nbsp;<\/p>\n<p><strong>Has llegado a las instituciones, has llegado al Ayuntamiento de M\u00e1laga \u00bfQu\u00e9 te has encontrado? \u00bfC\u00f3mo est\u00e1s viviendo este momento?<\/strong><\/p>\n<p>Lo primero es que me he encontrado un escenario totalmente desconocido para m\u00ed. Me he encontrado que hay mucho que cambiar. Como nuevo partido y una nueva forma de hacer pol\u00edtica, tenemos mucho que aportar, ya estamos aportando. Y nos sentimos con mucho respaldo, no es que cuatro personas han llegado ah\u00ed, sino que muchas personas han llegado al Ayuntamiento. Cuando cuatro personas normales, corrientes, no profesionales de la pol\u00edtica ocupamos el 13 de junio cuatro esca\u00f1os, nos miramos y nos dijimos, hemos llegado, hemos llegado la gente corriente, los movimientos sociales, los partidos peque\u00f1os por los que nunca nadie antes hab\u00eda apostado, hemos entrado y estamos aqu\u00ed representando esa nueva forma de hacer pol\u00edtica&#8230; y eso es lo mejor.<\/p>\n<p>Respecto a la instituci\u00f3n yo la cambiar\u00eda de arriba abajo, pero seguramente ser\u00e1 un proceso que se haga de a poquito porque est\u00e1 todo muy armado. Luego, lo que nos toca hacer es llevar la voz de la ciudadan\u00eda, ser portavoces de la gente. De hecho, nosotros no decidimos, decide la asamblea de la que formamos parte. Y claro, estamos trabajando en la instituci\u00f3n pero nuestra prioridad es construir el tejido social porque eso es lo que va a producir el cambio profundo.<\/p>\n<p>&nbsp;<\/p>\n<p><strong>\u00bfC\u00f3mo Rosa Galindo llega a ser concejala en el Ayuntamiento de M\u00e1laga?<\/strong><\/p>\n<p>Se trata de un trabajo sostenido a lo largo, al menos, de los \u00faltimos 10\/12 a\u00f1os, cuando los humanistas comenzamos a complementar con otros grupos de acci\u00f3n de apoyo a los inmigrantes. Particip\u00e1bamos en las asambleas que exist\u00edan y en un primer momento hubo una gran diferenciaci\u00f3n, no por nuestro lado, sino por su parte. \u00c9ramos para ellos, de origen desconocido, pero nosotros insistimos y el trabajo sostenido a lo largo de estos a\u00f1os ha hecho que nos hayamos creado un espacio dentro de esos \u00e1mbitos, desde los cuales se conform\u00f3 el Movimiento por la Democracia, antes Democracia Real Ya, donde hab\u00eda miembros del Partido Humanista. Y esto fue el origen de lo que es hoy M\u00e1laga Ahora. El Movimiento por la Democracia, junto a otros movimientos por la democracia de Barcelona, Madrid, han sido el origen de las candidaturas municipalistas de convergencia ciudadana.<\/p>\n<p>Ah\u00ed los humanistas ya nos hab\u00edamos ganado un respeto muy importante, avalado por nuestra participaci\u00f3n activa en el 15M, donde renunciamos generosamente a nuestras banderas, como as\u00ed lo exig\u00eda este movimiento, pero trabajamos en primera l\u00ednea en los barrios. Ah\u00ed es donde viene el gran espaldarazo al PH El gran espaldarazo fue el 15M, donde la gente comprendi\u00f3 que \u00e9ramos personas tremendamente generosas, frente a otros que trataban de sacar partido de aquello, muy dispuestas, con una gran capacidad de relaci\u00f3n, de poner lo mejor. Aquello dio lugar al Movimiento por la Democracia, a las candidaturas municipalistas y que al presentarme como candidata unas primarias libres, de votaci\u00f3n libre, fuera elegida y quedara en un cuarto puesto.<\/p>\n<p>Fue tambi\u00e9n muy importante la acci\u00f3n de los humanistas durante la campa\u00f1a electoral, nuestra acci\u00f3n fue fort\u00edsima. Cada candidato explicaba su adscripci\u00f3n pol\u00edtica o de d\u00f3nde ven\u00eda y ah\u00ed siempre me presentaba como miembro del Partido Humanista.<br \/>\nFue un proceso de confluencia en todo momento, de un equipo humano con una capacidad de trabajo incre\u00edble y una sensibilidad muy de los nuevos tiempos. Es gente, con la que hemos trabajado estos a\u00f1os, muy generosa tambi\u00e9n y vienen de distintos grupos pol\u00edticos y movimientos sociales (marea verde, blanca, de afectados por las hipotecas, de Equo, Podemos&#8230;) y ah\u00ed tenemos que resaltar esa entrega, esa generosidad de todos, donde los humanistas tambi\u00e9n apoyamos esa correntada.<\/p>\n<p>Los humanistas, los progresistas, la gente trabajadora nos hemos encontrado y nos hemos reconocido. Ha habido un reconocimiento mutuo y ha habido miradas muy buenas, muy de estar juntos, de valorarnos y querernos. Ese proceso ha sido muy importante, y se ha dado en los barrios, en los grupos donde se discut\u00eda sobre contenidos program\u00e1ticos, etc.<\/p>\n<p>&nbsp;<\/p>\n<p><strong>\u00bfQu\u00e9 posibilidades reales ten\u00e9is de influir en la pol\u00edtica municipal?<\/strong><br \/>\nAlgunas cosas se pueden ir haciendo, ir presionando para que haya una verdadera reestructuraci\u00f3n de presupuestos, para que los presupuestos vayan dirigidos a las prioridades de la gente y presentar mociones en temas como la vivienda. Recordemos que el 2014, 2.000 familias fueron a la calle. Y luego ir recogiendo las propuestas de la gente, de la base social, ir presionando y abrir el ayuntamiento a la gente literalmente, a la base social y que sea \u00e9sta la que cambie la Instituci\u00f3n y fortalecer los movimientos vecinales. \u00c9sa es la base social y necesita fortalecerse.<\/p>\n<p>En nuestro barrio, hay un consejo vecinal que est\u00e1 funcionando muy bien. Nos conocemos, nos queremos y hacemos cosas juntos. El consejo vecinal es un modo organizativo que M\u00e1laga Ahora ha creado. Se trata de que cada barrio tenga su asamblea, lo que hemos llamado Consejo Vecinal, que se re\u00fane cada semana, y ah\u00ed la gente trae los problemas, se discuten y los acuerdos se llevan al Ayuntamiento a trav\u00e9s de los concejales. Los concejales lo presentan, se presenta la denuncia y se producen las movilizaciones que apoyan esa denuncia y la difusi\u00f3n en prensa, \u00e9se es el esquema.<\/p>\n<p>&nbsp;<\/p>\n<p><strong>\u00bfPodemos decir que los concejales elegidos por M\u00e1laga Ahora ven\u00edan de un fuerte compromiso con las necesidades b\u00e1sicas de la gente, que ven\u00edan luchando con la gente en la base?<\/strong><\/p>\n<p>Absolutamente. La primera es Isabel Torralbo, abogada de la PAH y que desde muy joven est\u00e1 comprometida en el Movimiento por la Democracia; la segunda tambi\u00e9n ha sido portavoz de la PAH hasta que ha entrado en el Ayuntamiento, ha participado parando desahucios, ayudando a familias, y Juanjo igual, viene de la Marea Verde y ha estado implicado en todo este proceso. Y en mi caso, vengo de participar contra desahucios, defendiendo los derechos de los inmigrantes y los derechos humanos en general, marchas por la no violencia, cooperaci\u00f3n, etc.<br \/>\n<strong>\u00bfCu\u00e1l es el principal aporte humanista?<\/strong><\/p>\n<p>Est\u00e1bamos trabajando no solo en los barrios sino en los foros program\u00e1ticos. Es un programa totalmente revolucionario, que apuesta por la gente, que pone a la gente en el centro, un programa de la nueva pol\u00edtica, un programa que aboga por la democracia real. Nosotros nos metimos ah\u00ed porque coincid\u00eda con nuestra mejores aspiraciones y adem\u00e1s sentimos que ah\u00ed pod\u00edamos hacer nuestro aporte.<br \/>\nHay elementos fundamentales: primero las personas, el centro las personas.<br \/>\nMandar obedeciendo, es una actitud de aprendizaje continuo.<br \/>\nHay un momento en el que se produce una especie de danza, en el que nos vamos reconociendo. Ya durante el 15M nos reconocemos, hay un c\u00f3digo que es Democracia Real Ya, que nosotros ven\u00edamos defendiendo desde los a\u00f1os 80. Nosotros hemos ido aportando a lo largo de estos a\u00f1os pero sientes que no es tuyo ni de nadie, sino que es un c\u00f3digo ya de la humanidad.<br \/>\nOtro tema es el de los derechos humanos. El ser humano por el hecho de serlo tiene derecho a una protecci\u00f3n, tiene derecho a una vivienda, etc.<\/p>\n<p>&nbsp;<\/p>\n<p><strong>\u00bfC\u00f3mo es el tema de la no violencia en este \u00e1mbito?<\/strong><\/p>\n<p>Es un valor transversal, que est\u00e1 en todo y que no se toca. Es una l\u00ednea roja que no se permite pasar. En la misma respuesta a una situaci\u00f3n de violencia, ya est\u00e1 la no violencia, est\u00e1 en los genes de la candidatura y de las asambleas. Ya se dio en el 15M y la gente lo tiene incorporado.<\/p>\n<p>&nbsp;<\/p>\n<p><strong>\u00bfCu\u00e1les son las l\u00edneas rojas para vuestra formaci\u00f3n?<\/strong><\/p>\n<p>Despojar de protecci\u00f3n a las personas, que todo el mundo tenga una vivienda, derecho a salud, a educaci\u00f3n, etc. Despojar de esto a cualquier persona por parte de las instituciones es una l\u00ednea roja que no se puede pasar. Otra l\u00ednea roja es la transparencia a cualquier nivel.<\/p>\n<p>Y b\u00e1sico, que la decisi\u00f3n est\u00e1 en manos de la gente. Se han creado los Consejos Vecinales, que son asambleas, foros vecinales y es ah\u00ed donde se decide. Nadie puede decidir por la gente. El poder est\u00e1 ah\u00ed. Si alguien decide por la gente, se est\u00e1 saltando esa l\u00ednea roja.<\/p>\n<p>&nbsp;<\/p>\n<p><strong>\u00bfC\u00f3mo ves el futuro?<\/strong><\/p>\n<p>Se abre un futuro precioso. Tengo mucha esperanza y estoy muy ilusionada de que este proceso que comienza ahora pueda llenarse de gente, de vida y de alegr\u00eda.<\/p>\n<p>De hecho, en nuestro discurso de investidura, que tanto ha dado que hablar, hab\u00eda una parte de dureza pero tambi\u00e9n hubo una parte de poes\u00eda. En \u00e9l se dec\u00eda \u201c nosotros somos la alegr\u00eda\u201d, y desde ah\u00ed miramos el futuro, desde la alegr\u00eda y la ilusi\u00f3n de que las cosas se pueden cambiar, que la gente que llevamos toda la vida luchando podemos cambiar las cosas. Nosotros y mucha gente, que est\u00e1 empujando, aunque no se le vea la cara.<\/p>\n<p>&nbsp;<\/p>\n<p><strong>\u00bfA qu\u00e9 habr\u00eda que estar atentos?<\/strong><\/p>\n<p>Sobre todo a la parte institucional. R\u00e1pido nos hemos dado cuenta de c\u00f3mo funciona todo y es necesario que estemos atentos a c\u00f3mo se reparten los dineros, los presupuestos, y c\u00f3mo se reparte la estructura organizativa; atentos a no vendernos, a mantener nuestra esencia, a seguir denunciando todas y cada una de las cosas que no nos gustan.<\/p>\n<p>&nbsp;<\/p>\n<p><strong>\u00bfQu\u00e9 mecanismos ten\u00e9is para que ese peligro se quede s\u00f3lo en peligro?<\/strong><\/p>\n<p>Est\u00e1 todav\u00eda sin aprobar pero ya hemos tenido una asamblea en la hemos visto de crear un mecanismo, relacionado con lo institucional, que asegurar\u00eda la transparencia en todo momento. Para ello contamos con la ayuda de toda la asamblea.<br \/>\nEsperamos que estos mecanismos funcionen como ha ocurrido hasta que hemos llegado al Ayuntamiento. De hecho, las conversaciones con otros partidos se han podido seguir por streaming, para que cualquier ciudadano pudiera ver qu\u00e9 se estaba conversando, porque no nos podemos salir de lo que ha dictado la asamblea. Eso es un buen apoyo, somos portavoces en verdad. Tenemos una carta de dimisi\u00f3n y, ante cualquier actitud distinta, la asamblea nos puede revocar.<\/p>\n<p>&nbsp;<\/p>\n<p><strong>\u00bfQu\u00e9 pasa con el salario?<\/strong><\/p>\n<p>Hemos decidido cobrar como m\u00e1ximo tres veces el salario m\u00ednimo interprofesional, el resto se dedicar\u00e1 a proyectos sociales y, por supuesto, no cobramos dietas.<\/p>\n<p>En este momento concreto y hasta final de a\u00f1o, nos hemos reducido el salario a 1.600 euros para devolver los microcr\u00e9ditos de ciudadanos, con los que pudimos financiar los 15.000 euros que cost\u00f3 la campa\u00f1a electoral.<\/p>\n<p>&nbsp;<\/p>\n<p><strong>\u00bfCu\u00e1nta gente participa las asambleas que apoyan la candidatura?<\/strong><\/p>\n<p>Alrededor de 200 personas participan en la asamblea de modo permanente. Otros, pasan de vez en cuando.<\/p>\n<p>&nbsp;<\/p>\n<p><strong>\u00bfC\u00f3mo darle profundidad a este proyecto? \u00bfQu\u00e9 papel cumple el trabajo personal en vosotros?<\/strong><\/p>\n<p>Es fundamental, porque si no nos quemar\u00edamos como cualquier militante. En toda acci\u00f3n, siempre estamos muy pendientes de los seis puntos m\u00e1s importantes de la actitud humanista. Y eso se nota mucho, por ejemplo, en nuestra acci\u00f3n en el consejo barrial. Es fundamental, esa mirada que nos permite reconocernos en el otro, profundizar en nosotros para profundizar en el otro. Es fundamental esto, si no terminar\u00edamos haciendo cosas pero en cualquier direcci\u00f3n. As\u00ed es que ese trabajo personal no es que sea importante, repito, es que es vital.<\/p>\n","protected":false},"excerpt":{"rendered":"<p>Un mes despu\u00e9s de haber llegado al Ayuntamiento de M\u00e1laga, entrevistamos a Rosa Galindo, primera concejala en Espa\u00f1a del Partido Humanista. Ha sido elegida a trav\u00e9s de la candidatura de confluencia ciudadana M\u00e1laga Ahora. Esta candidatura ha sacado cuatro concejales&hellip;<\/p>\n","protected":false},"author":188,"featured_media":202617,"comment_status":"closed","ping_status":"open","sticky":false,"template":"","format":"standard","meta":{"footnotes":""},"categories":[11389,155,66,1240,39,1242,74],"tags":[1161,1065,1114,18556,418,410],"class_list":["post-202616","post","type-post","status-publish","format-standard","has-post-thumbnail","hentry","category-contenido-original","category-entrevistas","category-europa-es","category-humanismo-espiritualidad","category-internacional","category-noviolencia-tema","category-politica-es","tag-desahucios","tag-espana","tag-malaga","tag-malaga-ahora","tag-partido-humanista","tag-transparencia"],"yoast_head":"<!-- This site is optimized with the Yoast SEO plugin v27.1.1 - https:\/\/yoast.com\/product\/yoast-seo-wordpress\/ -->\n<title>Entrevista a Rosa Galindo, primera concejala del Partido Humanista en Espa\u00f1a<\/title>\n<meta name=\"description\" content=\"Un mes despu\u00e9s de haber llegado al Ayuntamiento de M\u00e1laga, entrevistamos a Rosa Galindo, primera concejala en Espa\u00f1a del Partido Humanista. Ha sido\" \/>\n<meta name=\"robots\" content=\"index, follow, max-snippet:-1, max-image-preview:large, max-video-preview:-1\" \/>\n<link rel=\"canonical\" href=\"https:\/\/www.pressenza.com\/es\/2015\/07\/entrevista-a-rosa-galindo-primera-concejala-del-partido-humanista-en-espana\/\" \/>\n<meta property=\"og:locale\" content=\"es_ES\" \/>\n<meta property=\"og:type\" content=\"article\" \/>\n<meta property=\"og:title\" content=\"Entrevista a Rosa Galindo, primera concejala del Partido Humanista en Espa\u00f1a\" \/>\n<meta property=\"og:description\" content=\"Un mes despu\u00e9s de haber llegado al Ayuntamiento de M\u00e1laga, entrevistamos a Rosa Galindo, primera concejala en Espa\u00f1a del Partido Humanista. Ha sido\" \/>\n<meta property=\"og:url\" content=\"https:\/\/www.pressenza.com\/es\/2015\/07\/entrevista-a-rosa-galindo-primera-concejala-del-partido-humanista-en-espana\/\" \/>\n<meta property=\"og:site_name\" content=\"Pressenza\" \/>\n<meta property=\"article:publisher\" content=\"https:\/\/www.facebook.com\/PressenzaItalia\" \/>\n<meta property=\"article:published_time\" content=\"2015-07-14T16:58:06+00:00\" \/>\n<meta property=\"article:modified_time\" content=\"2015-07-15T07:54:54+00:00\" \/>\n<meta property=\"og:image\" content=\"https:\/\/www.pressenza.com\/wp-content\/uploads\/2015\/07\/Rosa-Galindo_parque-toledo.jpg\" \/>\n\t<meta property=\"og:image:width\" content=\"3458\" \/>\n\t<meta property=\"og:image:height\" content=\"2980\" \/>\n\t<meta property=\"og:image:type\" content=\"image\/jpeg\" \/>\n<meta name=\"author\" content=\"Gabriela Amaya\" \/>\n<meta name=\"twitter:card\" content=\"summary_large_image\" \/>\n<meta name=\"twitter:creator\" content=\"@PressenzaIPA\" \/>\n<meta name=\"twitter:site\" content=\"@PressenzaIPA\" \/>\n<meta name=\"twitter:label1\" content=\"Escrito por\" \/>\n\t<meta name=\"twitter:data1\" content=\"Gabriela Amaya\" \/>\n\t<meta name=\"twitter:label2\" content=\"Tiempo de lectura\" \/>\n\t<meta name=\"twitter:data2\" content=\"10 minutos\" \/>\n<script type=\"application\/ld+json\" class=\"yoast-schema-graph\">{\"@context\":\"https:\/\/schema.org\",\"@graph\":[{\"@type\":\"Article\",\"@id\":\"https:\/\/www.pressenza.com\/es\/2015\/07\/entrevista-a-rosa-galindo-primera-concejala-del-partido-humanista-en-espana\/#article\",\"isPartOf\":{\"@id\":\"https:\/\/www.pressenza.com\/es\/2015\/07\/entrevista-a-rosa-galindo-primera-concejala-del-partido-humanista-en-espana\/\"},\"author\":{\"name\":\"Gabriela Amaya\",\"@id\":\"https:\/\/www.pressenza.com\/es\/#\/schema\/person\/725d47ccbea4c7854f7dd4011b6670b9\"},\"headline\":\"Entrevista a Rosa Galindo, primera concejala del Partido Humanista en Espa\u00f1a\",\"datePublished\":\"2015-07-14T16:58:06+00:00\",\"dateModified\":\"2015-07-15T07:54:54+00:00\",\"mainEntityOfPage\":{\"@id\":\"https:\/\/www.pressenza.com\/es\/2015\/07\/entrevista-a-rosa-galindo-primera-concejala-del-partido-humanista-en-espana\/\"},\"wordCount\":2025,\"publisher\":{\"@id\":\"https:\/\/www.pressenza.com\/es\/#organization\"},\"image\":{\"@id\":\"https:\/\/www.pressenza.com\/es\/2015\/07\/entrevista-a-rosa-galindo-primera-concejala-del-partido-humanista-en-espana\/#primaryimage\"},\"thumbnailUrl\":\"https:\/\/www.pressenza.com\/wp-content\/uploads\/2015\/07\/Rosa-Galindo_parque-toledo.jpg\",\"keywords\":[\"desahucios\",\"Espa\u00f1a\",\"m\u00e1laga\",\"M\u00e1laga Ahora\",\"Partido Humanista\",\"transparencia\"],\"articleSection\":[\"Contenido Original\",\"Entrevistas\",\"Europa\",\"Humanismo y Espiritualidad\",\"Internacional\",\"Noviolencia\",\"Pol\u00edtica\"],\"inLanguage\":\"es\"},{\"@type\":\"WebPage\",\"@id\":\"https:\/\/www.pressenza.com\/es\/2015\/07\/entrevista-a-rosa-galindo-primera-concejala-del-partido-humanista-en-espana\/\",\"url\":\"https:\/\/www.pressenza.com\/es\/2015\/07\/entrevista-a-rosa-galindo-primera-concejala-del-partido-humanista-en-espana\/\",\"name\":\"Entrevista a Rosa Galindo, primera concejala del Partido Humanista en Espa\u00f1a\",\"isPartOf\":{\"@id\":\"https:\/\/www.pressenza.com\/es\/#website\"},\"primaryImageOfPage\":{\"@id\":\"https:\/\/www.pressenza.com\/es\/2015\/07\/entrevista-a-rosa-galindo-primera-concejala-del-partido-humanista-en-espana\/#primaryimage\"},\"image\":{\"@id\":\"https:\/\/www.pressenza.com\/es\/2015\/07\/entrevista-a-rosa-galindo-primera-concejala-del-partido-humanista-en-espana\/#primaryimage\"},\"thumbnailUrl\":\"https:\/\/www.pressenza.com\/wp-content\/uploads\/2015\/07\/Rosa-Galindo_parque-toledo.jpg\",\"datePublished\":\"2015-07-14T16:58:06+00:00\",\"dateModified\":\"2015-07-15T07:54:54+00:00\",\"description\":\"Un mes despu\u00e9s de haber llegado al Ayuntamiento de M\u00e1laga, entrevistamos a Rosa Galindo, primera concejala en Espa\u00f1a del Partido Humanista. Ha sido\",\"breadcrumb\":{\"@id\":\"https:\/\/www.pressenza.com\/es\/2015\/07\/entrevista-a-rosa-galindo-primera-concejala-del-partido-humanista-en-espana\/#breadcrumb\"},\"inLanguage\":\"es\",\"potentialAction\":[{\"@type\":\"ReadAction\",\"target\":[\"https:\/\/www.pressenza.com\/es\/2015\/07\/entrevista-a-rosa-galindo-primera-concejala-del-partido-humanista-en-espana\/\"]}]},{\"@type\":\"ImageObject\",\"inLanguage\":\"es\",\"@id\":\"https:\/\/www.pressenza.com\/es\/2015\/07\/entrevista-a-rosa-galindo-primera-concejala-del-partido-humanista-en-espana\/#primaryimage\",\"url\":\"https:\/\/www.pressenza.com\/wp-content\/uploads\/2015\/07\/Rosa-Galindo_parque-toledo.jpg\",\"contentUrl\":\"https:\/\/www.pressenza.com\/wp-content\/uploads\/2015\/07\/Rosa-Galindo_parque-toledo.jpg\",\"width\":3458,\"height\":2980},{\"@type\":\"BreadcrumbList\",\"@id\":\"https:\/\/www.pressenza.com\/es\/2015\/07\/entrevista-a-rosa-galindo-primera-concejala-del-partido-humanista-en-espana\/#breadcrumb\",\"itemListElement\":[{\"@type\":\"ListItem\",\"position\":1,\"name\":\"Accueil\",\"item\":\"https:\/\/www.pressenza.com\/es\/\"},{\"@type\":\"ListItem\",\"position\":2,\"name\":\"Entrevista a Rosa Galindo, primera concejala del Partido Humanista en Espa\u00f1a\"}]},{\"@type\":\"WebSite\",\"@id\":\"https:\/\/www.pressenza.com\/es\/#website\",\"url\":\"https:\/\/www.pressenza.com\/es\/\",\"name\":\"Pressenza\",\"description\":\"International Press Agency\",\"publisher\":{\"@id\":\"https:\/\/www.pressenza.com\/es\/#organization\"},\"potentialAction\":[{\"@type\":\"SearchAction\",\"target\":{\"@type\":\"EntryPoint\",\"urlTemplate\":\"https:\/\/www.pressenza.com\/es\/?s={search_term_string}\"},\"query-input\":{\"@type\":\"PropertyValueSpecification\",\"valueRequired\":true,\"valueName\":\"search_term_string\"}}],\"inLanguage\":\"es\"},{\"@type\":\"Organization\",\"@id\":\"https:\/\/www.pressenza.com\/es\/#organization\",\"name\":\"Pressenza\",\"url\":\"https:\/\/www.pressenza.com\/es\/\",\"logo\":{\"@type\":\"ImageObject\",\"inLanguage\":\"es\",\"@id\":\"https:\/\/www.pressenza.com\/es\/#\/schema\/logo\/image\/\",\"url\":\"https:\/\/www.pressenza.com\/wp-content\/uploads\/2022\/10\/pressenza_logo_200x200.jpg\",\"contentUrl\":\"https:\/\/www.pressenza.com\/wp-content\/uploads\/2022\/10\/pressenza_logo_200x200.jpg\",\"width\":200,\"height\":200,\"caption\":\"Pressenza\"},\"image\":{\"@id\":\"https:\/\/www.pressenza.com\/es\/#\/schema\/logo\/image\/\"},\"sameAs\":[\"https:\/\/www.facebook.com\/PressenzaItalia\",\"https:\/\/x.com\/PressenzaIPA\"]},{\"@type\":\"Person\",\"@id\":\"https:\/\/www.pressenza.com\/es\/#\/schema\/person\/725d47ccbea4c7854f7dd4011b6670b9\",\"name\":\"Gabriela Amaya\",\"description\":\"Editor in Spanish, Gabriel Amaya has worked in radio and written press and years ago decided to develop her journalistic work as a professional volunteer at the service of peace and nonviolence. She is also involved with different collectives and platforms which she supports with her journalism.\",\"url\":\"https:\/\/www.pressenza.com\/es\/author\/gabriela-amaya\/\"}]}<\/script>\n<!-- \/ Yoast SEO plugin. -->","yoast_head_json":{"title":"Entrevista a Rosa Galindo, primera concejala del Partido Humanista en Espa\u00f1a","description":"Un mes despu\u00e9s de haber llegado al Ayuntamiento de M\u00e1laga, entrevistamos a Rosa Galindo, primera concejala en Espa\u00f1a del Partido Humanista. Ha sido","robots":{"index":"index","follow":"follow","max-snippet":"max-snippet:-1","max-image-preview":"max-image-preview:large","max-video-preview":"max-video-preview:-1"},"canonical":"https:\/\/www.pressenza.com\/es\/2015\/07\/entrevista-a-rosa-galindo-primera-concejala-del-partido-humanista-en-espana\/","og_locale":"es_ES","og_type":"article","og_title":"Entrevista a Rosa Galindo, primera concejala del Partido Humanista en Espa\u00f1a","og_description":"Un mes despu\u00e9s de haber llegado al Ayuntamiento de M\u00e1laga, entrevistamos a Rosa Galindo, primera concejala en Espa\u00f1a del Partido Humanista. Ha sido","og_url":"https:\/\/www.pressenza.com\/es\/2015\/07\/entrevista-a-rosa-galindo-primera-concejala-del-partido-humanista-en-espana\/","og_site_name":"Pressenza","article_publisher":"https:\/\/www.facebook.com\/PressenzaItalia","article_published_time":"2015-07-14T16:58:06+00:00","article_modified_time":"2015-07-15T07:54:54+00:00","og_image":[{"width":3458,"height":2980,"url":"https:\/\/www.pressenza.com\/wp-content\/uploads\/2015\/07\/Rosa-Galindo_parque-toledo.jpg","type":"image\/jpeg"}],"author":"Gabriela Amaya","twitter_card":"summary_large_image","twitter_creator":"@PressenzaIPA","twitter_site":"@PressenzaIPA","twitter_misc":{"Escrito por":"Gabriela Amaya","Tiempo de lectura":"10 minutos"},"schema":{"@context":"https:\/\/schema.org","@graph":[{"@type":"Article","@id":"https:\/\/www.pressenza.com\/es\/2015\/07\/entrevista-a-rosa-galindo-primera-concejala-del-partido-humanista-en-espana\/#article","isPartOf":{"@id":"https:\/\/www.pressenza.com\/es\/2015\/07\/entrevista-a-rosa-galindo-primera-concejala-del-partido-humanista-en-espana\/"},"author":{"name":"Gabriela Amaya","@id":"https:\/\/www.pressenza.com\/es\/#\/schema\/person\/725d47ccbea4c7854f7dd4011b6670b9"},"headline":"Entrevista a Rosa Galindo, primera concejala del Partido Humanista en Espa\u00f1a","datePublished":"2015-07-14T16:58:06+00:00","dateModified":"2015-07-15T07:54:54+00:00","mainEntityOfPage":{"@id":"https:\/\/www.pressenza.com\/es\/2015\/07\/entrevista-a-rosa-galindo-primera-concejala-del-partido-humanista-en-espana\/"},"wordCount":2025,"publisher":{"@id":"https:\/\/www.pressenza.com\/es\/#organization"},"image":{"@id":"https:\/\/www.pressenza.com\/es\/2015\/07\/entrevista-a-rosa-galindo-primera-concejala-del-partido-humanista-en-espana\/#primaryimage"},"thumbnailUrl":"https:\/\/www.pressenza.com\/wp-content\/uploads\/2015\/07\/Rosa-Galindo_parque-toledo.jpg","keywords":["desahucios","Espa\u00f1a","m\u00e1laga","M\u00e1laga Ahora","Partido Humanista","transparencia"],"articleSection":["Contenido Original","Entrevistas","Europa","Humanismo y Espiritualidad","Internacional","Noviolencia","Pol\u00edtica"],"inLanguage":"es"},{"@type":"WebPage","@id":"https:\/\/www.pressenza.com\/es\/2015\/07\/entrevista-a-rosa-galindo-primera-concejala-del-partido-humanista-en-espana\/","url":"https:\/\/www.pressenza.com\/es\/2015\/07\/entrevista-a-rosa-galindo-primera-concejala-del-partido-humanista-en-espana\/","name":"Entrevista a Rosa Galindo, primera concejala del Partido Humanista en Espa\u00f1a","isPartOf":{"@id":"https:\/\/www.pressenza.com\/es\/#website"},"primaryImageOfPage":{"@id":"https:\/\/www.pressenza.com\/es\/2015\/07\/entrevista-a-rosa-galindo-primera-concejala-del-partido-humanista-en-espana\/#primaryimage"},"image":{"@id":"https:\/\/www.pressenza.com\/es\/2015\/07\/entrevista-a-rosa-galindo-primera-concejala-del-partido-humanista-en-espana\/#primaryimage"},"thumbnailUrl":"https:\/\/www.pressenza.com\/wp-content\/uploads\/2015\/07\/Rosa-Galindo_parque-toledo.jpg","datePublished":"2015-07-14T16:58:06+00:00","dateModified":"2015-07-15T07:54:54+00:00","description":"Un mes despu\u00e9s de haber llegado al Ayuntamiento de M\u00e1laga, entrevistamos a Rosa Galindo, primera concejala en Espa\u00f1a del Partido Humanista. Ha sido","breadcrumb":{"@id":"https:\/\/www.pressenza.com\/es\/2015\/07\/entrevista-a-rosa-galindo-primera-concejala-del-partido-humanista-en-espana\/#breadcrumb"},"inLanguage":"es","potentialAction":[{"@type":"ReadAction","target":["https:\/\/www.pressenza.com\/es\/2015\/07\/entrevista-a-rosa-galindo-primera-concejala-del-partido-humanista-en-espana\/"]}]},{"@type":"ImageObject","inLanguage":"es","@id":"https:\/\/www.pressenza.com\/es\/2015\/07\/entrevista-a-rosa-galindo-primera-concejala-del-partido-humanista-en-espana\/#primaryimage","url":"https:\/\/www.pressenza.com\/wp-content\/uploads\/2015\/07\/Rosa-Galindo_parque-toledo.jpg","contentUrl":"https:\/\/www.pressenza.com\/wp-content\/uploads\/2015\/07\/Rosa-Galindo_parque-toledo.jpg","width":3458,"height":2980},{"@type":"BreadcrumbList","@id":"https:\/\/www.pressenza.com\/es\/2015\/07\/entrevista-a-rosa-galindo-primera-concejala-del-partido-humanista-en-espana\/#breadcrumb","itemListElement":[{"@type":"ListItem","position":1,"name":"Accueil","item":"https:\/\/www.pressenza.com\/es\/"},{"@type":"ListItem","position":2,"name":"Entrevista a Rosa Galindo, primera concejala del Partido Humanista en Espa\u00f1a"}]},{"@type":"WebSite","@id":"https:\/\/www.pressenza.com\/es\/#website","url":"https:\/\/www.pressenza.com\/es\/","name":"Pressenza","description":"International Press Agency","publisher":{"@id":"https:\/\/www.pressenza.com\/es\/#organization"},"potentialAction":[{"@type":"SearchAction","target":{"@type":"EntryPoint","urlTemplate":"https:\/\/www.pressenza.com\/es\/?s={search_term_string}"},"query-input":{"@type":"PropertyValueSpecification","valueRequired":true,"valueName":"search_term_string"}}],"inLanguage":"es"},{"@type":"Organization","@id":"https:\/\/www.pressenza.com\/es\/#organization","name":"Pressenza","url":"https:\/\/www.pressenza.com\/es\/","logo":{"@type":"ImageObject","inLanguage":"es","@id":"https:\/\/www.pressenza.com\/es\/#\/schema\/logo\/image\/","url":"https:\/\/www.pressenza.com\/wp-content\/uploads\/2022\/10\/pressenza_logo_200x200.jpg","contentUrl":"https:\/\/www.pressenza.com\/wp-content\/uploads\/2022\/10\/pressenza_logo_200x200.jpg","width":200,"height":200,"caption":"Pressenza"},"image":{"@id":"https:\/\/www.pressenza.com\/es\/#\/schema\/logo\/image\/"},"sameAs":["https:\/\/www.facebook.com\/PressenzaItalia","https:\/\/x.com\/PressenzaIPA"]},{"@type":"Person","@id":"https:\/\/www.pressenza.com\/es\/#\/schema\/person\/725d47ccbea4c7854f7dd4011b6670b9","name":"Gabriela Amaya","description":"Editor in Spanish, Gabriel Amaya has worked in radio and written press and years ago decided to develop her journalistic work as a professional volunteer at the service of peace and nonviolence. She is also involved with different collectives and platforms which she supports with her journalism.","url":"https:\/\/www.pressenza.com\/es\/author\/gabriela-amaya\/"}]}},"place":"","original_article_url":"","_links":{"self":[{"href":"https:\/\/www.pressenza.com\/es\/wp-json\/wp\/v2\/posts\/202616","targetHints":{"allow":["GET"]}}],"collection":[{"href":"https:\/\/www.pressenza.com\/es\/wp-json\/wp\/v2\/posts"}],"about":[{"href":"https:\/\/www.pressenza.com\/es\/wp-json\/wp\/v2\/types\/post"}],"author":[{"embeddable":true,"href":"https:\/\/www.pressenza.com\/es\/wp-json\/wp\/v2\/users\/188"}],"replies":[{"embeddable":true,"href":"https:\/\/www.pressenza.com\/es\/wp-json\/wp\/v2\/comments?post=202616"}],"version-history":[{"count":0,"href":"https:\/\/www.pressenza.com\/es\/wp-json\/wp\/v2\/posts\/202616\/revisions"}],"wp:featuredmedia":[{"embeddable":true,"href":"https:\/\/www.pressenza.com\/es\/wp-json\/wp\/v2\/media\/202617"}],"wp:attachment":[{"href":"https:\/\/www.pressenza.com\/es\/wp-json\/wp\/v2\/media?parent=202616"}],"wp:term":[{"taxonomy":"category","embeddable":true,"href":"https:\/\/www.pressenza.com\/es\/wp-json\/wp\/v2\/categories?post=202616"},{"taxonomy":"post_tag","embeddable":true,"href":"https:\/\/www.pressenza.com\/es\/wp-json\/wp\/v2\/tags?post=202616"}],"curies":[{"name":"wp","href":"https:\/\/api.w.org\/{rel}","templated":true}]}}