{"id":2010,"date":"2009-10-30T00:00:00","date_gmt":"2009-10-30T00:00:00","guid":{"rendered":""},"modified":"2009-11-01T18:04:28","modified_gmt":"2009-11-01T18:04:28","slug":"xxla-paz-es-una-construccion-cotidianaxxx-afirma-gilberto-gil-en-su-adhesion-a-la-marcha-mundial","status":"publish","type":"post","link":"https:\/\/www.pressenza.com\/es\/2009\/10\/xxla-paz-es-una-construccion-cotidianaxxx-afirma-gilberto-gil-en-su-adhesion-a-la-marcha-mundial\/","title":{"rendered":"\u00abLa paz es una construcci\u00f3n cotidiana\u00bb, afirma Gilberto Gil en su adhesi\u00f3n a la marcha mundial"},"content":{"rendered":"<p>El cantor y compositor bahiano Gilberto Gil se ha adherido a la Marcha Mundial Por la Paz y la No Violencia. La adhesi\u00f3n tuvo lugar el 27 de octubre, cuando el ex ministro de Cultura hizo su \u00faltima presentaci\u00f3n en Brasil antes de salir para una gira de un mes por Europa.<\/p>\n<p>Reconocido tanto en Brasil como fuera de \u00e9l por su talento como compositor e int\u00e9rprete, Gil siempre hizo de su arte un instrumento de manifestaci\u00f3n pol\u00edtica. Al igual que otros artistas brasile\u00f1os, protest\u00f3 contra la dictadura con versos inteligentes que, en ocasiones, escaparon a la criba de la censura, como es el caso de la canci\u00f3n \u00abPanis Et Circenses\u00bb, cuyo t\u00edtulo, en lat\u00edn, podr\u00eda traducirse por \u00abpol\u00edtica de pan y circo\u00bb.<\/p>\n<p>Fiel a su trayectoria, cuando los representantes de la Marcha Mundial le solicitaron que manifestara las razones por las que apoyaba el movimiento, Gil pregunt\u00f3 si pod\u00eda hacer una declaraci\u00f3n pol\u00edtica y, ante la respuesta afirmativa, escribi\u00f3 en su ficha de adhesi\u00f3n: \u00abLa paz es una construcci\u00f3n cotidiana: cada d\u00eda vamos poniendo nuestros ladrillos y, qui\u00e9n sabe, va creciendo&#8230;\u00bb.<\/p>\n<p>La Marcha Mundial por la Paz y la No Violencia es la mayor iniciativa internacional en pro de las causas pacifistas. El movimiento fue ideado por la ONG Mundo Sin Guerras y su manifestaci\u00f3n cumbre en una larga caminata que, del 2 de octubre de 2009 al 2 de enero de 2010, est\u00e1 recorriendo el mundo para despertar la conciencia en cuestiones relativas a la paz y la no violencia.<\/p>\n<p>Traducci\u00f3n: Pilar Royo<\/p>\n","protected":false},"excerpt":{"rendered":"<p>El pasado 27 de octubre, el cantor y compositor Gilberto Gil se adhiri\u00f3 a la campa\u00f1a internacional por la paz mundial. El ex ministro de Cultura aprovech\u00f3 la declaraci\u00f3n de adhesi\u00f3n para, seg\u00fan sus propias palabras, hacer una declaraci\u00f3n pol\u00edtica: \u00abLa paz es una construcci\u00f3n cotidiana: cada d\u00eda vamos poniendo nuestros ladrillos y, qui\u00e9n sabe, va creciendo&#8230;\u00bb<\/p>\n","protected":false},"author":19,"featured_media":0,"comment_status":"closed","ping_status":"open","sticky":false,"template":"","format":"standard","meta":{"footnotes":""},"categories":[75,39,67],"tags":[],"class_list":["post-2010","post","type-post","status-publish","format-standard","hentry","category-cultura-es","category-internacional","category-sudamerica"],"yoast_head":"<!-- This site is optimized with the Yoast SEO plugin v27.1.1 - https:\/\/yoast.com\/product\/yoast-seo-wordpress\/ -->\n<title>\u00abLa paz es una construcci\u00f3n cotidiana\u00bb, afirma Gilberto Gil en su adhesi\u00f3n a la marcha mundial<\/title>\n<meta name=\"description\" content=\"El pasado 27 de octubre, el cantor y compositor Gilberto Gil se adhiri\u00f3 a la campa\u00f1a internacional por la paz mundial. El ex ministro de Cultura aprovech\u00f3 la declaraci\u00f3n de adhesi\u00f3n para, seg\u00fan sus propias palabras, hacer una declaraci\u00f3n pol\u00edtica: \u00abLa paz es una construcci\u00f3n cotidiana: cada d\u00eda vamos poniendo nuestros ladrillos y, qui\u00e9n sabe, va creciendo...\u00bb\" \/>\n<meta name=\"robots\" content=\"index, follow, max-snippet:-1, max-image-preview:large, max-video-preview:-1\" \/>\n<link rel=\"canonical\" href=\"https:\/\/www.pressenza.com\/es\/2009\/10\/xxla-paz-es-una-construccion-cotidianaxxx-afirma-gilberto-gil-en-su-adhesion-a-la-marcha-mundial\/\" \/>\n<meta property=\"og:locale\" content=\"es_ES\" \/>\n<meta property=\"og:type\" content=\"article\" \/>\n<meta property=\"og:title\" content=\"\u00abLa paz es una construcci\u00f3n cotidiana\u00bb, afirma Gilberto Gil en su adhesi\u00f3n a la marcha mundial\" \/>\n<meta property=\"og:description\" content=\"El pasado 27 de octubre, el cantor y compositor Gilberto Gil se adhiri\u00f3 a la campa\u00f1a internacional por la paz mundial. El ex ministro de Cultura aprovech\u00f3 la declaraci\u00f3n de adhesi\u00f3n para, seg\u00fan sus propias palabras, hacer una declaraci\u00f3n pol\u00edtica: \u00abLa paz es una construcci\u00f3n cotidiana: cada d\u00eda vamos poniendo nuestros ladrillos y, qui\u00e9n sabe, va creciendo...\u00bb\" \/>\n<meta property=\"og:url\" content=\"https:\/\/www.pressenza.com\/es\/2009\/10\/xxla-paz-es-una-construccion-cotidianaxxx-afirma-gilberto-gil-en-su-adhesion-a-la-marcha-mundial\/\" \/>\n<meta property=\"og:site_name\" content=\"Pressenza\" \/>\n<meta property=\"article:publisher\" content=\"https:\/\/www.facebook.com\/PressenzaItalia\" \/>\n<meta property=\"article:author\" content=\"https:\/\/www.facebook.com\/pressenza\" \/>\n<meta property=\"article:published_time\" content=\"2009-10-30T00:00:00+00:00\" \/>\n<meta property=\"article:modified_time\" content=\"2009-11-01T18:04:28+00:00\" \/>\n<meta name=\"author\" content=\"Pressenza IPA\" \/>\n<meta name=\"twitter:card\" content=\"summary_large_image\" \/>\n<meta name=\"twitter:creator\" content=\"@PressenzaIPA\" \/>\n<meta name=\"twitter:site\" content=\"@PressenzaIPA\" \/>\n<meta name=\"twitter:label1\" content=\"Escrito por\" \/>\n\t<meta name=\"twitter:data1\" content=\"Pressenza IPA\" \/>\n\t<meta name=\"twitter:label2\" content=\"Tiempo de lectura\" \/>\n\t<meta name=\"twitter:data2\" content=\"1 minuto\" \/>\n<script type=\"application\/ld+json\" class=\"yoast-schema-graph\">{\"@context\":\"https:\/\/schema.org\",\"@graph\":[{\"@type\":\"Article\",\"@id\":\"https:\/\/www.pressenza.com\/es\/2009\/10\/xxla-paz-es-una-construccion-cotidianaxxx-afirma-gilberto-gil-en-su-adhesion-a-la-marcha-mundial\/#article\",\"isPartOf\":{\"@id\":\"https:\/\/www.pressenza.com\/es\/2009\/10\/xxla-paz-es-una-construccion-cotidianaxxx-afirma-gilberto-gil-en-su-adhesion-a-la-marcha-mundial\/\"},\"author\":{\"name\":\"Pressenza IPA\",\"@id\":\"https:\/\/www.pressenza.com\/es\/#\/schema\/person\/010e5d02bcf40965427a1289a4cc8d75\"},\"headline\":\"\u00abLa paz es una construcci\u00f3n cotidiana\u00bb, afirma Gilberto Gil en su adhesi\u00f3n a la marcha mundial\",\"datePublished\":\"2009-10-30T00:00:00+00:00\",\"dateModified\":\"2009-11-01T18:04:28+00:00\",\"mainEntityOfPage\":{\"@id\":\"https:\/\/www.pressenza.com\/es\/2009\/10\/xxla-paz-es-una-construccion-cotidianaxxx-afirma-gilberto-gil-en-su-adhesion-a-la-marcha-mundial\/\"},\"wordCount\":288,\"publisher\":{\"@id\":\"https:\/\/www.pressenza.com\/es\/#organization\"},\"articleSection\":[\"Cultura y Medios\",\"Internacional\",\"Sudam\u00e9rica\"],\"inLanguage\":\"es\"},{\"@type\":\"WebPage\",\"@id\":\"https:\/\/www.pressenza.com\/es\/2009\/10\/xxla-paz-es-una-construccion-cotidianaxxx-afirma-gilberto-gil-en-su-adhesion-a-la-marcha-mundial\/\",\"url\":\"https:\/\/www.pressenza.com\/es\/2009\/10\/xxla-paz-es-una-construccion-cotidianaxxx-afirma-gilberto-gil-en-su-adhesion-a-la-marcha-mundial\/\",\"name\":\"\u00abLa paz es una construcci\u00f3n cotidiana\u00bb, afirma Gilberto Gil en su adhesi\u00f3n a la marcha mundial\",\"isPartOf\":{\"@id\":\"https:\/\/www.pressenza.com\/es\/#website\"},\"datePublished\":\"2009-10-30T00:00:00+00:00\",\"dateModified\":\"2009-11-01T18:04:28+00:00\",\"description\":\"El pasado 27 de octubre, el cantor y compositor Gilberto Gil se adhiri\u00f3 a la campa\u00f1a internacional por la paz mundial. El ex ministro de Cultura aprovech\u00f3 la declaraci\u00f3n de adhesi\u00f3n para, seg\u00fan sus propias palabras, hacer una declaraci\u00f3n pol\u00edtica: \u00abLa paz es una construcci\u00f3n cotidiana: cada d\u00eda vamos poniendo nuestros ladrillos y, qui\u00e9n sabe, va creciendo...\u00bb\",\"breadcrumb\":{\"@id\":\"https:\/\/www.pressenza.com\/es\/2009\/10\/xxla-paz-es-una-construccion-cotidianaxxx-afirma-gilberto-gil-en-su-adhesion-a-la-marcha-mundial\/#breadcrumb\"},\"inLanguage\":\"es\",\"potentialAction\":[{\"@type\":\"ReadAction\",\"target\":[\"https:\/\/www.pressenza.com\/es\/2009\/10\/xxla-paz-es-una-construccion-cotidianaxxx-afirma-gilberto-gil-en-su-adhesion-a-la-marcha-mundial\/\"]}]},{\"@type\":\"BreadcrumbList\",\"@id\":\"https:\/\/www.pressenza.com\/es\/2009\/10\/xxla-paz-es-una-construccion-cotidianaxxx-afirma-gilberto-gil-en-su-adhesion-a-la-marcha-mundial\/#breadcrumb\",\"itemListElement\":[{\"@type\":\"ListItem\",\"position\":1,\"name\":\"Accueil\",\"item\":\"https:\/\/www.pressenza.com\/es\/\"},{\"@type\":\"ListItem\",\"position\":2,\"name\":\"\u00abLa paz es una construcci\u00f3n cotidiana\u00bb, afirma Gilberto Gil en su adhesi\u00f3n a la marcha mundial\"}]},{\"@type\":\"WebSite\",\"@id\":\"https:\/\/www.pressenza.com\/es\/#website\",\"url\":\"https:\/\/www.pressenza.com\/es\/\",\"name\":\"Pressenza\",\"description\":\"International Press Agency\",\"publisher\":{\"@id\":\"https:\/\/www.pressenza.com\/es\/#organization\"},\"potentialAction\":[{\"@type\":\"SearchAction\",\"target\":{\"@type\":\"EntryPoint\",\"urlTemplate\":\"https:\/\/www.pressenza.com\/es\/?s={search_term_string}\"},\"query-input\":{\"@type\":\"PropertyValueSpecification\",\"valueRequired\":true,\"valueName\":\"search_term_string\"}}],\"inLanguage\":\"es\"},{\"@type\":\"Organization\",\"@id\":\"https:\/\/www.pressenza.com\/es\/#organization\",\"name\":\"Pressenza\",\"url\":\"https:\/\/www.pressenza.com\/es\/\",\"logo\":{\"@type\":\"ImageObject\",\"inLanguage\":\"es\",\"@id\":\"https:\/\/www.pressenza.com\/es\/#\/schema\/logo\/image\/\",\"url\":\"https:\/\/www.pressenza.com\/wp-content\/uploads\/2022\/10\/pressenza_logo_200x200.jpg\",\"contentUrl\":\"https:\/\/www.pressenza.com\/wp-content\/uploads\/2022\/10\/pressenza_logo_200x200.jpg\",\"width\":200,\"height\":200,\"caption\":\"Pressenza\"},\"image\":{\"@id\":\"https:\/\/www.pressenza.com\/es\/#\/schema\/logo\/image\/\"},\"sameAs\":[\"https:\/\/www.facebook.com\/PressenzaItalia\",\"https:\/\/x.com\/PressenzaIPA\"]},{\"@type\":\"Person\",\"@id\":\"https:\/\/www.pressenza.com\/es\/#\/schema\/person\/010e5d02bcf40965427a1289a4cc8d75\",\"name\":\"Pressenza IPA\",\"description\":\"News from Pressenza IPA correspondents\",\"sameAs\":[\"https:\/\/www.facebook.com\/pressenza\",\"https:\/\/x.com\/PressenzaIPA\"],\"url\":\"https:\/\/www.pressenza.com\/es\/author\/pressenza-ipa\/\"}]}<\/script>\n<!-- \/ Yoast SEO plugin. -->","yoast_head_json":{"title":"\u00abLa paz es una construcci\u00f3n cotidiana\u00bb, afirma Gilberto Gil en su adhesi\u00f3n a la marcha mundial","description":"El pasado 27 de octubre, el cantor y compositor Gilberto Gil se adhiri\u00f3 a la campa\u00f1a internacional por la paz mundial. El ex ministro de Cultura aprovech\u00f3 la declaraci\u00f3n de adhesi\u00f3n para, seg\u00fan sus propias palabras, hacer una declaraci\u00f3n pol\u00edtica: \u00abLa paz es una construcci\u00f3n cotidiana: cada d\u00eda vamos poniendo nuestros ladrillos y, qui\u00e9n sabe, va creciendo...\u00bb","robots":{"index":"index","follow":"follow","max-snippet":"max-snippet:-1","max-image-preview":"max-image-preview:large","max-video-preview":"max-video-preview:-1"},"canonical":"https:\/\/www.pressenza.com\/es\/2009\/10\/xxla-paz-es-una-construccion-cotidianaxxx-afirma-gilberto-gil-en-su-adhesion-a-la-marcha-mundial\/","og_locale":"es_ES","og_type":"article","og_title":"\u00abLa paz es una construcci\u00f3n cotidiana\u00bb, afirma Gilberto Gil en su adhesi\u00f3n a la marcha mundial","og_description":"El pasado 27 de octubre, el cantor y compositor Gilberto Gil se adhiri\u00f3 a la campa\u00f1a internacional por la paz mundial. El ex ministro de Cultura aprovech\u00f3 la declaraci\u00f3n de adhesi\u00f3n para, seg\u00fan sus propias palabras, hacer una declaraci\u00f3n pol\u00edtica: \u00abLa paz es una construcci\u00f3n cotidiana: cada d\u00eda vamos poniendo nuestros ladrillos y, qui\u00e9n sabe, va creciendo...\u00bb","og_url":"https:\/\/www.pressenza.com\/es\/2009\/10\/xxla-paz-es-una-construccion-cotidianaxxx-afirma-gilberto-gil-en-su-adhesion-a-la-marcha-mundial\/","og_site_name":"Pressenza","article_publisher":"https:\/\/www.facebook.com\/PressenzaItalia","article_author":"https:\/\/www.facebook.com\/pressenza","article_published_time":"2009-10-30T00:00:00+00:00","article_modified_time":"2009-11-01T18:04:28+00:00","author":"Pressenza IPA","twitter_card":"summary_large_image","twitter_creator":"@PressenzaIPA","twitter_site":"@PressenzaIPA","twitter_misc":{"Escrito por":"Pressenza IPA","Tiempo de lectura":"1 minuto"},"schema":{"@context":"https:\/\/schema.org","@graph":[{"@type":"Article","@id":"https:\/\/www.pressenza.com\/es\/2009\/10\/xxla-paz-es-una-construccion-cotidianaxxx-afirma-gilberto-gil-en-su-adhesion-a-la-marcha-mundial\/#article","isPartOf":{"@id":"https:\/\/www.pressenza.com\/es\/2009\/10\/xxla-paz-es-una-construccion-cotidianaxxx-afirma-gilberto-gil-en-su-adhesion-a-la-marcha-mundial\/"},"author":{"name":"Pressenza IPA","@id":"https:\/\/www.pressenza.com\/es\/#\/schema\/person\/010e5d02bcf40965427a1289a4cc8d75"},"headline":"\u00abLa paz es una construcci\u00f3n cotidiana\u00bb, afirma Gilberto Gil en su adhesi\u00f3n a la marcha mundial","datePublished":"2009-10-30T00:00:00+00:00","dateModified":"2009-11-01T18:04:28+00:00","mainEntityOfPage":{"@id":"https:\/\/www.pressenza.com\/es\/2009\/10\/xxla-paz-es-una-construccion-cotidianaxxx-afirma-gilberto-gil-en-su-adhesion-a-la-marcha-mundial\/"},"wordCount":288,"publisher":{"@id":"https:\/\/www.pressenza.com\/es\/#organization"},"articleSection":["Cultura y Medios","Internacional","Sudam\u00e9rica"],"inLanguage":"es"},{"@type":"WebPage","@id":"https:\/\/www.pressenza.com\/es\/2009\/10\/xxla-paz-es-una-construccion-cotidianaxxx-afirma-gilberto-gil-en-su-adhesion-a-la-marcha-mundial\/","url":"https:\/\/www.pressenza.com\/es\/2009\/10\/xxla-paz-es-una-construccion-cotidianaxxx-afirma-gilberto-gil-en-su-adhesion-a-la-marcha-mundial\/","name":"\u00abLa paz es una construcci\u00f3n cotidiana\u00bb, afirma Gilberto Gil en su adhesi\u00f3n a la marcha mundial","isPartOf":{"@id":"https:\/\/www.pressenza.com\/es\/#website"},"datePublished":"2009-10-30T00:00:00+00:00","dateModified":"2009-11-01T18:04:28+00:00","description":"El pasado 27 de octubre, el cantor y compositor Gilberto Gil se adhiri\u00f3 a la campa\u00f1a internacional por la paz mundial. El ex ministro de Cultura aprovech\u00f3 la declaraci\u00f3n de adhesi\u00f3n para, seg\u00fan sus propias palabras, hacer una declaraci\u00f3n pol\u00edtica: \u00abLa paz es una construcci\u00f3n cotidiana: cada d\u00eda vamos poniendo nuestros ladrillos y, qui\u00e9n sabe, va creciendo...\u00bb","breadcrumb":{"@id":"https:\/\/www.pressenza.com\/es\/2009\/10\/xxla-paz-es-una-construccion-cotidianaxxx-afirma-gilberto-gil-en-su-adhesion-a-la-marcha-mundial\/#breadcrumb"},"inLanguage":"es","potentialAction":[{"@type":"ReadAction","target":["https:\/\/www.pressenza.com\/es\/2009\/10\/xxla-paz-es-una-construccion-cotidianaxxx-afirma-gilberto-gil-en-su-adhesion-a-la-marcha-mundial\/"]}]},{"@type":"BreadcrumbList","@id":"https:\/\/www.pressenza.com\/es\/2009\/10\/xxla-paz-es-una-construccion-cotidianaxxx-afirma-gilberto-gil-en-su-adhesion-a-la-marcha-mundial\/#breadcrumb","itemListElement":[{"@type":"ListItem","position":1,"name":"Accueil","item":"https:\/\/www.pressenza.com\/es\/"},{"@type":"ListItem","position":2,"name":"\u00abLa paz es una construcci\u00f3n cotidiana\u00bb, afirma Gilberto Gil en su adhesi\u00f3n a la marcha mundial"}]},{"@type":"WebSite","@id":"https:\/\/www.pressenza.com\/es\/#website","url":"https:\/\/www.pressenza.com\/es\/","name":"Pressenza","description":"International Press Agency","publisher":{"@id":"https:\/\/www.pressenza.com\/es\/#organization"},"potentialAction":[{"@type":"SearchAction","target":{"@type":"EntryPoint","urlTemplate":"https:\/\/www.pressenza.com\/es\/?s={search_term_string}"},"query-input":{"@type":"PropertyValueSpecification","valueRequired":true,"valueName":"search_term_string"}}],"inLanguage":"es"},{"@type":"Organization","@id":"https:\/\/www.pressenza.com\/es\/#organization","name":"Pressenza","url":"https:\/\/www.pressenza.com\/es\/","logo":{"@type":"ImageObject","inLanguage":"es","@id":"https:\/\/www.pressenza.com\/es\/#\/schema\/logo\/image\/","url":"https:\/\/www.pressenza.com\/wp-content\/uploads\/2022\/10\/pressenza_logo_200x200.jpg","contentUrl":"https:\/\/www.pressenza.com\/wp-content\/uploads\/2022\/10\/pressenza_logo_200x200.jpg","width":200,"height":200,"caption":"Pressenza"},"image":{"@id":"https:\/\/www.pressenza.com\/es\/#\/schema\/logo\/image\/"},"sameAs":["https:\/\/www.facebook.com\/PressenzaItalia","https:\/\/x.com\/PressenzaIPA"]},{"@type":"Person","@id":"https:\/\/www.pressenza.com\/es\/#\/schema\/person\/010e5d02bcf40965427a1289a4cc8d75","name":"Pressenza IPA","description":"News from Pressenza IPA correspondents","sameAs":["https:\/\/www.facebook.com\/pressenza","https:\/\/x.com\/PressenzaIPA"],"url":"https:\/\/www.pressenza.com\/es\/author\/pressenza-ipa\/"}]}},"place":"Sao Paulo","original_article_url":"","_links":{"self":[{"href":"https:\/\/www.pressenza.com\/es\/wp-json\/wp\/v2\/posts\/2010","targetHints":{"allow":["GET"]}}],"collection":[{"href":"https:\/\/www.pressenza.com\/es\/wp-json\/wp\/v2\/posts"}],"about":[{"href":"https:\/\/www.pressenza.com\/es\/wp-json\/wp\/v2\/types\/post"}],"author":[{"embeddable":true,"href":"https:\/\/www.pressenza.com\/es\/wp-json\/wp\/v2\/users\/19"}],"replies":[{"embeddable":true,"href":"https:\/\/www.pressenza.com\/es\/wp-json\/wp\/v2\/comments?post=2010"}],"version-history":[{"count":0,"href":"https:\/\/www.pressenza.com\/es\/wp-json\/wp\/v2\/posts\/2010\/revisions"}],"wp:attachment":[{"href":"https:\/\/www.pressenza.com\/es\/wp-json\/wp\/v2\/media?parent=2010"}],"wp:term":[{"taxonomy":"category","embeddable":true,"href":"https:\/\/www.pressenza.com\/es\/wp-json\/wp\/v2\/categories?post=2010"},{"taxonomy":"post_tag","embeddable":true,"href":"https:\/\/www.pressenza.com\/es\/wp-json\/wp\/v2\/tags?post=2010"}],"curies":[{"name":"wp","href":"https:\/\/api.w.org\/{rel}","templated":true}]}}