{"id":200800,"date":"2015-07-08T18:59:29","date_gmt":"2015-07-08T17:59:29","guid":{"rendered":"http:\/\/www.pressenza.com\/?p=200800"},"modified":"2016-04-19T16:01:11","modified_gmt":"2016-04-19T15:01:11","slug":"despues-del-oxi-cuando-los-fuertes-ya-no-son-capaces-de-hacer-cuanto-pueden-y-los-debiles-ya-no-quieren-sufrir-cuanto-deben","status":"publish","type":"post","link":"https:\/\/www.pressenza.com\/es\/2015\/07\/despues-del-oxi-cuando-los-fuertes-ya-no-son-capaces-de-hacer-cuanto-pueden-y-los-debiles-ya-no-quieren-sufrir-cuanto-deben\/","title":{"rendered":"Despu\u00e9s del OXI: Cuando los fuertes ya no son capaces de hacer cuanto pueden y los d\u00e9biles ya no quieren sufrir cuanto deben"},"content":{"rendered":"<p><em>La noche del pasado domingo entramos en una nueva \u00e9poca hist\u00f3rica en toda Europa. Y el viento sopla ahora de empopada: los fuertes ya no son capaces de hacer cuanto pueden y los d\u00e9biles no est\u00e1n ya dispuestos a sufrir cuanto deben.\u00a0\u00a0\u00a0<\/em><\/p>\n<p><span class=\"firma\">Antoni Dom\u00e8nech, G. Buster, Daniel Ravent\u00f3s<\/span> para\u00a0<a href=\"http:\/\/www.sinpermiso.net\"> sinpermiso<\/a><\/p>\n<p>El ejercicio de intromisi\u00f3n en la soberan\u00eda nacional griega que han llevado a cabo a plena luz los Juncker, Merkel, Scha\u00fcble, Dijsselbloem, Lagarde y Rajoy, y en la penumbra, Renzi y Draghi, tiene sin duda su precedente hist\u00f3rico \u2013como casi todo en Europa\u2014 tambi\u00e9n en Grecia. Lo cuenta Tuc\u00eddides en el famoso di\u00e1logo entre las autoridades de Milos y los delegados atenienses sobre la vacuidad de la democracia y la justicia cuando se trata de la soberan\u00eda en las relaciones entre potencias. Se resume en esta sentencia: \u00abLos fuertes hacen cuanto pueden y los d\u00e9biles sufren cuanto deben\u00bb.<\/p>\n<p>El desenlace es conocido. Tras rechazar la oferta de tributo de Milos, que quer\u00eda ser \u00abamigo de todos y enemigo de nadie\u00bb, la isla y sus habitantes fueron colonizados y esclavizados por Atenas, con apoyo de Esparta, gracias a la traici\u00f3n interna de un sector de la oligarqu\u00eda milense. No era otro el tenor de los mensajes cruzados estos d\u00edas entre las instituciones europeas y el gobierno griego. Y si esta \u00e9poca nuestra produce un historiador como Tuc\u00eddides, es probable que nuestros descendientes puedan leer en el futuro como un ejemplo de la \u00abvieja pol\u00edtica\u00bb los intercambios entre los ministros del Eurogrupo.<\/p>\n<p>No ser\u00e1 mucha exageraci\u00f3n decir que la tradici\u00f3n republicano-democr\u00e1tica moderna naci\u00f3 casi dos milenios despu\u00e9s, precisamente con este recordatorio de los Levellers plebeyos ingleses a la C\u00e1mara de los Comunes en 1646, en plena Revoluci\u00f3n:<\/p>\n<p>\u201cEstamos convencidos de que no pod\u00e9is olvidar que el prop\u00f3sito de vuestra elecci\u00f3n como parlamentarios fue el de liberarnos de todo tipo de servidumbre y conservar la rep\u00fablica en paz y felicidad. A tales efectos os otorgamos el poder que radica en nosotros para hacer eso mismo. Pues, precisamente, es lo que podr\u00edamos haber hecho nosotros mismos sin vosotros si por conveniente lo hubi\u00e9ramos tenido: os hemos elegido \u2013como personas que tenemos por aptamente calificadas, y fiables\u2014 para evitar algunos inconvenientes. Pero ten\u00e9is que recordar que con eso no hicimos sino conferiros un poder de confianza, el cual es siempre revocable, como no puede ser de otra manera, y no puede ser empleado para otro fin que el de nuestro propio bienestar. (\u2026) Nosotros somos vuestros principales, y vosotros, nuestros agentes. Esa es una verdad que no pod\u00e9is dejar de reconocer.\u201d <strong>[1]<\/strong><\/p>\n<p>La democracia no pasa en el mundo por sus mejores momentos. No, desde luego, en Europa. Por eso result\u00f3 tan emocionante o\u00edr al ministro de finanzas griego, Varoufakis, justificar literalmente tres siglos y arreo despu\u00e9s en esos mismos t\u00e9rminos \u2013en <a href=\"https:\/\/www.youtube.com\/watch?v=--zbMROUEIA\">la rueda de prensa tras el Eurogrupo del pasado 27 de junio<\/a>\u2014 la convocatoria de un refer\u00e9ndum para que, tras largos e infructuosos 5 meses de negociaciones del gobierno de Syriza con la Troika, el pueblo griego tomara directamente la palabra: \u201cporque nosotros s\u00f3lo somos los agentes, y el pueblo griego, el principal\u201d.<\/p>\n<p>Y entonces empezaron a proliferar las met\u00e1foras y las referencias b\u00e9licas. El proverbialmente moderado europe\u00edsta <a href=\"http:\/\/www.telegraph.co.uk\/finance\/comment\/ambroseevans_pritchard\/\">Romano Prodi, viendo el impasse a que se hab\u00eda llegado,<\/a> manifestaba su alarma hablando de un \u201cmomento Sarajevo\u201d para la Europa del siglo XXI. Id\u00e9ntica referencia en el analista financiero del <em>Guardian<\/em>,\u00a0 <a href=\"http:\/\/www.theguardian.com\/world\/germany\">Larry Elliot<\/a>. Otros se refirieron ya a Grecia como \u201cel Vietnam de Europa\u201d. El influyente semanario liberal alem\u00e1n <em><a href=\"http:\/\/www.spiegel.de\/international\/europe\/merkel-s-leadership-has-failed-in-the-greece-crisis-a-1042037.html\">Der Spiegel advierte a la Sra. Merkel de<\/a><\/em> que podr\u00eda pasar a la historia como la responsable de que Alemania provocara \u2013por tercera vez en un siglo\u2014 una cat\u00e1strofe europea. Y el propio Yanis Varoufakis, entrevistado el pasado s\u00e1bado por el diario madrile\u00f1o <em>El Mundo<\/em> denunci\u00f3 el \u201cterrorismo\u201d financiero que oblig\u00f3 a Grecia a cerrar las oficinas bancarias.<\/p>\n<p>&nbsp;<\/p>\n<p><strong>Medios de comunicaci\u00f3n en guerra, particularmente en el Reino de Espa\u00f1a: reporteros amedrentados, cu\u00f1aos, badulaques, matones de columna y dompereciendos varios<\/strong><\/p>\n<p>La guerra, pues. Y su primera v\u00edctima, como en todas las guerras, la verdad. La siempre inteligente periodista econ\u00f3mica brit\u00e1nica <a href=\"http:\/\/www.forbes.com\/sites\/francescoppola\/2015\/02\/01\/media-misinformation-on-greece-misleads-european-leaders\/\">Frances Coppola ya ven\u00eda advirtiendo<\/a> desde hace meses de la falsaria capacidad intoxicadora de las <a href=\"http:\/\/www.keeptalkinggreece.com\/2015\/06\/22\/propaganda-machinery-to-undermine-greeces-talks-runs-in-full-speed\/?utm_source=feedburner&amp;utm_medium=twitter&amp;utm_campaign=Feed:+KeepTalkingGreece+%28Keep+Talking+Greece%29\">ap\u00f3crifamente habituales \u201cfuentes de Bruselas\u201d<\/a> y de la\u00a0 asombrosa credulidad, entre perezosa y ovejuna, del grueso de <a href=\"http:\/\/www.sinpermiso.info\/textos\/index.php?id=8000\">becarios-periodistas<\/a> que ahora cubren la informaci\u00f3n econ\u00f3mica europea.<\/p>\n<p>Casi todos lo dijeron, pero no, no era verdad que Tsipras hubiera <a href=\"http:\/\/internacional.elpais.com\/internacional\/2015\/04\/27\/actualidad\/1430146229_713615.html\">perdido el pasado abril la confianza en su ministro Yanis Varoufakis<\/a>: \u00bfqui\u00e9n se acuerda ya ahora?<\/p>\n<p>No, no era verdad tampoco que <a href=\"http:\/\/www.antena3.com\/noticias\/economia\/grecia-acerca-posturas-socios-europeos-abre-via-acuerdo-inminente_2015062300020.html\">Tsipras se estuviera saltando estas \u00faltimas semanas las l\u00edneas rojas<\/a> trazadas en la campa\u00f1a electoral: no era verdad que el acuerdo estuviera a la vuelta de la esquina porque, como repiti\u00f3 hasta la n\u00e1usea el <a href=\"http:\/\/www.elmundo.es\/economia\/2015\/06\/24\/5589aa98268e3e8c068b459a.html\">propio Mariano Rajoy<\/a>,\u00a0 el gobierno griego hubiera capitulado allan\u00e1ndose a las propuestas del Eurogrupo.<\/p>\n<p>Como tampoco fue verdad, luego \u2013seg\u00fan repitieron gregariamente el grueso de reporteros de la <em>prensa concertada<\/em> espa\u00f1ola, quieras que no amedrentados por la l\u00ednea editorial fijada con incompetente <a href=\"http:\/\/elpais.com\/elpais\/2015\/07\/02\/opinion\/1435849598_599085.html?id_externo_rsoc=TW_CM\">alarde de matonismo<\/a> por sus respectivos jefes\u2014, que Varoufakis se levantara inopinadamente de la mesa de negociaciones y Tsipras lanzara al d\u00eda siguiente (27 de junio) a sus desolados socios europeos un ultim\u00e1tum en <a href=\"http:\/\/internacional.elpais.com\/internacional\/2015\/06\/29\/actualidad\/1435603283_285461.html\">forma de \u201cirresponsable\u201d consulta<\/a> al pueblo griego.<\/p>\n<p>Lo contrario era lo cierto. La convocatoria de refer\u00e9ndum fue la respuesta griega al destemplado ultim\u00e1tum <a href=\"http:\/\/www.sinpermiso.info\/textos\/index.php?id=8i13\">\u2013\u201co lo tomas o lo dejas<\/a>\u201d\u2014 presentado por el triste bur\u00f3crata \u201csocialista\u201d Dijselbloem al brillante cient\u00edfico metido a ins\u00f3lito <a href=\"http:\/\/www.sinpermiso.info\/textos\/index.php?id=7757\">pol\u00edtico de convicciones<\/a>, Varoufakis: y es que las fotos lo tienen m\u00e1s dif\u00edcil para mentir.<\/p>\n<p>Para mentir fotogr\u00e1ficamente, hay que hacerlo descaradamente. Con manipulaci\u00f3n a veces chapucera. Como en la <em>La Vanguardia<\/em> de ayer, que reproduc\u00eda en portada una foto publicada m\u00e1s discretamente \u2013\u00a1todav\u00eda hay clases en la prensa concertada!\u2014 tambi\u00e9n en <em>El Pa\u00eds.<\/em> Rep\u00e1rese en las estanter\u00edas por delante de un carrito rebosante de comida:<\/p>\n<p>&nbsp;<\/p>\n<p>La degeneraci\u00f3n del periodismo econ\u00f3mico es un fen\u00f3meno m\u00e1s o menos internacional, y tiene sin duda que ver con la quiebra general del modelo de negocio y con la precarizaci\u00f3n y desprofesionalizaci\u00f3n de la profesi\u00f3n period\u00edstica en las \u00faltimas d\u00e9cadas. No s\u00f3lo con las condiciones de trabajo de los reporteros, sino tambi\u00e9n con la preparaci\u00f3n acad\u00e9mica de los mismos. La macroeconom\u00eda cient\u00edfica va a contrapelo del \u201csentido com\u00fan\u201d dominante; no visita a domicilio, por as\u00ed decirlo. Nadie que, pongamos por caso, diga que <a href=\"http:\/\/www.sinpermiso.info\/textos\/index.php?id=3227\">\u201clas finanzas p\u00fablicas de un Estado son como las privadas de una familia\u201d aprobar\u00eda un curso de Macroeconom\u00eda b\u00e1sica seria<\/a>. Pero (casi) todos lo repiten como badulaques.<\/p>\n<p>Esa degeneraci\u00f3n cobra en el Reino de Espa\u00f1a un relieve tan particularmente singular, que los medios de comunicaci\u00f3n espa\u00f1oles acaban de ser distinguidos por el prestigioso Instituto Reuters de la Universidad de Oxford como los segundos menos fiables del mundo y, desde luego, como <a href=\"http:\/\/www.davidmartinezpr.com\/2015\/06\/los-medios-espanoles-los-segundos-por.html\">los menos fiables informativamente de Europa para su propia opini\u00f3n p\u00fablica<\/a>.\u00a0 Y a eso hay que a\u00f1adir todav\u00eda el \u00edndice inequ\u00edvoco de la degeneraci\u00f3n en nuestro pa\u00eds del periodismo de opini\u00f3n, el espa\u00f1ol\u00edsimo fen\u00f3meno del \u201ctertuliano\u201d: esa peque\u00f1a colecci\u00f3n de ubicuos y bien pagados ganapanes <em>pr\u00eat-\u00e0-penser<\/em> dispuestos a opinar tan energum\u00e9nica como peregrinamente de todo en todo momento. Vieja tradici\u00f3n patria:<\/p>\n<p>Todos con instrumentos en las manos<br \/>\nde estilos y librillos de memoria,<br \/>\npor bizarr\u00eda y por ingenio ufanos,<br \/>\ncodiciosos de hallarse en la victoria<br \/>\nque ya ten\u00edan por segura y cierta,<br \/>\nde las heces del mundo y de la escoria.<\/p>\n<p>&nbsp;<\/p>\n<p>Que la opini\u00f3n p\u00fablica espa\u00f1ola no s\u00f3lo no se f\u00eda nada de sus medios de informaci\u00f3n, sino que ha empezado a secretar espont\u00e1neamente sus propias defensas antit\u00f3xicas frente al periodismo de opini\u00f3n, lo atestigua, por ejemplo, el simp\u00e1tico y viral neologismo introducido por los j\u00f3venes en las redes: <a href=\"https:\/\/twitter.com\/hashtag\/cu%C3%B1adismo\">\u201ccu\u00f1adismo<\/a>\u201d. D\u00edcese del opinar enterquecida, arrebatada, superficial y desinformadamente de todo y sobre todo, y normalmente, con tanto donaire como desprecio\u00a0 de los hechos m\u00e1s b\u00e1sicos.<\/p>\n<p>As\u00ed, es cu\u00f1adistamente \u201cobvio\u201d que los griegos y los espa\u00f1oles \u201cdeber\u00edan hacer como los alemanes\u201d:\u00a0 \u201cflexibilizar\u201d su mercado de trabajo, por ejemplo. No importan los hechos (que, por otro lado, los periodistas econ\u00f3micos y los peritos acad\u00e9micos en legitimaci\u00f3n jam\u00e1s presentan a la opini\u00f3n p\u00fablica). No importa que esos hechos prueben concluyentemente que (parte d)el \u00e9xito econ\u00f3mico alem\u00e1n pasa por haber mantenido y aun robustecido la protecci\u00f3n legal del trabajo asalariado, mientras que las clases dominantes mediterr\u00e1neas \u2013\u00a1muy se\u00f1aladamente en el Reino de Espa\u00f1a!\u2014 han aprovechado, en cambio, la crisis para destruir derechos sociales y convertir progresivamente los puestos de trabajo en verdaderos infiernos de arbitrariedad desp\u00f3tica:<\/p>\n<p style=\"text-align: center;\">\u00a0<img loading=\"lazy\" decoding=\"async\" src=\"https:\/\/scontent-mad1-1.xx.fbcdn.net\/hphotos-xpf1\/v\/t1.0-9\/11659560_838473962873487_1899288943237177930_n.jpg?oh=880683c80ae6dfd11efd0741da9a055d&amp;oe=5659ABB2\" alt=\"\" width=\"303\" height=\"220\" \/><\/p>\n<p>&nbsp;<\/p>\n<p>Los griegos (y los espa\u00f1oles) ser\u00edan tambi\u00e9n cu\u00f1adistamente \u201cvagos\u201d. Tampoco aqu\u00ed \u2013\u00a1faltar\u00eda m\u00e1s!\u2014 importan mucho los hechos:<\/p>\n<p style=\"text-align: center;\">\u00a0<img loading=\"lazy\" decoding=\"async\" src=\"http:\/\/mrzine.monthlyreview.org\/images\/rw_shorter_work_hours_table2.jpg\" alt=\"\" width=\"514\" height=\"369\" \/><\/p>\n<p>Cu\u00f1adistamente, Grecia <em>es y no es<\/em> como el Reino de Espa\u00f1a. Seg\u00fan convenga. Cuando <em>no<\/em> lo es, Grecia ser\u00eda un pa\u00eds singular\u00edsimo, hasta \u201cgen\u00e9ticamente\u201d. El otro d\u00eda pudo escucharse en TV3 a un tertuliano habitual \u2013del g\u00e9nero \u201chistoriador\u201d ultracatalanista y ultrasionista\u2014 sosteniendo tan seriecito como informaci\u00f3n de la mayor relevancia que el \u201cADN de los griegos actuales\u201d no es el de Arist\u00f3teles y Plat\u00f3n, \u00a1ad\u00f3nde va usted a parar!, sino\u00a0 \u201cturco\u201d y \u201cbalc\u00e1nico\u201d. \u00a1Ah! \u00a1Misterio aclarado! \u00a1Pues Grexit, ya!<\/p>\n<p>En ese mismo programa, otro tertuliano (\u00e9ste, del g\u00e9nero periodista-al-que-no-se-la-dan-con-queso) remachaba la ocurrencia con un rebencazo contra <a href=\"http:\/\/www.elperiodico.com\/es\/noticias\/internacional\/grecia-joseph-stiglitz-voto-referendum-exigencias-troika-4315845\">Stiglitz, el Premio Nobel de econom\u00eda que ha pedido el No en el refer\u00e9ndum griego<\/a> y que se habr\u00eda atrevido a hablar de la \u201clarga tradici\u00f3n democr\u00e1tica del pueblo griego\u201d. \u00a1Pardillo! \u00a1Ignorante, este Stiglitz! \u201c\u00bfNo sabe acaso que la democracia griega es como la espa\u00f1ola, de vida reciente?\u201d Pues s\u00ed, claro que lo sabe, cu\u00f1a\u00edto. Y como no sabe las cosas a medias, es decir, al modo \u201ccu\u00f1ao\u201d, el Premio Nobel sabe tambi\u00e9n, por ejemplo, que la Resistencia democr\u00e1tica griega a la ocupaci\u00f3n nazi-fascista pag\u00f3 su lucha con m\u00e1s de medio mill\u00f3n de muertos entre 1940-45, para luego tener que sucumbir en una atroz guerra civil fomentada y militarmente apoyada por el imperialismo franco-brit\u00e1nico: y es que la \u201ctradici\u00f3n democr\u00e1tica\u201d es eso, no las perogrulladas cu\u00f1adistas de cualquier Dompereciendo de la Transici\u00f3n.<\/p>\n<p>Tambi\u00e9n se pudo ver en ese programa de TV3 a un tercer contertulio (\u00e9ste, del g\u00e9nero <a href=\"http:\/\/www.burbuja.info\/inmobiliaria\/burbuja-inmobiliaria\/168720-josep-oliver-no-escarmienta-catalunya-saldra-de-recesion-exportacion.html\">economista-cu\u00f1ao inescarmentable que se trag\u00f3 todas las aldabas<\/a> de la burbuja inmobiliaria espa\u00f1ola antes de 2008) crepitar de afectada indignaci\u00f3n contra un s\u00f3lido <a href=\"http:\/\/www.caffereggio.net\/2015\/07\/04\/europa-en-la-encrucijada-de-juan-jose-lopez-burniol-en-la-vanguardia\/\">notario m\u00e1s bien conservador que sensatamente se atrevi\u00f3<\/a> a recordar lo jur\u00eddicamente obvio, y es a saber, que una deuda impagable solo puede abordarse de tres maneras: con quita, con aplazamiento o con quita y aplazamiento. \u00a1Nada de eso! Scha\u00fcble \u2013\u00a1Sch\u00e4uble!\u2014 llevar\u00eda \u201ctoda la raz\u00f3n\u201d: las \u201cdeudas son sagradas\u201d, y \u201csi no se pagan, es el fin del orden europeo\u201d. El Grexit, <a href=\"http:\/\/www.sinpermiso.info\/textos\/index.php?id=8111\">diga lo que quiera el editorialista alem\u00e1n del <em>Financial Times<\/em><\/a>, ser\u00eda, por comparaci\u00f3n, un peque\u00f1o detalle sin importancia\u2026.<\/p>\n<p>Para farisaico <a href=\"http:\/\/www.economiadigital.es\/es\/notices\/2015\/07\/colau-fulmina-la-rambla-de-btv-73538.php\">esc\u00e1ndalo de la parasitaria pandilla tertuliana habitual<\/a>,\u00a0 una de las muchas cosas buenas que ha hecho ya la nueva alcaldesa Ada Colau en sus primeros d\u00edas de gobierno ha sido empezar a eliminar de BTV \u2013la televisi\u00f3n p\u00fablica de la ciudad de Barcelona\u2014 los repetidos espacios consagrados a torneos de sesgados faramallones, anunciando una nueva programaci\u00f3n con m\u00e1s reportajes de investigaci\u00f3n e ilustraci\u00f3n de fondo.<\/p>\n<p>&nbsp;<\/p>\n<p><strong>El significado del refer\u00e9ndum y la \u201cestrategia Varoufakis\u201d<\/strong><\/p>\n<p>Del refer\u00e9ndum convocado por el gobierno de Tsipras, politicastros y opinadores profesionales opinaron de todo: desde el c\u00e9lebre \u2013y tan franquistamente sincero\u2014 <a href=\"http:\/\/politica.elpais.com\/politica\/2015\/06\/30\/actualidad\/1435668701_352325.html\">\u201clas urnas son peligrosas\u201d de la ministra Tejerina<\/a>, hasta el m\u00e1s habitual \u2013y c\u00ednicamente postfranquista\u2014 \u201c<a href=\"http:\/\/cincodias.com\/cincodias\/2015\/07\/03\/mercados\/1435952659_733409.html\">la confusa pregunta ni se entiende<\/a>\u201d. Lo cierto es que, cualquiera que fuera la formulaci\u00f3n de la pregunta, todo el mundo entend\u00eda perfectamente el significado del refer\u00e9ndum griego.<\/p>\n<p>Por lo pronto, todo el mundo recuerda la estupefacci\u00f3n provocada en 2011 por la mera sugerencia del entonces primer ministro del PASOK, un apabullado Papandreu, de convocar un refer\u00e9ndum para pedir el S\u00ed del pueblo griego a los recortes austericidas exigidos desde Bruselas. Y todo el mundo recuerda c\u00f3mo acab\u00f3 aquello: con Papandreu puesto groseramente en la picota por sus propios compa\u00f1eros \u201csocialistas\u201d europeos (empezando por aquel infame Joaqu\u00edn Almunia, entonces Comisario econ\u00f3mico), para a continuaci\u00f3n ser depuesto en una especie de indisimulado golpe colonial de la Troika y substituido por un banquero, Papadinos, af\u00edn a la burocracia europea y a la aristocracia del dinero. (N<a href=\"http:\/\/www.sinpermiso.info\/textos\/index.php?id=4528\">osotros mismos escribimos entonces al respecto<\/a>.)<\/p>\n<p>Pues bien; ahora, el nuevo gobierno de la izquierda radical de Syriza no s\u00f3lo no se limitaba a sugerir, sino que convocaba un refer\u00e9ndum, y encima, ped\u00eda el No. La sola convocatoria del refer\u00e9ndum era ya un desaf\u00edo en toda regla a la cultura pol\u00edtica crecientemente antidemocr\u00e1tica del gobierno de la Uni\u00f3n Europea. Y votar OXI (No) \u2013todo el mundo lo entend\u00eda\u2014 era:<\/p>\n<p>&#8211; votar No a una \u201cconstrucci\u00f3n europea\u201d crecientemente demof\u00f3bica,<\/p>\n<p>&#8211; votar No a la Troika y defender la soberan\u00eda popular griega y de todos los pueblos de Europa (no solo los mediterr\u00e1neos),<\/p>\n<p>&#8211; votar No a la degeneraci\u00f3n de la Europa de los valores democr\u00e1ticos y sociales,<\/p>\n<p>&#8211; votar No al p\u00e9simo dise\u00f1o institucional de la Eurozona monetaria,<\/p>\n<p>&#8211; votar No a quienes vienen aprovech\u00e1ndose de ese mal dise\u00f1o para saquear a todos los pueblos europeos, y por lo pronto, a los mediterr\u00e1neos,<\/p>\n<p>&#8211; votar No a los facilitadores pol\u00edticos del saqueo,<\/p>\n<p>&#8211; votar No, claro est\u00e1, era tambi\u00e9n dar un voto de confianza al gobierno de Syriza, se\u00f1aladamente a Tsipras y a su ministro de finanzas, Varoufakis, el negociador en Bruselas y m\u00e1xima autoridad intelectual del gobierno,<\/p>\n<p>&#8211; y en fin, pero no menos importante, porque los s\u00edmbolos hist\u00f3ricos, particularmente en lugares que como el Reino de Espa\u00f1a y Grecia han vivido dur\u00edsimas guerras civiles, son decisivos en pol\u00edtica, votar No era seguir en la tradici\u00f3n patri\u00f3tica del <u><a href=\"http:\/\/www.ultimatehistoryproject.com\/oxi-day.html\">D\u00eda del Gran \u201cNo\u201d a Mussolini (el \u0395\u03c0\u03ad\u03c4\u03b5\u03b9\u03bf\u03c2 \u03c4\u03bf\u03c5 \u00ab&#8217;\u039f\u03c7\u03b9\u00bb, 28 Octubre de 1940),<\/a><\/u> emblema donde los haya del Antifascismo y de la Resistencia democr\u00e1tica del pueblo griego: el OXI griego equivale m\u00e1s o menos exactamente al \u00a1No Pasar\u00e1n! espa\u00f1ol.<\/p>\n<p>Huelga decir que votar NAI (S\u00ed) era lo contrario de todo eso. Significaba romper con la propia tradici\u00f3n antifascista y allanarse a unas autoridades europeas m\u00e1s y m\u00e1s aproadas al \u2013d\u00edgase as\u00ed\u2014 postantifascismo neoliberal.<\/p>\n<p>Nadie dej\u00f3 de entenderlo as\u00ed. No hab\u00eda punto medio, ni val\u00edan las medias tintas. O con el OXI\u00a0 o con el NAI, con todas y cada una de sus implicaciones, tambi\u00e9n simb\u00f3licas.<\/p>\n<p>No dej\u00f3 de entenderlo as\u00ed el BCE, una instituci\u00f3n pretendidamente no-pol\u00edtica, y en cualquier caso no electa, de la que depende el suministro de liquidez de la econom\u00eda griega. Su decisi\u00f3n \u2013probablemente ilegal\u2014 de poner arbitrariamente techo al suministro de liquidez a trav\u00e9s del ELA oblig\u00f3 al gobierno de Syriza a tener que cerrar las oficinas bancarias en prevenci\u00f3n de fugas masivas de dep\u00f3sitos. La semana deliberativa de campa\u00f1a del refer\u00e9ndum tendr\u00eda que hacerse, pues, con una poblaci\u00f3n aterrorizada por el \u201ccorralito\u201d. Fue la decisiva contribuci\u00f3n del BCE a la campa\u00f1a de terror en favor del S\u00ed. Que las autoridades pol\u00edticas electas de la UE dejaran en manos de tecn\u00f3cratas no electos el trabajo pol\u00edtico m\u00e1s sucio, lo dice casi todo de la calidad democr\u00e1tica de las instituciones europeas actuales.<\/p>\n<p>No dej\u00f3 tampoco de entenderlo as\u00ed el presidente del Parlamento europeo, el \u201csocialista\u201d alem\u00e1n Martin Schultz, que intervino de la manera m\u00e1s groseramente impropia en la campa\u00f1a por el S\u00ed, declarando redondamente que si triunfaba el No, los griegos saldr\u00edan del euro y tendr\u00edan que volver a acu\u00f1ar dracmas: varios eurodiputados verdes y del grupo de la izquierda \u2013como Urtasun\u2014 han dicho ya que le exigir\u00e1n la dimisi\u00f3n.<\/p>\n<p>Ni el presidente del Eurogrupo, el tambi\u00e9n \u201csocialista\u201d holand\u00e9s, Dijselbloem \u2013desastroso ministro de finanzas de su pa\u00eds\u2014, que\u00a0 tambi\u00e9n sali\u00f3 con amenazas al No en su zafio estilo habitual. Menos jaques, los gobernantes \u201csocialistas\u201d Renzi (Italia) y Hollande (Francia) se limitaron a sugerir que el voto del S\u00ed era el voto a Europa y a declarar paternalistamente que lo terrible del \u201cmuy respetable\u201d refer\u00e9ndum era que, en el mejor de los casos, dividir\u00eda al pueblo griego en dos mitades: ganara el S\u00ed o ganara el No, lo har\u00eda con resultado ajustad\u00edsimo\u2026<\/p>\n<p>Y no es necesario mencionar aqu\u00ed las declaraciones de los gobernantes y pol\u00edticos expl\u00edcitamente conservadores. Baste decir que un Rajoy aterrorizado por la perspectiva de que un \u00e9xito, ya fuera m\u00ednimo, de Syriza significara un espaldarazo al espacio pol\u00edtico del \u201cs\u00ed se puede\u201d en el Reino de Espa\u00f1a lleg\u00f3 tan lejos, que provoc\u00f3 <a href=\"http:\/\/www.republica.com\/viva-la-pepa\/2015\/07\/01\/el-gobierno-griego-contra-rajoymantengase-al-margen-del-referendum\/\">una nota de protesta del gobierno de la Rep\u00fablica Hel\u00e9nica<\/a>.<\/p>\n<p>&nbsp;<\/p>\n<p><strong>El significado del triunfo del NO<\/strong><\/p>\n<p>Pues bien; tal como hab\u00eda <a href=\"http:\/\/www.sinpermiso.info\/textos\/index.php?id=8127\">pronosticado casi en solitario el ministro Varoufakis<\/a> \u2013el m\u00e1s que probable inspirador de la audaz iniciativa dentro de un gobierno de Syriza que lleg\u00f3 a parecer por unas horas aturdido de su propia osad\u00eda\u2014, el triunfo del No el pasado domingo fue rotundo y concluyente: 61% contra 38%. A saber qu\u00e9 dir\u00e1n ahora los periodistillos que escribieron con jactanciosa obnubilaci\u00f3n que la mera convocatoria del refer\u00e9ndum era el suicidio de Tsipras y de Syriza: <a href=\"http:\/\/blogs.cincodias.com\/la_ue_del_reves\/2015\/07\/matar-acuerdo-grecia.html\">\u201cAcorralado, el viernes Tsipras se suicid\u00f3 pol\u00edticamente con la convocatoria de un refer\u00e9ndum que ha puesto en bandeja al resto de Gobiernos una victoria por KO\u201d.<\/a><\/p>\n<p>No hubo KO, sino todo lo contrario. El triunfo avasallador de Syriza, lejos de dividir al pueblo griego, lo ha unido, y como consecuencia de esa uni\u00f3n popular por abajo ejemplarmente expresada en el sereno desarrollo de la campa\u00f1a del refer\u00e9ndum y en su apabullante resultado, <a href=\"http:\/\/cincodias.com\/cincodias\/2015\/07\/06\/mercados\/1436161659_193897.html\">hoy, lunes, hemos asistido a la escenificaci\u00f3n de la uni\u00f3n del entero arco pol\u00edtico democr\u00e1tico parlamentario detr\u00e1s de Syriza.<\/a><\/p>\n<p>La divisi\u00f3n ha cambiado de bando. La socialdemocracia europea ha salido profundamente divida de ese lance (y acaso, herida de muerte). El Eurogrupo est\u00e1 dividido. La Comisi\u00f3n Europea est\u00e1 dividida. La Troika, dividida tambi\u00e9n. Y tal vez asistamos en los pr\u00f3ximos d\u00edas a alguna escenificaci\u00f3n de la divisi\u00f3n dentro del mismo gobierno alem\u00e1n.<\/p>\n<p>Toda la estrategia de Varoufakis estaba basada desde el comienzo en la idea de que una salida de Grecia del euro era una cat\u00e1strofe, por supuesto, pero no s\u00f3lo para Grecia, sino para toda la Eurozona (y para la econom\u00eda mundial): la esencia de una uni\u00f3n monetaria es su irreversibilidad; rota \u00e9sta, la desintegraci\u00f3n se pone inexorablemente en marcha. La inmensa mayor\u00eda de la poblaci\u00f3n griega (ahora mismo, y con lo que ha llovido, \u00a1un 74%!) de ninguna manera quiere abandonar la moneda com\u00fan. Syriza pas\u00f3 de ser una izquierda parlamentaria marginal a ganar las elecciones en muy pocos meses, cuando abandon\u00f3 el huero consignismo v\u00e9teroizquierdista \u2013o estrechamente nacionalista\u2014 y la huera palabrer\u00eda de la izquierda acad\u00e9mica intelectualmente degenerada de las \u00faltimas d\u00e9cadas, para aceptar b\u00e1sicamente la estrategia de negociaci\u00f3n fundada en la c\u00e9lebre <a href=\"https:\/\/varoufakis.files.wordpress.com\/2013\/07\/modest-proposal-4-0-in-spanish.pdf\">Modesta Proposici\u00f3n de Varoufakis, Galbraith y Stuart Holland<\/a>. La salvaci\u00f3n de Grecia, lejos de pasar por la ruptura con el euro, pasaba por convertir a la peque\u00f1a Rep\u00fablica hel\u00e9nica gobernada por la izquierda en punta de lanza de una reforma salvadora de toda la UE y estabilizadora de la Eurozona. Con ese mensaje gan\u00f3 las elecciones en enero pasado. Con ese mensaje gan\u00f3 autoridad internacional (Tsipras fue el candidato de toda la izquierda europea en las ultimas elecciones al Parlamento europeo). Y con ese mensaje acaba de obtener una victoria arrolladora en el refer\u00e9ndum del pasado domingo.<\/p>\n<p>En cambio, toda la estrategia del sector m\u00e1s duro de las autoridades europeas estaba supuestamente basada en la hip\u00f3tesis de que el Grexit ya no representaba una amenaza catastr\u00f3fica para la UE y la Eurozona: \u201clo tomas o lo dejas\u201d.<\/p>\n<p>El refer\u00e9ndum ha dicho claro, alto y concluyentemente que \u201cno lo toma\u201d. Y ahora viene lo m\u00e1s dif\u00edcil, lo que podr\u00edamos llamar el \u201cmomento Varoufakis\u201d. El Grexit era b\u00e1sicamente un farol: no hab\u00eda m\u00e1s que ver a un circunspecto De Guindos esta ma\u00f1ana. Y de producirse un Greaccident en los pr\u00f3ximos d\u00edas, la destrucci\u00f3n mutua asegurada no destruir\u00eda ya a Syriza. Pero s\u00ed, y m\u00e1s temprano que tarde, a los pol\u00edticos europeos del S\u00ed. Los negociadores griegos pueden ahora decir que un Grexit ser\u00eda ciertamente menos malo para ellos que para sus contrapartes negociadoras, y no s\u00f3lo a medio o largo plazo. El equipo anti-OXI jugar\u00e1 en Europa (y en EEUU) dividido. Algunos, jugar\u00e1n dur\u00edsimo. Eso es seguro.<\/p>\n<p>Estamos ahora exactamente en el escenario que Sch\u00e4uble quer\u00eda evitar. En el plano interno griego, la dureza inflexible de las autoridades europeas no har\u00eda otra cosa que reforzar ulteriormente a Syriza. Y en el plano internacional, el ala meliflua de las fuerzas pol\u00edticas del anti-OXI corre el riesgo no ya s\u00f3lo del descr\u00e9dito total, sino de una desintegaci\u00f3n mucho m\u00e1s r\u00e1pida que la de la Eurozona tras un Greaccident.\u00a0 La noche del pasado domingo entramos en una nueva \u00e9poca hist\u00f3rica en toda Europa. Y el viento sopla ahora de empopada: los fuertes ya no son capaces de hacer cuanto pueden y los d\u00e9biles no est\u00e1n ya dispuestos a sufrir cuanto deben.<\/p>\n<p><strong>NOTAS: [1] <\/strong>[[In 1646 while Lilburne was imprisoned for high treason, Overton wrote <em>A Remonstrance of Many Thousand Citizens, and other Free-Born People of England, to their own House of Commons, <\/em>urging that Lilburne be freed. The <em>Remonstrance <\/em>became a great Leveller manifesto.]<\/p>\n<p><strong>Antoni Dom\u00e8nech<\/strong> es el Editor general de <em>SinPermiso<\/em>. <strong>Gustavo Buster <\/strong>y<strong> Daniel Ravent\u00f3s<\/strong> son miembros del Comit\u00e9 de Redacci\u00f3n de <em>SinPermiso<\/em>.<\/p>\n<p>&nbsp;<\/p>\n","protected":false},"excerpt":{"rendered":"<p>La noche del pasado domingo entramos en una nueva \u00e9poca hist\u00f3rica en toda Europa. Y el viento sopla ahora de empopada: los fuertes ya no son capaces de hacer cuanto pueden y los d\u00e9biles no est\u00e1n ya dispuestos a sufrir&hellip;<\/p>\n","protected":false},"author":94,"featured_media":200041,"comment_status":"closed","ping_status":"open","sticky":false,"template":"","format":"standard","meta":{"footnotes":""},"categories":[81,66,39,161,74,63],"tags":[515,18425,654,516,1174,16305,18341,15210,15729],"class_list":["post-200800","post","type-post","status-publish","format-standard","has-post-thumbnail","hentry","category-economia-es","category-europa-es","category-internacional","category-opiniones","category-politica-es","category-region-es","tag-bce","tag-ce","tag-crisis-en","tag-fmi","tag-grecia","tag-joseph-stiglitz-en","tag-referendum-en-grecia","tag-syriza-en","tag-yanis-varoufakis"],"yoast_head":"<!-- This site is optimized with the Yoast SEO plugin v27.1.1 - https:\/\/yoast.com\/product\/yoast-seo-wordpress\/ -->\n<title>Despu\u00e9s del OXI: Cuando los fuertes ya no son capaces de hacer cuanto pueden y los d\u00e9biles ya no quieren sufrir cuanto deben<\/title>\n<meta name=\"description\" content=\"La noche del pasado domingo entramos en una nueva \u00e9poca hist\u00f3rica en toda Europa. Y el viento sopla ahora de empopada: los fuertes ya no son capaces de\" \/>\n<meta name=\"robots\" content=\"index, follow, max-snippet:-1, max-image-preview:large, max-video-preview:-1\" \/>\n<link rel=\"canonical\" href=\"https:\/\/www.pressenza.com\/es\/2015\/07\/despues-del-oxi-cuando-los-fuertes-ya-no-son-capaces-de-hacer-cuanto-pueden-y-los-debiles-ya-no-quieren-sufrir-cuanto-deben\/\" \/>\n<meta property=\"og:locale\" content=\"es_ES\" \/>\n<meta property=\"og:type\" content=\"article\" \/>\n<meta property=\"og:title\" content=\"Despu\u00e9s del OXI: Cuando los fuertes ya no son capaces de hacer cuanto pueden y los d\u00e9biles ya no quieren sufrir cuanto deben\" \/>\n<meta property=\"og:description\" content=\"La noche del pasado domingo entramos en una nueva \u00e9poca hist\u00f3rica en toda Europa. Y el viento sopla ahora de empopada: los fuertes ya no son capaces de\" \/>\n<meta property=\"og:url\" content=\"https:\/\/www.pressenza.com\/es\/2015\/07\/despues-del-oxi-cuando-los-fuertes-ya-no-son-capaces-de-hacer-cuanto-pueden-y-los-debiles-ya-no-quieren-sufrir-cuanto-deben\/\" \/>\n<meta property=\"og:site_name\" content=\"Pressenza\" \/>\n<meta property=\"article:publisher\" content=\"https:\/\/www.facebook.com\/PressenzaItalia\" \/>\n<meta property=\"article:author\" content=\"https:\/\/www.facebook.com\/pressenza\" \/>\n<meta property=\"article:published_time\" content=\"2015-07-08T17:59:29+00:00\" \/>\n<meta property=\"article:modified_time\" content=\"2016-04-19T15:01:11+00:00\" \/>\n<meta property=\"og:image\" content=\"https:\/\/www.pressenza.com\/wp-content\/uploads\/2015\/07\/3-7-2015_Griechenland-Demo_Reto.jpg\" \/>\n\t<meta property=\"og:image:width\" content=\"1280\" \/>\n\t<meta property=\"og:image:height\" content=\"720\" \/>\n\t<meta property=\"og:image:type\" content=\"image\/jpeg\" \/>\n<meta name=\"author\" content=\"Redacci\u00f3n Madrid\" \/>\n<meta name=\"twitter:card\" content=\"summary_large_image\" \/>\n<meta name=\"twitter:creator\" content=\"@pressenza\" \/>\n<meta name=\"twitter:site\" content=\"@PressenzaIPA\" \/>\n<meta name=\"twitter:label1\" content=\"Escrito por\" \/>\n\t<meta name=\"twitter:data1\" content=\"Redacci\u00f3n Madrid\" \/>\n\t<meta name=\"twitter:label2\" content=\"Tiempo de lectura\" \/>\n\t<meta name=\"twitter:data2\" content=\"20 minutos\" \/>\n<script type=\"application\/ld+json\" class=\"yoast-schema-graph\">{\"@context\":\"https:\/\/schema.org\",\"@graph\":[{\"@type\":\"Article\",\"@id\":\"https:\/\/www.pressenza.com\/es\/2015\/07\/despues-del-oxi-cuando-los-fuertes-ya-no-son-capaces-de-hacer-cuanto-pueden-y-los-debiles-ya-no-quieren-sufrir-cuanto-deben\/#article\",\"isPartOf\":{\"@id\":\"https:\/\/www.pressenza.com\/es\/2015\/07\/despues-del-oxi-cuando-los-fuertes-ya-no-son-capaces-de-hacer-cuanto-pueden-y-los-debiles-ya-no-quieren-sufrir-cuanto-deben\/\"},\"author\":{\"name\":\"Redacci\u00f3n Madrid\",\"@id\":\"https:\/\/www.pressenza.com\/es\/#\/schema\/person\/828fc40eeca2ad7be3630e5a46adba94\"},\"headline\":\"Despu\u00e9s del OXI: Cuando los fuertes ya no son capaces de hacer cuanto pueden y los d\u00e9biles ya no quieren sufrir cuanto deben\",\"datePublished\":\"2015-07-08T17:59:29+00:00\",\"dateModified\":\"2016-04-19T15:01:11+00:00\",\"mainEntityOfPage\":{\"@id\":\"https:\/\/www.pressenza.com\/es\/2015\/07\/despues-del-oxi-cuando-los-fuertes-ya-no-son-capaces-de-hacer-cuanto-pueden-y-los-debiles-ya-no-quieren-sufrir-cuanto-deben\/\"},\"wordCount\":3932,\"publisher\":{\"@id\":\"https:\/\/www.pressenza.com\/es\/#organization\"},\"image\":{\"@id\":\"https:\/\/www.pressenza.com\/es\/2015\/07\/despues-del-oxi-cuando-los-fuertes-ya-no-son-capaces-de-hacer-cuanto-pueden-y-los-debiles-ya-no-quieren-sufrir-cuanto-deben\/#primaryimage\"},\"thumbnailUrl\":\"https:\/\/www.pressenza.com\/wp-content\/uploads\/2015\/07\/3-7-2015_Griechenland-Demo_Reto.jpg\",\"keywords\":[\"BCE\",\"CE\",\"crisis\",\"FMI\",\"Grecia\",\"Joseph Stiglitz\",\"refer\u00e9ndum en Grecia\",\"Syriza\",\"Yanis Varoufakis\"],\"articleSection\":[\"Econom\u00eda\",\"Europa\",\"Internacional\",\"Opiniones\",\"Pol\u00edtica\",\"Regi\u00f3n\"],\"inLanguage\":\"es\"},{\"@type\":\"WebPage\",\"@id\":\"https:\/\/www.pressenza.com\/es\/2015\/07\/despues-del-oxi-cuando-los-fuertes-ya-no-son-capaces-de-hacer-cuanto-pueden-y-los-debiles-ya-no-quieren-sufrir-cuanto-deben\/\",\"url\":\"https:\/\/www.pressenza.com\/es\/2015\/07\/despues-del-oxi-cuando-los-fuertes-ya-no-son-capaces-de-hacer-cuanto-pueden-y-los-debiles-ya-no-quieren-sufrir-cuanto-deben\/\",\"name\":\"Despu\u00e9s del OXI: Cuando los fuertes ya no son capaces de hacer cuanto pueden y los d\u00e9biles ya no quieren sufrir cuanto deben\",\"isPartOf\":{\"@id\":\"https:\/\/www.pressenza.com\/es\/#website\"},\"primaryImageOfPage\":{\"@id\":\"https:\/\/www.pressenza.com\/es\/2015\/07\/despues-del-oxi-cuando-los-fuertes-ya-no-son-capaces-de-hacer-cuanto-pueden-y-los-debiles-ya-no-quieren-sufrir-cuanto-deben\/#primaryimage\"},\"image\":{\"@id\":\"https:\/\/www.pressenza.com\/es\/2015\/07\/despues-del-oxi-cuando-los-fuertes-ya-no-son-capaces-de-hacer-cuanto-pueden-y-los-debiles-ya-no-quieren-sufrir-cuanto-deben\/#primaryimage\"},\"thumbnailUrl\":\"https:\/\/www.pressenza.com\/wp-content\/uploads\/2015\/07\/3-7-2015_Griechenland-Demo_Reto.jpg\",\"datePublished\":\"2015-07-08T17:59:29+00:00\",\"dateModified\":\"2016-04-19T15:01:11+00:00\",\"description\":\"La noche del pasado domingo entramos en una nueva \u00e9poca hist\u00f3rica en toda Europa. Y el viento sopla ahora de empopada: los fuertes ya no son capaces de\",\"breadcrumb\":{\"@id\":\"https:\/\/www.pressenza.com\/es\/2015\/07\/despues-del-oxi-cuando-los-fuertes-ya-no-son-capaces-de-hacer-cuanto-pueden-y-los-debiles-ya-no-quieren-sufrir-cuanto-deben\/#breadcrumb\"},\"inLanguage\":\"es\",\"potentialAction\":[{\"@type\":\"ReadAction\",\"target\":[\"https:\/\/www.pressenza.com\/es\/2015\/07\/despues-del-oxi-cuando-los-fuertes-ya-no-son-capaces-de-hacer-cuanto-pueden-y-los-debiles-ya-no-quieren-sufrir-cuanto-deben\/\"]}]},{\"@type\":\"ImageObject\",\"inLanguage\":\"es\",\"@id\":\"https:\/\/www.pressenza.com\/es\/2015\/07\/despues-del-oxi-cuando-los-fuertes-ya-no-son-capaces-de-hacer-cuanto-pueden-y-los-debiles-ya-no-quieren-sufrir-cuanto-deben\/#primaryimage\",\"url\":\"https:\/\/www.pressenza.com\/wp-content\/uploads\/2015\/07\/3-7-2015_Griechenland-Demo_Reto.jpg\",\"contentUrl\":\"https:\/\/www.pressenza.com\/wp-content\/uploads\/2015\/07\/3-7-2015_Griechenland-Demo_Reto.jpg\",\"width\":1280,\"height\":720},{\"@type\":\"BreadcrumbList\",\"@id\":\"https:\/\/www.pressenza.com\/es\/2015\/07\/despues-del-oxi-cuando-los-fuertes-ya-no-son-capaces-de-hacer-cuanto-pueden-y-los-debiles-ya-no-quieren-sufrir-cuanto-deben\/#breadcrumb\",\"itemListElement\":[{\"@type\":\"ListItem\",\"position\":1,\"name\":\"Accueil\",\"item\":\"https:\/\/www.pressenza.com\/es\/\"},{\"@type\":\"ListItem\",\"position\":2,\"name\":\"Despu\u00e9s del OXI: Cuando los fuertes ya no son capaces de hacer cuanto pueden y los d\u00e9biles ya no quieren sufrir cuanto deben\"}]},{\"@type\":\"WebSite\",\"@id\":\"https:\/\/www.pressenza.com\/es\/#website\",\"url\":\"https:\/\/www.pressenza.com\/es\/\",\"name\":\"Pressenza\",\"description\":\"International Press Agency\",\"publisher\":{\"@id\":\"https:\/\/www.pressenza.com\/es\/#organization\"},\"potentialAction\":[{\"@type\":\"SearchAction\",\"target\":{\"@type\":\"EntryPoint\",\"urlTemplate\":\"https:\/\/www.pressenza.com\/es\/?s={search_term_string}\"},\"query-input\":{\"@type\":\"PropertyValueSpecification\",\"valueRequired\":true,\"valueName\":\"search_term_string\"}}],\"inLanguage\":\"es\"},{\"@type\":\"Organization\",\"@id\":\"https:\/\/www.pressenza.com\/es\/#organization\",\"name\":\"Pressenza\",\"url\":\"https:\/\/www.pressenza.com\/es\/\",\"logo\":{\"@type\":\"ImageObject\",\"inLanguage\":\"es\",\"@id\":\"https:\/\/www.pressenza.com\/es\/#\/schema\/logo\/image\/\",\"url\":\"https:\/\/www.pressenza.com\/wp-content\/uploads\/2022\/10\/pressenza_logo_200x200.jpg\",\"contentUrl\":\"https:\/\/www.pressenza.com\/wp-content\/uploads\/2022\/10\/pressenza_logo_200x200.jpg\",\"width\":200,\"height\":200,\"caption\":\"Pressenza\"},\"image\":{\"@id\":\"https:\/\/www.pressenza.com\/es\/#\/schema\/logo\/image\/\"},\"sameAs\":[\"https:\/\/www.facebook.com\/PressenzaItalia\",\"https:\/\/x.com\/PressenzaIPA\"]},{\"@type\":\"Person\",\"@id\":\"https:\/\/www.pressenza.com\/es\/#\/schema\/person\/828fc40eeca2ad7be3630e5a46adba94\",\"name\":\"Redacci\u00f3n Madrid\",\"description\":\"News from the Pressenza Bureau in Madrid, Spain\",\"sameAs\":[\"https:\/\/www.facebook.com\/pressenza\",\"https:\/\/x.com\/pressenza\"],\"url\":\"https:\/\/www.pressenza.com\/es\/author\/redaccion-madrid\/\"}]}<\/script>\n<!-- \/ Yoast SEO plugin. -->","yoast_head_json":{"title":"Despu\u00e9s del OXI: Cuando los fuertes ya no son capaces de hacer cuanto pueden y los d\u00e9biles ya no quieren sufrir cuanto deben","description":"La noche del pasado domingo entramos en una nueva \u00e9poca hist\u00f3rica en toda Europa. Y el viento sopla ahora de empopada: los fuertes ya no son capaces de","robots":{"index":"index","follow":"follow","max-snippet":"max-snippet:-1","max-image-preview":"max-image-preview:large","max-video-preview":"max-video-preview:-1"},"canonical":"https:\/\/www.pressenza.com\/es\/2015\/07\/despues-del-oxi-cuando-los-fuertes-ya-no-son-capaces-de-hacer-cuanto-pueden-y-los-debiles-ya-no-quieren-sufrir-cuanto-deben\/","og_locale":"es_ES","og_type":"article","og_title":"Despu\u00e9s del OXI: Cuando los fuertes ya no son capaces de hacer cuanto pueden y los d\u00e9biles ya no quieren sufrir cuanto deben","og_description":"La noche del pasado domingo entramos en una nueva \u00e9poca hist\u00f3rica en toda Europa. Y el viento sopla ahora de empopada: los fuertes ya no son capaces de","og_url":"https:\/\/www.pressenza.com\/es\/2015\/07\/despues-del-oxi-cuando-los-fuertes-ya-no-son-capaces-de-hacer-cuanto-pueden-y-los-debiles-ya-no-quieren-sufrir-cuanto-deben\/","og_site_name":"Pressenza","article_publisher":"https:\/\/www.facebook.com\/PressenzaItalia","article_author":"https:\/\/www.facebook.com\/pressenza","article_published_time":"2015-07-08T17:59:29+00:00","article_modified_time":"2016-04-19T15:01:11+00:00","og_image":[{"width":1280,"height":720,"url":"https:\/\/www.pressenza.com\/wp-content\/uploads\/2015\/07\/3-7-2015_Griechenland-Demo_Reto.jpg","type":"image\/jpeg"}],"author":"Redacci\u00f3n Madrid","twitter_card":"summary_large_image","twitter_creator":"@pressenza","twitter_site":"@PressenzaIPA","twitter_misc":{"Escrito por":"Redacci\u00f3n Madrid","Tiempo de lectura":"20 minutos"},"schema":{"@context":"https:\/\/schema.org","@graph":[{"@type":"Article","@id":"https:\/\/www.pressenza.com\/es\/2015\/07\/despues-del-oxi-cuando-los-fuertes-ya-no-son-capaces-de-hacer-cuanto-pueden-y-los-debiles-ya-no-quieren-sufrir-cuanto-deben\/#article","isPartOf":{"@id":"https:\/\/www.pressenza.com\/es\/2015\/07\/despues-del-oxi-cuando-los-fuertes-ya-no-son-capaces-de-hacer-cuanto-pueden-y-los-debiles-ya-no-quieren-sufrir-cuanto-deben\/"},"author":{"name":"Redacci\u00f3n Madrid","@id":"https:\/\/www.pressenza.com\/es\/#\/schema\/person\/828fc40eeca2ad7be3630e5a46adba94"},"headline":"Despu\u00e9s del OXI: Cuando los fuertes ya no son capaces de hacer cuanto pueden y los d\u00e9biles ya no quieren sufrir cuanto deben","datePublished":"2015-07-08T17:59:29+00:00","dateModified":"2016-04-19T15:01:11+00:00","mainEntityOfPage":{"@id":"https:\/\/www.pressenza.com\/es\/2015\/07\/despues-del-oxi-cuando-los-fuertes-ya-no-son-capaces-de-hacer-cuanto-pueden-y-los-debiles-ya-no-quieren-sufrir-cuanto-deben\/"},"wordCount":3932,"publisher":{"@id":"https:\/\/www.pressenza.com\/es\/#organization"},"image":{"@id":"https:\/\/www.pressenza.com\/es\/2015\/07\/despues-del-oxi-cuando-los-fuertes-ya-no-son-capaces-de-hacer-cuanto-pueden-y-los-debiles-ya-no-quieren-sufrir-cuanto-deben\/#primaryimage"},"thumbnailUrl":"https:\/\/www.pressenza.com\/wp-content\/uploads\/2015\/07\/3-7-2015_Griechenland-Demo_Reto.jpg","keywords":["BCE","CE","crisis","FMI","Grecia","Joseph Stiglitz","refer\u00e9ndum en Grecia","Syriza","Yanis Varoufakis"],"articleSection":["Econom\u00eda","Europa","Internacional","Opiniones","Pol\u00edtica","Regi\u00f3n"],"inLanguage":"es"},{"@type":"WebPage","@id":"https:\/\/www.pressenza.com\/es\/2015\/07\/despues-del-oxi-cuando-los-fuertes-ya-no-son-capaces-de-hacer-cuanto-pueden-y-los-debiles-ya-no-quieren-sufrir-cuanto-deben\/","url":"https:\/\/www.pressenza.com\/es\/2015\/07\/despues-del-oxi-cuando-los-fuertes-ya-no-son-capaces-de-hacer-cuanto-pueden-y-los-debiles-ya-no-quieren-sufrir-cuanto-deben\/","name":"Despu\u00e9s del OXI: Cuando los fuertes ya no son capaces de hacer cuanto pueden y los d\u00e9biles ya no quieren sufrir cuanto deben","isPartOf":{"@id":"https:\/\/www.pressenza.com\/es\/#website"},"primaryImageOfPage":{"@id":"https:\/\/www.pressenza.com\/es\/2015\/07\/despues-del-oxi-cuando-los-fuertes-ya-no-son-capaces-de-hacer-cuanto-pueden-y-los-debiles-ya-no-quieren-sufrir-cuanto-deben\/#primaryimage"},"image":{"@id":"https:\/\/www.pressenza.com\/es\/2015\/07\/despues-del-oxi-cuando-los-fuertes-ya-no-son-capaces-de-hacer-cuanto-pueden-y-los-debiles-ya-no-quieren-sufrir-cuanto-deben\/#primaryimage"},"thumbnailUrl":"https:\/\/www.pressenza.com\/wp-content\/uploads\/2015\/07\/3-7-2015_Griechenland-Demo_Reto.jpg","datePublished":"2015-07-08T17:59:29+00:00","dateModified":"2016-04-19T15:01:11+00:00","description":"La noche del pasado domingo entramos en una nueva \u00e9poca hist\u00f3rica en toda Europa. Y el viento sopla ahora de empopada: los fuertes ya no son capaces de","breadcrumb":{"@id":"https:\/\/www.pressenza.com\/es\/2015\/07\/despues-del-oxi-cuando-los-fuertes-ya-no-son-capaces-de-hacer-cuanto-pueden-y-los-debiles-ya-no-quieren-sufrir-cuanto-deben\/#breadcrumb"},"inLanguage":"es","potentialAction":[{"@type":"ReadAction","target":["https:\/\/www.pressenza.com\/es\/2015\/07\/despues-del-oxi-cuando-los-fuertes-ya-no-son-capaces-de-hacer-cuanto-pueden-y-los-debiles-ya-no-quieren-sufrir-cuanto-deben\/"]}]},{"@type":"ImageObject","inLanguage":"es","@id":"https:\/\/www.pressenza.com\/es\/2015\/07\/despues-del-oxi-cuando-los-fuertes-ya-no-son-capaces-de-hacer-cuanto-pueden-y-los-debiles-ya-no-quieren-sufrir-cuanto-deben\/#primaryimage","url":"https:\/\/www.pressenza.com\/wp-content\/uploads\/2015\/07\/3-7-2015_Griechenland-Demo_Reto.jpg","contentUrl":"https:\/\/www.pressenza.com\/wp-content\/uploads\/2015\/07\/3-7-2015_Griechenland-Demo_Reto.jpg","width":1280,"height":720},{"@type":"BreadcrumbList","@id":"https:\/\/www.pressenza.com\/es\/2015\/07\/despues-del-oxi-cuando-los-fuertes-ya-no-son-capaces-de-hacer-cuanto-pueden-y-los-debiles-ya-no-quieren-sufrir-cuanto-deben\/#breadcrumb","itemListElement":[{"@type":"ListItem","position":1,"name":"Accueil","item":"https:\/\/www.pressenza.com\/es\/"},{"@type":"ListItem","position":2,"name":"Despu\u00e9s del OXI: Cuando los fuertes ya no son capaces de hacer cuanto pueden y los d\u00e9biles ya no quieren sufrir cuanto deben"}]},{"@type":"WebSite","@id":"https:\/\/www.pressenza.com\/es\/#website","url":"https:\/\/www.pressenza.com\/es\/","name":"Pressenza","description":"International Press Agency","publisher":{"@id":"https:\/\/www.pressenza.com\/es\/#organization"},"potentialAction":[{"@type":"SearchAction","target":{"@type":"EntryPoint","urlTemplate":"https:\/\/www.pressenza.com\/es\/?s={search_term_string}"},"query-input":{"@type":"PropertyValueSpecification","valueRequired":true,"valueName":"search_term_string"}}],"inLanguage":"es"},{"@type":"Organization","@id":"https:\/\/www.pressenza.com\/es\/#organization","name":"Pressenza","url":"https:\/\/www.pressenza.com\/es\/","logo":{"@type":"ImageObject","inLanguage":"es","@id":"https:\/\/www.pressenza.com\/es\/#\/schema\/logo\/image\/","url":"https:\/\/www.pressenza.com\/wp-content\/uploads\/2022\/10\/pressenza_logo_200x200.jpg","contentUrl":"https:\/\/www.pressenza.com\/wp-content\/uploads\/2022\/10\/pressenza_logo_200x200.jpg","width":200,"height":200,"caption":"Pressenza"},"image":{"@id":"https:\/\/www.pressenza.com\/es\/#\/schema\/logo\/image\/"},"sameAs":["https:\/\/www.facebook.com\/PressenzaItalia","https:\/\/x.com\/PressenzaIPA"]},{"@type":"Person","@id":"https:\/\/www.pressenza.com\/es\/#\/schema\/person\/828fc40eeca2ad7be3630e5a46adba94","name":"Redacci\u00f3n Madrid","description":"News from the Pressenza Bureau in Madrid, Spain","sameAs":["https:\/\/www.facebook.com\/pressenza","https:\/\/x.com\/pressenza"],"url":"https:\/\/www.pressenza.com\/es\/author\/redaccion-madrid\/"}]}},"place":"","original_article_url":"http:\/\/www.sinpermiso.info\/textos\/index.php?id=8138","_links":{"self":[{"href":"https:\/\/www.pressenza.com\/es\/wp-json\/wp\/v2\/posts\/200800","targetHints":{"allow":["GET"]}}],"collection":[{"href":"https:\/\/www.pressenza.com\/es\/wp-json\/wp\/v2\/posts"}],"about":[{"href":"https:\/\/www.pressenza.com\/es\/wp-json\/wp\/v2\/types\/post"}],"author":[{"embeddable":true,"href":"https:\/\/www.pressenza.com\/es\/wp-json\/wp\/v2\/users\/94"}],"replies":[{"embeddable":true,"href":"https:\/\/www.pressenza.com\/es\/wp-json\/wp\/v2\/comments?post=200800"}],"version-history":[{"count":0,"href":"https:\/\/www.pressenza.com\/es\/wp-json\/wp\/v2\/posts\/200800\/revisions"}],"wp:featuredmedia":[{"embeddable":true,"href":"https:\/\/www.pressenza.com\/es\/wp-json\/wp\/v2\/media\/200041"}],"wp:attachment":[{"href":"https:\/\/www.pressenza.com\/es\/wp-json\/wp\/v2\/media?parent=200800"}],"wp:term":[{"taxonomy":"category","embeddable":true,"href":"https:\/\/www.pressenza.com\/es\/wp-json\/wp\/v2\/categories?post=200800"},{"taxonomy":"post_tag","embeddable":true,"href":"https:\/\/www.pressenza.com\/es\/wp-json\/wp\/v2\/tags?post=200800"}],"curies":[{"name":"wp","href":"https:\/\/api.w.org\/{rel}","templated":true}]}}