{"id":200555,"date":"2015-07-08T04:30:02","date_gmt":"2015-07-08T03:30:02","guid":{"rendered":"http:\/\/www.pressenza.com\/?p=200555"},"modified":"2015-07-08T04:30:02","modified_gmt":"2015-07-08T03:30:02","slug":"milagro-sala-diserto-en-el-foro-nueva-independencia-lo-unico-que-queriamos-era-el-buen-vivir","status":"publish","type":"post","link":"https:\/\/www.pressenza.com\/es\/2015\/07\/milagro-sala-diserto-en-el-foro-nueva-independencia-lo-unico-que-queriamos-era-el-buen-vivir\/","title":{"rendered":"Milagro Sala disert\u00f3 en el Foro Nueva Independencia: \u00abLo \u00fanico que quer\u00edamos era el Buen Vivir\u00bb"},"content":{"rendered":"<p>La dirigente social y diputada provincial Milagro Sala disert\u00f3 en el Foro Nueva Independencia, que organiz\u00f3 el Ministerio de Cultura de la Naci\u00f3n en la Ciudad de Tucum\u00e1n. Bajo la consigna \u201cCon mujeres tendr\u00e1s que pelear\u201d junto a Hebe de Bonafini, la senadora Boliviana M\u00e1xima Apaza y la periodista y escritora Marta Dillon, desde las distintas experiencias, reflexionaron sobre el rol de la mujer y su empoderamiento.<\/p>\n<p>El Foro, en el que participan destacadas figuras de \u00edndole nacional y latinoamericana, se propuso pensar el pa\u00eds y el continente a trav\u00e9s de los distintos legados y desaf\u00edos \u201cpara discutir nuestro lugar en el mundo dominado por la l\u00f3gica financiera y el neoliberalismo y tender puentes solidarios con los movimientos pol\u00edticos y sociales que en Europa disputan el sentido com\u00fan del pensamiento \u00fanico\u201d.<\/p>\n<p>En ese marco, Milagro Sala, record\u00f3 la crisis del 2001, las consecuencias de las pol\u00edticas neoliberales implementadas por Menem y De la R\u00faa, el surgimiento de la Tupac Amaru, la llegada de N\u00e9stor Kirchner, la apuesta de las organizaciones sociales a la salud, la educaci\u00f3n y el trabajo; la construcci\u00f3n de conciencia y dignidad, el lugar de las mujeres en la lucha y la necesidad de seguir apostando al desaf\u00edo de reconstruir el pa\u00eds.<\/p>\n<p><a href=\"http:\/\/www.pressenza.com\/wp-content\/uploads\/2015\/07\/tupac2.jpg\"><img loading=\"lazy\" decoding=\"async\" src=\"http:\/\/www.pressenza.com\/wp-content\/uploads\/2015\/07\/tupac2-720x480.jpg\" alt=\"Milagro Sala\" width=\"720\" height=\"480\" class=\"aligncenter size-large wp-image-200562\" srcset=\"https:\/\/www.pressenza.com\/wp-content\/uploads\/2015\/07\/tupac2-720x480.jpg 720w, https:\/\/www.pressenza.com\/wp-content\/uploads\/2015\/07\/tupac2-300x200.jpg 300w, https:\/\/www.pressenza.com\/wp-content\/uploads\/2015\/07\/tupac2.jpg 960w\" sizes=\"auto, (max-width: 720px) 100vw, 720px\" \/><\/a><\/p>\n<p>Por otra parte, y con el resultado del refer\u00e9ndum realizado hace pocas horas en Grecia como tel\u00f3n de fondo impl\u00edcito, todas las oradoras hablaron sobre las tr\u00e1gicas consecuencias de la aplicaci\u00f3n de las pol\u00edticas neoliberales y la necesidad de construir un camino propio, con solidaridad y en la diversidad.<\/p>\n<p>\u201cLos que pintan canas se acordar\u00e1n cuando Menem dec\u00eda que tenemos que ser los mejores alumnos del Fondo Monetario Internacional y De la R\u00faa aplicaba todas las recetas de los organismos internacionales. Ten\u00edamos desocupaci\u00f3n, \u00e9ramos los primeros en Argentina en desnutrici\u00f3n infantil, en deserci\u00f3n escolar, en desocupaci\u00f3n. No ten\u00edamos nada. Jujuy era una provincia que cada vez estaba peor\u201d, record\u00f3 Sala. En ese entonces surgi\u00f3 la Tupac Amaru. \u201cDecidimos buscar al compa\u00f1ero que estaba tomando en la esquina, buscar al pap\u00e1 que estaba desesperado, el que no ten\u00eda trabajo, a los compa\u00f1eros que constantemente nos estaban tocando la puerta y nos dec\u00edan \u201c\u00bfAhora qu\u00e9 hacemos?\u201d.<\/p>\n<p>Y en ese contexto, Sala reflexion\u00f3 sobre el rol que ocup\u00f3 la mujer en la lucha. \u201cNormalmente los que llevaban las gomas para quemar eran los muchachos. En este caso \u00e9ramos nosotras las mujeres las que tir\u00e1bamos las bombas de estruendo. Sab\u00edamos que el desaf\u00edo era grande y, como dice el hermano Evo Morales, lo \u00fanico que quer\u00edamos era el buen vivir, vivir un poquito mejor\u201d.<\/p>\n<p>\u201cNosotros ten\u00edamos copas de leche donde vend\u00edamos empanadas, hac\u00edamos pizza, bollos, vend\u00edamos eso y recuper\u00e1bamos algo para armar un comedor o para comprar un par de zapatillas o comprar medicamento para alg\u00fan compa\u00f1ero jubilado. Los jubilados, cuando iban al PAMI, no ten\u00edan nada de nada. Lo \u00fanico que nos quedaba era organizarnos. Decidimos no competir con el Estado, sino trabajar para que nuestros compa\u00f1eros est\u00e9n un poco mejor\u201d, dijo la diputada provincial por el Frente Unidos y Organizados por la Soberan\u00eda Popular.<\/p>\n<p><a href=\"http:\/\/www.pressenza.com\/wp-content\/uploads\/2015\/07\/tupac3.jpg\"><img loading=\"lazy\" decoding=\"async\" src=\"http:\/\/www.pressenza.com\/wp-content\/uploads\/2015\/07\/tupac3-720x480.jpg\" alt=\"Milagro Sala\" width=\"720\" height=\"480\" class=\"aligncenter size-large wp-image-200568\" srcset=\"https:\/\/www.pressenza.com\/wp-content\/uploads\/2015\/07\/tupac3-720x480.jpg 720w, https:\/\/www.pressenza.com\/wp-content\/uploads\/2015\/07\/tupac3-300x200.jpg 300w, https:\/\/www.pressenza.com\/wp-content\/uploads\/2015\/07\/tupac3.jpg 960w\" sizes=\"auto, (max-width: 720px) 100vw, 720px\" \/><\/a><\/p>\n<p>En ese entonces, y despu\u00e9s de muchas gestiones por parte del recientemente asumido gobierno de N\u00e9stor Kirchner, en asamblea los compa\u00f1eros decidieron tener una reuni\u00f3n con el Presidente. \u201cNos fuimos a Olivos. Hablamos con N\u00e9stor y \u00e9l me dice: \u201c\u00bfC\u00f3mo andas?\u201d A m\u00ed me temblaba todo porque qui\u00e9n iba a imaginar que esta negrita iba a estar en Olivos con el Presidente de la Naci\u00f3n\u201d, record\u00f3 Sala entre risas. \u201cNos sentamos a hablar: \u201cMe comentaron c\u00f3mo es tu organizaci\u00f3n. Yo s\u00e9 que no quieres saber nada con los pol\u00edticos\u201d, me dijo N\u00e9stor. Y me pregunt\u00f3: \u201c\u00bfVos me votaste?\u201d Le dije: \u201c\u00a1No!\u201d. Me miraba y se re\u00eda: \u201cYo te entiendo porque el sentir tuyo es el sentir de miles de argentinos desilusionados de la pol\u00edtica\u201d y me pregunt\u00f3 qu\u00e9 necesitaba\u201d.<\/p>\n<p>\u201cEn esa reuni\u00f3n inicial con N\u00e9stor Kirchner \u201c\u00e9l me dijo que no pensaba darnos ni planes Trabajar ni bolsones de mercader\u00eda. Que \u00e9l nos iba a dar para que construy\u00e9ramos casas y para que, como organizaci\u00f3n social comenz\u00e1ramos a fortalecer a los que menos tienen\u201d.<\/p>\n<p>As\u00ed comenzaron con la construcci\u00f3n de viviendas. \u201cDe todos los que est\u00e1bamos entonces, el 80 por ciento \u00e9ramos mujeres y cuando comenzamos a ver qui\u00e9n iba a trabajar eran todos varones. Un grupo de mujeres me dijo: \u201cMilagro, nosotros tambi\u00e9n tenemos necesidad de trabajar\u201d. Y los hombres fueron muy solidarios con las mujeres. Nos ense\u00f1aron c\u00f3mo se trabaja con la plomer\u00eda, con la electricidad, a trabajar con el fratacho. As\u00ed, poco a poco, las compa\u00f1eras comenzaron a aprender. Hoy nos podemos dar el lujo de decir que tenemos miles de compa\u00f1eras que est\u00e1n trabajando, algunas en empresas privadas\u201d, asegur\u00f3.<\/p>\n<p>Luego, relat\u00f3 las primeras experiencias en educaci\u00f3n, cuando tuvieron que concientizar a los compa\u00f1eros de la importancia de terminar sus estudios. \u201cDec\u00edamos que la organizaci\u00f3n ten\u00eda que ser un espacio para crecer. Hoy tenemos m\u00e1s de siete mil alumnos que terminaron la primaria, la secundaria y el terciario\u201d.<\/p>\n<p>\u201cLas mujeres somos las que llevamos normalmente la rienda y hoy, en esta \u00e9poca, quien nos gobierna es una mujer y una mujer que nos ha dignificado a los argentinos. Nosotros hoy tenemos siete f\u00e1bricas y el 80 % las dirigen mujeres\u201d, expres\u00f3 Sala.<\/p>\n<p>Y para finalizar, se\u00f1al\u00f3: \u201cVengo de los pueblos originarios y a mi me han ense\u00f1ado los abuelos de que el hombre no tiene que caminar solo, que tiene que ser la dualidad: el hombre y la mujer. Y as\u00ed se levanta un pa\u00eds, como lo hicieron N\u00e9stor y Cristina. Y cuando se trabaja as\u00ed, s\u00ed se puede\u201d.<\/p>\n<p>Fuente: Prensa Tupac Amaru<\/p>\n","protected":false},"excerpt":{"rendered":"<p>La dirigente social y diputada provincial Milagro Sala disert\u00f3 en el Foro Nueva Independencia, que organiz\u00f3 el Ministerio de Cultura de la Naci\u00f3n en la Ciudad de Tucum\u00e1n. Bajo la consigna \u201cCon mujeres tendr\u00e1s que pelear\u201d junto a Hebe de&hellip;<\/p>\n","protected":false},"author":87,"featured_media":200556,"comment_status":"closed","ping_status":"open","sticky":false,"template":"","format":"standard","meta":{"footnotes":""},"categories":[149,1241,80,67],"tags":[17958,18418,1266,22210,1096],"class_list":["post-200555","post","type-post","status-publish","format-standard","has-post-thumbnail","hentry","category-comunicados-de-prensa","category-diversidad","category-pueblos-originarios","category-sudamerica","tag-derechos-de-la-mujer","tag-foro-nueva-independencia","tag-milagro-sala","tag-pueblos-originarios","tag-tupac-amaru"],"yoast_head":"<!-- This site is optimized with the Yoast SEO plugin v27.1.1 - https:\/\/yoast.com\/product\/yoast-seo-wordpress\/ -->\n<title>Milagro Sala disert\u00f3 en el Foro Nueva Independencia: &quot;Lo \u00fanico que quer\u00edamos era el Buen Vivir&quot;<\/title>\n<meta name=\"description\" content=\"La dirigente social y diputada provincial Milagro Sala disert\u00f3 en el Foro Nueva Independencia, que organiz\u00f3 el Ministerio de Cultura de la Naci\u00f3n en la\" \/>\n<meta name=\"robots\" content=\"index, follow, max-snippet:-1, max-image-preview:large, max-video-preview:-1\" \/>\n<link rel=\"canonical\" href=\"https:\/\/www.pressenza.com\/es\/2015\/07\/milagro-sala-diserto-en-el-foro-nueva-independencia-lo-unico-que-queriamos-era-el-buen-vivir\/\" \/>\n<meta property=\"og:locale\" content=\"es_ES\" \/>\n<meta property=\"og:type\" content=\"article\" \/>\n<meta property=\"og:title\" content=\"Milagro Sala disert\u00f3 en el Foro Nueva Independencia: &quot;Lo \u00fanico que quer\u00edamos era el Buen Vivir&quot;\" \/>\n<meta property=\"og:description\" content=\"La dirigente social y diputada provincial Milagro Sala disert\u00f3 en el Foro Nueva Independencia, que organiz\u00f3 el Ministerio de Cultura de la Naci\u00f3n en la\" \/>\n<meta property=\"og:url\" content=\"https:\/\/www.pressenza.com\/es\/2015\/07\/milagro-sala-diserto-en-el-foro-nueva-independencia-lo-unico-que-queriamos-era-el-buen-vivir\/\" \/>\n<meta property=\"og:site_name\" content=\"Pressenza\" \/>\n<meta property=\"article:publisher\" content=\"https:\/\/www.facebook.com\/PressenzaItalia\" \/>\n<meta property=\"article:published_time\" content=\"2015-07-08T03:30:02+00:00\" \/>\n<meta property=\"og:image\" content=\"https:\/\/www.pressenza.com\/wp-content\/uploads\/2015\/07\/tupac1.jpg\" \/>\n\t<meta property=\"og:image:width\" content=\"960\" \/>\n\t<meta property=\"og:image:height\" content=\"640\" \/>\n\t<meta property=\"og:image:type\" content=\"image\/jpeg\" \/>\n<meta name=\"author\" content=\"Redacci\u00f3n Argentina\" \/>\n<meta name=\"twitter:card\" content=\"summary_large_image\" \/>\n<meta name=\"twitter:creator\" content=\"@pressenza\" \/>\n<meta name=\"twitter:site\" content=\"@PressenzaIPA\" \/>\n<meta name=\"twitter:label1\" content=\"Escrito por\" \/>\n\t<meta name=\"twitter:data1\" content=\"Redacci\u00f3n Argentina\" \/>\n\t<meta name=\"twitter:label2\" content=\"Tiempo de lectura\" \/>\n\t<meta name=\"twitter:data2\" content=\"5 minutos\" \/>\n<script type=\"application\/ld+json\" class=\"yoast-schema-graph\">{\"@context\":\"https:\/\/schema.org\",\"@graph\":[{\"@type\":\"Article\",\"@id\":\"https:\/\/www.pressenza.com\/es\/2015\/07\/milagro-sala-diserto-en-el-foro-nueva-independencia-lo-unico-que-queriamos-era-el-buen-vivir\/#article\",\"isPartOf\":{\"@id\":\"https:\/\/www.pressenza.com\/es\/2015\/07\/milagro-sala-diserto-en-el-foro-nueva-independencia-lo-unico-que-queriamos-era-el-buen-vivir\/\"},\"author\":{\"name\":\"Redacci\u00f3n Argentina\",\"@id\":\"https:\/\/www.pressenza.com\/es\/#\/schema\/person\/0dda7d1b68267ad95b1e1d83abc98c89\"},\"headline\":\"Milagro Sala disert\u00f3 en el Foro Nueva Independencia: \u00abLo \u00fanico que quer\u00edamos era el Buen Vivir\u00bb\",\"datePublished\":\"2015-07-08T03:30:02+00:00\",\"mainEntityOfPage\":{\"@id\":\"https:\/\/www.pressenza.com\/es\/2015\/07\/milagro-sala-diserto-en-el-foro-nueva-independencia-lo-unico-que-queriamos-era-el-buen-vivir\/\"},\"wordCount\":1038,\"publisher\":{\"@id\":\"https:\/\/www.pressenza.com\/es\/#organization\"},\"image\":{\"@id\":\"https:\/\/www.pressenza.com\/es\/2015\/07\/milagro-sala-diserto-en-el-foro-nueva-independencia-lo-unico-que-queriamos-era-el-buen-vivir\/#primaryimage\"},\"thumbnailUrl\":\"https:\/\/www.pressenza.com\/wp-content\/uploads\/2015\/07\/tupac1.jpg\",\"keywords\":[\"Derechos de la Mujer\",\"Foro Nueva Independencia\",\"Milagro Sala\",\"Pueblos Originarios\",\"Tupac Amaru\"],\"articleSection\":[\"Comunicados de Prensa\",\"Diversidad\",\"Pueblos Originarios\",\"Sudam\u00e9rica\"],\"inLanguage\":\"es\"},{\"@type\":\"WebPage\",\"@id\":\"https:\/\/www.pressenza.com\/es\/2015\/07\/milagro-sala-diserto-en-el-foro-nueva-independencia-lo-unico-que-queriamos-era-el-buen-vivir\/\",\"url\":\"https:\/\/www.pressenza.com\/es\/2015\/07\/milagro-sala-diserto-en-el-foro-nueva-independencia-lo-unico-que-queriamos-era-el-buen-vivir\/\",\"name\":\"Milagro Sala disert\u00f3 en el Foro Nueva Independencia: \\\"Lo \u00fanico que quer\u00edamos era el Buen Vivir\\\"\",\"isPartOf\":{\"@id\":\"https:\/\/www.pressenza.com\/es\/#website\"},\"primaryImageOfPage\":{\"@id\":\"https:\/\/www.pressenza.com\/es\/2015\/07\/milagro-sala-diserto-en-el-foro-nueva-independencia-lo-unico-que-queriamos-era-el-buen-vivir\/#primaryimage\"},\"image\":{\"@id\":\"https:\/\/www.pressenza.com\/es\/2015\/07\/milagro-sala-diserto-en-el-foro-nueva-independencia-lo-unico-que-queriamos-era-el-buen-vivir\/#primaryimage\"},\"thumbnailUrl\":\"https:\/\/www.pressenza.com\/wp-content\/uploads\/2015\/07\/tupac1.jpg\",\"datePublished\":\"2015-07-08T03:30:02+00:00\",\"description\":\"La dirigente social y diputada provincial Milagro Sala disert\u00f3 en el Foro Nueva Independencia, que organiz\u00f3 el Ministerio de Cultura de la Naci\u00f3n en la\",\"breadcrumb\":{\"@id\":\"https:\/\/www.pressenza.com\/es\/2015\/07\/milagro-sala-diserto-en-el-foro-nueva-independencia-lo-unico-que-queriamos-era-el-buen-vivir\/#breadcrumb\"},\"inLanguage\":\"es\",\"potentialAction\":[{\"@type\":\"ReadAction\",\"target\":[\"https:\/\/www.pressenza.com\/es\/2015\/07\/milagro-sala-diserto-en-el-foro-nueva-independencia-lo-unico-que-queriamos-era-el-buen-vivir\/\"]}]},{\"@type\":\"ImageObject\",\"inLanguage\":\"es\",\"@id\":\"https:\/\/www.pressenza.com\/es\/2015\/07\/milagro-sala-diserto-en-el-foro-nueva-independencia-lo-unico-que-queriamos-era-el-buen-vivir\/#primaryimage\",\"url\":\"https:\/\/www.pressenza.com\/wp-content\/uploads\/2015\/07\/tupac1.jpg\",\"contentUrl\":\"https:\/\/www.pressenza.com\/wp-content\/uploads\/2015\/07\/tupac1.jpg\",\"width\":960,\"height\":640,\"caption\":\"Milagro Sala en el Foro Nueva Independencia\"},{\"@type\":\"BreadcrumbList\",\"@id\":\"https:\/\/www.pressenza.com\/es\/2015\/07\/milagro-sala-diserto-en-el-foro-nueva-independencia-lo-unico-que-queriamos-era-el-buen-vivir\/#breadcrumb\",\"itemListElement\":[{\"@type\":\"ListItem\",\"position\":1,\"name\":\"Accueil\",\"item\":\"https:\/\/www.pressenza.com\/es\/\"},{\"@type\":\"ListItem\",\"position\":2,\"name\":\"Milagro Sala disert\u00f3 en el Foro Nueva Independencia: \u00abLo \u00fanico que quer\u00edamos era el Buen Vivir\u00bb\"}]},{\"@type\":\"WebSite\",\"@id\":\"https:\/\/www.pressenza.com\/es\/#website\",\"url\":\"https:\/\/www.pressenza.com\/es\/\",\"name\":\"Pressenza\",\"description\":\"International Press Agency\",\"publisher\":{\"@id\":\"https:\/\/www.pressenza.com\/es\/#organization\"},\"potentialAction\":[{\"@type\":\"SearchAction\",\"target\":{\"@type\":\"EntryPoint\",\"urlTemplate\":\"https:\/\/www.pressenza.com\/es\/?s={search_term_string}\"},\"query-input\":{\"@type\":\"PropertyValueSpecification\",\"valueRequired\":true,\"valueName\":\"search_term_string\"}}],\"inLanguage\":\"es\"},{\"@type\":\"Organization\",\"@id\":\"https:\/\/www.pressenza.com\/es\/#organization\",\"name\":\"Pressenza\",\"url\":\"https:\/\/www.pressenza.com\/es\/\",\"logo\":{\"@type\":\"ImageObject\",\"inLanguage\":\"es\",\"@id\":\"https:\/\/www.pressenza.com\/es\/#\/schema\/logo\/image\/\",\"url\":\"https:\/\/www.pressenza.com\/wp-content\/uploads\/2022\/10\/pressenza_logo_200x200.jpg\",\"contentUrl\":\"https:\/\/www.pressenza.com\/wp-content\/uploads\/2022\/10\/pressenza_logo_200x200.jpg\",\"width\":200,\"height\":200,\"caption\":\"Pressenza\"},\"image\":{\"@id\":\"https:\/\/www.pressenza.com\/es\/#\/schema\/logo\/image\/\"},\"sameAs\":[\"https:\/\/www.facebook.com\/PressenzaItalia\",\"https:\/\/x.com\/PressenzaIPA\"]},{\"@type\":\"Person\",\"@id\":\"https:\/\/www.pressenza.com\/es\/#\/schema\/person\/0dda7d1b68267ad95b1e1d83abc98c89\",\"name\":\"Redacci\u00f3n Argentina\",\"description\":\"News from the Pressenza Bureau in Argentina.\",\"sameAs\":[\"https:\/\/x.com\/pressenza\"],\"url\":\"https:\/\/www.pressenza.com\/es\/author\/redaccion-argentina\/\"}]}<\/script>\n<!-- \/ Yoast SEO plugin. -->","yoast_head_json":{"title":"Milagro Sala disert\u00f3 en el Foro Nueva Independencia: \"Lo \u00fanico que quer\u00edamos era el Buen Vivir\"","description":"La dirigente social y diputada provincial Milagro Sala disert\u00f3 en el Foro Nueva Independencia, que organiz\u00f3 el Ministerio de Cultura de la Naci\u00f3n en la","robots":{"index":"index","follow":"follow","max-snippet":"max-snippet:-1","max-image-preview":"max-image-preview:large","max-video-preview":"max-video-preview:-1"},"canonical":"https:\/\/www.pressenza.com\/es\/2015\/07\/milagro-sala-diserto-en-el-foro-nueva-independencia-lo-unico-que-queriamos-era-el-buen-vivir\/","og_locale":"es_ES","og_type":"article","og_title":"Milagro Sala disert\u00f3 en el Foro Nueva Independencia: \"Lo \u00fanico que quer\u00edamos era el Buen Vivir\"","og_description":"La dirigente social y diputada provincial Milagro Sala disert\u00f3 en el Foro Nueva Independencia, que organiz\u00f3 el Ministerio de Cultura de la Naci\u00f3n en la","og_url":"https:\/\/www.pressenza.com\/es\/2015\/07\/milagro-sala-diserto-en-el-foro-nueva-independencia-lo-unico-que-queriamos-era-el-buen-vivir\/","og_site_name":"Pressenza","article_publisher":"https:\/\/www.facebook.com\/PressenzaItalia","article_published_time":"2015-07-08T03:30:02+00:00","og_image":[{"width":960,"height":640,"url":"https:\/\/www.pressenza.com\/wp-content\/uploads\/2015\/07\/tupac1.jpg","type":"image\/jpeg"}],"author":"Redacci\u00f3n Argentina","twitter_card":"summary_large_image","twitter_creator":"@pressenza","twitter_site":"@PressenzaIPA","twitter_misc":{"Escrito por":"Redacci\u00f3n Argentina","Tiempo de lectura":"5 minutos"},"schema":{"@context":"https:\/\/schema.org","@graph":[{"@type":"Article","@id":"https:\/\/www.pressenza.com\/es\/2015\/07\/milagro-sala-diserto-en-el-foro-nueva-independencia-lo-unico-que-queriamos-era-el-buen-vivir\/#article","isPartOf":{"@id":"https:\/\/www.pressenza.com\/es\/2015\/07\/milagro-sala-diserto-en-el-foro-nueva-independencia-lo-unico-que-queriamos-era-el-buen-vivir\/"},"author":{"name":"Redacci\u00f3n Argentina","@id":"https:\/\/www.pressenza.com\/es\/#\/schema\/person\/0dda7d1b68267ad95b1e1d83abc98c89"},"headline":"Milagro Sala disert\u00f3 en el Foro Nueva Independencia: \u00abLo \u00fanico que quer\u00edamos era el Buen Vivir\u00bb","datePublished":"2015-07-08T03:30:02+00:00","mainEntityOfPage":{"@id":"https:\/\/www.pressenza.com\/es\/2015\/07\/milagro-sala-diserto-en-el-foro-nueva-independencia-lo-unico-que-queriamos-era-el-buen-vivir\/"},"wordCount":1038,"publisher":{"@id":"https:\/\/www.pressenza.com\/es\/#organization"},"image":{"@id":"https:\/\/www.pressenza.com\/es\/2015\/07\/milagro-sala-diserto-en-el-foro-nueva-independencia-lo-unico-que-queriamos-era-el-buen-vivir\/#primaryimage"},"thumbnailUrl":"https:\/\/www.pressenza.com\/wp-content\/uploads\/2015\/07\/tupac1.jpg","keywords":["Derechos de la Mujer","Foro Nueva Independencia","Milagro Sala","Pueblos Originarios","Tupac Amaru"],"articleSection":["Comunicados de Prensa","Diversidad","Pueblos Originarios","Sudam\u00e9rica"],"inLanguage":"es"},{"@type":"WebPage","@id":"https:\/\/www.pressenza.com\/es\/2015\/07\/milagro-sala-diserto-en-el-foro-nueva-independencia-lo-unico-que-queriamos-era-el-buen-vivir\/","url":"https:\/\/www.pressenza.com\/es\/2015\/07\/milagro-sala-diserto-en-el-foro-nueva-independencia-lo-unico-que-queriamos-era-el-buen-vivir\/","name":"Milagro Sala disert\u00f3 en el Foro Nueva Independencia: \"Lo \u00fanico que quer\u00edamos era el Buen Vivir\"","isPartOf":{"@id":"https:\/\/www.pressenza.com\/es\/#website"},"primaryImageOfPage":{"@id":"https:\/\/www.pressenza.com\/es\/2015\/07\/milagro-sala-diserto-en-el-foro-nueva-independencia-lo-unico-que-queriamos-era-el-buen-vivir\/#primaryimage"},"image":{"@id":"https:\/\/www.pressenza.com\/es\/2015\/07\/milagro-sala-diserto-en-el-foro-nueva-independencia-lo-unico-que-queriamos-era-el-buen-vivir\/#primaryimage"},"thumbnailUrl":"https:\/\/www.pressenza.com\/wp-content\/uploads\/2015\/07\/tupac1.jpg","datePublished":"2015-07-08T03:30:02+00:00","description":"La dirigente social y diputada provincial Milagro Sala disert\u00f3 en el Foro Nueva Independencia, que organiz\u00f3 el Ministerio de Cultura de la Naci\u00f3n en la","breadcrumb":{"@id":"https:\/\/www.pressenza.com\/es\/2015\/07\/milagro-sala-diserto-en-el-foro-nueva-independencia-lo-unico-que-queriamos-era-el-buen-vivir\/#breadcrumb"},"inLanguage":"es","potentialAction":[{"@type":"ReadAction","target":["https:\/\/www.pressenza.com\/es\/2015\/07\/milagro-sala-diserto-en-el-foro-nueva-independencia-lo-unico-que-queriamos-era-el-buen-vivir\/"]}]},{"@type":"ImageObject","inLanguage":"es","@id":"https:\/\/www.pressenza.com\/es\/2015\/07\/milagro-sala-diserto-en-el-foro-nueva-independencia-lo-unico-que-queriamos-era-el-buen-vivir\/#primaryimage","url":"https:\/\/www.pressenza.com\/wp-content\/uploads\/2015\/07\/tupac1.jpg","contentUrl":"https:\/\/www.pressenza.com\/wp-content\/uploads\/2015\/07\/tupac1.jpg","width":960,"height":640,"caption":"Milagro Sala en el Foro Nueva Independencia"},{"@type":"BreadcrumbList","@id":"https:\/\/www.pressenza.com\/es\/2015\/07\/milagro-sala-diserto-en-el-foro-nueva-independencia-lo-unico-que-queriamos-era-el-buen-vivir\/#breadcrumb","itemListElement":[{"@type":"ListItem","position":1,"name":"Accueil","item":"https:\/\/www.pressenza.com\/es\/"},{"@type":"ListItem","position":2,"name":"Milagro Sala disert\u00f3 en el Foro Nueva Independencia: \u00abLo \u00fanico que quer\u00edamos era el Buen Vivir\u00bb"}]},{"@type":"WebSite","@id":"https:\/\/www.pressenza.com\/es\/#website","url":"https:\/\/www.pressenza.com\/es\/","name":"Pressenza","description":"International Press Agency","publisher":{"@id":"https:\/\/www.pressenza.com\/es\/#organization"},"potentialAction":[{"@type":"SearchAction","target":{"@type":"EntryPoint","urlTemplate":"https:\/\/www.pressenza.com\/es\/?s={search_term_string}"},"query-input":{"@type":"PropertyValueSpecification","valueRequired":true,"valueName":"search_term_string"}}],"inLanguage":"es"},{"@type":"Organization","@id":"https:\/\/www.pressenza.com\/es\/#organization","name":"Pressenza","url":"https:\/\/www.pressenza.com\/es\/","logo":{"@type":"ImageObject","inLanguage":"es","@id":"https:\/\/www.pressenza.com\/es\/#\/schema\/logo\/image\/","url":"https:\/\/www.pressenza.com\/wp-content\/uploads\/2022\/10\/pressenza_logo_200x200.jpg","contentUrl":"https:\/\/www.pressenza.com\/wp-content\/uploads\/2022\/10\/pressenza_logo_200x200.jpg","width":200,"height":200,"caption":"Pressenza"},"image":{"@id":"https:\/\/www.pressenza.com\/es\/#\/schema\/logo\/image\/"},"sameAs":["https:\/\/www.facebook.com\/PressenzaItalia","https:\/\/x.com\/PressenzaIPA"]},{"@type":"Person","@id":"https:\/\/www.pressenza.com\/es\/#\/schema\/person\/0dda7d1b68267ad95b1e1d83abc98c89","name":"Redacci\u00f3n Argentina","description":"News from the Pressenza Bureau in Argentina.","sameAs":["https:\/\/x.com\/pressenza"],"url":"https:\/\/www.pressenza.com\/es\/author\/redaccion-argentina\/"}]}},"place":"","original_article_url":"","_links":{"self":[{"href":"https:\/\/www.pressenza.com\/es\/wp-json\/wp\/v2\/posts\/200555","targetHints":{"allow":["GET"]}}],"collection":[{"href":"https:\/\/www.pressenza.com\/es\/wp-json\/wp\/v2\/posts"}],"about":[{"href":"https:\/\/www.pressenza.com\/es\/wp-json\/wp\/v2\/types\/post"}],"author":[{"embeddable":true,"href":"https:\/\/www.pressenza.com\/es\/wp-json\/wp\/v2\/users\/87"}],"replies":[{"embeddable":true,"href":"https:\/\/www.pressenza.com\/es\/wp-json\/wp\/v2\/comments?post=200555"}],"version-history":[{"count":0,"href":"https:\/\/www.pressenza.com\/es\/wp-json\/wp\/v2\/posts\/200555\/revisions"}],"wp:featuredmedia":[{"embeddable":true,"href":"https:\/\/www.pressenza.com\/es\/wp-json\/wp\/v2\/media\/200556"}],"wp:attachment":[{"href":"https:\/\/www.pressenza.com\/es\/wp-json\/wp\/v2\/media?parent=200555"}],"wp:term":[{"taxonomy":"category","embeddable":true,"href":"https:\/\/www.pressenza.com\/es\/wp-json\/wp\/v2\/categories?post=200555"},{"taxonomy":"post_tag","embeddable":true,"href":"https:\/\/www.pressenza.com\/es\/wp-json\/wp\/v2\/tags?post=200555"}],"curies":[{"name":"wp","href":"https:\/\/api.w.org\/{rel}","templated":true}]}}