{"id":19905,"date":"2012-10-12T16:52:37","date_gmt":"2012-10-12T16:52:37","guid":{"rendered":"http:\/\/www.pressenza.com\/?p=19905"},"modified":"2012-10-12T16:52:37","modified_gmt":"2012-10-12T16:52:37","slug":"romper-la-cadena-nuclear-una-nueva-campana","status":"publish","type":"post","link":"https:\/\/www.pressenza.com\/es\/2012\/10\/romper-la-cadena-nuclear-una-nueva-campana\/","title":{"rendered":"\u201cRomper la cadena nuclear\u201d, una nueva campa\u00f1a"},"content":{"rendered":"<p>La Asociaci\u00f3n Mundial para la Prevenci\u00f3n de los Conflictos Armados (Global Partnership for the Prevention of Armed Conflict (GPPAC)), IKV Pax Christi y Peace Boat pondr\u00e1n en marcha el 22 de octubre de 2012 la campa\u00f1a \u201cRomper la cadena nuclear\u201d.<\/p>\n<p>Hablamos de esta iniciativa y de sus objetivos con Marte Hellema, Directora del Programa de Divulgaci\u00f3n P\u00fablica de la Secretar\u00eda Mundial de la GPPAC.<\/p>\n<p><strong>\u00bfDe d\u00f3nde ha nacido esta idea?<\/strong><\/p>\n<p>Peace Boat, es una de las organizaciones que forman parte de la GPPAC y que participa en la campa\u00f1a, trabaja desde hace tiempo con los <em>hibakusha<\/em>, es decir, las personas que sobrevivieron a las bombas at\u00f3micas de Hiroshima y Nagasaki, organizando viajes por todo el mundo para contar lo que han tenido que pasar, denunciar los peligros de las armas nucleares y dar su propio testimonio. Una vez que se ha encontrado una de estas personas es muy dif\u00edcil negarles la experiencia y no reconocer lo inhumanas que son las armas nucleares.<\/p>\n<p>Sin embargo, muchas m\u00e1s personas han sufrido las consecuencias de la cadena nuclear \u2013 personas afectadas por los efectos de experimentos, por el uranio y por accidentes ocurridos en centrales nucleares\u2013. Durante la Conferencia Mundial para un Mundo sin Energ\u00eda Nuclear, que tuvo lugar en Yokohama (el Jap\u00f3n) los d\u00edas 14 y 15 de enero de 2012, muchas de estas personas se reunieron para contar sus historias y experiencias. Una vez m\u00e1s nos dimos cuenta del poder de una historia humana.<\/p>\n<p>En cambio, la mayor parte de la gente no participa en estas conferencias y no tiene la oportunidad de conocer Peace Boat. De aqu\u00ed nace la idea de esta campa\u00f1a. Queremos dar la posibilidad a quienes han sufrido los da\u00f1os de alguno de los eslabones de la cadena nuclear de ofrecer su testimonio y ponerlos a disposici\u00f3n del mayor n\u00famero de personas posible.<\/p>\n<p><strong>\u00bfCu\u00e1les son los objetivos de la campa\u00f1a?<\/strong><\/p>\n<p>El objetivo general es ayudar a la gente a ir m\u00e1s all\u00e1 de los debates abstractos sobre el nuclear y entender qu\u00e9 es verdaderamente. M\u00e1s en concreto, los objetivos son:<\/p>\n<p>&#8211; Hacer entender a la gente que las armas nucleares, los residuos nucleares y la energ\u00eda nuclear est\u00e1n relacionados. No se pueden tener unas sin los otros y todos ellos dejan una herencia de comunidades contaminadas.<\/p>\n<p>&#8211; Convencer a los gobiernos y a las poblaciones de la urgencia de crear un mundo sin armas nucleare.<\/p>\n<p>-Comenzar el proceso pidiendo un inicio inmediato de las negociaciones para que las armas nucleares sean ilegales para todos, preparando el terreno para futuras negociaciones capaces de terminar con la herencia nuclear.<\/p>\n<p><strong>\u00bfC\u00f3mo se puede participar en esta campa\u00f1a?<\/strong><\/p>\n<p>Hay diferentes niveles de participaci\u00f3n. Para empezar se puede ayudar compartiendo con otros la informaci\u00f3n de la campa\u00f1a, haciendo clic en \u201cMe gusta\u201d en la p\u00e1gina de Facebook, usanto twitter y escribiendo el enlace <a href=\"http:\/\/www.breakingthenuclearchain.org\/\" target=\"_blank\"><span style=\"color: #217dd3;\"><span style=\"font-family: Helvetica,sans-serif;\"><span style=\"font-size: xx-small;\"><span style=\"text-decoration: underline;\">www.breakingthenuclearchain.org<\/span><\/span><\/span><\/span><\/a><span style=\"color: #5e6066;\"><span style=\"font-family: Helvetica,sans-serif;\"><span style=\"font-size: xx-small;\">.<\/span><\/span><\/span><\/p>\n<p>El paso sucesivo ser\u00e1 apoyar algunas de las iniciativas que organizaremos en los pr\u00f3ximos meses. Todas ellas tendr\u00e1n componentes en l\u00ednea y fuera de ella y se anunciar\u00e1n en nuestro sitio Web. Se celebrar\u00e1n seminarios en l\u00ednea, foros de debate, preguntas y respuestas en twitter y un concurso para convertirse en representante de la sociedad civil en la Conferencia Regional de Revisi\u00f3n del Tratado de No Proliferaci\u00f3n Nuclear que se celebrar\u00e1 el a\u00f1o que viene en Ginebra (Suiza).<\/p>\n<p>Lo m\u00e1s importante quiz\u00e1s es la petici\u00f3n de participaci\u00f3n compilando los m\u00f3dulos presentes en el sitio Web. Si hab\u00e9is sufrido alg\u00fan da\u00f1o derivado de la cadena nuclear, ofreced vuestro testimonio en un breve v\u00eddeo y compartidla con nosotros. Si vuestro pa\u00eds no ha sido a\u00f1adido en la secci\u00f3n Facts&amp;Figures, mandadnos la informaci\u00f3n. Si form\u00e1is parte de una organizaci\u00f3n que trabajo con temas relacionados con la cadena nuclear, mandadnos vuestro perfil, de manera que podamos a\u00f1adirlo a nuestro mapa mundial.<\/p>\n<p>Llevando a cabo alguna de estas acciones se puede ayudar a romper la cadena nuclear.<\/p>\n<p>&nbsp;<\/p>\n","protected":false},"excerpt":{"rendered":"<p>La Asociaci\u00f3n Mundial para la Prevenci\u00f3n de los Conflictos Armados (Global Partnership for the Prevention of Armed Conflict (GPPAC)), IKV Pax Christi y Peace Boat pondr\u00e1n en marcha el 22 de octubre de 2012 la campa\u00f1a \u201cRomper la cadena nuclear\u201d.&hellip;<\/p>\n","protected":false},"author":500,"featured_media":19582,"comment_status":"closed","ping_status":"open","sticky":false,"template":"","format":"standard","meta":{"footnotes":""},"categories":[78,39],"tags":[934,650],"class_list":["post-19905","post","type-post","status-publish","format-standard","has-post-thumbnail","hentry","category-medio-ambiente-ecologia","category-internacional","tag-campana","tag-desarme-nuclear"],"yoast_head":"<!-- This site is optimized with the Yoast SEO plugin v27.1.1 - https:\/\/yoast.com\/product\/yoast-seo-wordpress\/ -->\n<title>\u201cRomper la cadena nuclear\u201d, una nueva campa\u00f1a<\/title>\n<meta name=\"description\" content=\"La Asociaci\u00f3n Mundial para la Prevenci\u00f3n de los Conflictos Armados (Global Partnership for the Prevention of Armed Conflict (GPPAC)), IKV Pax Christi y\" \/>\n<meta name=\"robots\" content=\"index, follow, max-snippet:-1, max-image-preview:large, max-video-preview:-1\" \/>\n<link rel=\"canonical\" href=\"https:\/\/www.pressenza.com\/es\/2012\/10\/romper-la-cadena-nuclear-una-nueva-campana\/\" \/>\n<meta property=\"og:locale\" content=\"es_ES\" \/>\n<meta property=\"og:type\" content=\"article\" \/>\n<meta property=\"og:title\" content=\"\u201cRomper la cadena nuclear\u201d, una nueva campa\u00f1a\" \/>\n<meta property=\"og:description\" content=\"La Asociaci\u00f3n Mundial para la Prevenci\u00f3n de los Conflictos Armados (Global Partnership for the Prevention of Armed Conflict (GPPAC)), IKV Pax Christi y\" \/>\n<meta property=\"og:url\" content=\"https:\/\/www.pressenza.com\/es\/2012\/10\/romper-la-cadena-nuclear-una-nueva-campana\/\" \/>\n<meta property=\"og:site_name\" content=\"Pressenza\" \/>\n<meta property=\"article:publisher\" content=\"https:\/\/www.facebook.com\/PressenzaItalia\" \/>\n<meta property=\"article:published_time\" content=\"2012-10-12T16:52:37+00:00\" \/>\n<meta property=\"og:image\" content=\"https:\/\/www.pressenza.com\/wp-content\/uploads\/2012\/10\/breakinnuclearchain1.jpg\" \/>\n\t<meta property=\"og:image:width\" content=\"990\" \/>\n\t<meta property=\"og:image:height\" content=\"280\" \/>\n\t<meta property=\"og:image:type\" content=\"image\/jpeg\" \/>\n<meta name=\"author\" content=\"Anna Polo\" \/>\n<meta name=\"twitter:card\" content=\"summary_large_image\" \/>\n<meta name=\"twitter:creator\" content=\"@PressenzaIPA\" \/>\n<meta name=\"twitter:site\" content=\"@PressenzaIPA\" \/>\n<meta name=\"twitter:label1\" content=\"Escrito por\" \/>\n\t<meta name=\"twitter:data1\" content=\"Anna Polo\" \/>\n\t<meta name=\"twitter:label2\" content=\"Tiempo de lectura\" \/>\n\t<meta name=\"twitter:data2\" content=\"4 minutos\" \/>\n<script type=\"application\/ld+json\" class=\"yoast-schema-graph\">{\"@context\":\"https:\/\/schema.org\",\"@graph\":[{\"@type\":\"Article\",\"@id\":\"https:\/\/www.pressenza.com\/es\/2012\/10\/romper-la-cadena-nuclear-una-nueva-campana\/#article\",\"isPartOf\":{\"@id\":\"https:\/\/www.pressenza.com\/es\/2012\/10\/romper-la-cadena-nuclear-una-nueva-campana\/\"},\"author\":{\"name\":\"Anna Polo\",\"@id\":\"https:\/\/www.pressenza.com\/es\/#\/schema\/person\/f361ce2dfe3d4331d5ae6840551ffe67\"},\"headline\":\"\u201cRomper la cadena nuclear\u201d, una nueva campa\u00f1a\",\"datePublished\":\"2012-10-12T16:52:37+00:00\",\"mainEntityOfPage\":{\"@id\":\"https:\/\/www.pressenza.com\/es\/2012\/10\/romper-la-cadena-nuclear-una-nueva-campana\/\"},\"wordCount\":708,\"publisher\":{\"@id\":\"https:\/\/www.pressenza.com\/es\/#organization\"},\"image\":{\"@id\":\"https:\/\/www.pressenza.com\/es\/2012\/10\/romper-la-cadena-nuclear-una-nueva-campana\/#primaryimage\"},\"thumbnailUrl\":\"https:\/\/www.pressenza.com\/wp-content\/uploads\/2012\/10\/breakinnuclearchain1.jpg\",\"keywords\":[\"campa\u00f1a\",\"Desarme nuclear\"],\"articleSection\":[\"Ecolog\u00eda y Medio Ambiente\",\"Internacional\"],\"inLanguage\":\"es\"},{\"@type\":\"WebPage\",\"@id\":\"https:\/\/www.pressenza.com\/es\/2012\/10\/romper-la-cadena-nuclear-una-nueva-campana\/\",\"url\":\"https:\/\/www.pressenza.com\/es\/2012\/10\/romper-la-cadena-nuclear-una-nueva-campana\/\",\"name\":\"\u201cRomper la cadena nuclear\u201d, una nueva campa\u00f1a\",\"isPartOf\":{\"@id\":\"https:\/\/www.pressenza.com\/es\/#website\"},\"primaryImageOfPage\":{\"@id\":\"https:\/\/www.pressenza.com\/es\/2012\/10\/romper-la-cadena-nuclear-una-nueva-campana\/#primaryimage\"},\"image\":{\"@id\":\"https:\/\/www.pressenza.com\/es\/2012\/10\/romper-la-cadena-nuclear-una-nueva-campana\/#primaryimage\"},\"thumbnailUrl\":\"https:\/\/www.pressenza.com\/wp-content\/uploads\/2012\/10\/breakinnuclearchain1.jpg\",\"datePublished\":\"2012-10-12T16:52:37+00:00\",\"description\":\"La Asociaci\u00f3n Mundial para la Prevenci\u00f3n de los Conflictos Armados (Global Partnership for the Prevention of Armed Conflict (GPPAC)), IKV Pax Christi y\",\"breadcrumb\":{\"@id\":\"https:\/\/www.pressenza.com\/es\/2012\/10\/romper-la-cadena-nuclear-una-nueva-campana\/#breadcrumb\"},\"inLanguage\":\"es\",\"potentialAction\":[{\"@type\":\"ReadAction\",\"target\":[\"https:\/\/www.pressenza.com\/es\/2012\/10\/romper-la-cadena-nuclear-una-nueva-campana\/\"]}]},{\"@type\":\"ImageObject\",\"inLanguage\":\"es\",\"@id\":\"https:\/\/www.pressenza.com\/es\/2012\/10\/romper-la-cadena-nuclear-una-nueva-campana\/#primaryimage\",\"url\":\"https:\/\/www.pressenza.com\/wp-content\/uploads\/2012\/10\/breakinnuclearchain1.jpg\",\"contentUrl\":\"https:\/\/www.pressenza.com\/wp-content\/uploads\/2012\/10\/breakinnuclearchain1.jpg\",\"width\":\"990\",\"height\":\"280\"},{\"@type\":\"BreadcrumbList\",\"@id\":\"https:\/\/www.pressenza.com\/es\/2012\/10\/romper-la-cadena-nuclear-una-nueva-campana\/#breadcrumb\",\"itemListElement\":[{\"@type\":\"ListItem\",\"position\":1,\"name\":\"Accueil\",\"item\":\"https:\/\/www.pressenza.com\/es\/\"},{\"@type\":\"ListItem\",\"position\":2,\"name\":\"\u201cRomper la cadena nuclear\u201d, una nueva campa\u00f1a\"}]},{\"@type\":\"WebSite\",\"@id\":\"https:\/\/www.pressenza.com\/es\/#website\",\"url\":\"https:\/\/www.pressenza.com\/es\/\",\"name\":\"Pressenza\",\"description\":\"International Press Agency\",\"publisher\":{\"@id\":\"https:\/\/www.pressenza.com\/es\/#organization\"},\"potentialAction\":[{\"@type\":\"SearchAction\",\"target\":{\"@type\":\"EntryPoint\",\"urlTemplate\":\"https:\/\/www.pressenza.com\/es\/?s={search_term_string}\"},\"query-input\":{\"@type\":\"PropertyValueSpecification\",\"valueRequired\":true,\"valueName\":\"search_term_string\"}}],\"inLanguage\":\"es\"},{\"@type\":\"Organization\",\"@id\":\"https:\/\/www.pressenza.com\/es\/#organization\",\"name\":\"Pressenza\",\"url\":\"https:\/\/www.pressenza.com\/es\/\",\"logo\":{\"@type\":\"ImageObject\",\"inLanguage\":\"es\",\"@id\":\"https:\/\/www.pressenza.com\/es\/#\/schema\/logo\/image\/\",\"url\":\"https:\/\/www.pressenza.com\/wp-content\/uploads\/2022\/10\/pressenza_logo_200x200.jpg\",\"contentUrl\":\"https:\/\/www.pressenza.com\/wp-content\/uploads\/2022\/10\/pressenza_logo_200x200.jpg\",\"width\":200,\"height\":200,\"caption\":\"Pressenza\"},\"image\":{\"@id\":\"https:\/\/www.pressenza.com\/es\/#\/schema\/logo\/image\/\"},\"sameAs\":[\"https:\/\/www.facebook.com\/PressenzaItalia\",\"https:\/\/x.com\/PressenzaIPA\"]},{\"@type\":\"Person\",\"@id\":\"https:\/\/www.pressenza.com\/es\/#\/schema\/person\/f361ce2dfe3d4331d5ae6840551ffe67\",\"name\":\"Anna Polo\",\"description\":\"Impegnata per anni nel campo della pace e della nonviolenza, ha fatto parte dell'equipe relazioni della Marcia Mondiale per la Pace e la Nonviolenza e in seguito di Mondo senza guerre e senza violenza. Attualmente partecipa alla redazione italiana di Pressenza e si occupa principalmente del tema migrazioni, pubblicando articoli e interviste e organizzando eventi.\",\"url\":\"https:\/\/www.pressenza.com\/es\/author\/anna-polo\/\"}]}<\/script>\n<!-- \/ Yoast SEO plugin. -->","yoast_head_json":{"title":"\u201cRomper la cadena nuclear\u201d, una nueva campa\u00f1a","description":"La Asociaci\u00f3n Mundial para la Prevenci\u00f3n de los Conflictos Armados (Global Partnership for the Prevention of Armed Conflict (GPPAC)), IKV Pax Christi y","robots":{"index":"index","follow":"follow","max-snippet":"max-snippet:-1","max-image-preview":"max-image-preview:large","max-video-preview":"max-video-preview:-1"},"canonical":"https:\/\/www.pressenza.com\/es\/2012\/10\/romper-la-cadena-nuclear-una-nueva-campana\/","og_locale":"es_ES","og_type":"article","og_title":"\u201cRomper la cadena nuclear\u201d, una nueva campa\u00f1a","og_description":"La Asociaci\u00f3n Mundial para la Prevenci\u00f3n de los Conflictos Armados (Global Partnership for the Prevention of Armed Conflict (GPPAC)), IKV Pax Christi y","og_url":"https:\/\/www.pressenza.com\/es\/2012\/10\/romper-la-cadena-nuclear-una-nueva-campana\/","og_site_name":"Pressenza","article_publisher":"https:\/\/www.facebook.com\/PressenzaItalia","article_published_time":"2012-10-12T16:52:37+00:00","og_image":[{"width":990,"height":280,"url":"https:\/\/www.pressenza.com\/wp-content\/uploads\/2012\/10\/breakinnuclearchain1.jpg","type":"image\/jpeg"}],"author":"Anna Polo","twitter_card":"summary_large_image","twitter_creator":"@PressenzaIPA","twitter_site":"@PressenzaIPA","twitter_misc":{"Escrito por":"Anna Polo","Tiempo de lectura":"4 minutos"},"schema":{"@context":"https:\/\/schema.org","@graph":[{"@type":"Article","@id":"https:\/\/www.pressenza.com\/es\/2012\/10\/romper-la-cadena-nuclear-una-nueva-campana\/#article","isPartOf":{"@id":"https:\/\/www.pressenza.com\/es\/2012\/10\/romper-la-cadena-nuclear-una-nueva-campana\/"},"author":{"name":"Anna Polo","@id":"https:\/\/www.pressenza.com\/es\/#\/schema\/person\/f361ce2dfe3d4331d5ae6840551ffe67"},"headline":"\u201cRomper la cadena nuclear\u201d, una nueva campa\u00f1a","datePublished":"2012-10-12T16:52:37+00:00","mainEntityOfPage":{"@id":"https:\/\/www.pressenza.com\/es\/2012\/10\/romper-la-cadena-nuclear-una-nueva-campana\/"},"wordCount":708,"publisher":{"@id":"https:\/\/www.pressenza.com\/es\/#organization"},"image":{"@id":"https:\/\/www.pressenza.com\/es\/2012\/10\/romper-la-cadena-nuclear-una-nueva-campana\/#primaryimage"},"thumbnailUrl":"https:\/\/www.pressenza.com\/wp-content\/uploads\/2012\/10\/breakinnuclearchain1.jpg","keywords":["campa\u00f1a","Desarme nuclear"],"articleSection":["Ecolog\u00eda y Medio Ambiente","Internacional"],"inLanguage":"es"},{"@type":"WebPage","@id":"https:\/\/www.pressenza.com\/es\/2012\/10\/romper-la-cadena-nuclear-una-nueva-campana\/","url":"https:\/\/www.pressenza.com\/es\/2012\/10\/romper-la-cadena-nuclear-una-nueva-campana\/","name":"\u201cRomper la cadena nuclear\u201d, una nueva campa\u00f1a","isPartOf":{"@id":"https:\/\/www.pressenza.com\/es\/#website"},"primaryImageOfPage":{"@id":"https:\/\/www.pressenza.com\/es\/2012\/10\/romper-la-cadena-nuclear-una-nueva-campana\/#primaryimage"},"image":{"@id":"https:\/\/www.pressenza.com\/es\/2012\/10\/romper-la-cadena-nuclear-una-nueva-campana\/#primaryimage"},"thumbnailUrl":"https:\/\/www.pressenza.com\/wp-content\/uploads\/2012\/10\/breakinnuclearchain1.jpg","datePublished":"2012-10-12T16:52:37+00:00","description":"La Asociaci\u00f3n Mundial para la Prevenci\u00f3n de los Conflictos Armados (Global Partnership for the Prevention of Armed Conflict (GPPAC)), IKV Pax Christi y","breadcrumb":{"@id":"https:\/\/www.pressenza.com\/es\/2012\/10\/romper-la-cadena-nuclear-una-nueva-campana\/#breadcrumb"},"inLanguage":"es","potentialAction":[{"@type":"ReadAction","target":["https:\/\/www.pressenza.com\/es\/2012\/10\/romper-la-cadena-nuclear-una-nueva-campana\/"]}]},{"@type":"ImageObject","inLanguage":"es","@id":"https:\/\/www.pressenza.com\/es\/2012\/10\/romper-la-cadena-nuclear-una-nueva-campana\/#primaryimage","url":"https:\/\/www.pressenza.com\/wp-content\/uploads\/2012\/10\/breakinnuclearchain1.jpg","contentUrl":"https:\/\/www.pressenza.com\/wp-content\/uploads\/2012\/10\/breakinnuclearchain1.jpg","width":"990","height":"280"},{"@type":"BreadcrumbList","@id":"https:\/\/www.pressenza.com\/es\/2012\/10\/romper-la-cadena-nuclear-una-nueva-campana\/#breadcrumb","itemListElement":[{"@type":"ListItem","position":1,"name":"Accueil","item":"https:\/\/www.pressenza.com\/es\/"},{"@type":"ListItem","position":2,"name":"\u201cRomper la cadena nuclear\u201d, una nueva campa\u00f1a"}]},{"@type":"WebSite","@id":"https:\/\/www.pressenza.com\/es\/#website","url":"https:\/\/www.pressenza.com\/es\/","name":"Pressenza","description":"International Press Agency","publisher":{"@id":"https:\/\/www.pressenza.com\/es\/#organization"},"potentialAction":[{"@type":"SearchAction","target":{"@type":"EntryPoint","urlTemplate":"https:\/\/www.pressenza.com\/es\/?s={search_term_string}"},"query-input":{"@type":"PropertyValueSpecification","valueRequired":true,"valueName":"search_term_string"}}],"inLanguage":"es"},{"@type":"Organization","@id":"https:\/\/www.pressenza.com\/es\/#organization","name":"Pressenza","url":"https:\/\/www.pressenza.com\/es\/","logo":{"@type":"ImageObject","inLanguage":"es","@id":"https:\/\/www.pressenza.com\/es\/#\/schema\/logo\/image\/","url":"https:\/\/www.pressenza.com\/wp-content\/uploads\/2022\/10\/pressenza_logo_200x200.jpg","contentUrl":"https:\/\/www.pressenza.com\/wp-content\/uploads\/2022\/10\/pressenza_logo_200x200.jpg","width":200,"height":200,"caption":"Pressenza"},"image":{"@id":"https:\/\/www.pressenza.com\/es\/#\/schema\/logo\/image\/"},"sameAs":["https:\/\/www.facebook.com\/PressenzaItalia","https:\/\/x.com\/PressenzaIPA"]},{"@type":"Person","@id":"https:\/\/www.pressenza.com\/es\/#\/schema\/person\/f361ce2dfe3d4331d5ae6840551ffe67","name":"Anna Polo","description":"Impegnata per anni nel campo della pace e della nonviolenza, ha fatto parte dell'equipe relazioni della Marcia Mondiale per la Pace e la Nonviolenza e in seguito di Mondo senza guerre e senza violenza. Attualmente partecipa alla redazione italiana di Pressenza e si occupa principalmente del tema migrazioni, pubblicando articoli e interviste e organizzando eventi.","url":"https:\/\/www.pressenza.com\/es\/author\/anna-polo\/"}]}},"place":"","original_article_url":"","_links":{"self":[{"href":"https:\/\/www.pressenza.com\/es\/wp-json\/wp\/v2\/posts\/19905","targetHints":{"allow":["GET"]}}],"collection":[{"href":"https:\/\/www.pressenza.com\/es\/wp-json\/wp\/v2\/posts"}],"about":[{"href":"https:\/\/www.pressenza.com\/es\/wp-json\/wp\/v2\/types\/post"}],"author":[{"embeddable":true,"href":"https:\/\/www.pressenza.com\/es\/wp-json\/wp\/v2\/users\/500"}],"replies":[{"embeddable":true,"href":"https:\/\/www.pressenza.com\/es\/wp-json\/wp\/v2\/comments?post=19905"}],"version-history":[{"count":0,"href":"https:\/\/www.pressenza.com\/es\/wp-json\/wp\/v2\/posts\/19905\/revisions"}],"wp:featuredmedia":[{"embeddable":true,"href":"https:\/\/www.pressenza.com\/es\/wp-json\/wp\/v2\/media\/19582"}],"wp:attachment":[{"href":"https:\/\/www.pressenza.com\/es\/wp-json\/wp\/v2\/media?parent=19905"}],"wp:term":[{"taxonomy":"category","embeddable":true,"href":"https:\/\/www.pressenza.com\/es\/wp-json\/wp\/v2\/categories?post=19905"},{"taxonomy":"post_tag","embeddable":true,"href":"https:\/\/www.pressenza.com\/es\/wp-json\/wp\/v2\/tags?post=19905"}],"curies":[{"name":"wp","href":"https:\/\/api.w.org\/{rel}","templated":true}]}}