{"id":1984,"date":"2009-10-30T00:00:00","date_gmt":"2009-10-30T00:00:00","guid":{"rendered":""},"modified":"2009-10-30T12:03:51","modified_gmt":"2009-10-30T12:03:51","slug":"liberia-lanza-una-nueva-iniciativa-de-reconciliacion","status":"publish","type":"post","link":"https:\/\/www.pressenza.com\/es\/2009\/10\/liberia-lanza-una-nueva-iniciativa-de-reconciliacion\/","title":{"rendered":"Liberia lanza una nueva iniciativa de reconciliaci\u00f3n"},"content":{"rendered":"<p>*Corresponsaldepaz* &#8211; La Plataforma nacional para el di\u00e1logo y la paz en Liberia (P4DP, por sus siglas en ingl\u00e9s), de reciente lanzamiento, pretende aumentar la capacidad de los actores gubernamentales y no gubernamentales para tratar el conflicto a trav\u00e9s del di\u00e1logo y la acci\u00f3n colaborativa.<\/p>\n<p>Para ello, se utilizan t\u00e9cnicas como la reuni\u00f3n de grupos multi\u00e9tnicos para identificar temas que podr\u00edan provocar conflictos, el debate de los procedimientos para tratar las disputas sobre tierras y el refuerzo de la capacidad del gobierno y de las organizaciones de la sociedad civil para desarrollar iniciativas de consolidaci\u00f3n de la paz.<\/p>\n<p>Esta iniciativa de dos a\u00f1os de duraci\u00f3n surge de un exitoso proyecto piloto de reconciliaci\u00f3n en la provincia de Nimba iniciado en 2008 por la Unidad de programas conjuntos para las Naciones Unidas e Iniciativas de Interpeace (JPU, por sus siglas en ingl\u00e9s).<\/p>\n<p>El PNUD e Interpeace crearon en 2005 la JPU, cuya ejecuci\u00f3n corre a cargo del Centro de Operaciones en Suiza de UNOPS.<\/p>\n<p>La iniciativa form\u00f3 a personal en la provincia de Nimba para dirigir investigaciones sobre el terreno y dialogar con la poblaci\u00f3n local sobre las causas del conflicto violento en la provincia y sobre posibles formas de tratar dichas causas.<\/p>\n<p>Se contrataron equipos multi\u00e9tnicos para trabajar conjuntamente en la construcci\u00f3n de un sistema de drenaje en dos calles comerciales clave en la ciudad de Ganta, y un asesor nacional llev\u00f3 a cabo una investigaci\u00f3n jur\u00eddica sobre la interacci\u00f3n de procedimientos de resoluci\u00f3n de conflictos de tierras.<\/p>\n<p>Dado el \u00e9xito de este proyecto, tanto la JPU como la Oficina para la consolidaci\u00f3n de la paz del Ministerio del Interior en Liberia han trabajado estrechamente para extender el programa a todo el pa\u00eds aplicando las recomendaciones para la provincia de Nimba.<\/p>\n<p>El programa nacional, la Plataforma P4DP, busca lograr un consenso nacional amplio en torno a una estrategia para la consolidaci\u00f3n de la paz en Liberia mediante el desarrollo de una s\u00f3lida red de actores sociales y pol\u00edticos clave comprometidos con el di\u00e1logo y la acci\u00f3n colaborativa.<\/p>\n<p>La iniciativa tambi\u00e9n trabajar\u00e1 en el fomento de la capacidad del gobierno y de las instituciones civiles para proporcionar apoyo t\u00e9cnico a estos procesos.<\/p>\n<p>El programa se encuentra en la actualidad en una fase de consulta p\u00fablica, en la que los socios ejecutores movilizan a las comunidades locales a trav\u00e9s de entrevistas y reuniones comunitarias, identificando actores locales y destacando temas que podr\u00edan provocar un conflicto.<\/p>\n<p>La JPU est\u00e1 implantando el programa P4DP junto con un grupo de ocho organizaciones de la sociedad civil de Liberia: el Instituto democr\u00e1tico de Liberia, la Red de \u00c1frica occidental para la consolidaci\u00f3n de la paz \u2013 Liberia, la Iniciativa para un cambio positivo, el Centro de recursos para la consolidaci\u00f3n de la paz, el Instituto Kofi Annan para la transformaci\u00f3n del conflicto, la Fundaci\u00f3n para la dignidad internacional, la Secretar\u00eda en Liberia de las ONG para mujeres y el Consejo Interreligioso de Liberia.<\/p>\n<p>El equipo de la JPU que trabaja en Liberia est\u00e1 compuesto en un 100% por liberianos, con el fin de estimular la propiedad nacional y garantizar la transmisi\u00f3n de conocimientos.<\/p>\n","protected":false},"excerpt":{"rendered":"<p>La \u201cPlataforma nacional para el di\u00e1logo y la paz\u201d trabaja con actores multi\u00e9tnicos de la sociedad civil, para evitar que resurja en el pa\u00eds el conflicto que dur\u00f3 14 a\u00f1os y que destruy\u00f3 las instituciones pol\u00edticas y gran parte de la infraestructura b\u00e1sica del pa\u00eds, retomando esfuerzos para fomentar la reconciliaci\u00f3n y evitar el resurgir del conflicto armado.<\/p>\n","protected":false},"author":19,"featured_media":0,"comment_status":"closed","ping_status":"open","sticky":false,"template":"","format":"standard","meta":{"footnotes":""},"categories":[64,74],"tags":[],"class_list":["post-1984","post","type-post","status-publish","format-standard","hentry","category-africa-es","category-politica-es"],"yoast_head":"<!-- This site is optimized with the Yoast SEO plugin v27.1.1 - https:\/\/yoast.com\/product\/yoast-seo-wordpress\/ -->\n<title>Liberia lanza una nueva iniciativa de reconciliaci\u00f3n<\/title>\n<meta name=\"description\" content=\"La \u201cPlataforma nacional para el di\u00e1logo y la paz\u201d trabaja con actores multi\u00e9tnicos de la sociedad civil, para evitar que resurja en el pa\u00eds el conflicto que dur\u00f3 14 a\u00f1os y que destruy\u00f3 las instituciones pol\u00edticas y gran parte de la infraestructura b\u00e1sica del pa\u00eds, retomando esfuerzos para fomentar la reconciliaci\u00f3n y evitar el resurgir del conflicto armado.\" \/>\n<meta name=\"robots\" content=\"index, follow, max-snippet:-1, max-image-preview:large, max-video-preview:-1\" \/>\n<link rel=\"canonical\" href=\"https:\/\/www.pressenza.com\/es\/2009\/10\/liberia-lanza-una-nueva-iniciativa-de-reconciliacion\/\" \/>\n<meta property=\"og:locale\" content=\"es_ES\" \/>\n<meta property=\"og:type\" content=\"article\" \/>\n<meta property=\"og:title\" content=\"Liberia lanza una nueva iniciativa de reconciliaci\u00f3n\" \/>\n<meta property=\"og:description\" content=\"La \u201cPlataforma nacional para el di\u00e1logo y la paz\u201d trabaja con actores multi\u00e9tnicos de la sociedad civil, para evitar que resurja en el pa\u00eds el conflicto que dur\u00f3 14 a\u00f1os y que destruy\u00f3 las instituciones pol\u00edticas y gran parte de la infraestructura b\u00e1sica del pa\u00eds, retomando esfuerzos para fomentar la reconciliaci\u00f3n y evitar el resurgir del conflicto armado.\" \/>\n<meta property=\"og:url\" content=\"https:\/\/www.pressenza.com\/es\/2009\/10\/liberia-lanza-una-nueva-iniciativa-de-reconciliacion\/\" \/>\n<meta property=\"og:site_name\" content=\"Pressenza\" \/>\n<meta property=\"article:publisher\" content=\"https:\/\/www.facebook.com\/PressenzaItalia\" \/>\n<meta property=\"article:author\" content=\"https:\/\/www.facebook.com\/pressenza\" \/>\n<meta property=\"article:published_time\" content=\"2009-10-30T00:00:00+00:00\" \/>\n<meta property=\"article:modified_time\" content=\"2009-10-30T12:03:51+00:00\" \/>\n<meta name=\"author\" content=\"Pressenza IPA\" \/>\n<meta name=\"twitter:card\" content=\"summary_large_image\" \/>\n<meta name=\"twitter:creator\" content=\"@PressenzaIPA\" \/>\n<meta name=\"twitter:site\" content=\"@PressenzaIPA\" \/>\n<meta name=\"twitter:label1\" content=\"Escrito por\" \/>\n\t<meta name=\"twitter:data1\" content=\"Pressenza IPA\" \/>\n\t<meta name=\"twitter:label2\" content=\"Tiempo de lectura\" \/>\n\t<meta name=\"twitter:data2\" content=\"3 minutos\" \/>\n<script type=\"application\/ld+json\" class=\"yoast-schema-graph\">{\"@context\":\"https:\/\/schema.org\",\"@graph\":[{\"@type\":\"Article\",\"@id\":\"https:\/\/www.pressenza.com\/es\/2009\/10\/liberia-lanza-una-nueva-iniciativa-de-reconciliacion\/#article\",\"isPartOf\":{\"@id\":\"https:\/\/www.pressenza.com\/es\/2009\/10\/liberia-lanza-una-nueva-iniciativa-de-reconciliacion\/\"},\"author\":{\"name\":\"Pressenza IPA\",\"@id\":\"https:\/\/www.pressenza.com\/es\/#\/schema\/person\/010e5d02bcf40965427a1289a4cc8d75\"},\"headline\":\"Liberia lanza una nueva iniciativa de reconciliaci\u00f3n\",\"datePublished\":\"2009-10-30T00:00:00+00:00\",\"dateModified\":\"2009-10-30T12:03:51+00:00\",\"mainEntityOfPage\":{\"@id\":\"https:\/\/www.pressenza.com\/es\/2009\/10\/liberia-lanza-una-nueva-iniciativa-de-reconciliacion\/\"},\"wordCount\":565,\"publisher\":{\"@id\":\"https:\/\/www.pressenza.com\/es\/#organization\"},\"articleSection\":[\"Africa\",\"Pol\u00edtica\"],\"inLanguage\":\"es\"},{\"@type\":\"WebPage\",\"@id\":\"https:\/\/www.pressenza.com\/es\/2009\/10\/liberia-lanza-una-nueva-iniciativa-de-reconciliacion\/\",\"url\":\"https:\/\/www.pressenza.com\/es\/2009\/10\/liberia-lanza-una-nueva-iniciativa-de-reconciliacion\/\",\"name\":\"Liberia lanza una nueva iniciativa de reconciliaci\u00f3n\",\"isPartOf\":{\"@id\":\"https:\/\/www.pressenza.com\/es\/#website\"},\"datePublished\":\"2009-10-30T00:00:00+00:00\",\"dateModified\":\"2009-10-30T12:03:51+00:00\",\"description\":\"La \u201cPlataforma nacional para el di\u00e1logo y la paz\u201d trabaja con actores multi\u00e9tnicos de la sociedad civil, para evitar que resurja en el pa\u00eds el conflicto que dur\u00f3 14 a\u00f1os y que destruy\u00f3 las instituciones pol\u00edticas y gran parte de la infraestructura b\u00e1sica del pa\u00eds, retomando esfuerzos para fomentar la reconciliaci\u00f3n y evitar el resurgir del conflicto armado.\",\"breadcrumb\":{\"@id\":\"https:\/\/www.pressenza.com\/es\/2009\/10\/liberia-lanza-una-nueva-iniciativa-de-reconciliacion\/#breadcrumb\"},\"inLanguage\":\"es\",\"potentialAction\":[{\"@type\":\"ReadAction\",\"target\":[\"https:\/\/www.pressenza.com\/es\/2009\/10\/liberia-lanza-una-nueva-iniciativa-de-reconciliacion\/\"]}]},{\"@type\":\"BreadcrumbList\",\"@id\":\"https:\/\/www.pressenza.com\/es\/2009\/10\/liberia-lanza-una-nueva-iniciativa-de-reconciliacion\/#breadcrumb\",\"itemListElement\":[{\"@type\":\"ListItem\",\"position\":1,\"name\":\"Accueil\",\"item\":\"https:\/\/www.pressenza.com\/es\/\"},{\"@type\":\"ListItem\",\"position\":2,\"name\":\"Liberia lanza una nueva iniciativa de reconciliaci\u00f3n\"}]},{\"@type\":\"WebSite\",\"@id\":\"https:\/\/www.pressenza.com\/es\/#website\",\"url\":\"https:\/\/www.pressenza.com\/es\/\",\"name\":\"Pressenza\",\"description\":\"International Press Agency\",\"publisher\":{\"@id\":\"https:\/\/www.pressenza.com\/es\/#organization\"},\"potentialAction\":[{\"@type\":\"SearchAction\",\"target\":{\"@type\":\"EntryPoint\",\"urlTemplate\":\"https:\/\/www.pressenza.com\/es\/?s={search_term_string}\"},\"query-input\":{\"@type\":\"PropertyValueSpecification\",\"valueRequired\":true,\"valueName\":\"search_term_string\"}}],\"inLanguage\":\"es\"},{\"@type\":\"Organization\",\"@id\":\"https:\/\/www.pressenza.com\/es\/#organization\",\"name\":\"Pressenza\",\"url\":\"https:\/\/www.pressenza.com\/es\/\",\"logo\":{\"@type\":\"ImageObject\",\"inLanguage\":\"es\",\"@id\":\"https:\/\/www.pressenza.com\/es\/#\/schema\/logo\/image\/\",\"url\":\"https:\/\/www.pressenza.com\/wp-content\/uploads\/2022\/10\/pressenza_logo_200x200.jpg\",\"contentUrl\":\"https:\/\/www.pressenza.com\/wp-content\/uploads\/2022\/10\/pressenza_logo_200x200.jpg\",\"width\":200,\"height\":200,\"caption\":\"Pressenza\"},\"image\":{\"@id\":\"https:\/\/www.pressenza.com\/es\/#\/schema\/logo\/image\/\"},\"sameAs\":[\"https:\/\/www.facebook.com\/PressenzaItalia\",\"https:\/\/x.com\/PressenzaIPA\"]},{\"@type\":\"Person\",\"@id\":\"https:\/\/www.pressenza.com\/es\/#\/schema\/person\/010e5d02bcf40965427a1289a4cc8d75\",\"name\":\"Pressenza IPA\",\"description\":\"News from Pressenza IPA correspondents\",\"sameAs\":[\"https:\/\/www.facebook.com\/pressenza\",\"https:\/\/x.com\/PressenzaIPA\"],\"url\":\"https:\/\/www.pressenza.com\/es\/author\/pressenza-ipa\/\"}]}<\/script>\n<!-- \/ Yoast SEO plugin. -->","yoast_head_json":{"title":"Liberia lanza una nueva iniciativa de reconciliaci\u00f3n","description":"La \u201cPlataforma nacional para el di\u00e1logo y la paz\u201d trabaja con actores multi\u00e9tnicos de la sociedad civil, para evitar que resurja en el pa\u00eds el conflicto que dur\u00f3 14 a\u00f1os y que destruy\u00f3 las instituciones pol\u00edticas y gran parte de la infraestructura b\u00e1sica del pa\u00eds, retomando esfuerzos para fomentar la reconciliaci\u00f3n y evitar el resurgir del conflicto armado.","robots":{"index":"index","follow":"follow","max-snippet":"max-snippet:-1","max-image-preview":"max-image-preview:large","max-video-preview":"max-video-preview:-1"},"canonical":"https:\/\/www.pressenza.com\/es\/2009\/10\/liberia-lanza-una-nueva-iniciativa-de-reconciliacion\/","og_locale":"es_ES","og_type":"article","og_title":"Liberia lanza una nueva iniciativa de reconciliaci\u00f3n","og_description":"La \u201cPlataforma nacional para el di\u00e1logo y la paz\u201d trabaja con actores multi\u00e9tnicos de la sociedad civil, para evitar que resurja en el pa\u00eds el conflicto que dur\u00f3 14 a\u00f1os y que destruy\u00f3 las instituciones pol\u00edticas y gran parte de la infraestructura b\u00e1sica del pa\u00eds, retomando esfuerzos para fomentar la reconciliaci\u00f3n y evitar el resurgir del conflicto armado.","og_url":"https:\/\/www.pressenza.com\/es\/2009\/10\/liberia-lanza-una-nueva-iniciativa-de-reconciliacion\/","og_site_name":"Pressenza","article_publisher":"https:\/\/www.facebook.com\/PressenzaItalia","article_author":"https:\/\/www.facebook.com\/pressenza","article_published_time":"2009-10-30T00:00:00+00:00","article_modified_time":"2009-10-30T12:03:51+00:00","author":"Pressenza IPA","twitter_card":"summary_large_image","twitter_creator":"@PressenzaIPA","twitter_site":"@PressenzaIPA","twitter_misc":{"Escrito por":"Pressenza IPA","Tiempo de lectura":"3 minutos"},"schema":{"@context":"https:\/\/schema.org","@graph":[{"@type":"Article","@id":"https:\/\/www.pressenza.com\/es\/2009\/10\/liberia-lanza-una-nueva-iniciativa-de-reconciliacion\/#article","isPartOf":{"@id":"https:\/\/www.pressenza.com\/es\/2009\/10\/liberia-lanza-una-nueva-iniciativa-de-reconciliacion\/"},"author":{"name":"Pressenza IPA","@id":"https:\/\/www.pressenza.com\/es\/#\/schema\/person\/010e5d02bcf40965427a1289a4cc8d75"},"headline":"Liberia lanza una nueva iniciativa de reconciliaci\u00f3n","datePublished":"2009-10-30T00:00:00+00:00","dateModified":"2009-10-30T12:03:51+00:00","mainEntityOfPage":{"@id":"https:\/\/www.pressenza.com\/es\/2009\/10\/liberia-lanza-una-nueva-iniciativa-de-reconciliacion\/"},"wordCount":565,"publisher":{"@id":"https:\/\/www.pressenza.com\/es\/#organization"},"articleSection":["Africa","Pol\u00edtica"],"inLanguage":"es"},{"@type":"WebPage","@id":"https:\/\/www.pressenza.com\/es\/2009\/10\/liberia-lanza-una-nueva-iniciativa-de-reconciliacion\/","url":"https:\/\/www.pressenza.com\/es\/2009\/10\/liberia-lanza-una-nueva-iniciativa-de-reconciliacion\/","name":"Liberia lanza una nueva iniciativa de reconciliaci\u00f3n","isPartOf":{"@id":"https:\/\/www.pressenza.com\/es\/#website"},"datePublished":"2009-10-30T00:00:00+00:00","dateModified":"2009-10-30T12:03:51+00:00","description":"La \u201cPlataforma nacional para el di\u00e1logo y la paz\u201d trabaja con actores multi\u00e9tnicos de la sociedad civil, para evitar que resurja en el pa\u00eds el conflicto que dur\u00f3 14 a\u00f1os y que destruy\u00f3 las instituciones pol\u00edticas y gran parte de la infraestructura b\u00e1sica del pa\u00eds, retomando esfuerzos para fomentar la reconciliaci\u00f3n y evitar el resurgir del conflicto armado.","breadcrumb":{"@id":"https:\/\/www.pressenza.com\/es\/2009\/10\/liberia-lanza-una-nueva-iniciativa-de-reconciliacion\/#breadcrumb"},"inLanguage":"es","potentialAction":[{"@type":"ReadAction","target":["https:\/\/www.pressenza.com\/es\/2009\/10\/liberia-lanza-una-nueva-iniciativa-de-reconciliacion\/"]}]},{"@type":"BreadcrumbList","@id":"https:\/\/www.pressenza.com\/es\/2009\/10\/liberia-lanza-una-nueva-iniciativa-de-reconciliacion\/#breadcrumb","itemListElement":[{"@type":"ListItem","position":1,"name":"Accueil","item":"https:\/\/www.pressenza.com\/es\/"},{"@type":"ListItem","position":2,"name":"Liberia lanza una nueva iniciativa de reconciliaci\u00f3n"}]},{"@type":"WebSite","@id":"https:\/\/www.pressenza.com\/es\/#website","url":"https:\/\/www.pressenza.com\/es\/","name":"Pressenza","description":"International Press Agency","publisher":{"@id":"https:\/\/www.pressenza.com\/es\/#organization"},"potentialAction":[{"@type":"SearchAction","target":{"@type":"EntryPoint","urlTemplate":"https:\/\/www.pressenza.com\/es\/?s={search_term_string}"},"query-input":{"@type":"PropertyValueSpecification","valueRequired":true,"valueName":"search_term_string"}}],"inLanguage":"es"},{"@type":"Organization","@id":"https:\/\/www.pressenza.com\/es\/#organization","name":"Pressenza","url":"https:\/\/www.pressenza.com\/es\/","logo":{"@type":"ImageObject","inLanguage":"es","@id":"https:\/\/www.pressenza.com\/es\/#\/schema\/logo\/image\/","url":"https:\/\/www.pressenza.com\/wp-content\/uploads\/2022\/10\/pressenza_logo_200x200.jpg","contentUrl":"https:\/\/www.pressenza.com\/wp-content\/uploads\/2022\/10\/pressenza_logo_200x200.jpg","width":200,"height":200,"caption":"Pressenza"},"image":{"@id":"https:\/\/www.pressenza.com\/es\/#\/schema\/logo\/image\/"},"sameAs":["https:\/\/www.facebook.com\/PressenzaItalia","https:\/\/x.com\/PressenzaIPA"]},{"@type":"Person","@id":"https:\/\/www.pressenza.com\/es\/#\/schema\/person\/010e5d02bcf40965427a1289a4cc8d75","name":"Pressenza IPA","description":"News from Pressenza IPA correspondents","sameAs":["https:\/\/www.facebook.com\/pressenza","https:\/\/x.com\/PressenzaIPA"],"url":"https:\/\/www.pressenza.com\/es\/author\/pressenza-ipa\/"}]}},"place":"Liberia","original_article_url":"","_links":{"self":[{"href":"https:\/\/www.pressenza.com\/es\/wp-json\/wp\/v2\/posts\/1984","targetHints":{"allow":["GET"]}}],"collection":[{"href":"https:\/\/www.pressenza.com\/es\/wp-json\/wp\/v2\/posts"}],"about":[{"href":"https:\/\/www.pressenza.com\/es\/wp-json\/wp\/v2\/types\/post"}],"author":[{"embeddable":true,"href":"https:\/\/www.pressenza.com\/es\/wp-json\/wp\/v2\/users\/19"}],"replies":[{"embeddable":true,"href":"https:\/\/www.pressenza.com\/es\/wp-json\/wp\/v2\/comments?post=1984"}],"version-history":[{"count":0,"href":"https:\/\/www.pressenza.com\/es\/wp-json\/wp\/v2\/posts\/1984\/revisions"}],"wp:attachment":[{"href":"https:\/\/www.pressenza.com\/es\/wp-json\/wp\/v2\/media?parent=1984"}],"wp:term":[{"taxonomy":"category","embeddable":true,"href":"https:\/\/www.pressenza.com\/es\/wp-json\/wp\/v2\/categories?post=1984"},{"taxonomy":"post_tag","embeddable":true,"href":"https:\/\/www.pressenza.com\/es\/wp-json\/wp\/v2\/tags?post=1984"}],"curies":[{"name":"wp","href":"https:\/\/api.w.org\/{rel}","templated":true}]}}