{"id":1983,"date":"2009-10-30T00:00:00","date_gmt":"2009-10-30T00:00:00","guid":{"rendered":""},"modified":"2009-11-01T03:03:37","modified_gmt":"2009-11-01T03:03:37","slug":"ideales-en-ventax-vergonzoso-acuerdo-militar-entre-espana-e-israel","status":"publish","type":"post","link":"https:\/\/www.pressenza.com\/es\/2009\/10\/ideales-en-ventax-vergonzoso-acuerdo-militar-entre-espana-e-israel\/","title":{"rendered":"Ideales en venta: vergonzoso acuerdo militar entre Espa\u00f1a e Israel"},"content":{"rendered":"<p>\u201cNuestros pol\u00edticos son d\u00e9biles y cobardes cuando se someten a presiones for\u00e1neas, apadrinan leyes que blindan a los criminales y desprotegen los derechos inalienables de las v\u00edctimas. Estos encubridores de delitos de lesa humanidad que no prescriben deber\u00edan mirarse al espejo y pensar\u2026\u201d, escrib\u00eda ayer el maestro Gervasio S\u00e1nchez sobre la decisi\u00f3n del parlamento espa\u00f1ol de terminar con la jurisdicci\u00f3n universal.<\/p>\n<p>Como deja claro en su art\u00edculo, se toler\u00f3 que la justicia espa\u00f1ola investigara casos de violaciones de derechos humanos en Chile, en Argentina, en Ruanda, en T\u00edbet, pero cuando intent\u00f3 acercarse a la brutal realidad de la franja de Gaza, entonces sus d\u00edas comenzaron a estar contados.<\/p>\n<p>\u201cLa bomba, cuya onda expansiva ha conseguido frenar la b\u00fasqueda de la justicia internacional, la lanz\u00f3 el juez Fernando Andreu cuando el 20 de enero de este a\u00f1o decidi\u00f3 abrir una investigaci\u00f3n contra siete responsables pol\u00edticos y militares israel\u00edes por cr\u00edmenes de guerra\u201d.<\/p>\n<p>Basta tener una leve noci\u00f3n de c\u00f3mo funciona el poder para vislumbrar el aluvi\u00f3n de presiones que desde entonces debe haber sufrido el ejecutivo de Zapatero por parte tanto del gobierno de Israel como de intereses cercanos. Presiones que, seg\u00fan queda ya demostrado, han dado sus frutos con el final de la llamada Jurisdicci\u00f3n universal y con el acuerdo de cooperaci\u00f3n militar que la semana que viene firmar\u00e1n Israel y Espa\u00f1a.<\/p>\n<p>Este acuerdo implica sin dudas una vuelta de tuerca m\u00e1s en la cr\u00edtica expresada por Gervasio S\u00e1nchez. Ya no estamos hablando de \u00abdebilidad y cobard\u00eda\u00bb &#8211; dar un paso atr\u00e1s, mirar hacia otra parte mientras se cometen cr\u00edmenes de lesa humanidad -, sino algo mucho m\u00e1s grave a\u00fan: la colaboraci\u00f3n activa con un ej\u00e9rcito de ocupaci\u00f3n como es el Tsahal.<\/p>\n<p>Un ej\u00e9rcito con un prontuario nefasto en la violaci\u00f3n de los derechos humanos, tanto sea de forma diaria y continua en los checkpoints como en sus acciones militares sobre Gaza, ya se llamen Lluvia de verano o Plomo fundido, que siempre tienen el extraordinario y cobarde m\u00e9rito de conseguir que m\u00e1s de la mitad de las v\u00edctimas sean mujeres y ni\u00f1os (como documentamos exhaustivamente en este blog desde el terreno). Un ej\u00e9rcito que se sienta en el paso fronterizo de Nahal Oz para bloquear el acceso de gasolina, alimentos y medicinas a la poblaci\u00f3n civil de la franja en un castigo colectivo que vulnera los principios del Derecho Humanitario y de la decencia elemental (resulta demoledor el informe publicado ayer por Amnist\u00eda Internacional sobre el acceso al agua).<\/p>\n<p>El apret\u00f3n de manos que Zapatero protagonizar\u00e1 la semana que viene con Ehud Barak &#8211; que seg\u00fan el informe Goldstone y el sentido com\u00fan de todos los que seguimos de cerca la operaci\u00f3n Plomo fundido, tiene suficientes pruebas en su contra para ser condenado por cr\u00edmenes de guerra \u2013 resonar\u00e1 no s\u00f3lo a \u201ccobard\u00eda y debilidad\u201d sino tambi\u00e9n a la venta a precio de saldo de los ideales que el presidente tantas veces dijo defender y con los que se llen\u00f3 la boca plet\u00f3rico de indignaci\u00f3n moral al atacar al gobierno de Aznar y sus delirios neoconservadores, pues como en anteriores acuerdos de este tipo la industria armament\u00edstica espa\u00f1ola saldr\u00e1 beneficiada por el intercambio de tecnolog\u00edas y por las nuevas oportunidades de negocio con Israel.<\/p>\n<p>Un apret\u00f3n de manos que demostrar\u00e1 que en pol\u00edtica pocos espect\u00e1culos m\u00e1s bochornosos se pueden dar que el de la izquierda que traiciona los ideales que la legitiman.<\/p>\n<p>Del blog de Hern\u00e1n Zin, en el diario gratuito 20minutos. http:\/\/blogs.20minutos.es\/enguerra<\/p>\n","protected":false},"excerpt":{"rendered":"<p>Hern\u00e1n Zin, corresponsal de guerra, haci\u00e9ndose eco de las palabras de Gervasio S\u00e1nchez al recibir el premio Ortega y Gasset, denuncia en este art\u00edculo el acuerdo militar que est\u00e1n por firmar los gobiernos de Israel y Espa\u00f1a y que supone el apoyo impl\u00edcito a un ej\u00e9rcito de ocupaci\u00f3n, el israel\u00ed, y una traici\u00f3n a los ideales de la izquierda por parte del gobierno de Zapatero.   <\/p>\n","protected":false},"author":19,"featured_media":0,"comment_status":"closed","ping_status":"open","sticky":false,"template":"","format":"standard","meta":{"footnotes":""},"categories":[76,66,39,161],"tags":[],"class_list":["post-1983","post","type-post","status-publish","format-standard","hentry","category-relaciones-exteriores","category-europa-es","category-internacional","category-opiniones"],"yoast_head":"<!-- This site is optimized with the Yoast SEO plugin v27.1.1 - https:\/\/yoast.com\/product\/yoast-seo-wordpress\/ -->\n<title>Ideales en venta: vergonzoso acuerdo militar entre Espa\u00f1a e Israel<\/title>\n<meta name=\"description\" content=\"Hern\u00e1n Zin, corresponsal de guerra, haci\u00e9ndose eco de las palabras de Gervasio S\u00e1nchez al recibir el premio Ortega y Gasset, denuncia en este art\u00edculo el acuerdo militar que est\u00e1n por firmar los gobiernos de Israel y Espa\u00f1a y que supone el apoyo impl\u00edcito a un ej\u00e9rcito de ocupaci\u00f3n, el israel\u00ed, y una traici\u00f3n a los ideales de la izquierda por parte del gobierno de Zapatero.\" \/>\n<meta name=\"robots\" content=\"index, follow, max-snippet:-1, max-image-preview:large, max-video-preview:-1\" \/>\n<link rel=\"canonical\" href=\"https:\/\/www.pressenza.com\/es\/2009\/10\/ideales-en-ventax-vergonzoso-acuerdo-militar-entre-espana-e-israel\/\" \/>\n<meta property=\"og:locale\" content=\"es_ES\" \/>\n<meta property=\"og:type\" content=\"article\" \/>\n<meta property=\"og:title\" content=\"Ideales en venta: vergonzoso acuerdo militar entre Espa\u00f1a e Israel\" \/>\n<meta property=\"og:description\" content=\"Hern\u00e1n Zin, corresponsal de guerra, haci\u00e9ndose eco de las palabras de Gervasio S\u00e1nchez al recibir el premio Ortega y Gasset, denuncia en este art\u00edculo el acuerdo militar que est\u00e1n por firmar los gobiernos de Israel y Espa\u00f1a y que supone el apoyo impl\u00edcito a un ej\u00e9rcito de ocupaci\u00f3n, el israel\u00ed, y una traici\u00f3n a los ideales de la izquierda por parte del gobierno de Zapatero.\" \/>\n<meta property=\"og:url\" content=\"https:\/\/www.pressenza.com\/es\/2009\/10\/ideales-en-ventax-vergonzoso-acuerdo-militar-entre-espana-e-israel\/\" \/>\n<meta property=\"og:site_name\" content=\"Pressenza\" \/>\n<meta property=\"article:publisher\" content=\"https:\/\/www.facebook.com\/PressenzaItalia\" \/>\n<meta property=\"article:author\" content=\"https:\/\/www.facebook.com\/pressenza\" \/>\n<meta property=\"article:published_time\" content=\"2009-10-30T00:00:00+00:00\" \/>\n<meta property=\"article:modified_time\" content=\"2009-11-01T03:03:37+00:00\" \/>\n<meta name=\"author\" content=\"Pressenza IPA\" \/>\n<meta name=\"twitter:card\" content=\"summary_large_image\" \/>\n<meta name=\"twitter:creator\" content=\"@PressenzaIPA\" \/>\n<meta name=\"twitter:site\" content=\"@PressenzaIPA\" \/>\n<meta name=\"twitter:label1\" content=\"Escrito por\" \/>\n\t<meta name=\"twitter:data1\" content=\"Pressenza IPA\" \/>\n\t<meta name=\"twitter:label2\" content=\"Tiempo de lectura\" \/>\n\t<meta name=\"twitter:data2\" content=\"3 minutos\" \/>\n<script type=\"application\/ld+json\" class=\"yoast-schema-graph\">{\"@context\":\"https:\/\/schema.org\",\"@graph\":[{\"@type\":\"Article\",\"@id\":\"https:\/\/www.pressenza.com\/es\/2009\/10\/ideales-en-ventax-vergonzoso-acuerdo-militar-entre-espana-e-israel\/#article\",\"isPartOf\":{\"@id\":\"https:\/\/www.pressenza.com\/es\/2009\/10\/ideales-en-ventax-vergonzoso-acuerdo-militar-entre-espana-e-israel\/\"},\"author\":{\"name\":\"Pressenza IPA\",\"@id\":\"https:\/\/www.pressenza.com\/es\/#\/schema\/person\/010e5d02bcf40965427a1289a4cc8d75\"},\"headline\":\"Ideales en venta: vergonzoso acuerdo militar entre Espa\u00f1a e Israel\",\"datePublished\":\"2009-10-30T00:00:00+00:00\",\"dateModified\":\"2009-11-01T03:03:37+00:00\",\"mainEntityOfPage\":{\"@id\":\"https:\/\/www.pressenza.com\/es\/2009\/10\/ideales-en-ventax-vergonzoso-acuerdo-militar-entre-espana-e-israel\/\"},\"wordCount\":653,\"publisher\":{\"@id\":\"https:\/\/www.pressenza.com\/es\/#organization\"},\"articleSection\":[\"Asuntos internacionales\",\"Europa\",\"Internacional\",\"Opiniones\"],\"inLanguage\":\"es\"},{\"@type\":\"WebPage\",\"@id\":\"https:\/\/www.pressenza.com\/es\/2009\/10\/ideales-en-ventax-vergonzoso-acuerdo-militar-entre-espana-e-israel\/\",\"url\":\"https:\/\/www.pressenza.com\/es\/2009\/10\/ideales-en-ventax-vergonzoso-acuerdo-militar-entre-espana-e-israel\/\",\"name\":\"Ideales en venta: vergonzoso acuerdo militar entre Espa\u00f1a e Israel\",\"isPartOf\":{\"@id\":\"https:\/\/www.pressenza.com\/es\/#website\"},\"datePublished\":\"2009-10-30T00:00:00+00:00\",\"dateModified\":\"2009-11-01T03:03:37+00:00\",\"description\":\"Hern\u00e1n Zin, corresponsal de guerra, haci\u00e9ndose eco de las palabras de Gervasio S\u00e1nchez al recibir el premio Ortega y Gasset, denuncia en este art\u00edculo el acuerdo militar que est\u00e1n por firmar los gobiernos de Israel y Espa\u00f1a y que supone el apoyo impl\u00edcito a un ej\u00e9rcito de ocupaci\u00f3n, el israel\u00ed, y una traici\u00f3n a los ideales de la izquierda por parte del gobierno de Zapatero.\",\"breadcrumb\":{\"@id\":\"https:\/\/www.pressenza.com\/es\/2009\/10\/ideales-en-ventax-vergonzoso-acuerdo-militar-entre-espana-e-israel\/#breadcrumb\"},\"inLanguage\":\"es\",\"potentialAction\":[{\"@type\":\"ReadAction\",\"target\":[\"https:\/\/www.pressenza.com\/es\/2009\/10\/ideales-en-ventax-vergonzoso-acuerdo-militar-entre-espana-e-israel\/\"]}]},{\"@type\":\"BreadcrumbList\",\"@id\":\"https:\/\/www.pressenza.com\/es\/2009\/10\/ideales-en-ventax-vergonzoso-acuerdo-militar-entre-espana-e-israel\/#breadcrumb\",\"itemListElement\":[{\"@type\":\"ListItem\",\"position\":1,\"name\":\"Accueil\",\"item\":\"https:\/\/www.pressenza.com\/es\/\"},{\"@type\":\"ListItem\",\"position\":2,\"name\":\"Ideales en venta: vergonzoso acuerdo militar entre Espa\u00f1a e Israel\"}]},{\"@type\":\"WebSite\",\"@id\":\"https:\/\/www.pressenza.com\/es\/#website\",\"url\":\"https:\/\/www.pressenza.com\/es\/\",\"name\":\"Pressenza\",\"description\":\"International Press Agency\",\"publisher\":{\"@id\":\"https:\/\/www.pressenza.com\/es\/#organization\"},\"potentialAction\":[{\"@type\":\"SearchAction\",\"target\":{\"@type\":\"EntryPoint\",\"urlTemplate\":\"https:\/\/www.pressenza.com\/es\/?s={search_term_string}\"},\"query-input\":{\"@type\":\"PropertyValueSpecification\",\"valueRequired\":true,\"valueName\":\"search_term_string\"}}],\"inLanguage\":\"es\"},{\"@type\":\"Organization\",\"@id\":\"https:\/\/www.pressenza.com\/es\/#organization\",\"name\":\"Pressenza\",\"url\":\"https:\/\/www.pressenza.com\/es\/\",\"logo\":{\"@type\":\"ImageObject\",\"inLanguage\":\"es\",\"@id\":\"https:\/\/www.pressenza.com\/es\/#\/schema\/logo\/image\/\",\"url\":\"https:\/\/www.pressenza.com\/wp-content\/uploads\/2022\/10\/pressenza_logo_200x200.jpg\",\"contentUrl\":\"https:\/\/www.pressenza.com\/wp-content\/uploads\/2022\/10\/pressenza_logo_200x200.jpg\",\"width\":200,\"height\":200,\"caption\":\"Pressenza\"},\"image\":{\"@id\":\"https:\/\/www.pressenza.com\/es\/#\/schema\/logo\/image\/\"},\"sameAs\":[\"https:\/\/www.facebook.com\/PressenzaItalia\",\"https:\/\/x.com\/PressenzaIPA\"]},{\"@type\":\"Person\",\"@id\":\"https:\/\/www.pressenza.com\/es\/#\/schema\/person\/010e5d02bcf40965427a1289a4cc8d75\",\"name\":\"Pressenza IPA\",\"description\":\"News from Pressenza IPA correspondents\",\"sameAs\":[\"https:\/\/www.facebook.com\/pressenza\",\"https:\/\/x.com\/PressenzaIPA\"],\"url\":\"https:\/\/www.pressenza.com\/es\/author\/pressenza-ipa\/\"}]}<\/script>\n<!-- \/ Yoast SEO plugin. -->","yoast_head_json":{"title":"Ideales en venta: vergonzoso acuerdo militar entre Espa\u00f1a e Israel","description":"Hern\u00e1n Zin, corresponsal de guerra, haci\u00e9ndose eco de las palabras de Gervasio S\u00e1nchez al recibir el premio Ortega y Gasset, denuncia en este art\u00edculo el acuerdo militar que est\u00e1n por firmar los gobiernos de Israel y Espa\u00f1a y que supone el apoyo impl\u00edcito a un ej\u00e9rcito de ocupaci\u00f3n, el israel\u00ed, y una traici\u00f3n a los ideales de la izquierda por parte del gobierno de Zapatero.","robots":{"index":"index","follow":"follow","max-snippet":"max-snippet:-1","max-image-preview":"max-image-preview:large","max-video-preview":"max-video-preview:-1"},"canonical":"https:\/\/www.pressenza.com\/es\/2009\/10\/ideales-en-ventax-vergonzoso-acuerdo-militar-entre-espana-e-israel\/","og_locale":"es_ES","og_type":"article","og_title":"Ideales en venta: vergonzoso acuerdo militar entre Espa\u00f1a e Israel","og_description":"Hern\u00e1n Zin, corresponsal de guerra, haci\u00e9ndose eco de las palabras de Gervasio S\u00e1nchez al recibir el premio Ortega y Gasset, denuncia en este art\u00edculo el acuerdo militar que est\u00e1n por firmar los gobiernos de Israel y Espa\u00f1a y que supone el apoyo impl\u00edcito a un ej\u00e9rcito de ocupaci\u00f3n, el israel\u00ed, y una traici\u00f3n a los ideales de la izquierda por parte del gobierno de Zapatero.","og_url":"https:\/\/www.pressenza.com\/es\/2009\/10\/ideales-en-ventax-vergonzoso-acuerdo-militar-entre-espana-e-israel\/","og_site_name":"Pressenza","article_publisher":"https:\/\/www.facebook.com\/PressenzaItalia","article_author":"https:\/\/www.facebook.com\/pressenza","article_published_time":"2009-10-30T00:00:00+00:00","article_modified_time":"2009-11-01T03:03:37+00:00","author":"Pressenza IPA","twitter_card":"summary_large_image","twitter_creator":"@PressenzaIPA","twitter_site":"@PressenzaIPA","twitter_misc":{"Escrito por":"Pressenza IPA","Tiempo de lectura":"3 minutos"},"schema":{"@context":"https:\/\/schema.org","@graph":[{"@type":"Article","@id":"https:\/\/www.pressenza.com\/es\/2009\/10\/ideales-en-ventax-vergonzoso-acuerdo-militar-entre-espana-e-israel\/#article","isPartOf":{"@id":"https:\/\/www.pressenza.com\/es\/2009\/10\/ideales-en-ventax-vergonzoso-acuerdo-militar-entre-espana-e-israel\/"},"author":{"name":"Pressenza IPA","@id":"https:\/\/www.pressenza.com\/es\/#\/schema\/person\/010e5d02bcf40965427a1289a4cc8d75"},"headline":"Ideales en venta: vergonzoso acuerdo militar entre Espa\u00f1a e Israel","datePublished":"2009-10-30T00:00:00+00:00","dateModified":"2009-11-01T03:03:37+00:00","mainEntityOfPage":{"@id":"https:\/\/www.pressenza.com\/es\/2009\/10\/ideales-en-ventax-vergonzoso-acuerdo-militar-entre-espana-e-israel\/"},"wordCount":653,"publisher":{"@id":"https:\/\/www.pressenza.com\/es\/#organization"},"articleSection":["Asuntos internacionales","Europa","Internacional","Opiniones"],"inLanguage":"es"},{"@type":"WebPage","@id":"https:\/\/www.pressenza.com\/es\/2009\/10\/ideales-en-ventax-vergonzoso-acuerdo-militar-entre-espana-e-israel\/","url":"https:\/\/www.pressenza.com\/es\/2009\/10\/ideales-en-ventax-vergonzoso-acuerdo-militar-entre-espana-e-israel\/","name":"Ideales en venta: vergonzoso acuerdo militar entre Espa\u00f1a e Israel","isPartOf":{"@id":"https:\/\/www.pressenza.com\/es\/#website"},"datePublished":"2009-10-30T00:00:00+00:00","dateModified":"2009-11-01T03:03:37+00:00","description":"Hern\u00e1n Zin, corresponsal de guerra, haci\u00e9ndose eco de las palabras de Gervasio S\u00e1nchez al recibir el premio Ortega y Gasset, denuncia en este art\u00edculo el acuerdo militar que est\u00e1n por firmar los gobiernos de Israel y Espa\u00f1a y que supone el apoyo impl\u00edcito a un ej\u00e9rcito de ocupaci\u00f3n, el israel\u00ed, y una traici\u00f3n a los ideales de la izquierda por parte del gobierno de Zapatero.","breadcrumb":{"@id":"https:\/\/www.pressenza.com\/es\/2009\/10\/ideales-en-ventax-vergonzoso-acuerdo-militar-entre-espana-e-israel\/#breadcrumb"},"inLanguage":"es","potentialAction":[{"@type":"ReadAction","target":["https:\/\/www.pressenza.com\/es\/2009\/10\/ideales-en-ventax-vergonzoso-acuerdo-militar-entre-espana-e-israel\/"]}]},{"@type":"BreadcrumbList","@id":"https:\/\/www.pressenza.com\/es\/2009\/10\/ideales-en-ventax-vergonzoso-acuerdo-militar-entre-espana-e-israel\/#breadcrumb","itemListElement":[{"@type":"ListItem","position":1,"name":"Accueil","item":"https:\/\/www.pressenza.com\/es\/"},{"@type":"ListItem","position":2,"name":"Ideales en venta: vergonzoso acuerdo militar entre Espa\u00f1a e Israel"}]},{"@type":"WebSite","@id":"https:\/\/www.pressenza.com\/es\/#website","url":"https:\/\/www.pressenza.com\/es\/","name":"Pressenza","description":"International Press Agency","publisher":{"@id":"https:\/\/www.pressenza.com\/es\/#organization"},"potentialAction":[{"@type":"SearchAction","target":{"@type":"EntryPoint","urlTemplate":"https:\/\/www.pressenza.com\/es\/?s={search_term_string}"},"query-input":{"@type":"PropertyValueSpecification","valueRequired":true,"valueName":"search_term_string"}}],"inLanguage":"es"},{"@type":"Organization","@id":"https:\/\/www.pressenza.com\/es\/#organization","name":"Pressenza","url":"https:\/\/www.pressenza.com\/es\/","logo":{"@type":"ImageObject","inLanguage":"es","@id":"https:\/\/www.pressenza.com\/es\/#\/schema\/logo\/image\/","url":"https:\/\/www.pressenza.com\/wp-content\/uploads\/2022\/10\/pressenza_logo_200x200.jpg","contentUrl":"https:\/\/www.pressenza.com\/wp-content\/uploads\/2022\/10\/pressenza_logo_200x200.jpg","width":200,"height":200,"caption":"Pressenza"},"image":{"@id":"https:\/\/www.pressenza.com\/es\/#\/schema\/logo\/image\/"},"sameAs":["https:\/\/www.facebook.com\/PressenzaItalia","https:\/\/x.com\/PressenzaIPA"]},{"@type":"Person","@id":"https:\/\/www.pressenza.com\/es\/#\/schema\/person\/010e5d02bcf40965427a1289a4cc8d75","name":"Pressenza IPA","description":"News from Pressenza IPA correspondents","sameAs":["https:\/\/www.facebook.com\/pressenza","https:\/\/x.com\/PressenzaIPA"],"url":"https:\/\/www.pressenza.com\/es\/author\/pressenza-ipa\/"}]}},"place":"Madrid","original_article_url":"","_links":{"self":[{"href":"https:\/\/www.pressenza.com\/es\/wp-json\/wp\/v2\/posts\/1983","targetHints":{"allow":["GET"]}}],"collection":[{"href":"https:\/\/www.pressenza.com\/es\/wp-json\/wp\/v2\/posts"}],"about":[{"href":"https:\/\/www.pressenza.com\/es\/wp-json\/wp\/v2\/types\/post"}],"author":[{"embeddable":true,"href":"https:\/\/www.pressenza.com\/es\/wp-json\/wp\/v2\/users\/19"}],"replies":[{"embeddable":true,"href":"https:\/\/www.pressenza.com\/es\/wp-json\/wp\/v2\/comments?post=1983"}],"version-history":[{"count":0,"href":"https:\/\/www.pressenza.com\/es\/wp-json\/wp\/v2\/posts\/1983\/revisions"}],"wp:attachment":[{"href":"https:\/\/www.pressenza.com\/es\/wp-json\/wp\/v2\/media?parent=1983"}],"wp:term":[{"taxonomy":"category","embeddable":true,"href":"https:\/\/www.pressenza.com\/es\/wp-json\/wp\/v2\/categories?post=1983"},{"taxonomy":"post_tag","embeddable":true,"href":"https:\/\/www.pressenza.com\/es\/wp-json\/wp\/v2\/tags?post=1983"}],"curies":[{"name":"wp","href":"https:\/\/api.w.org\/{rel}","templated":true}]}}