{"id":1980,"date":"2009-10-30T00:00:00","date_gmt":"2009-10-30T00:00:00","guid":{"rendered":""},"modified":"2009-10-30T07:59:10","modified_gmt":"2009-10-30T07:59:10","slug":"mexicox-mil-personas-participaron-del-pre-parlamento-de-religiones-del-mundo","status":"publish","type":"post","link":"https:\/\/www.pressenza.com\/es\/2009\/10\/mexicox-mil-personas-participaron-del-pre-parlamento-de-religiones-del-mundo\/","title":{"rendered":"M\u00e9xico: mil personas participaron del Pre-parlamento de Religiones del Mundo"},"content":{"rendered":"<p>Representantes locales de la Marcha Mundial por la Paz y la No-Violencia se hicieron presentes en el Pre-parlamento de Religiones del Mundo realizado el 22 y 23 de octubre en Guadalajara (M\u00e9xico) y cuyo lema fue \u201cEsperanza: Oportunidades del Pluralismo Religioso y Espiritual\u201d. Se trata de un encuentro previo al Parlamento Mundial de Religiones a celebrarse en Melbourne, Australia el 3 y 4 de Diciembre del 2009.<\/p>\n<p>Organizado por  el Consejo del Parlamento de las Religiones del Mundo con Sede en Chicago, en este encuentro se reunieron representantes de las m\u00e1s variadas confesiones religiosas: desde la Tor\u00e1, el rabino Joshua Kullock, desde el Sagrado Cor\u00e1n, el Dr. Brahiman Saganogo, desde los Vedas, Maximiliano Abbendgott y desde el Dhammapada, Rafael Flores De la Longa. <\/p>\n<p>Asimismo, se cont\u00f3 con miembros de la Asamblea Local de la F\u00e9 Bahai, el Cristianismo Cat\u00f3lico Romano (P. Jorge Manzano), del Baghavad Gita (Jaganattha Vallabha) y de la F\u00e9 Yoruba (Babalawo Lic. Roberto de la Pe\u00f1a). <\/p>\n<p>La Fundaci\u00f3n Mundo Sin Guerras y Sin Violencia y la Marcha Mundial en Guadalajara participaron con una mesa informativa en la que se adhirieron participantes y representantes de este espacio de di\u00e1logo interreligioso. A su vez, formaron parte de las mesas de trabajo conformadas por hombres y mujeres con diversas pr\u00e1cticas espirituales y religiosas.<\/p>\n<p>El objetivo del equipo fue  \u201caportar, a nuestras posibilidades, la tarea de impulsar el Di\u00e1logo, bajo el lema \u00b4Todos bajo un mismo cielo\u00b4\u201d en este encuentro que reuni\u00f3 a aproximadamente mil personas y que concluy\u00f3 con la redacci\u00f3n del \u201cManifiesto de la Esperanza\u201d. En \u00e9ste se afirm\u00f3 que la esperanza es \u00abla flor que sue\u00f1a el hombre despierto\u00bb y el \u00abmotor de la acci\u00f3n correcta y verdadera\u00bb.<\/p>\n<p>Antes del cierre, se realiz\u00f3 una ceremonia de bendiciones desde las distintas Religiones. Posteriormente, se mencion\u00f3 un Auditorio colmado el recorrido de la Marcha Mundial, la fecha de arribo a M\u00e9xico y se invit\u00f3 a todos los presentes a sumarse a las actividades. <\/p>\n","protected":false},"excerpt":{"rendered":"<p>El Pre-parlamento de Religiones del Mundo se realiz\u00f3 el 22 y 23 de octubre en Guadalajara (M\u00e9xico) y su lema fue \u201cEsperanza: Oportunidades del Pluralismo Religioso y Espiritual\u201d. En el mismo dialogaron representantes de las m\u00e1s variadas confesiones religiosas.  La Marcha Mundial por la Paz y la No-Violencia se hizo presente en el encuentro.<\/p>\n","protected":false},"author":19,"featured_media":0,"comment_status":"closed","ping_status":"open","sticky":false,"template":"","format":"standard","meta":{"footnotes":""},"categories":[76,39,68],"tags":[],"class_list":["post-1980","post","type-post","status-publish","format-standard","hentry","category-relaciones-exteriores","category-internacional","category-norteamerica"],"yoast_head":"<!-- This site is optimized with the Yoast SEO plugin v27.1.1 - https:\/\/yoast.com\/product\/yoast-seo-wordpress\/ -->\n<title>M\u00e9xico: mil personas participaron del Pre-parlamento de Religiones del Mundo<\/title>\n<meta name=\"description\" content=\"El Pre-parlamento de Religiones del Mundo se realiz\u00f3 el 22 y 23 de octubre en Guadalajara (M\u00e9xico) y su lema fue \u201cEsperanza: Oportunidades del Pluralismo Religioso y Espiritual\u201d. En el mismo dialogaron representantes de las m\u00e1s variadas confesiones religiosas. La Marcha Mundial por la Paz y la No-Violencia se hizo presente en el encuentro.\" \/>\n<meta name=\"robots\" content=\"index, follow, max-snippet:-1, max-image-preview:large, max-video-preview:-1\" \/>\n<link rel=\"canonical\" href=\"https:\/\/www.pressenza.com\/es\/2009\/10\/mexicox-mil-personas-participaron-del-pre-parlamento-de-religiones-del-mundo\/\" \/>\n<meta property=\"og:locale\" content=\"es_ES\" \/>\n<meta property=\"og:type\" content=\"article\" \/>\n<meta property=\"og:title\" content=\"M\u00e9xico: mil personas participaron del Pre-parlamento de Religiones del Mundo\" \/>\n<meta property=\"og:description\" content=\"El Pre-parlamento de Religiones del Mundo se realiz\u00f3 el 22 y 23 de octubre en Guadalajara (M\u00e9xico) y su lema fue \u201cEsperanza: Oportunidades del Pluralismo Religioso y Espiritual\u201d. En el mismo dialogaron representantes de las m\u00e1s variadas confesiones religiosas. La Marcha Mundial por la Paz y la No-Violencia se hizo presente en el encuentro.\" \/>\n<meta property=\"og:url\" content=\"https:\/\/www.pressenza.com\/es\/2009\/10\/mexicox-mil-personas-participaron-del-pre-parlamento-de-religiones-del-mundo\/\" \/>\n<meta property=\"og:site_name\" content=\"Pressenza\" \/>\n<meta property=\"article:publisher\" content=\"https:\/\/www.facebook.com\/PressenzaItalia\" \/>\n<meta property=\"article:author\" content=\"https:\/\/www.facebook.com\/pressenza\" \/>\n<meta property=\"article:published_time\" content=\"2009-10-30T00:00:00+00:00\" \/>\n<meta property=\"article:modified_time\" content=\"2009-10-30T07:59:10+00:00\" \/>\n<meta name=\"author\" content=\"Pressenza IPA\" \/>\n<meta name=\"twitter:card\" content=\"summary_large_image\" \/>\n<meta name=\"twitter:creator\" content=\"@PressenzaIPA\" \/>\n<meta name=\"twitter:site\" content=\"@PressenzaIPA\" \/>\n<meta name=\"twitter:label1\" content=\"Escrito por\" \/>\n\t<meta name=\"twitter:data1\" content=\"Pressenza IPA\" \/>\n\t<meta name=\"twitter:label2\" content=\"Tiempo de lectura\" \/>\n\t<meta name=\"twitter:data2\" content=\"2 minutos\" \/>\n<script type=\"application\/ld+json\" class=\"yoast-schema-graph\">{\"@context\":\"https:\/\/schema.org\",\"@graph\":[{\"@type\":\"Article\",\"@id\":\"https:\/\/www.pressenza.com\/es\/2009\/10\/mexicox-mil-personas-participaron-del-pre-parlamento-de-religiones-del-mundo\/#article\",\"isPartOf\":{\"@id\":\"https:\/\/www.pressenza.com\/es\/2009\/10\/mexicox-mil-personas-participaron-del-pre-parlamento-de-religiones-del-mundo\/\"},\"author\":{\"name\":\"Pressenza IPA\",\"@id\":\"https:\/\/www.pressenza.com\/es\/#\/schema\/person\/010e5d02bcf40965427a1289a4cc8d75\"},\"headline\":\"M\u00e9xico: mil personas participaron del Pre-parlamento de Religiones del Mundo\",\"datePublished\":\"2009-10-30T00:00:00+00:00\",\"dateModified\":\"2009-10-30T07:59:10+00:00\",\"mainEntityOfPage\":{\"@id\":\"https:\/\/www.pressenza.com\/es\/2009\/10\/mexicox-mil-personas-participaron-del-pre-parlamento-de-religiones-del-mundo\/\"},\"wordCount\":342,\"publisher\":{\"@id\":\"https:\/\/www.pressenza.com\/es\/#organization\"},\"articleSection\":[\"Asuntos internacionales\",\"Internacional\",\"Norteam\u00e9rica\"],\"inLanguage\":\"es\"},{\"@type\":\"WebPage\",\"@id\":\"https:\/\/www.pressenza.com\/es\/2009\/10\/mexicox-mil-personas-participaron-del-pre-parlamento-de-religiones-del-mundo\/\",\"url\":\"https:\/\/www.pressenza.com\/es\/2009\/10\/mexicox-mil-personas-participaron-del-pre-parlamento-de-religiones-del-mundo\/\",\"name\":\"M\u00e9xico: mil personas participaron del Pre-parlamento de Religiones del Mundo\",\"isPartOf\":{\"@id\":\"https:\/\/www.pressenza.com\/es\/#website\"},\"datePublished\":\"2009-10-30T00:00:00+00:00\",\"dateModified\":\"2009-10-30T07:59:10+00:00\",\"description\":\"El Pre-parlamento de Religiones del Mundo se realiz\u00f3 el 22 y 23 de octubre en Guadalajara (M\u00e9xico) y su lema fue \u201cEsperanza: Oportunidades del Pluralismo Religioso y Espiritual\u201d. En el mismo dialogaron representantes de las m\u00e1s variadas confesiones religiosas. La Marcha Mundial por la Paz y la No-Violencia se hizo presente en el encuentro.\",\"breadcrumb\":{\"@id\":\"https:\/\/www.pressenza.com\/es\/2009\/10\/mexicox-mil-personas-participaron-del-pre-parlamento-de-religiones-del-mundo\/#breadcrumb\"},\"inLanguage\":\"es\",\"potentialAction\":[{\"@type\":\"ReadAction\",\"target\":[\"https:\/\/www.pressenza.com\/es\/2009\/10\/mexicox-mil-personas-participaron-del-pre-parlamento-de-religiones-del-mundo\/\"]}]},{\"@type\":\"BreadcrumbList\",\"@id\":\"https:\/\/www.pressenza.com\/es\/2009\/10\/mexicox-mil-personas-participaron-del-pre-parlamento-de-religiones-del-mundo\/#breadcrumb\",\"itemListElement\":[{\"@type\":\"ListItem\",\"position\":1,\"name\":\"Accueil\",\"item\":\"https:\/\/www.pressenza.com\/es\/\"},{\"@type\":\"ListItem\",\"position\":2,\"name\":\"M\u00e9xico: mil personas participaron del Pre-parlamento de Religiones del Mundo\"}]},{\"@type\":\"WebSite\",\"@id\":\"https:\/\/www.pressenza.com\/es\/#website\",\"url\":\"https:\/\/www.pressenza.com\/es\/\",\"name\":\"Pressenza\",\"description\":\"International Press Agency\",\"publisher\":{\"@id\":\"https:\/\/www.pressenza.com\/es\/#organization\"},\"potentialAction\":[{\"@type\":\"SearchAction\",\"target\":{\"@type\":\"EntryPoint\",\"urlTemplate\":\"https:\/\/www.pressenza.com\/es\/?s={search_term_string}\"},\"query-input\":{\"@type\":\"PropertyValueSpecification\",\"valueRequired\":true,\"valueName\":\"search_term_string\"}}],\"inLanguage\":\"es\"},{\"@type\":\"Organization\",\"@id\":\"https:\/\/www.pressenza.com\/es\/#organization\",\"name\":\"Pressenza\",\"url\":\"https:\/\/www.pressenza.com\/es\/\",\"logo\":{\"@type\":\"ImageObject\",\"inLanguage\":\"es\",\"@id\":\"https:\/\/www.pressenza.com\/es\/#\/schema\/logo\/image\/\",\"url\":\"https:\/\/www.pressenza.com\/wp-content\/uploads\/2022\/10\/pressenza_logo_200x200.jpg\",\"contentUrl\":\"https:\/\/www.pressenza.com\/wp-content\/uploads\/2022\/10\/pressenza_logo_200x200.jpg\",\"width\":200,\"height\":200,\"caption\":\"Pressenza\"},\"image\":{\"@id\":\"https:\/\/www.pressenza.com\/es\/#\/schema\/logo\/image\/\"},\"sameAs\":[\"https:\/\/www.facebook.com\/PressenzaItalia\",\"https:\/\/x.com\/PressenzaIPA\"]},{\"@type\":\"Person\",\"@id\":\"https:\/\/www.pressenza.com\/es\/#\/schema\/person\/010e5d02bcf40965427a1289a4cc8d75\",\"name\":\"Pressenza IPA\",\"description\":\"News from Pressenza IPA correspondents\",\"sameAs\":[\"https:\/\/www.facebook.com\/pressenza\",\"https:\/\/x.com\/PressenzaIPA\"],\"url\":\"https:\/\/www.pressenza.com\/es\/author\/pressenza-ipa\/\"}]}<\/script>\n<!-- \/ Yoast SEO plugin. -->","yoast_head_json":{"title":"M\u00e9xico: mil personas participaron del Pre-parlamento de Religiones del Mundo","description":"El Pre-parlamento de Religiones del Mundo se realiz\u00f3 el 22 y 23 de octubre en Guadalajara (M\u00e9xico) y su lema fue \u201cEsperanza: Oportunidades del Pluralismo Religioso y Espiritual\u201d. En el mismo dialogaron representantes de las m\u00e1s variadas confesiones religiosas. La Marcha Mundial por la Paz y la No-Violencia se hizo presente en el encuentro.","robots":{"index":"index","follow":"follow","max-snippet":"max-snippet:-1","max-image-preview":"max-image-preview:large","max-video-preview":"max-video-preview:-1"},"canonical":"https:\/\/www.pressenza.com\/es\/2009\/10\/mexicox-mil-personas-participaron-del-pre-parlamento-de-religiones-del-mundo\/","og_locale":"es_ES","og_type":"article","og_title":"M\u00e9xico: mil personas participaron del Pre-parlamento de Religiones del Mundo","og_description":"El Pre-parlamento de Religiones del Mundo se realiz\u00f3 el 22 y 23 de octubre en Guadalajara (M\u00e9xico) y su lema fue \u201cEsperanza: Oportunidades del Pluralismo Religioso y Espiritual\u201d. En el mismo dialogaron representantes de las m\u00e1s variadas confesiones religiosas. La Marcha Mundial por la Paz y la No-Violencia se hizo presente en el encuentro.","og_url":"https:\/\/www.pressenza.com\/es\/2009\/10\/mexicox-mil-personas-participaron-del-pre-parlamento-de-religiones-del-mundo\/","og_site_name":"Pressenza","article_publisher":"https:\/\/www.facebook.com\/PressenzaItalia","article_author":"https:\/\/www.facebook.com\/pressenza","article_published_time":"2009-10-30T00:00:00+00:00","article_modified_time":"2009-10-30T07:59:10+00:00","author":"Pressenza IPA","twitter_card":"summary_large_image","twitter_creator":"@PressenzaIPA","twitter_site":"@PressenzaIPA","twitter_misc":{"Escrito por":"Pressenza IPA","Tiempo de lectura":"2 minutos"},"schema":{"@context":"https:\/\/schema.org","@graph":[{"@type":"Article","@id":"https:\/\/www.pressenza.com\/es\/2009\/10\/mexicox-mil-personas-participaron-del-pre-parlamento-de-religiones-del-mundo\/#article","isPartOf":{"@id":"https:\/\/www.pressenza.com\/es\/2009\/10\/mexicox-mil-personas-participaron-del-pre-parlamento-de-religiones-del-mundo\/"},"author":{"name":"Pressenza IPA","@id":"https:\/\/www.pressenza.com\/es\/#\/schema\/person\/010e5d02bcf40965427a1289a4cc8d75"},"headline":"M\u00e9xico: mil personas participaron del Pre-parlamento de Religiones del Mundo","datePublished":"2009-10-30T00:00:00+00:00","dateModified":"2009-10-30T07:59:10+00:00","mainEntityOfPage":{"@id":"https:\/\/www.pressenza.com\/es\/2009\/10\/mexicox-mil-personas-participaron-del-pre-parlamento-de-religiones-del-mundo\/"},"wordCount":342,"publisher":{"@id":"https:\/\/www.pressenza.com\/es\/#organization"},"articleSection":["Asuntos internacionales","Internacional","Norteam\u00e9rica"],"inLanguage":"es"},{"@type":"WebPage","@id":"https:\/\/www.pressenza.com\/es\/2009\/10\/mexicox-mil-personas-participaron-del-pre-parlamento-de-religiones-del-mundo\/","url":"https:\/\/www.pressenza.com\/es\/2009\/10\/mexicox-mil-personas-participaron-del-pre-parlamento-de-religiones-del-mundo\/","name":"M\u00e9xico: mil personas participaron del Pre-parlamento de Religiones del Mundo","isPartOf":{"@id":"https:\/\/www.pressenza.com\/es\/#website"},"datePublished":"2009-10-30T00:00:00+00:00","dateModified":"2009-10-30T07:59:10+00:00","description":"El Pre-parlamento de Religiones del Mundo se realiz\u00f3 el 22 y 23 de octubre en Guadalajara (M\u00e9xico) y su lema fue \u201cEsperanza: Oportunidades del Pluralismo Religioso y Espiritual\u201d. En el mismo dialogaron representantes de las m\u00e1s variadas confesiones religiosas. La Marcha Mundial por la Paz y la No-Violencia se hizo presente en el encuentro.","breadcrumb":{"@id":"https:\/\/www.pressenza.com\/es\/2009\/10\/mexicox-mil-personas-participaron-del-pre-parlamento-de-religiones-del-mundo\/#breadcrumb"},"inLanguage":"es","potentialAction":[{"@type":"ReadAction","target":["https:\/\/www.pressenza.com\/es\/2009\/10\/mexicox-mil-personas-participaron-del-pre-parlamento-de-religiones-del-mundo\/"]}]},{"@type":"BreadcrumbList","@id":"https:\/\/www.pressenza.com\/es\/2009\/10\/mexicox-mil-personas-participaron-del-pre-parlamento-de-religiones-del-mundo\/#breadcrumb","itemListElement":[{"@type":"ListItem","position":1,"name":"Accueil","item":"https:\/\/www.pressenza.com\/es\/"},{"@type":"ListItem","position":2,"name":"M\u00e9xico: mil personas participaron del Pre-parlamento de Religiones del Mundo"}]},{"@type":"WebSite","@id":"https:\/\/www.pressenza.com\/es\/#website","url":"https:\/\/www.pressenza.com\/es\/","name":"Pressenza","description":"International Press Agency","publisher":{"@id":"https:\/\/www.pressenza.com\/es\/#organization"},"potentialAction":[{"@type":"SearchAction","target":{"@type":"EntryPoint","urlTemplate":"https:\/\/www.pressenza.com\/es\/?s={search_term_string}"},"query-input":{"@type":"PropertyValueSpecification","valueRequired":true,"valueName":"search_term_string"}}],"inLanguage":"es"},{"@type":"Organization","@id":"https:\/\/www.pressenza.com\/es\/#organization","name":"Pressenza","url":"https:\/\/www.pressenza.com\/es\/","logo":{"@type":"ImageObject","inLanguage":"es","@id":"https:\/\/www.pressenza.com\/es\/#\/schema\/logo\/image\/","url":"https:\/\/www.pressenza.com\/wp-content\/uploads\/2022\/10\/pressenza_logo_200x200.jpg","contentUrl":"https:\/\/www.pressenza.com\/wp-content\/uploads\/2022\/10\/pressenza_logo_200x200.jpg","width":200,"height":200,"caption":"Pressenza"},"image":{"@id":"https:\/\/www.pressenza.com\/es\/#\/schema\/logo\/image\/"},"sameAs":["https:\/\/www.facebook.com\/PressenzaItalia","https:\/\/x.com\/PressenzaIPA"]},{"@type":"Person","@id":"https:\/\/www.pressenza.com\/es\/#\/schema\/person\/010e5d02bcf40965427a1289a4cc8d75","name":"Pressenza IPA","description":"News from Pressenza IPA correspondents","sameAs":["https:\/\/www.facebook.com\/pressenza","https:\/\/x.com\/PressenzaIPA"],"url":"https:\/\/www.pressenza.com\/es\/author\/pressenza-ipa\/"}]}},"place":"M\u00e9xico","original_article_url":"","_links":{"self":[{"href":"https:\/\/www.pressenza.com\/es\/wp-json\/wp\/v2\/posts\/1980","targetHints":{"allow":["GET"]}}],"collection":[{"href":"https:\/\/www.pressenza.com\/es\/wp-json\/wp\/v2\/posts"}],"about":[{"href":"https:\/\/www.pressenza.com\/es\/wp-json\/wp\/v2\/types\/post"}],"author":[{"embeddable":true,"href":"https:\/\/www.pressenza.com\/es\/wp-json\/wp\/v2\/users\/19"}],"replies":[{"embeddable":true,"href":"https:\/\/www.pressenza.com\/es\/wp-json\/wp\/v2\/comments?post=1980"}],"version-history":[{"count":0,"href":"https:\/\/www.pressenza.com\/es\/wp-json\/wp\/v2\/posts\/1980\/revisions"}],"wp:attachment":[{"href":"https:\/\/www.pressenza.com\/es\/wp-json\/wp\/v2\/media?parent=1980"}],"wp:term":[{"taxonomy":"category","embeddable":true,"href":"https:\/\/www.pressenza.com\/es\/wp-json\/wp\/v2\/categories?post=1980"},{"taxonomy":"post_tag","embeddable":true,"href":"https:\/\/www.pressenza.com\/es\/wp-json\/wp\/v2\/tags?post=1980"}],"curies":[{"name":"wp","href":"https:\/\/api.w.org\/{rel}","templated":true}]}}