{"id":197781,"date":"2015-06-29T23:16:22","date_gmt":"2015-06-29T22:16:22","guid":{"rendered":"http:\/\/www.pressenza.com\/?p=197781"},"modified":"2015-07-22T21:03:42","modified_gmt":"2015-07-22T20:03:42","slug":"impresionante-y-abrumadora-movilizacion-de-las-antorchas","status":"publish","type":"post","link":"https:\/\/www.pressenza.com\/es\/2015\/06\/impresionante-y-abrumadora-movilizacion-de-las-antorchas\/","title":{"rendered":"Impresionante y abrumadora movilizaci\u00f3n de las antorchas"},"content":{"rendered":"<p>Cincuenta o cien mil, posiblemente m\u00e1s. Dif\u00edcil saber con exactitud cu\u00e1ntos hondure\u00f1os y hondure\u00f1as atendieron esta nueva convocatoria de la denominada \u201cOposici\u00f3n Indignada\u201d, llenando por cuarta vez (algunos dicen quinta) las calles de la capital y de otras ciudades del pa\u00eds.<\/p>\n<p>Exigen, como lo vienen haciendo desde hace casi dos meses, la instalaci\u00f3n inmediata de una Comisi\u00f3n internacional contra la impunidad en Honduras (CICIH) y que el Congreso inicie un juicio pol\u00edtico contra aquellos funcionarios p\u00fablicos -incluyendo al presidente Juan Orlando Hern\u00e1ndez-  responsables del desfalco y la quiebra de la Seguridad Social.<\/p>\n<p>Paralelamente, rechazan un supuesto di\u00e1logo nacional convocado por el presidente Hern\u00e1ndez en Casa Presidencial, aduciendo que se trata de un mon\u00f3logo entre los mismos actores -p\u00fablicos y privados- corresponsables de la grave situaci\u00f3n que est\u00e1 hundiendo al pa\u00eds en la miseria, la violencia, la falta de institucionalidad, la corrupci\u00f3n y la impunidad.<\/p>\n<p>En Tegucigalpa miles de antorchas acompa\u00f1aron a este pueblo indignado, alumbrando el camino hasta llegar en las inmediaciones de la Casa Presidencial, donde ocho j\u00f3venes hondure\u00f1os se han sumado a una huelga de hambre indefinida. Cinco personas m\u00e1s tomaron la misma decisi\u00f3n en San Pedro Sula.<\/p>\n<p>Cobijados por la bandera hondure\u00f1a, los j\u00f3venes indignados brindaron su testimonio.<\/p>\n<p>Cuatro de ellos siguen encerrados detr\u00e1s de unas oprobiosas vallas met\u00e1licas puestas irracionalmente por las fuerzas militares y policiales que resguardan el lugar.<\/p>\n<p>Sentados en peque\u00f1as sillas, con el cuerpo debilitado tras haber cumplido cuatro d\u00edas ingiriendo solamente agua con miel, demostraron su valent\u00eda y su firme intenci\u00f3n de seguir adelante. Atr\u00e1s de ellos cientos de militares y polic\u00edas, amenazando represi\u00f3n y violencia.<\/p>\n<p>Impresionante una fotograf\u00eda divulgada la tarde de ayer, que mostraba el parqueo de la Casa Presidencial repleto de efectivos y cuerpos especiales del ej\u00e9rcito y la polic\u00eda nacional fuertemente armados, tanquetas blindadas y camiones antidisturbios lanza-agua.<\/p>\n<p>Opresi\u00f3n burda, Fuerza bruta<\/p>\n<p>\u201cAqu\u00ed tenemos un pueblo que clama por la justicia, el respeto a la institucionalidad, que exige castigo para los corruptos y el fin de la impunidad. Por el contrario, detr\u00e1s de m\u00ed, est\u00e1 un despliegue militar y policial impresionante y rid\u00edculo al mismo tiempo.<\/p>\n<p>Es el ejemplo claro de la dictadura que estamos viviendo. Desde que nos instalamos hemos venido sufriendo las provocaciones y el acoso constante de militares y polic\u00edas. Pero no importa. Esta lucha es del pueblo, y hoy este pueblo est\u00e1 ac\u00e1 solidariz\u00e1ndose con nosotros.<\/p>\n<p>Esto nos motiva a seguir adelante, aunque f\u00edsicamente agotemos nuestras fuerzas, nuestro esp\u00edritu se fortalece, porque sabemos que somos parte de un pueblo digno, que lo \u00fanico que sue\u00f1a es con una mejor Honduras\u201d, dijo Darwin Gonz\u00e1lez, vocero del Movimiento de los Indignados de Honduras, a la LINyM.<\/p>\n<p>Esta situaci\u00f3n de violaci\u00f3n clara y reiterada de los derechos humanos de los huelguistas y sus acompa\u00f1antes fue constatada y denunciada por diferentes organizaciones de derechos humanos, cuyos representantes son los \u00fanicos que tienen acceso al lugar.<\/p>\n<p>\u201cA la cooperaci\u00f3n internacional pedimos que no sigan financiando a estas instituciones corruptas. \u00bfA qu\u00e9 sirve financiar programas o traer dinero, si al final queda en los bolsillos de los corruptos?<\/p>\n<p>\u201cMientras que el pueblo es cada d\u00eda m\u00e1s pobre, no tiene trabajo, ni acceso a la salud y a la educaci\u00f3n, y vive una situaci\u00f3n de constante inseguridad.<\/p>\n<p>\u201cH\u00e1ganlo a trav\u00e9s de organismos transparentes, pero no a trav\u00e9s de este gobierno corrupto\u201d, alert\u00f3 Miguel Brice\u00f1o, que ha llegado a su quinto d\u00eda de huelga de hambre, durante una entrevista con una organizaci\u00f3n humanitaria danesa.<\/p>\n<p>\u201cNo queremos di\u00e1logo farsa\u201d. \u201cQueremos una CICIH\u201d<\/p>\n<p>Ariel Varela, otro de los huelguistas, confirm\u00f3 que la denominada \u201cOposici\u00f3n Indignada\u201d no quiere un di\u00e1logo con este gobierno, y que est\u00e1 terminando de preparar una propuesta t\u00e9cnica que ser\u00e1 presentada ante las Naciones Unidas para que se instale una CICIH, con plenos poderes de investigaci\u00f3n y judicializaci\u00f3n.<\/p>\n<p>\u201cTanto el supuesto di\u00e1logo, que no es otra cosa que un monologo entre los c\u00f3mplices en actos de corrupci\u00f3n, como esta excesiva militarizaci\u00f3n del lugar, y el mal trato que nos est\u00e1n dando, son una demostraci\u00f3n de la debilidad de este gobierno.<\/p>\n<p>Vamos hasta las \u00faltimas consecuencias y de aqu\u00ed no nos vamos a mover. Estamos firmes en nuestra convicci\u00f3n y tenemos el respaldo de este pueblo digno\u201d, dijo Germ\u00e1n Enrique Ayala, otro joven en huelga de hambre.<\/p>\n<p>Este domingo 28 de junio, sexto aniversario del golpe que en 2009 derroc\u00f3 al presidente Manuel Zelaya, el pueblo hondure\u00f1o volver\u00e1 nuevamente a la calle para recordar y denunciar la ruptura brutal del hilo constitucional.<\/p>\n<p>Para muchos, la dif\u00edcil situaci\u00f3n que hoy en d\u00eda vive Honduras es la consecuencia directa de aquellos tr\u00e1gicos eventos de 2009, que dejaron una institucionalidad hecha pedazos y reposicionaron a los grupos de poder, o grupos f\u00e1cticos, que siguen dominando la pol\u00edtica y la econom\u00eda hondure\u00f1a.<\/p>\n<p><em><br \/>\nFuente: www.alainet.org<\/em><\/p>\n","protected":false},"excerpt":{"rendered":"<p>Cincuenta o cien mil, posiblemente m\u00e1s. Dif\u00edcil saber con exactitud cu\u00e1ntos hondure\u00f1os y hondure\u00f1as atendieron esta nueva convocatoria de la denominada \u201cOposici\u00f3n Indignada\u201d, llenando por cuarta vez (algunos dicen quinta) las calles de la capital y de otras ciudades del&hellip;<\/p>\n","protected":false},"author":1011,"featured_media":197782,"comment_status":"closed","ping_status":"open","sticky":false,"template":"","format":"standard","meta":{"footnotes":""},"categories":[69,161,74],"tags":[7129,394],"class_list":["post-197781","post","type-post","status-publish","format-standard","has-post-thumbnail","hentry","category-america-central","category-opiniones","category-politica-es","tag-movilizaciones","tag-protestas-sociales"],"yoast_head":"<!-- This site is optimized with the Yoast SEO plugin v27.1.1 - https:\/\/yoast.com\/product\/yoast-seo-wordpress\/ -->\n<title>Impresionante y abrumadora movilizaci\u00f3n de las antorchas<\/title>\n<meta name=\"description\" content=\"Cincuenta o cien mil, posiblemente m\u00e1s. Dif\u00edcil saber con exactitud cu\u00e1ntos hondure\u00f1os y hondure\u00f1as atendieron esta nueva convocatoria de la denominada\" \/>\n<meta name=\"robots\" content=\"index, follow, max-snippet:-1, max-image-preview:large, max-video-preview:-1\" \/>\n<link rel=\"canonical\" href=\"https:\/\/www.pressenza.com\/es\/2015\/06\/impresionante-y-abrumadora-movilizacion-de-las-antorchas\/\" \/>\n<meta property=\"og:locale\" content=\"es_ES\" \/>\n<meta property=\"og:type\" content=\"article\" \/>\n<meta property=\"og:title\" content=\"Impresionante y abrumadora movilizaci\u00f3n de las antorchas\" \/>\n<meta property=\"og:description\" content=\"Cincuenta o cien mil, posiblemente m\u00e1s. Dif\u00edcil saber con exactitud cu\u00e1ntos hondure\u00f1os y hondure\u00f1as atendieron esta nueva convocatoria de la denominada\" \/>\n<meta property=\"og:url\" content=\"https:\/\/www.pressenza.com\/es\/2015\/06\/impresionante-y-abrumadora-movilizacion-de-las-antorchas\/\" \/>\n<meta property=\"og:site_name\" content=\"Pressenza\" \/>\n<meta property=\"article:publisher\" content=\"https:\/\/www.facebook.com\/PressenzaItalia\" \/>\n<meta property=\"article:published_time\" content=\"2015-06-29T22:16:22+00:00\" \/>\n<meta property=\"article:modified_time\" content=\"2015-07-22T20:03:42+00:00\" \/>\n<meta property=\"og:image\" content=\"https:\/\/www.pressenza.com\/wp-content\/uploads\/2015\/06\/honduras.jpg\" \/>\n\t<meta property=\"og:image:width\" content=\"1000\" \/>\n\t<meta property=\"og:image:height\" content=\"750\" \/>\n\t<meta property=\"og:image:type\" content=\"image\/jpeg\" \/>\n<meta name=\"author\" content=\"Redacci\u00f3n Ecuador\" \/>\n<meta name=\"twitter:card\" content=\"summary_large_image\" \/>\n<meta name=\"twitter:creator\" content=\"@PressenzaIPA\" \/>\n<meta name=\"twitter:site\" content=\"@PressenzaIPA\" \/>\n<meta name=\"twitter:label1\" content=\"Escrito por\" \/>\n\t<meta name=\"twitter:data1\" content=\"Redacci\u00f3n Ecuador\" \/>\n\t<meta name=\"twitter:label2\" content=\"Tiempo de lectura\" \/>\n\t<meta name=\"twitter:data2\" content=\"4 minutos\" \/>\n<script type=\"application\/ld+json\" class=\"yoast-schema-graph\">{\"@context\":\"https:\/\/schema.org\",\"@graph\":[{\"@type\":\"Article\",\"@id\":\"https:\/\/www.pressenza.com\/es\/2015\/06\/impresionante-y-abrumadora-movilizacion-de-las-antorchas\/#article\",\"isPartOf\":{\"@id\":\"https:\/\/www.pressenza.com\/es\/2015\/06\/impresionante-y-abrumadora-movilizacion-de-las-antorchas\/\"},\"author\":{\"name\":\"Redacci\u00f3n Ecuador\",\"@id\":\"https:\/\/www.pressenza.com\/es\/#\/schema\/person\/883a735c40665759bcc6fe0c26bcb46f\"},\"headline\":\"Impresionante y abrumadora movilizaci\u00f3n de las antorchas\",\"datePublished\":\"2015-06-29T22:16:22+00:00\",\"dateModified\":\"2015-07-22T20:03:42+00:00\",\"mainEntityOfPage\":{\"@id\":\"https:\/\/www.pressenza.com\/es\/2015\/06\/impresionante-y-abrumadora-movilizacion-de-las-antorchas\/\"},\"wordCount\":879,\"publisher\":{\"@id\":\"https:\/\/www.pressenza.com\/es\/#organization\"},\"image\":{\"@id\":\"https:\/\/www.pressenza.com\/es\/2015\/06\/impresionante-y-abrumadora-movilizacion-de-las-antorchas\/#primaryimage\"},\"thumbnailUrl\":\"https:\/\/www.pressenza.com\/wp-content\/uploads\/2015\/06\/honduras.jpg\",\"keywords\":[\"Movilizaciones\",\"protestas sociales\"],\"articleSection\":[\"Am\u00e9rica Central\",\"Opiniones\",\"Pol\u00edtica\"],\"inLanguage\":\"es\"},{\"@type\":\"WebPage\",\"@id\":\"https:\/\/www.pressenza.com\/es\/2015\/06\/impresionante-y-abrumadora-movilizacion-de-las-antorchas\/\",\"url\":\"https:\/\/www.pressenza.com\/es\/2015\/06\/impresionante-y-abrumadora-movilizacion-de-las-antorchas\/\",\"name\":\"Impresionante y abrumadora movilizaci\u00f3n de las antorchas\",\"isPartOf\":{\"@id\":\"https:\/\/www.pressenza.com\/es\/#website\"},\"primaryImageOfPage\":{\"@id\":\"https:\/\/www.pressenza.com\/es\/2015\/06\/impresionante-y-abrumadora-movilizacion-de-las-antorchas\/#primaryimage\"},\"image\":{\"@id\":\"https:\/\/www.pressenza.com\/es\/2015\/06\/impresionante-y-abrumadora-movilizacion-de-las-antorchas\/#primaryimage\"},\"thumbnailUrl\":\"https:\/\/www.pressenza.com\/wp-content\/uploads\/2015\/06\/honduras.jpg\",\"datePublished\":\"2015-06-29T22:16:22+00:00\",\"dateModified\":\"2015-07-22T20:03:42+00:00\",\"description\":\"Cincuenta o cien mil, posiblemente m\u00e1s. Dif\u00edcil saber con exactitud cu\u00e1ntos hondure\u00f1os y hondure\u00f1as atendieron esta nueva convocatoria de la denominada\",\"breadcrumb\":{\"@id\":\"https:\/\/www.pressenza.com\/es\/2015\/06\/impresionante-y-abrumadora-movilizacion-de-las-antorchas\/#breadcrumb\"},\"inLanguage\":\"es\",\"potentialAction\":[{\"@type\":\"ReadAction\",\"target\":[\"https:\/\/www.pressenza.com\/es\/2015\/06\/impresionante-y-abrumadora-movilizacion-de-las-antorchas\/\"]}]},{\"@type\":\"ImageObject\",\"inLanguage\":\"es\",\"@id\":\"https:\/\/www.pressenza.com\/es\/2015\/06\/impresionante-y-abrumadora-movilizacion-de-las-antorchas\/#primaryimage\",\"url\":\"https:\/\/www.pressenza.com\/wp-content\/uploads\/2015\/06\/honduras.jpg\",\"contentUrl\":\"https:\/\/www.pressenza.com\/wp-content\/uploads\/2015\/06\/honduras.jpg\",\"width\":1000,\"height\":750},{\"@type\":\"BreadcrumbList\",\"@id\":\"https:\/\/www.pressenza.com\/es\/2015\/06\/impresionante-y-abrumadora-movilizacion-de-las-antorchas\/#breadcrumb\",\"itemListElement\":[{\"@type\":\"ListItem\",\"position\":1,\"name\":\"Accueil\",\"item\":\"https:\/\/www.pressenza.com\/es\/\"},{\"@type\":\"ListItem\",\"position\":2,\"name\":\"Impresionante y abrumadora movilizaci\u00f3n de las antorchas\"}]},{\"@type\":\"WebSite\",\"@id\":\"https:\/\/www.pressenza.com\/es\/#website\",\"url\":\"https:\/\/www.pressenza.com\/es\/\",\"name\":\"Pressenza\",\"description\":\"International Press Agency\",\"publisher\":{\"@id\":\"https:\/\/www.pressenza.com\/es\/#organization\"},\"potentialAction\":[{\"@type\":\"SearchAction\",\"target\":{\"@type\":\"EntryPoint\",\"urlTemplate\":\"https:\/\/www.pressenza.com\/es\/?s={search_term_string}\"},\"query-input\":{\"@type\":\"PropertyValueSpecification\",\"valueRequired\":true,\"valueName\":\"search_term_string\"}}],\"inLanguage\":\"es\"},{\"@type\":\"Organization\",\"@id\":\"https:\/\/www.pressenza.com\/es\/#organization\",\"name\":\"Pressenza\",\"url\":\"https:\/\/www.pressenza.com\/es\/\",\"logo\":{\"@type\":\"ImageObject\",\"inLanguage\":\"es\",\"@id\":\"https:\/\/www.pressenza.com\/es\/#\/schema\/logo\/image\/\",\"url\":\"https:\/\/www.pressenza.com\/wp-content\/uploads\/2022\/10\/pressenza_logo_200x200.jpg\",\"contentUrl\":\"https:\/\/www.pressenza.com\/wp-content\/uploads\/2022\/10\/pressenza_logo_200x200.jpg\",\"width\":200,\"height\":200,\"caption\":\"Pressenza\"},\"image\":{\"@id\":\"https:\/\/www.pressenza.com\/es\/#\/schema\/logo\/image\/\"},\"sameAs\":[\"https:\/\/www.facebook.com\/PressenzaItalia\",\"https:\/\/x.com\/PressenzaIPA\"]},{\"@type\":\"Person\",\"@id\":\"https:\/\/www.pressenza.com\/es\/#\/schema\/person\/883a735c40665759bcc6fe0c26bcb46f\",\"name\":\"Redacci\u00f3n Ecuador\",\"description\":\"News published by the Pressenza bureau in Quito, Ecuador\",\"url\":\"https:\/\/www.pressenza.com\/es\/author\/redaccion-ecuador\/\"}]}<\/script>\n<!-- \/ Yoast SEO plugin. -->","yoast_head_json":{"title":"Impresionante y abrumadora movilizaci\u00f3n de las antorchas","description":"Cincuenta o cien mil, posiblemente m\u00e1s. Dif\u00edcil saber con exactitud cu\u00e1ntos hondure\u00f1os y hondure\u00f1as atendieron esta nueva convocatoria de la denominada","robots":{"index":"index","follow":"follow","max-snippet":"max-snippet:-1","max-image-preview":"max-image-preview:large","max-video-preview":"max-video-preview:-1"},"canonical":"https:\/\/www.pressenza.com\/es\/2015\/06\/impresionante-y-abrumadora-movilizacion-de-las-antorchas\/","og_locale":"es_ES","og_type":"article","og_title":"Impresionante y abrumadora movilizaci\u00f3n de las antorchas","og_description":"Cincuenta o cien mil, posiblemente m\u00e1s. Dif\u00edcil saber con exactitud cu\u00e1ntos hondure\u00f1os y hondure\u00f1as atendieron esta nueva convocatoria de la denominada","og_url":"https:\/\/www.pressenza.com\/es\/2015\/06\/impresionante-y-abrumadora-movilizacion-de-las-antorchas\/","og_site_name":"Pressenza","article_publisher":"https:\/\/www.facebook.com\/PressenzaItalia","article_published_time":"2015-06-29T22:16:22+00:00","article_modified_time":"2015-07-22T20:03:42+00:00","og_image":[{"width":1000,"height":750,"url":"https:\/\/www.pressenza.com\/wp-content\/uploads\/2015\/06\/honduras.jpg","type":"image\/jpeg"}],"author":"Redacci\u00f3n Ecuador","twitter_card":"summary_large_image","twitter_creator":"@PressenzaIPA","twitter_site":"@PressenzaIPA","twitter_misc":{"Escrito por":"Redacci\u00f3n Ecuador","Tiempo de lectura":"4 minutos"},"schema":{"@context":"https:\/\/schema.org","@graph":[{"@type":"Article","@id":"https:\/\/www.pressenza.com\/es\/2015\/06\/impresionante-y-abrumadora-movilizacion-de-las-antorchas\/#article","isPartOf":{"@id":"https:\/\/www.pressenza.com\/es\/2015\/06\/impresionante-y-abrumadora-movilizacion-de-las-antorchas\/"},"author":{"name":"Redacci\u00f3n Ecuador","@id":"https:\/\/www.pressenza.com\/es\/#\/schema\/person\/883a735c40665759bcc6fe0c26bcb46f"},"headline":"Impresionante y abrumadora movilizaci\u00f3n de las antorchas","datePublished":"2015-06-29T22:16:22+00:00","dateModified":"2015-07-22T20:03:42+00:00","mainEntityOfPage":{"@id":"https:\/\/www.pressenza.com\/es\/2015\/06\/impresionante-y-abrumadora-movilizacion-de-las-antorchas\/"},"wordCount":879,"publisher":{"@id":"https:\/\/www.pressenza.com\/es\/#organization"},"image":{"@id":"https:\/\/www.pressenza.com\/es\/2015\/06\/impresionante-y-abrumadora-movilizacion-de-las-antorchas\/#primaryimage"},"thumbnailUrl":"https:\/\/www.pressenza.com\/wp-content\/uploads\/2015\/06\/honduras.jpg","keywords":["Movilizaciones","protestas sociales"],"articleSection":["Am\u00e9rica Central","Opiniones","Pol\u00edtica"],"inLanguage":"es"},{"@type":"WebPage","@id":"https:\/\/www.pressenza.com\/es\/2015\/06\/impresionante-y-abrumadora-movilizacion-de-las-antorchas\/","url":"https:\/\/www.pressenza.com\/es\/2015\/06\/impresionante-y-abrumadora-movilizacion-de-las-antorchas\/","name":"Impresionante y abrumadora movilizaci\u00f3n de las antorchas","isPartOf":{"@id":"https:\/\/www.pressenza.com\/es\/#website"},"primaryImageOfPage":{"@id":"https:\/\/www.pressenza.com\/es\/2015\/06\/impresionante-y-abrumadora-movilizacion-de-las-antorchas\/#primaryimage"},"image":{"@id":"https:\/\/www.pressenza.com\/es\/2015\/06\/impresionante-y-abrumadora-movilizacion-de-las-antorchas\/#primaryimage"},"thumbnailUrl":"https:\/\/www.pressenza.com\/wp-content\/uploads\/2015\/06\/honduras.jpg","datePublished":"2015-06-29T22:16:22+00:00","dateModified":"2015-07-22T20:03:42+00:00","description":"Cincuenta o cien mil, posiblemente m\u00e1s. Dif\u00edcil saber con exactitud cu\u00e1ntos hondure\u00f1os y hondure\u00f1as atendieron esta nueva convocatoria de la denominada","breadcrumb":{"@id":"https:\/\/www.pressenza.com\/es\/2015\/06\/impresionante-y-abrumadora-movilizacion-de-las-antorchas\/#breadcrumb"},"inLanguage":"es","potentialAction":[{"@type":"ReadAction","target":["https:\/\/www.pressenza.com\/es\/2015\/06\/impresionante-y-abrumadora-movilizacion-de-las-antorchas\/"]}]},{"@type":"ImageObject","inLanguage":"es","@id":"https:\/\/www.pressenza.com\/es\/2015\/06\/impresionante-y-abrumadora-movilizacion-de-las-antorchas\/#primaryimage","url":"https:\/\/www.pressenza.com\/wp-content\/uploads\/2015\/06\/honduras.jpg","contentUrl":"https:\/\/www.pressenza.com\/wp-content\/uploads\/2015\/06\/honduras.jpg","width":1000,"height":750},{"@type":"BreadcrumbList","@id":"https:\/\/www.pressenza.com\/es\/2015\/06\/impresionante-y-abrumadora-movilizacion-de-las-antorchas\/#breadcrumb","itemListElement":[{"@type":"ListItem","position":1,"name":"Accueil","item":"https:\/\/www.pressenza.com\/es\/"},{"@type":"ListItem","position":2,"name":"Impresionante y abrumadora movilizaci\u00f3n de las antorchas"}]},{"@type":"WebSite","@id":"https:\/\/www.pressenza.com\/es\/#website","url":"https:\/\/www.pressenza.com\/es\/","name":"Pressenza","description":"International Press Agency","publisher":{"@id":"https:\/\/www.pressenza.com\/es\/#organization"},"potentialAction":[{"@type":"SearchAction","target":{"@type":"EntryPoint","urlTemplate":"https:\/\/www.pressenza.com\/es\/?s={search_term_string}"},"query-input":{"@type":"PropertyValueSpecification","valueRequired":true,"valueName":"search_term_string"}}],"inLanguage":"es"},{"@type":"Organization","@id":"https:\/\/www.pressenza.com\/es\/#organization","name":"Pressenza","url":"https:\/\/www.pressenza.com\/es\/","logo":{"@type":"ImageObject","inLanguage":"es","@id":"https:\/\/www.pressenza.com\/es\/#\/schema\/logo\/image\/","url":"https:\/\/www.pressenza.com\/wp-content\/uploads\/2022\/10\/pressenza_logo_200x200.jpg","contentUrl":"https:\/\/www.pressenza.com\/wp-content\/uploads\/2022\/10\/pressenza_logo_200x200.jpg","width":200,"height":200,"caption":"Pressenza"},"image":{"@id":"https:\/\/www.pressenza.com\/es\/#\/schema\/logo\/image\/"},"sameAs":["https:\/\/www.facebook.com\/PressenzaItalia","https:\/\/x.com\/PressenzaIPA"]},{"@type":"Person","@id":"https:\/\/www.pressenza.com\/es\/#\/schema\/person\/883a735c40665759bcc6fe0c26bcb46f","name":"Redacci\u00f3n Ecuador","description":"News published by the Pressenza bureau in Quito, Ecuador","url":"https:\/\/www.pressenza.com\/es\/author\/redaccion-ecuador\/"}]}},"place":"Tegucigalpa","original_article_url":"","_links":{"self":[{"href":"https:\/\/www.pressenza.com\/es\/wp-json\/wp\/v2\/posts\/197781","targetHints":{"allow":["GET"]}}],"collection":[{"href":"https:\/\/www.pressenza.com\/es\/wp-json\/wp\/v2\/posts"}],"about":[{"href":"https:\/\/www.pressenza.com\/es\/wp-json\/wp\/v2\/types\/post"}],"author":[{"embeddable":true,"href":"https:\/\/www.pressenza.com\/es\/wp-json\/wp\/v2\/users\/1011"}],"replies":[{"embeddable":true,"href":"https:\/\/www.pressenza.com\/es\/wp-json\/wp\/v2\/comments?post=197781"}],"version-history":[{"count":0,"href":"https:\/\/www.pressenza.com\/es\/wp-json\/wp\/v2\/posts\/197781\/revisions"}],"wp:featuredmedia":[{"embeddable":true,"href":"https:\/\/www.pressenza.com\/es\/wp-json\/wp\/v2\/media\/197782"}],"wp:attachment":[{"href":"https:\/\/www.pressenza.com\/es\/wp-json\/wp\/v2\/media?parent=197781"}],"wp:term":[{"taxonomy":"category","embeddable":true,"href":"https:\/\/www.pressenza.com\/es\/wp-json\/wp\/v2\/categories?post=197781"},{"taxonomy":"post_tag","embeddable":true,"href":"https:\/\/www.pressenza.com\/es\/wp-json\/wp\/v2\/tags?post=197781"}],"curies":[{"name":"wp","href":"https:\/\/api.w.org\/{rel}","templated":true}]}}