{"id":1974,"date":"2009-10-27T00:00:00","date_gmt":"2009-10-27T00:00:00","guid":{"rendered":""},"modified":"2009-10-29T21:01:43","modified_gmt":"2009-10-29T21:01:43","slug":"protesta-con-carros-de-supermercado-en-rio-de-janeiro-para-exigir-la-paz","status":"publish","type":"post","link":"https:\/\/www.pressenza.com\/es\/2009\/10\/protesta-con-carros-de-supermercado-en-rio-de-janeiro-para-exigir-la-paz\/","title":{"rendered":"Protesta con carros de supermercado en R\u00edo de Janeiro para exigir la paz"},"content":{"rendered":"<p>Una manifestaci\u00f3n de gran impacto paraliz\u00f3 la semana pasada el barrio de Copacabana, en R\u00edo de Janeiro. Decenas de manifestantes, vestidos de negro, empujaban a otros integrantes del mismo movimiento que se encontraban dentro de veinte carros de supermercado. La escena representaba el episodio en que una persona muerta en la guerra del tr\u00e1fico hab\u00eda sido abandonada dentro de un carro de la compra en uno de los accesos al Morro dos Macacos, a principios de la semana pasada.<br \/>\n*\u00bbEstamos reproduciendo aquella escena emblem\u00e1tica, aquel cuerpo dentro de un carro de supermercado, ante personas indiferentes que ya no son capaces de llorar por ese tipo de tragedia. En otras naciones, eso hubiera representado a millones de personas protestando en la calle\u00bb*, dice el coordinador ejecutivo del movimiento R\u00edo de Paz, Ant\u00f4nio Carlos Costa.<\/p>\n<p>Al frente del cortejo, segu\u00eda un carro con la bandera brasile\u00f1a, otra que recordaba el logotipo de las olimpiadas, y una pancarta con el nombre de la protesta: \u00abMercanc\u00eda Barata\u00bb. *\u00bbQueremos que se celebren las olimp\u00edadas de 2016 en R\u00edo de Janeiro, estamos felices con ese acontecimiento, pero no vamos a permitir que se construyan estadios de f\u00fatbol antes que escuelas y hospitales. Necesitamos prioritariamente llevar la dignidad a la poblaci\u00f3n necesitada de R\u00edo de Janeiro\u00bb*, expres\u00f3 Costa.<\/p>\n<p>Seg\u00fan el coordinador, los veinte carros representan las 20.000 muertes violentas ocurridas en el Estado de R\u00edo entre enero de 2007 y septiembre de 2009. Los organizadores sumaron los datos del Instituto de Seguridad P\u00fablica (ISP) relativos a latrocinio, homicidio doloso, autos de resistencia y muertes de polic\u00edas.<\/p>\n<p>Traducci\u00f3n: Pilar Royo<\/p>\n","protected":false},"excerpt":{"rendered":"<p>El movimiento R\u00edo de Paz llev\u00f3 a cabo el d\u00eda 24, en la playa de Copacabana, una protesta contra la violencia que se ha extendido a diversos puntos de la capital fluminense. Ant\u00f4nio Carlos Costa, coordinador del evento, solicit\u00f3 que los gobiernos prioricen las inversiones en las \u00e1reas sociales y en proyectos orientados hacia los j\u00f3venes, antes de pensar en las olimpiadas<\/p>\n","protected":false},"author":19,"featured_media":0,"comment_status":"closed","ping_status":"open","sticky":false,"template":"","format":"standard","meta":{"footnotes":""},"categories":[75,39,67],"tags":[],"class_list":["post-1974","post","type-post","status-publish","format-standard","hentry","category-cultura-es","category-internacional","category-sudamerica"],"yoast_head":"<!-- This site is optimized with the Yoast SEO plugin v27.1.1 - https:\/\/yoast.com\/product\/yoast-seo-wordpress\/ -->\n<title>Protesta con carros de supermercado en R\u00edo de Janeiro para exigir la paz<\/title>\n<meta name=\"description\" content=\"El movimiento R\u00edo de Paz llev\u00f3 a cabo el d\u00eda 24, en la playa de Copacabana, una protesta contra la violencia que se ha extendido a diversos puntos de la capital fluminense. Ant\u00f4nio Carlos Costa, coordinador del evento, solicit\u00f3 que los gobiernos prioricen las inversiones en las \u00e1reas sociales y en proyectos orientados hacia los j\u00f3venes, antes de pensar en las olimpiadas\" \/>\n<meta name=\"robots\" content=\"index, follow, max-snippet:-1, max-image-preview:large, max-video-preview:-1\" \/>\n<link rel=\"canonical\" href=\"https:\/\/www.pressenza.com\/es\/2009\/10\/protesta-con-carros-de-supermercado-en-rio-de-janeiro-para-exigir-la-paz\/\" \/>\n<meta property=\"og:locale\" content=\"es_ES\" \/>\n<meta property=\"og:type\" content=\"article\" \/>\n<meta property=\"og:title\" content=\"Protesta con carros de supermercado en R\u00edo de Janeiro para exigir la paz\" \/>\n<meta property=\"og:description\" content=\"El movimiento R\u00edo de Paz llev\u00f3 a cabo el d\u00eda 24, en la playa de Copacabana, una protesta contra la violencia que se ha extendido a diversos puntos de la capital fluminense. Ant\u00f4nio Carlos Costa, coordinador del evento, solicit\u00f3 que los gobiernos prioricen las inversiones en las \u00e1reas sociales y en proyectos orientados hacia los j\u00f3venes, antes de pensar en las olimpiadas\" \/>\n<meta property=\"og:url\" content=\"https:\/\/www.pressenza.com\/es\/2009\/10\/protesta-con-carros-de-supermercado-en-rio-de-janeiro-para-exigir-la-paz\/\" \/>\n<meta property=\"og:site_name\" content=\"Pressenza\" \/>\n<meta property=\"article:publisher\" content=\"https:\/\/www.facebook.com\/PressenzaItalia\" \/>\n<meta property=\"article:author\" content=\"https:\/\/www.facebook.com\/pressenza\" \/>\n<meta property=\"article:published_time\" content=\"2009-10-27T00:00:00+00:00\" \/>\n<meta property=\"article:modified_time\" content=\"2009-10-29T21:01:43+00:00\" \/>\n<meta name=\"author\" content=\"Pressenza IPA\" \/>\n<meta name=\"twitter:card\" content=\"summary_large_image\" \/>\n<meta name=\"twitter:creator\" content=\"@PressenzaIPA\" \/>\n<meta name=\"twitter:site\" content=\"@PressenzaIPA\" \/>\n<meta name=\"twitter:label1\" content=\"Escrito por\" \/>\n\t<meta name=\"twitter:data1\" content=\"Pressenza IPA\" \/>\n\t<meta name=\"twitter:label2\" content=\"Tiempo de lectura\" \/>\n\t<meta name=\"twitter:data2\" content=\"1 minuto\" \/>\n<script type=\"application\/ld+json\" class=\"yoast-schema-graph\">{\"@context\":\"https:\/\/schema.org\",\"@graph\":[{\"@type\":\"Article\",\"@id\":\"https:\/\/www.pressenza.com\/es\/2009\/10\/protesta-con-carros-de-supermercado-en-rio-de-janeiro-para-exigir-la-paz\/#article\",\"isPartOf\":{\"@id\":\"https:\/\/www.pressenza.com\/es\/2009\/10\/protesta-con-carros-de-supermercado-en-rio-de-janeiro-para-exigir-la-paz\/\"},\"author\":{\"name\":\"Pressenza IPA\",\"@id\":\"https:\/\/www.pressenza.com\/es\/#\/schema\/person\/010e5d02bcf40965427a1289a4cc8d75\"},\"headline\":\"Protesta con carros de supermercado en R\u00edo de Janeiro para exigir la paz\",\"datePublished\":\"2009-10-27T00:00:00+00:00\",\"dateModified\":\"2009-10-29T21:01:43+00:00\",\"mainEntityOfPage\":{\"@id\":\"https:\/\/www.pressenza.com\/es\/2009\/10\/protesta-con-carros-de-supermercado-en-rio-de-janeiro-para-exigir-la-paz\/\"},\"wordCount\":292,\"publisher\":{\"@id\":\"https:\/\/www.pressenza.com\/es\/#organization\"},\"articleSection\":[\"Cultura y Medios\",\"Internacional\",\"Sudam\u00e9rica\"],\"inLanguage\":\"es\"},{\"@type\":\"WebPage\",\"@id\":\"https:\/\/www.pressenza.com\/es\/2009\/10\/protesta-con-carros-de-supermercado-en-rio-de-janeiro-para-exigir-la-paz\/\",\"url\":\"https:\/\/www.pressenza.com\/es\/2009\/10\/protesta-con-carros-de-supermercado-en-rio-de-janeiro-para-exigir-la-paz\/\",\"name\":\"Protesta con carros de supermercado en R\u00edo de Janeiro para exigir la paz\",\"isPartOf\":{\"@id\":\"https:\/\/www.pressenza.com\/es\/#website\"},\"datePublished\":\"2009-10-27T00:00:00+00:00\",\"dateModified\":\"2009-10-29T21:01:43+00:00\",\"description\":\"El movimiento R\u00edo de Paz llev\u00f3 a cabo el d\u00eda 24, en la playa de Copacabana, una protesta contra la violencia que se ha extendido a diversos puntos de la capital fluminense. Ant\u00f4nio Carlos Costa, coordinador del evento, solicit\u00f3 que los gobiernos prioricen las inversiones en las \u00e1reas sociales y en proyectos orientados hacia los j\u00f3venes, antes de pensar en las olimpiadas\",\"breadcrumb\":{\"@id\":\"https:\/\/www.pressenza.com\/es\/2009\/10\/protesta-con-carros-de-supermercado-en-rio-de-janeiro-para-exigir-la-paz\/#breadcrumb\"},\"inLanguage\":\"es\",\"potentialAction\":[{\"@type\":\"ReadAction\",\"target\":[\"https:\/\/www.pressenza.com\/es\/2009\/10\/protesta-con-carros-de-supermercado-en-rio-de-janeiro-para-exigir-la-paz\/\"]}]},{\"@type\":\"BreadcrumbList\",\"@id\":\"https:\/\/www.pressenza.com\/es\/2009\/10\/protesta-con-carros-de-supermercado-en-rio-de-janeiro-para-exigir-la-paz\/#breadcrumb\",\"itemListElement\":[{\"@type\":\"ListItem\",\"position\":1,\"name\":\"Accueil\",\"item\":\"https:\/\/www.pressenza.com\/es\/\"},{\"@type\":\"ListItem\",\"position\":2,\"name\":\"Protesta con carros de supermercado en R\u00edo de Janeiro para exigir la paz\"}]},{\"@type\":\"WebSite\",\"@id\":\"https:\/\/www.pressenza.com\/es\/#website\",\"url\":\"https:\/\/www.pressenza.com\/es\/\",\"name\":\"Pressenza\",\"description\":\"International Press Agency\",\"publisher\":{\"@id\":\"https:\/\/www.pressenza.com\/es\/#organization\"},\"potentialAction\":[{\"@type\":\"SearchAction\",\"target\":{\"@type\":\"EntryPoint\",\"urlTemplate\":\"https:\/\/www.pressenza.com\/es\/?s={search_term_string}\"},\"query-input\":{\"@type\":\"PropertyValueSpecification\",\"valueRequired\":true,\"valueName\":\"search_term_string\"}}],\"inLanguage\":\"es\"},{\"@type\":\"Organization\",\"@id\":\"https:\/\/www.pressenza.com\/es\/#organization\",\"name\":\"Pressenza\",\"url\":\"https:\/\/www.pressenza.com\/es\/\",\"logo\":{\"@type\":\"ImageObject\",\"inLanguage\":\"es\",\"@id\":\"https:\/\/www.pressenza.com\/es\/#\/schema\/logo\/image\/\",\"url\":\"https:\/\/www.pressenza.com\/wp-content\/uploads\/2022\/10\/pressenza_logo_200x200.jpg\",\"contentUrl\":\"https:\/\/www.pressenza.com\/wp-content\/uploads\/2022\/10\/pressenza_logo_200x200.jpg\",\"width\":200,\"height\":200,\"caption\":\"Pressenza\"},\"image\":{\"@id\":\"https:\/\/www.pressenza.com\/es\/#\/schema\/logo\/image\/\"},\"sameAs\":[\"https:\/\/www.facebook.com\/PressenzaItalia\",\"https:\/\/x.com\/PressenzaIPA\"]},{\"@type\":\"Person\",\"@id\":\"https:\/\/www.pressenza.com\/es\/#\/schema\/person\/010e5d02bcf40965427a1289a4cc8d75\",\"name\":\"Pressenza IPA\",\"description\":\"News from Pressenza IPA correspondents\",\"sameAs\":[\"https:\/\/www.facebook.com\/pressenza\",\"https:\/\/x.com\/PressenzaIPA\"],\"url\":\"https:\/\/www.pressenza.com\/es\/author\/pressenza-ipa\/\"}]}<\/script>\n<!-- \/ Yoast SEO plugin. -->","yoast_head_json":{"title":"Protesta con carros de supermercado en R\u00edo de Janeiro para exigir la paz","description":"El movimiento R\u00edo de Paz llev\u00f3 a cabo el d\u00eda 24, en la playa de Copacabana, una protesta contra la violencia que se ha extendido a diversos puntos de la capital fluminense. Ant\u00f4nio Carlos Costa, coordinador del evento, solicit\u00f3 que los gobiernos prioricen las inversiones en las \u00e1reas sociales y en proyectos orientados hacia los j\u00f3venes, antes de pensar en las olimpiadas","robots":{"index":"index","follow":"follow","max-snippet":"max-snippet:-1","max-image-preview":"max-image-preview:large","max-video-preview":"max-video-preview:-1"},"canonical":"https:\/\/www.pressenza.com\/es\/2009\/10\/protesta-con-carros-de-supermercado-en-rio-de-janeiro-para-exigir-la-paz\/","og_locale":"es_ES","og_type":"article","og_title":"Protesta con carros de supermercado en R\u00edo de Janeiro para exigir la paz","og_description":"El movimiento R\u00edo de Paz llev\u00f3 a cabo el d\u00eda 24, en la playa de Copacabana, una protesta contra la violencia que se ha extendido a diversos puntos de la capital fluminense. Ant\u00f4nio Carlos Costa, coordinador del evento, solicit\u00f3 que los gobiernos prioricen las inversiones en las \u00e1reas sociales y en proyectos orientados hacia los j\u00f3venes, antes de pensar en las olimpiadas","og_url":"https:\/\/www.pressenza.com\/es\/2009\/10\/protesta-con-carros-de-supermercado-en-rio-de-janeiro-para-exigir-la-paz\/","og_site_name":"Pressenza","article_publisher":"https:\/\/www.facebook.com\/PressenzaItalia","article_author":"https:\/\/www.facebook.com\/pressenza","article_published_time":"2009-10-27T00:00:00+00:00","article_modified_time":"2009-10-29T21:01:43+00:00","author":"Pressenza IPA","twitter_card":"summary_large_image","twitter_creator":"@PressenzaIPA","twitter_site":"@PressenzaIPA","twitter_misc":{"Escrito por":"Pressenza IPA","Tiempo de lectura":"1 minuto"},"schema":{"@context":"https:\/\/schema.org","@graph":[{"@type":"Article","@id":"https:\/\/www.pressenza.com\/es\/2009\/10\/protesta-con-carros-de-supermercado-en-rio-de-janeiro-para-exigir-la-paz\/#article","isPartOf":{"@id":"https:\/\/www.pressenza.com\/es\/2009\/10\/protesta-con-carros-de-supermercado-en-rio-de-janeiro-para-exigir-la-paz\/"},"author":{"name":"Pressenza IPA","@id":"https:\/\/www.pressenza.com\/es\/#\/schema\/person\/010e5d02bcf40965427a1289a4cc8d75"},"headline":"Protesta con carros de supermercado en R\u00edo de Janeiro para exigir la paz","datePublished":"2009-10-27T00:00:00+00:00","dateModified":"2009-10-29T21:01:43+00:00","mainEntityOfPage":{"@id":"https:\/\/www.pressenza.com\/es\/2009\/10\/protesta-con-carros-de-supermercado-en-rio-de-janeiro-para-exigir-la-paz\/"},"wordCount":292,"publisher":{"@id":"https:\/\/www.pressenza.com\/es\/#organization"},"articleSection":["Cultura y Medios","Internacional","Sudam\u00e9rica"],"inLanguage":"es"},{"@type":"WebPage","@id":"https:\/\/www.pressenza.com\/es\/2009\/10\/protesta-con-carros-de-supermercado-en-rio-de-janeiro-para-exigir-la-paz\/","url":"https:\/\/www.pressenza.com\/es\/2009\/10\/protesta-con-carros-de-supermercado-en-rio-de-janeiro-para-exigir-la-paz\/","name":"Protesta con carros de supermercado en R\u00edo de Janeiro para exigir la paz","isPartOf":{"@id":"https:\/\/www.pressenza.com\/es\/#website"},"datePublished":"2009-10-27T00:00:00+00:00","dateModified":"2009-10-29T21:01:43+00:00","description":"El movimiento R\u00edo de Paz llev\u00f3 a cabo el d\u00eda 24, en la playa de Copacabana, una protesta contra la violencia que se ha extendido a diversos puntos de la capital fluminense. Ant\u00f4nio Carlos Costa, coordinador del evento, solicit\u00f3 que los gobiernos prioricen las inversiones en las \u00e1reas sociales y en proyectos orientados hacia los j\u00f3venes, antes de pensar en las olimpiadas","breadcrumb":{"@id":"https:\/\/www.pressenza.com\/es\/2009\/10\/protesta-con-carros-de-supermercado-en-rio-de-janeiro-para-exigir-la-paz\/#breadcrumb"},"inLanguage":"es","potentialAction":[{"@type":"ReadAction","target":["https:\/\/www.pressenza.com\/es\/2009\/10\/protesta-con-carros-de-supermercado-en-rio-de-janeiro-para-exigir-la-paz\/"]}]},{"@type":"BreadcrumbList","@id":"https:\/\/www.pressenza.com\/es\/2009\/10\/protesta-con-carros-de-supermercado-en-rio-de-janeiro-para-exigir-la-paz\/#breadcrumb","itemListElement":[{"@type":"ListItem","position":1,"name":"Accueil","item":"https:\/\/www.pressenza.com\/es\/"},{"@type":"ListItem","position":2,"name":"Protesta con carros de supermercado en R\u00edo de Janeiro para exigir la paz"}]},{"@type":"WebSite","@id":"https:\/\/www.pressenza.com\/es\/#website","url":"https:\/\/www.pressenza.com\/es\/","name":"Pressenza","description":"International Press Agency","publisher":{"@id":"https:\/\/www.pressenza.com\/es\/#organization"},"potentialAction":[{"@type":"SearchAction","target":{"@type":"EntryPoint","urlTemplate":"https:\/\/www.pressenza.com\/es\/?s={search_term_string}"},"query-input":{"@type":"PropertyValueSpecification","valueRequired":true,"valueName":"search_term_string"}}],"inLanguage":"es"},{"@type":"Organization","@id":"https:\/\/www.pressenza.com\/es\/#organization","name":"Pressenza","url":"https:\/\/www.pressenza.com\/es\/","logo":{"@type":"ImageObject","inLanguage":"es","@id":"https:\/\/www.pressenza.com\/es\/#\/schema\/logo\/image\/","url":"https:\/\/www.pressenza.com\/wp-content\/uploads\/2022\/10\/pressenza_logo_200x200.jpg","contentUrl":"https:\/\/www.pressenza.com\/wp-content\/uploads\/2022\/10\/pressenza_logo_200x200.jpg","width":200,"height":200,"caption":"Pressenza"},"image":{"@id":"https:\/\/www.pressenza.com\/es\/#\/schema\/logo\/image\/"},"sameAs":["https:\/\/www.facebook.com\/PressenzaItalia","https:\/\/x.com\/PressenzaIPA"]},{"@type":"Person","@id":"https:\/\/www.pressenza.com\/es\/#\/schema\/person\/010e5d02bcf40965427a1289a4cc8d75","name":"Pressenza IPA","description":"News from Pressenza IPA correspondents","sameAs":["https:\/\/www.facebook.com\/pressenza","https:\/\/x.com\/PressenzaIPA"],"url":"https:\/\/www.pressenza.com\/es\/author\/pressenza-ipa\/"}]}},"place":"Rio de Janeiro","original_article_url":"","_links":{"self":[{"href":"https:\/\/www.pressenza.com\/es\/wp-json\/wp\/v2\/posts\/1974","targetHints":{"allow":["GET"]}}],"collection":[{"href":"https:\/\/www.pressenza.com\/es\/wp-json\/wp\/v2\/posts"}],"about":[{"href":"https:\/\/www.pressenza.com\/es\/wp-json\/wp\/v2\/types\/post"}],"author":[{"embeddable":true,"href":"https:\/\/www.pressenza.com\/es\/wp-json\/wp\/v2\/users\/19"}],"replies":[{"embeddable":true,"href":"https:\/\/www.pressenza.com\/es\/wp-json\/wp\/v2\/comments?post=1974"}],"version-history":[{"count":0,"href":"https:\/\/www.pressenza.com\/es\/wp-json\/wp\/v2\/posts\/1974\/revisions"}],"wp:attachment":[{"href":"https:\/\/www.pressenza.com\/es\/wp-json\/wp\/v2\/media?parent=1974"}],"wp:term":[{"taxonomy":"category","embeddable":true,"href":"https:\/\/www.pressenza.com\/es\/wp-json\/wp\/v2\/categories?post=1974"},{"taxonomy":"post_tag","embeddable":true,"href":"https:\/\/www.pressenza.com\/es\/wp-json\/wp\/v2\/tags?post=1974"}],"curies":[{"name":"wp","href":"https:\/\/api.w.org\/{rel}","templated":true}]}}