{"id":1966,"date":"2009-10-29T00:00:00","date_gmt":"2009-10-29T00:00:00","guid":{"rendered":""},"modified":"2009-10-29T09:13:53","modified_gmt":"2009-10-29T09:13:53","slug":"el-derecho-a-la-resistencia-justa","status":"publish","type":"post","link":"https:\/\/www.pressenza.com\/es\/2009\/10\/el-derecho-a-la-resistencia-justa\/","title":{"rendered":"El Derecho a la Resistencia Justa"},"content":{"rendered":"<p>Entendemos, como en el caso  del Pueblo Mapuche,  que toda vez que un sector de la poblaci\u00f3n sufra alg\u00fan tipo de violencia (racial, religiosa, econ\u00f3mica, f\u00edsica, etc.), le cabe el derecho de resistir a tal situaci\u00f3n, aunque tal situaci\u00f3n tenga una pantalla de legalidad (que no es lo mismo que legitimidad). Y en este sentido Mundo Sin Guerras, apoya esta resistencia justa, por solidaridad, aunque no comparte su metodolog\u00eda, porque el derecho a la resistencia justa no justifica el uso de tal violencia.<\/p>\n<p>Si bien no justificamos las reacciones del Pueblo Mapuche, especialmente su declaraci\u00f3n de guerra, hacemos hincapi\u00e9 en que la principal  responsabilidad es  del poder, econ\u00f3mico y pol\u00edtico, que genera el caldo de cultivo para este tipo de reacciones. Y porque son adem\u00e1s los que detentan el poder los que tienen mayores herramientas y responsabilidades para resolver las ra\u00edces de la violencia. \u00a1\u00a1\u00a1\u00a1No pueden los organismos del Estado  confundir \u201cponer orden\u201d con venganza y ensa\u00f1amiento!!!!.<\/p>\n<p>Conminamos al Estado de Chile a desactivar de inmediato la situaci\u00f3n de presi\u00f3n social que vive el Pueblo Mapuche, retirando sus fuerzas opresoras de la zona de conflicto.  . Asimismo, dar respuesta a las aspiraciones de un pueblo, que no por ignoradas o sofocadas durante siglos dejan de ser menos valederas en los corazones de muchos hombres, mujeres y ni\u00f1os.<\/p>\n","protected":false},"excerpt":{"rendered":"<p>Con tristeza hemos presenciado los actos de violencia en el conflicto entre el Pueblo Mapuche y el Estado Chileno, que ha desencadenado una espiral de violencia  a la  cual no vemos soluci\u00f3n si no es mediante la metodolog\u00eda de la No Violencia.  Ambas partes olvidan que la historia demuestra una y otra vez que la violencia s\u00f3lo genera m\u00e1s violencia.<\/p>\n","protected":false},"author":19,"featured_media":0,"comment_status":"closed","ping_status":"open","sticky":false,"template":"","format":"standard","meta":{"footnotes":""},"categories":[149,74,67],"tags":[],"class_list":["post-1966","post","type-post","status-publish","format-standard","hentry","category-comunicados-de-prensa","category-politica-es","category-sudamerica"],"yoast_head":"<!-- This site is optimized with the Yoast SEO plugin v27.1.1 - https:\/\/yoast.com\/product\/yoast-seo-wordpress\/ -->\n<title>El Derecho a la Resistencia Justa<\/title>\n<meta name=\"description\" content=\"Con tristeza hemos presenciado los actos de violencia en el conflicto entre el Pueblo Mapuche y el Estado Chileno, que ha desencadenado una espiral de violencia a la cual no vemos soluci\u00f3n si no es mediante la metodolog\u00eda de la No Violencia. Ambas partes olvidan que la historia demuestra una y otra vez que la violencia s\u00f3lo genera m\u00e1s violencia.\" \/>\n<meta name=\"robots\" content=\"index, follow, max-snippet:-1, max-image-preview:large, max-video-preview:-1\" \/>\n<link rel=\"canonical\" href=\"https:\/\/www.pressenza.com\/es\/2009\/10\/el-derecho-a-la-resistencia-justa\/\" \/>\n<meta property=\"og:locale\" content=\"es_ES\" \/>\n<meta property=\"og:type\" content=\"article\" \/>\n<meta property=\"og:title\" content=\"El Derecho a la Resistencia Justa\" \/>\n<meta property=\"og:description\" content=\"Con tristeza hemos presenciado los actos de violencia en el conflicto entre el Pueblo Mapuche y el Estado Chileno, que ha desencadenado una espiral de violencia a la cual no vemos soluci\u00f3n si no es mediante la metodolog\u00eda de la No Violencia. Ambas partes olvidan que la historia demuestra una y otra vez que la violencia s\u00f3lo genera m\u00e1s violencia.\" \/>\n<meta property=\"og:url\" content=\"https:\/\/www.pressenza.com\/es\/2009\/10\/el-derecho-a-la-resistencia-justa\/\" \/>\n<meta property=\"og:site_name\" content=\"Pressenza\" \/>\n<meta property=\"article:publisher\" content=\"https:\/\/www.facebook.com\/PressenzaItalia\" \/>\n<meta property=\"article:author\" content=\"https:\/\/www.facebook.com\/pressenza\" \/>\n<meta property=\"article:published_time\" content=\"2009-10-29T00:00:00+00:00\" \/>\n<meta property=\"article:modified_time\" content=\"2009-10-29T09:13:53+00:00\" \/>\n<meta name=\"author\" content=\"Pressenza IPA\" \/>\n<meta name=\"twitter:card\" content=\"summary_large_image\" \/>\n<meta name=\"twitter:creator\" content=\"@PressenzaIPA\" \/>\n<meta name=\"twitter:site\" content=\"@PressenzaIPA\" \/>\n<meta name=\"twitter:label1\" content=\"Escrito por\" \/>\n\t<meta name=\"twitter:data1\" content=\"Pressenza IPA\" \/>\n\t<meta name=\"twitter:label2\" content=\"Tiempo de lectura\" \/>\n\t<meta name=\"twitter:data2\" content=\"1 minuto\" \/>\n<script type=\"application\/ld+json\" class=\"yoast-schema-graph\">{\"@context\":\"https:\/\/schema.org\",\"@graph\":[{\"@type\":\"Article\",\"@id\":\"https:\/\/www.pressenza.com\/es\/2009\/10\/el-derecho-a-la-resistencia-justa\/#article\",\"isPartOf\":{\"@id\":\"https:\/\/www.pressenza.com\/es\/2009\/10\/el-derecho-a-la-resistencia-justa\/\"},\"author\":{\"name\":\"Pressenza IPA\",\"@id\":\"https:\/\/www.pressenza.com\/es\/#\/schema\/person\/010e5d02bcf40965427a1289a4cc8d75\"},\"headline\":\"El Derecho a la Resistencia Justa\",\"datePublished\":\"2009-10-29T00:00:00+00:00\",\"dateModified\":\"2009-10-29T09:13:53+00:00\",\"mainEntityOfPage\":{\"@id\":\"https:\/\/www.pressenza.com\/es\/2009\/10\/el-derecho-a-la-resistencia-justa\/\"},\"wordCount\":238,\"publisher\":{\"@id\":\"https:\/\/www.pressenza.com\/es\/#organization\"},\"articleSection\":[\"Comunicados de Prensa\",\"Pol\u00edtica\",\"Sudam\u00e9rica\"],\"inLanguage\":\"es\"},{\"@type\":\"WebPage\",\"@id\":\"https:\/\/www.pressenza.com\/es\/2009\/10\/el-derecho-a-la-resistencia-justa\/\",\"url\":\"https:\/\/www.pressenza.com\/es\/2009\/10\/el-derecho-a-la-resistencia-justa\/\",\"name\":\"El Derecho a la Resistencia Justa\",\"isPartOf\":{\"@id\":\"https:\/\/www.pressenza.com\/es\/#website\"},\"datePublished\":\"2009-10-29T00:00:00+00:00\",\"dateModified\":\"2009-10-29T09:13:53+00:00\",\"description\":\"Con tristeza hemos presenciado los actos de violencia en el conflicto entre el Pueblo Mapuche y el Estado Chileno, que ha desencadenado una espiral de violencia a la cual no vemos soluci\u00f3n si no es mediante la metodolog\u00eda de la No Violencia. Ambas partes olvidan que la historia demuestra una y otra vez que la violencia s\u00f3lo genera m\u00e1s violencia.\",\"breadcrumb\":{\"@id\":\"https:\/\/www.pressenza.com\/es\/2009\/10\/el-derecho-a-la-resistencia-justa\/#breadcrumb\"},\"inLanguage\":\"es\",\"potentialAction\":[{\"@type\":\"ReadAction\",\"target\":[\"https:\/\/www.pressenza.com\/es\/2009\/10\/el-derecho-a-la-resistencia-justa\/\"]}]},{\"@type\":\"BreadcrumbList\",\"@id\":\"https:\/\/www.pressenza.com\/es\/2009\/10\/el-derecho-a-la-resistencia-justa\/#breadcrumb\",\"itemListElement\":[{\"@type\":\"ListItem\",\"position\":1,\"name\":\"Accueil\",\"item\":\"https:\/\/www.pressenza.com\/es\/\"},{\"@type\":\"ListItem\",\"position\":2,\"name\":\"El Derecho a la Resistencia Justa\"}]},{\"@type\":\"WebSite\",\"@id\":\"https:\/\/www.pressenza.com\/es\/#website\",\"url\":\"https:\/\/www.pressenza.com\/es\/\",\"name\":\"Pressenza\",\"description\":\"International Press Agency\",\"publisher\":{\"@id\":\"https:\/\/www.pressenza.com\/es\/#organization\"},\"potentialAction\":[{\"@type\":\"SearchAction\",\"target\":{\"@type\":\"EntryPoint\",\"urlTemplate\":\"https:\/\/www.pressenza.com\/es\/?s={search_term_string}\"},\"query-input\":{\"@type\":\"PropertyValueSpecification\",\"valueRequired\":true,\"valueName\":\"search_term_string\"}}],\"inLanguage\":\"es\"},{\"@type\":\"Organization\",\"@id\":\"https:\/\/www.pressenza.com\/es\/#organization\",\"name\":\"Pressenza\",\"url\":\"https:\/\/www.pressenza.com\/es\/\",\"logo\":{\"@type\":\"ImageObject\",\"inLanguage\":\"es\",\"@id\":\"https:\/\/www.pressenza.com\/es\/#\/schema\/logo\/image\/\",\"url\":\"https:\/\/www.pressenza.com\/wp-content\/uploads\/2022\/10\/pressenza_logo_200x200.jpg\",\"contentUrl\":\"https:\/\/www.pressenza.com\/wp-content\/uploads\/2022\/10\/pressenza_logo_200x200.jpg\",\"width\":200,\"height\":200,\"caption\":\"Pressenza\"},\"image\":{\"@id\":\"https:\/\/www.pressenza.com\/es\/#\/schema\/logo\/image\/\"},\"sameAs\":[\"https:\/\/www.facebook.com\/PressenzaItalia\",\"https:\/\/x.com\/PressenzaIPA\"]},{\"@type\":\"Person\",\"@id\":\"https:\/\/www.pressenza.com\/es\/#\/schema\/person\/010e5d02bcf40965427a1289a4cc8d75\",\"name\":\"Pressenza IPA\",\"description\":\"News from Pressenza IPA correspondents\",\"sameAs\":[\"https:\/\/www.facebook.com\/pressenza\",\"https:\/\/x.com\/PressenzaIPA\"],\"url\":\"https:\/\/www.pressenza.com\/es\/author\/pressenza-ipa\/\"}]}<\/script>\n<!-- \/ Yoast SEO plugin. -->","yoast_head_json":{"title":"El Derecho a la Resistencia Justa","description":"Con tristeza hemos presenciado los actos de violencia en el conflicto entre el Pueblo Mapuche y el Estado Chileno, que ha desencadenado una espiral de violencia a la cual no vemos soluci\u00f3n si no es mediante la metodolog\u00eda de la No Violencia. Ambas partes olvidan que la historia demuestra una y otra vez que la violencia s\u00f3lo genera m\u00e1s violencia.","robots":{"index":"index","follow":"follow","max-snippet":"max-snippet:-1","max-image-preview":"max-image-preview:large","max-video-preview":"max-video-preview:-1"},"canonical":"https:\/\/www.pressenza.com\/es\/2009\/10\/el-derecho-a-la-resistencia-justa\/","og_locale":"es_ES","og_type":"article","og_title":"El Derecho a la Resistencia Justa","og_description":"Con tristeza hemos presenciado los actos de violencia en el conflicto entre el Pueblo Mapuche y el Estado Chileno, que ha desencadenado una espiral de violencia a la cual no vemos soluci\u00f3n si no es mediante la metodolog\u00eda de la No Violencia. Ambas partes olvidan que la historia demuestra una y otra vez que la violencia s\u00f3lo genera m\u00e1s violencia.","og_url":"https:\/\/www.pressenza.com\/es\/2009\/10\/el-derecho-a-la-resistencia-justa\/","og_site_name":"Pressenza","article_publisher":"https:\/\/www.facebook.com\/PressenzaItalia","article_author":"https:\/\/www.facebook.com\/pressenza","article_published_time":"2009-10-29T00:00:00+00:00","article_modified_time":"2009-10-29T09:13:53+00:00","author":"Pressenza IPA","twitter_card":"summary_large_image","twitter_creator":"@PressenzaIPA","twitter_site":"@PressenzaIPA","twitter_misc":{"Escrito por":"Pressenza IPA","Tiempo de lectura":"1 minuto"},"schema":{"@context":"https:\/\/schema.org","@graph":[{"@type":"Article","@id":"https:\/\/www.pressenza.com\/es\/2009\/10\/el-derecho-a-la-resistencia-justa\/#article","isPartOf":{"@id":"https:\/\/www.pressenza.com\/es\/2009\/10\/el-derecho-a-la-resistencia-justa\/"},"author":{"name":"Pressenza IPA","@id":"https:\/\/www.pressenza.com\/es\/#\/schema\/person\/010e5d02bcf40965427a1289a4cc8d75"},"headline":"El Derecho a la Resistencia Justa","datePublished":"2009-10-29T00:00:00+00:00","dateModified":"2009-10-29T09:13:53+00:00","mainEntityOfPage":{"@id":"https:\/\/www.pressenza.com\/es\/2009\/10\/el-derecho-a-la-resistencia-justa\/"},"wordCount":238,"publisher":{"@id":"https:\/\/www.pressenza.com\/es\/#organization"},"articleSection":["Comunicados de Prensa","Pol\u00edtica","Sudam\u00e9rica"],"inLanguage":"es"},{"@type":"WebPage","@id":"https:\/\/www.pressenza.com\/es\/2009\/10\/el-derecho-a-la-resistencia-justa\/","url":"https:\/\/www.pressenza.com\/es\/2009\/10\/el-derecho-a-la-resistencia-justa\/","name":"El Derecho a la Resistencia Justa","isPartOf":{"@id":"https:\/\/www.pressenza.com\/es\/#website"},"datePublished":"2009-10-29T00:00:00+00:00","dateModified":"2009-10-29T09:13:53+00:00","description":"Con tristeza hemos presenciado los actos de violencia en el conflicto entre el Pueblo Mapuche y el Estado Chileno, que ha desencadenado una espiral de violencia a la cual no vemos soluci\u00f3n si no es mediante la metodolog\u00eda de la No Violencia. Ambas partes olvidan que la historia demuestra una y otra vez que la violencia s\u00f3lo genera m\u00e1s violencia.","breadcrumb":{"@id":"https:\/\/www.pressenza.com\/es\/2009\/10\/el-derecho-a-la-resistencia-justa\/#breadcrumb"},"inLanguage":"es","potentialAction":[{"@type":"ReadAction","target":["https:\/\/www.pressenza.com\/es\/2009\/10\/el-derecho-a-la-resistencia-justa\/"]}]},{"@type":"BreadcrumbList","@id":"https:\/\/www.pressenza.com\/es\/2009\/10\/el-derecho-a-la-resistencia-justa\/#breadcrumb","itemListElement":[{"@type":"ListItem","position":1,"name":"Accueil","item":"https:\/\/www.pressenza.com\/es\/"},{"@type":"ListItem","position":2,"name":"El Derecho a la Resistencia Justa"}]},{"@type":"WebSite","@id":"https:\/\/www.pressenza.com\/es\/#website","url":"https:\/\/www.pressenza.com\/es\/","name":"Pressenza","description":"International Press Agency","publisher":{"@id":"https:\/\/www.pressenza.com\/es\/#organization"},"potentialAction":[{"@type":"SearchAction","target":{"@type":"EntryPoint","urlTemplate":"https:\/\/www.pressenza.com\/es\/?s={search_term_string}"},"query-input":{"@type":"PropertyValueSpecification","valueRequired":true,"valueName":"search_term_string"}}],"inLanguage":"es"},{"@type":"Organization","@id":"https:\/\/www.pressenza.com\/es\/#organization","name":"Pressenza","url":"https:\/\/www.pressenza.com\/es\/","logo":{"@type":"ImageObject","inLanguage":"es","@id":"https:\/\/www.pressenza.com\/es\/#\/schema\/logo\/image\/","url":"https:\/\/www.pressenza.com\/wp-content\/uploads\/2022\/10\/pressenza_logo_200x200.jpg","contentUrl":"https:\/\/www.pressenza.com\/wp-content\/uploads\/2022\/10\/pressenza_logo_200x200.jpg","width":200,"height":200,"caption":"Pressenza"},"image":{"@id":"https:\/\/www.pressenza.com\/es\/#\/schema\/logo\/image\/"},"sameAs":["https:\/\/www.facebook.com\/PressenzaItalia","https:\/\/x.com\/PressenzaIPA"]},{"@type":"Person","@id":"https:\/\/www.pressenza.com\/es\/#\/schema\/person\/010e5d02bcf40965427a1289a4cc8d75","name":"Pressenza IPA","description":"News from Pressenza IPA correspondents","sameAs":["https:\/\/www.facebook.com\/pressenza","https:\/\/x.com\/PressenzaIPA"],"url":"https:\/\/www.pressenza.com\/es\/author\/pressenza-ipa\/"}]}},"place":"Santiago","original_article_url":"","_links":{"self":[{"href":"https:\/\/www.pressenza.com\/es\/wp-json\/wp\/v2\/posts\/1966","targetHints":{"allow":["GET"]}}],"collection":[{"href":"https:\/\/www.pressenza.com\/es\/wp-json\/wp\/v2\/posts"}],"about":[{"href":"https:\/\/www.pressenza.com\/es\/wp-json\/wp\/v2\/types\/post"}],"author":[{"embeddable":true,"href":"https:\/\/www.pressenza.com\/es\/wp-json\/wp\/v2\/users\/19"}],"replies":[{"embeddable":true,"href":"https:\/\/www.pressenza.com\/es\/wp-json\/wp\/v2\/comments?post=1966"}],"version-history":[{"count":0,"href":"https:\/\/www.pressenza.com\/es\/wp-json\/wp\/v2\/posts\/1966\/revisions"}],"wp:attachment":[{"href":"https:\/\/www.pressenza.com\/es\/wp-json\/wp\/v2\/media?parent=1966"}],"wp:term":[{"taxonomy":"category","embeddable":true,"href":"https:\/\/www.pressenza.com\/es\/wp-json\/wp\/v2\/categories?post=1966"},{"taxonomy":"post_tag","embeddable":true,"href":"https:\/\/www.pressenza.com\/es\/wp-json\/wp\/v2\/tags?post=1966"}],"curies":[{"name":"wp","href":"https:\/\/api.w.org\/{rel}","templated":true}]}}