{"id":1962,"date":"2009-10-29T00:00:00","date_gmt":"2009-10-29T00:00:00","guid":{"rendered":""},"modified":"2009-10-29T08:31:13","modified_gmt":"2009-10-29T08:31:13","slug":"la-no-violencia-escala-mas-altox-ahora-llega-al-volcan-nevado-tolucax-en-mexico","status":"publish","type":"post","link":"https:\/\/www.pressenza.com\/es\/2009\/10\/la-no-violencia-escala-mas-altox-ahora-llega-al-volcan-nevado-tolucax-en-mexico\/","title":{"rendered":"La no-violencia escala m\u00e1s alto: ahora llega al volc\u00e1n Nevado Toluca, en M\u00e9xico"},"content":{"rendered":"<p>La paz vuelve a emerger desde las alturas. Sucede que un grupo de monta\u00f1istas plant\u00f3 una nueva bandera de la Marcha Mundial por la Paz y la No-violencia en la cima del volc\u00e1n Nevado de Toluca, que se alza a m\u00e1s de 4600 metros sobre el nivel del mar, en M\u00e9xico. La expedici\u00f3n se llev\u00f3 a cabo el 17 de octubre y cont\u00f3 con la participaci\u00f3n de un perro schnauzer y m\u00e1s de 15 personas, entre adherentes a la Marcha Mundial y miembros de Mundo sin Guerras, Propuesta Humanista, La Comunidad para el Desarrollo Humano, el Centro Mundial de Estudios Humanistas y Pangea Naci\u00f3n Humana Universal.<\/p>\n<p>El equipo debi\u00f3 enfrentarse a rigurosas condiciones clim\u00e1ticas, como temperaturas bajo cero, nevadas, lluvia, neblina y fuertes r\u00e1fagas de viento. No obstante, logr\u00f3 plantar la bandera de la Marcha Mundial en el Pico del \u00c1guila, la segunda cumbre del macizo. El volc\u00e1n es referencia de numerosas leyendas populares y constituye un lugar sagrado para los pueblos originarios. En 2007, un equipo de arque\u00f3logos descubri\u00f3 un centro ceremonial dedicado al dios Tl\u00e1loc. Frente al cr\u00e1ter, se hallan dos lagunas: el Sol y la Luna. <\/p>\n<p>No es la primera vez que la bandera de la Marcha Mundial flamea desde lo alto de las monta\u00f1as. Hace menos de un mes, una pareja de andinistas argentinos hizo cumbre en el volc\u00e1n Lan\u00edn (3776 metros) para manifestarse a favor de la Paz y la No-violencia. Anteriormente, otros adherentes escalaron el m\u00edtico monte Ararat, en Turqu\u00eda. Y la tendencia se afirma: para los \u00faltimos d\u00edas de diciembre, otro grupo de andinistas har\u00e1 lo propio en el Monte Aconcagua, a cuyos pies concluye la Marcha Mundial.<\/p>\n","protected":false},"excerpt":{"rendered":"<p>Un equipo de 15 monta\u00f1istas, que debi\u00f3 enfrentarse a rigurosas condiciones clim\u00e1ticas, logr\u00f3 plantar la bandera de la Marcha Mundial por la Paz y la No-Violencia en el Pico del Aguila, la segunda cumbre del volc\u00e1n Nevado de Toluca, en M\u00e9xico. El volc\u00e1n es referencia de numerosas leyendas populares y constituye un lugar sagrado para los pueblos originarios.<\/p>\n","protected":false},"author":19,"featured_media":0,"comment_status":"closed","ping_status":"open","sticky":false,"template":"","format":"standard","meta":{"footnotes":""},"categories":[75,39,68,161],"tags":[],"class_list":["post-1962","post","type-post","status-publish","format-standard","hentry","category-cultura-es","category-internacional","category-norteamerica","category-opiniones"],"yoast_head":"<!-- This site is optimized with the Yoast SEO plugin v27.1.1 - https:\/\/yoast.com\/product\/yoast-seo-wordpress\/ -->\n<title>La no-violencia escala m\u00e1s alto: ahora llega al volc\u00e1n Nevado Toluca, en M\u00e9xico<\/title>\n<meta name=\"description\" content=\"Un equipo de 15 monta\u00f1istas, que debi\u00f3 enfrentarse a rigurosas condiciones clim\u00e1ticas, logr\u00f3 plantar la bandera de la Marcha Mundial por la Paz y la No-Violencia en el Pico del Aguila, la segunda cumbre del volc\u00e1n Nevado de Toluca, en M\u00e9xico. El volc\u00e1n es referencia de numerosas leyendas populares y constituye un lugar sagrado para los pueblos originarios.\" \/>\n<meta name=\"robots\" content=\"index, follow, max-snippet:-1, max-image-preview:large, max-video-preview:-1\" \/>\n<link rel=\"canonical\" href=\"https:\/\/www.pressenza.com\/es\/2009\/10\/la-no-violencia-escala-mas-altox-ahora-llega-al-volcan-nevado-tolucax-en-mexico\/\" \/>\n<meta property=\"og:locale\" content=\"es_ES\" \/>\n<meta property=\"og:type\" content=\"article\" \/>\n<meta property=\"og:title\" content=\"La no-violencia escala m\u00e1s alto: ahora llega al volc\u00e1n Nevado Toluca, en M\u00e9xico\" \/>\n<meta property=\"og:description\" content=\"Un equipo de 15 monta\u00f1istas, que debi\u00f3 enfrentarse a rigurosas condiciones clim\u00e1ticas, logr\u00f3 plantar la bandera de la Marcha Mundial por la Paz y la No-Violencia en el Pico del Aguila, la segunda cumbre del volc\u00e1n Nevado de Toluca, en M\u00e9xico. El volc\u00e1n es referencia de numerosas leyendas populares y constituye un lugar sagrado para los pueblos originarios.\" \/>\n<meta property=\"og:url\" content=\"https:\/\/www.pressenza.com\/es\/2009\/10\/la-no-violencia-escala-mas-altox-ahora-llega-al-volcan-nevado-tolucax-en-mexico\/\" \/>\n<meta property=\"og:site_name\" content=\"Pressenza\" \/>\n<meta property=\"article:publisher\" content=\"https:\/\/www.facebook.com\/PressenzaItalia\" \/>\n<meta property=\"article:author\" content=\"https:\/\/www.facebook.com\/pressenza\" \/>\n<meta property=\"article:published_time\" content=\"2009-10-29T00:00:00+00:00\" \/>\n<meta property=\"article:modified_time\" content=\"2009-10-29T08:31:13+00:00\" \/>\n<meta name=\"author\" content=\"Pressenza IPA\" \/>\n<meta name=\"twitter:card\" content=\"summary_large_image\" \/>\n<meta name=\"twitter:creator\" content=\"@PressenzaIPA\" \/>\n<meta name=\"twitter:site\" content=\"@PressenzaIPA\" \/>\n<meta name=\"twitter:label1\" content=\"Escrito por\" \/>\n\t<meta name=\"twitter:data1\" content=\"Pressenza IPA\" \/>\n\t<meta name=\"twitter:label2\" content=\"Tiempo de lectura\" \/>\n\t<meta name=\"twitter:data2\" content=\"1 minuto\" \/>\n<script type=\"application\/ld+json\" class=\"yoast-schema-graph\">{\"@context\":\"https:\/\/schema.org\",\"@graph\":[{\"@type\":\"Article\",\"@id\":\"https:\/\/www.pressenza.com\/es\/2009\/10\/la-no-violencia-escala-mas-altox-ahora-llega-al-volcan-nevado-tolucax-en-mexico\/#article\",\"isPartOf\":{\"@id\":\"https:\/\/www.pressenza.com\/es\/2009\/10\/la-no-violencia-escala-mas-altox-ahora-llega-al-volcan-nevado-tolucax-en-mexico\/\"},\"author\":{\"name\":\"Pressenza IPA\",\"@id\":\"https:\/\/www.pressenza.com\/es\/#\/schema\/person\/010e5d02bcf40965427a1289a4cc8d75\"},\"headline\":\"La no-violencia escala m\u00e1s alto: ahora llega al volc\u00e1n Nevado Toluca, en M\u00e9xico\",\"datePublished\":\"2009-10-29T00:00:00+00:00\",\"dateModified\":\"2009-10-29T08:31:13+00:00\",\"mainEntityOfPage\":{\"@id\":\"https:\/\/www.pressenza.com\/es\/2009\/10\/la-no-violencia-escala-mas-altox-ahora-llega-al-volcan-nevado-tolucax-en-mexico\/\"},\"wordCount\":306,\"publisher\":{\"@id\":\"https:\/\/www.pressenza.com\/es\/#organization\"},\"articleSection\":[\"Cultura y Medios\",\"Internacional\",\"Norteam\u00e9rica\",\"Opiniones\"],\"inLanguage\":\"es\"},{\"@type\":\"WebPage\",\"@id\":\"https:\/\/www.pressenza.com\/es\/2009\/10\/la-no-violencia-escala-mas-altox-ahora-llega-al-volcan-nevado-tolucax-en-mexico\/\",\"url\":\"https:\/\/www.pressenza.com\/es\/2009\/10\/la-no-violencia-escala-mas-altox-ahora-llega-al-volcan-nevado-tolucax-en-mexico\/\",\"name\":\"La no-violencia escala m\u00e1s alto: ahora llega al volc\u00e1n Nevado Toluca, en M\u00e9xico\",\"isPartOf\":{\"@id\":\"https:\/\/www.pressenza.com\/es\/#website\"},\"datePublished\":\"2009-10-29T00:00:00+00:00\",\"dateModified\":\"2009-10-29T08:31:13+00:00\",\"description\":\"Un equipo de 15 monta\u00f1istas, que debi\u00f3 enfrentarse a rigurosas condiciones clim\u00e1ticas, logr\u00f3 plantar la bandera de la Marcha Mundial por la Paz y la No-Violencia en el Pico del Aguila, la segunda cumbre del volc\u00e1n Nevado de Toluca, en M\u00e9xico. El volc\u00e1n es referencia de numerosas leyendas populares y constituye un lugar sagrado para los pueblos originarios.\",\"breadcrumb\":{\"@id\":\"https:\/\/www.pressenza.com\/es\/2009\/10\/la-no-violencia-escala-mas-altox-ahora-llega-al-volcan-nevado-tolucax-en-mexico\/#breadcrumb\"},\"inLanguage\":\"es\",\"potentialAction\":[{\"@type\":\"ReadAction\",\"target\":[\"https:\/\/www.pressenza.com\/es\/2009\/10\/la-no-violencia-escala-mas-altox-ahora-llega-al-volcan-nevado-tolucax-en-mexico\/\"]}]},{\"@type\":\"BreadcrumbList\",\"@id\":\"https:\/\/www.pressenza.com\/es\/2009\/10\/la-no-violencia-escala-mas-altox-ahora-llega-al-volcan-nevado-tolucax-en-mexico\/#breadcrumb\",\"itemListElement\":[{\"@type\":\"ListItem\",\"position\":1,\"name\":\"Accueil\",\"item\":\"https:\/\/www.pressenza.com\/es\/\"},{\"@type\":\"ListItem\",\"position\":2,\"name\":\"La no-violencia escala m\u00e1s alto: ahora llega al volc\u00e1n Nevado Toluca, en M\u00e9xico\"}]},{\"@type\":\"WebSite\",\"@id\":\"https:\/\/www.pressenza.com\/es\/#website\",\"url\":\"https:\/\/www.pressenza.com\/es\/\",\"name\":\"Pressenza\",\"description\":\"International Press Agency\",\"publisher\":{\"@id\":\"https:\/\/www.pressenza.com\/es\/#organization\"},\"potentialAction\":[{\"@type\":\"SearchAction\",\"target\":{\"@type\":\"EntryPoint\",\"urlTemplate\":\"https:\/\/www.pressenza.com\/es\/?s={search_term_string}\"},\"query-input\":{\"@type\":\"PropertyValueSpecification\",\"valueRequired\":true,\"valueName\":\"search_term_string\"}}],\"inLanguage\":\"es\"},{\"@type\":\"Organization\",\"@id\":\"https:\/\/www.pressenza.com\/es\/#organization\",\"name\":\"Pressenza\",\"url\":\"https:\/\/www.pressenza.com\/es\/\",\"logo\":{\"@type\":\"ImageObject\",\"inLanguage\":\"es\",\"@id\":\"https:\/\/www.pressenza.com\/es\/#\/schema\/logo\/image\/\",\"url\":\"https:\/\/www.pressenza.com\/wp-content\/uploads\/2022\/10\/pressenza_logo_200x200.jpg\",\"contentUrl\":\"https:\/\/www.pressenza.com\/wp-content\/uploads\/2022\/10\/pressenza_logo_200x200.jpg\",\"width\":200,\"height\":200,\"caption\":\"Pressenza\"},\"image\":{\"@id\":\"https:\/\/www.pressenza.com\/es\/#\/schema\/logo\/image\/\"},\"sameAs\":[\"https:\/\/www.facebook.com\/PressenzaItalia\",\"https:\/\/x.com\/PressenzaIPA\"]},{\"@type\":\"Person\",\"@id\":\"https:\/\/www.pressenza.com\/es\/#\/schema\/person\/010e5d02bcf40965427a1289a4cc8d75\",\"name\":\"Pressenza IPA\",\"description\":\"News from Pressenza IPA correspondents\",\"sameAs\":[\"https:\/\/www.facebook.com\/pressenza\",\"https:\/\/x.com\/PressenzaIPA\"],\"url\":\"https:\/\/www.pressenza.com\/es\/author\/pressenza-ipa\/\"}]}<\/script>\n<!-- \/ Yoast SEO plugin. -->","yoast_head_json":{"title":"La no-violencia escala m\u00e1s alto: ahora llega al volc\u00e1n Nevado Toluca, en M\u00e9xico","description":"Un equipo de 15 monta\u00f1istas, que debi\u00f3 enfrentarse a rigurosas condiciones clim\u00e1ticas, logr\u00f3 plantar la bandera de la Marcha Mundial por la Paz y la No-Violencia en el Pico del Aguila, la segunda cumbre del volc\u00e1n Nevado de Toluca, en M\u00e9xico. El volc\u00e1n es referencia de numerosas leyendas populares y constituye un lugar sagrado para los pueblos originarios.","robots":{"index":"index","follow":"follow","max-snippet":"max-snippet:-1","max-image-preview":"max-image-preview:large","max-video-preview":"max-video-preview:-1"},"canonical":"https:\/\/www.pressenza.com\/es\/2009\/10\/la-no-violencia-escala-mas-altox-ahora-llega-al-volcan-nevado-tolucax-en-mexico\/","og_locale":"es_ES","og_type":"article","og_title":"La no-violencia escala m\u00e1s alto: ahora llega al volc\u00e1n Nevado Toluca, en M\u00e9xico","og_description":"Un equipo de 15 monta\u00f1istas, que debi\u00f3 enfrentarse a rigurosas condiciones clim\u00e1ticas, logr\u00f3 plantar la bandera de la Marcha Mundial por la Paz y la No-Violencia en el Pico del Aguila, la segunda cumbre del volc\u00e1n Nevado de Toluca, en M\u00e9xico. El volc\u00e1n es referencia de numerosas leyendas populares y constituye un lugar sagrado para los pueblos originarios.","og_url":"https:\/\/www.pressenza.com\/es\/2009\/10\/la-no-violencia-escala-mas-altox-ahora-llega-al-volcan-nevado-tolucax-en-mexico\/","og_site_name":"Pressenza","article_publisher":"https:\/\/www.facebook.com\/PressenzaItalia","article_author":"https:\/\/www.facebook.com\/pressenza","article_published_time":"2009-10-29T00:00:00+00:00","article_modified_time":"2009-10-29T08:31:13+00:00","author":"Pressenza IPA","twitter_card":"summary_large_image","twitter_creator":"@PressenzaIPA","twitter_site":"@PressenzaIPA","twitter_misc":{"Escrito por":"Pressenza IPA","Tiempo de lectura":"1 minuto"},"schema":{"@context":"https:\/\/schema.org","@graph":[{"@type":"Article","@id":"https:\/\/www.pressenza.com\/es\/2009\/10\/la-no-violencia-escala-mas-altox-ahora-llega-al-volcan-nevado-tolucax-en-mexico\/#article","isPartOf":{"@id":"https:\/\/www.pressenza.com\/es\/2009\/10\/la-no-violencia-escala-mas-altox-ahora-llega-al-volcan-nevado-tolucax-en-mexico\/"},"author":{"name":"Pressenza IPA","@id":"https:\/\/www.pressenza.com\/es\/#\/schema\/person\/010e5d02bcf40965427a1289a4cc8d75"},"headline":"La no-violencia escala m\u00e1s alto: ahora llega al volc\u00e1n Nevado Toluca, en M\u00e9xico","datePublished":"2009-10-29T00:00:00+00:00","dateModified":"2009-10-29T08:31:13+00:00","mainEntityOfPage":{"@id":"https:\/\/www.pressenza.com\/es\/2009\/10\/la-no-violencia-escala-mas-altox-ahora-llega-al-volcan-nevado-tolucax-en-mexico\/"},"wordCount":306,"publisher":{"@id":"https:\/\/www.pressenza.com\/es\/#organization"},"articleSection":["Cultura y Medios","Internacional","Norteam\u00e9rica","Opiniones"],"inLanguage":"es"},{"@type":"WebPage","@id":"https:\/\/www.pressenza.com\/es\/2009\/10\/la-no-violencia-escala-mas-altox-ahora-llega-al-volcan-nevado-tolucax-en-mexico\/","url":"https:\/\/www.pressenza.com\/es\/2009\/10\/la-no-violencia-escala-mas-altox-ahora-llega-al-volcan-nevado-tolucax-en-mexico\/","name":"La no-violencia escala m\u00e1s alto: ahora llega al volc\u00e1n Nevado Toluca, en M\u00e9xico","isPartOf":{"@id":"https:\/\/www.pressenza.com\/es\/#website"},"datePublished":"2009-10-29T00:00:00+00:00","dateModified":"2009-10-29T08:31:13+00:00","description":"Un equipo de 15 monta\u00f1istas, que debi\u00f3 enfrentarse a rigurosas condiciones clim\u00e1ticas, logr\u00f3 plantar la bandera de la Marcha Mundial por la Paz y la No-Violencia en el Pico del Aguila, la segunda cumbre del volc\u00e1n Nevado de Toluca, en M\u00e9xico. El volc\u00e1n es referencia de numerosas leyendas populares y constituye un lugar sagrado para los pueblos originarios.","breadcrumb":{"@id":"https:\/\/www.pressenza.com\/es\/2009\/10\/la-no-violencia-escala-mas-altox-ahora-llega-al-volcan-nevado-tolucax-en-mexico\/#breadcrumb"},"inLanguage":"es","potentialAction":[{"@type":"ReadAction","target":["https:\/\/www.pressenza.com\/es\/2009\/10\/la-no-violencia-escala-mas-altox-ahora-llega-al-volcan-nevado-tolucax-en-mexico\/"]}]},{"@type":"BreadcrumbList","@id":"https:\/\/www.pressenza.com\/es\/2009\/10\/la-no-violencia-escala-mas-altox-ahora-llega-al-volcan-nevado-tolucax-en-mexico\/#breadcrumb","itemListElement":[{"@type":"ListItem","position":1,"name":"Accueil","item":"https:\/\/www.pressenza.com\/es\/"},{"@type":"ListItem","position":2,"name":"La no-violencia escala m\u00e1s alto: ahora llega al volc\u00e1n Nevado Toluca, en M\u00e9xico"}]},{"@type":"WebSite","@id":"https:\/\/www.pressenza.com\/es\/#website","url":"https:\/\/www.pressenza.com\/es\/","name":"Pressenza","description":"International Press Agency","publisher":{"@id":"https:\/\/www.pressenza.com\/es\/#organization"},"potentialAction":[{"@type":"SearchAction","target":{"@type":"EntryPoint","urlTemplate":"https:\/\/www.pressenza.com\/es\/?s={search_term_string}"},"query-input":{"@type":"PropertyValueSpecification","valueRequired":true,"valueName":"search_term_string"}}],"inLanguage":"es"},{"@type":"Organization","@id":"https:\/\/www.pressenza.com\/es\/#organization","name":"Pressenza","url":"https:\/\/www.pressenza.com\/es\/","logo":{"@type":"ImageObject","inLanguage":"es","@id":"https:\/\/www.pressenza.com\/es\/#\/schema\/logo\/image\/","url":"https:\/\/www.pressenza.com\/wp-content\/uploads\/2022\/10\/pressenza_logo_200x200.jpg","contentUrl":"https:\/\/www.pressenza.com\/wp-content\/uploads\/2022\/10\/pressenza_logo_200x200.jpg","width":200,"height":200,"caption":"Pressenza"},"image":{"@id":"https:\/\/www.pressenza.com\/es\/#\/schema\/logo\/image\/"},"sameAs":["https:\/\/www.facebook.com\/PressenzaItalia","https:\/\/x.com\/PressenzaIPA"]},{"@type":"Person","@id":"https:\/\/www.pressenza.com\/es\/#\/schema\/person\/010e5d02bcf40965427a1289a4cc8d75","name":"Pressenza IPA","description":"News from Pressenza IPA correspondents","sameAs":["https:\/\/www.facebook.com\/pressenza","https:\/\/x.com\/PressenzaIPA"],"url":"https:\/\/www.pressenza.com\/es\/author\/pressenza-ipa\/"}]}},"place":"M\u00e9xico","original_article_url":"","_links":{"self":[{"href":"https:\/\/www.pressenza.com\/es\/wp-json\/wp\/v2\/posts\/1962","targetHints":{"allow":["GET"]}}],"collection":[{"href":"https:\/\/www.pressenza.com\/es\/wp-json\/wp\/v2\/posts"}],"about":[{"href":"https:\/\/www.pressenza.com\/es\/wp-json\/wp\/v2\/types\/post"}],"author":[{"embeddable":true,"href":"https:\/\/www.pressenza.com\/es\/wp-json\/wp\/v2\/users\/19"}],"replies":[{"embeddable":true,"href":"https:\/\/www.pressenza.com\/es\/wp-json\/wp\/v2\/comments?post=1962"}],"version-history":[{"count":0,"href":"https:\/\/www.pressenza.com\/es\/wp-json\/wp\/v2\/posts\/1962\/revisions"}],"wp:attachment":[{"href":"https:\/\/www.pressenza.com\/es\/wp-json\/wp\/v2\/media?parent=1962"}],"wp:term":[{"taxonomy":"category","embeddable":true,"href":"https:\/\/www.pressenza.com\/es\/wp-json\/wp\/v2\/categories?post=1962"},{"taxonomy":"post_tag","embeddable":true,"href":"https:\/\/www.pressenza.com\/es\/wp-json\/wp\/v2\/tags?post=1962"}],"curies":[{"name":"wp","href":"https:\/\/api.w.org\/{rel}","templated":true}]}}