{"id":195983,"date":"2015-06-23T14:14:27","date_gmt":"2015-06-23T13:14:27","guid":{"rendered":"http:\/\/www.pressenza.com\/?p=195983"},"modified":"2015-06-23T14:14:27","modified_gmt":"2015-06-23T13:14:27","slug":"desde-los-campos-minados-a-las-armas-nucleares-el-punto-de-vista-humanitario-respecto-del-desarme-y-el-rol-que-tienen-los-medios-digitales","status":"publish","type":"post","link":"https:\/\/www.pressenza.com\/es\/2015\/06\/desde-los-campos-minados-a-las-armas-nucleares-el-punto-de-vista-humanitario-respecto-del-desarme-y-el-rol-que-tienen-los-medios-digitales\/","title":{"rendered":"Desde los campos minados a las armas nucleares: el punto de vista humanitario respecto del desarme y el rol que tienen los medios digitales"},"content":{"rendered":"<p style=\"text-align: justify;\"><em>Panel de Pressenza en el marco del Foro Global de Medios 2015 organizado por Deutsche Welle<\/em><\/p>\n<p style=\"text-align: justify;\">Los gobiernos sin armas nucleares y las organizaciones de la sociedad civil han ido cambiando su punto de vista respecto del desarme, enfoc\u00e1ndose cada vez m\u00e1s en los impactos humanitarios de dichas armas. Esta t\u00e1ctica ha sido fundamental para lograr prohibiciones de todos los otros tipos de armamento de destrucci\u00f3n masiva as\u00ed como de las armas moralmente m\u00e1s repugnantes como son las minas y las bombas de racimo.<\/p>\n<p style=\"text-align: justify;\">Ahora culmina un nuevo ciclo quinquenal de revisi\u00f3n del Tratado de No Proliferaci\u00f3n Nuclear (NPT por sus siglas en Ingl\u00e9s) y existe gran esperanza de lograr progresos gracias al nuevo punto de vista humanitario que ha prevalecido luego de la reuni\u00f3n organizada por el Gobierno Austr\u00edaco en Diciembre 2014 para cooperar con \u201cla identificaci\u00f3n z el logro de medidas efectivas para llenar la brecha legal existente para la prohibici\u00f3n y eliminaci\u00f3n de las armas nucleares.\u201d<\/p>\n<p style=\"text-align: justify;\">Este panel apunta a que los participantes puedan dimensionar c\u00f3mo los enormes cambios del paisaje medi\u00e1tico han contribuido al aumento de la conciencia respecto del impacto humanitarios de ciertas armas, ayudando a estigmatizar su posesi\u00f3n y uso, aportando al logro de su prohibici\u00f3n legal. Los panelistas explicar\u00e1n los diferentes procesos y el progreso logrado para llegar a un tratado internacional que prohiba diferentes clases de armas, as\u00ed como el cambio que ha sufrido el rol de los medios en los \u00faltimos tiempos y qu\u00e9 puede ser aplicado a futuro.<\/p>\n<p style=\"text-align: justify;\">El formato sumamente interactivo dar\u00e1 espacio a los participantes para contribuir con sus opiniones e ideas a las nuevas iniciativas humanitarias para prohibir las armas nucleares y compartir sus reflexiones respecto al rol que los medios deber\u00edan jugar. El prop\u00f3sito del taller es crear confianza sobre el resultado positivo que puede tener el proceso de desarme.<\/p>\n<p style=\"text-align: justify;\"><span lang=\"EN-US\">Tony Robinson, Moderador &#8211; Co-Director, Pressenza, Hungr\u00eda<br \/>\n<\/span><\/p>\n<p style=\"text-align: justify;\"><span lang=\"EN-US\">Dr. John Borrie &#8211; Senior Researcher y Policy Advisor, UN Institute for Disarmament Research, Suiza.<br \/>\n<\/span><\/p>\n<p style=\"text-align: justify;\"><span lang=\"EN-US\">Beatrice Fihn &#8211; Executive Director, International Campaign to Abolish Nuclear Weapons, Suiza.<\/span><\/p>\n<p style=\"text-align: justify;\"><span lang=\"EN-US\">Matthew Bolton &#8211; Disarmament Policy Expert y Assistant Professor of Political Science, Pace University, USA.<br \/>\n<\/span><\/p>\n","protected":false},"excerpt":{"rendered":"<p>Panel de Pressenza en el marco del Foro Global de Medios 2015 organizado por Deutsche Welle Los gobiernos sin armas nucleares y las organizaciones de la sociedad civil han ido cambiando su punto de vista respecto del desarme, enfoc\u00e1ndose cada&hellip;<\/p>\n","protected":false},"author":19,"featured_media":196049,"comment_status":"closed","ping_status":"open","sticky":false,"template":"","format":"standard","meta":{"footnotes":""},"categories":[11389,39,1243],"tags":[650,17204],"class_list":["post-195983","post","type-post","status-publish","format-standard","has-post-thumbnail","hentry","category-contenido-original","category-internacional","category-paz-desarme","tag-desarme-nuclear","tag-politicas-de-desarme"],"yoast_head":"<!-- This site is optimized with the Yoast SEO plugin v27.1.1 - https:\/\/yoast.com\/product\/yoast-seo-wordpress\/ -->\n<title>Desde los campos minados a las armas nucleares: el punto de vista humanitario respecto del desarme y el rol que tienen los medios digitales<\/title>\n<meta name=\"description\" content=\"Panel de Pressenza en el marco del Foro Global de Medios 2015 organizado por Deutsche Welle Los gobiernos sin armas nucleares y las organizaciones de la\" \/>\n<meta name=\"robots\" content=\"index, follow, max-snippet:-1, max-image-preview:large, max-video-preview:-1\" \/>\n<link rel=\"canonical\" href=\"https:\/\/www.pressenza.com\/es\/2015\/06\/desde-los-campos-minados-a-las-armas-nucleares-el-punto-de-vista-humanitario-respecto-del-desarme-y-el-rol-que-tienen-los-medios-digitales\/\" \/>\n<meta property=\"og:locale\" content=\"es_ES\" \/>\n<meta property=\"og:type\" content=\"article\" \/>\n<meta property=\"og:title\" content=\"Desde los campos minados a las armas nucleares: el punto de vista humanitario respecto del desarme y el rol que tienen los medios digitales\" \/>\n<meta property=\"og:description\" content=\"Panel de Pressenza en el marco del Foro Global de Medios 2015 organizado por Deutsche Welle Los gobiernos sin armas nucleares y las organizaciones de la\" \/>\n<meta property=\"og:url\" content=\"https:\/\/www.pressenza.com\/es\/2015\/06\/desde-los-campos-minados-a-las-armas-nucleares-el-punto-de-vista-humanitario-respecto-del-desarme-y-el-rol-que-tienen-los-medios-digitales\/\" \/>\n<meta property=\"og:site_name\" content=\"Pressenza\" \/>\n<meta property=\"article:publisher\" content=\"https:\/\/www.facebook.com\/PressenzaItalia\" \/>\n<meta property=\"article:author\" content=\"https:\/\/www.facebook.com\/pressenza\" \/>\n<meta property=\"article:published_time\" content=\"2015-06-23T13:14:27+00:00\" \/>\n<meta property=\"og:image\" content=\"https:\/\/www.pressenza.com\/wp-content\/uploads\/2015\/06\/18428841083_a607c27f4b_k.jpg\" \/>\n\t<meta property=\"og:image:width\" content=\"2048\" \/>\n\t<meta property=\"og:image:height\" content=\"1365\" \/>\n\t<meta property=\"og:image:type\" content=\"image\/jpeg\" \/>\n<meta name=\"author\" content=\"Pressenza IPA\" \/>\n<meta name=\"twitter:card\" content=\"summary_large_image\" \/>\n<meta name=\"twitter:creator\" content=\"@PressenzaIPA\" \/>\n<meta name=\"twitter:site\" content=\"@PressenzaIPA\" \/>\n<meta name=\"twitter:label1\" content=\"Escrito por\" \/>\n\t<meta name=\"twitter:data1\" content=\"Pressenza IPA\" \/>\n\t<meta name=\"twitter:label2\" content=\"Tiempo de lectura\" \/>\n\t<meta name=\"twitter:data2\" content=\"2 minutos\" \/>\n<script type=\"application\/ld+json\" class=\"yoast-schema-graph\">{\"@context\":\"https:\/\/schema.org\",\"@graph\":[{\"@type\":\"Article\",\"@id\":\"https:\/\/www.pressenza.com\/es\/2015\/06\/desde-los-campos-minados-a-las-armas-nucleares-el-punto-de-vista-humanitario-respecto-del-desarme-y-el-rol-que-tienen-los-medios-digitales\/#article\",\"isPartOf\":{\"@id\":\"https:\/\/www.pressenza.com\/es\/2015\/06\/desde-los-campos-minados-a-las-armas-nucleares-el-punto-de-vista-humanitario-respecto-del-desarme-y-el-rol-que-tienen-los-medios-digitales\/\"},\"author\":{\"name\":\"Pressenza IPA\",\"@id\":\"https:\/\/www.pressenza.com\/es\/#\/schema\/person\/010e5d02bcf40965427a1289a4cc8d75\"},\"headline\":\"Desde los campos minados a las armas nucleares: el punto de vista humanitario respecto del desarme y el rol que tienen los medios digitales\",\"datePublished\":\"2015-06-23T13:14:27+00:00\",\"mainEntityOfPage\":{\"@id\":\"https:\/\/www.pressenza.com\/es\/2015\/06\/desde-los-campos-minados-a-las-armas-nucleares-el-punto-de-vista-humanitario-respecto-del-desarme-y-el-rol-que-tienen-los-medios-digitales\/\"},\"wordCount\":396,\"publisher\":{\"@id\":\"https:\/\/www.pressenza.com\/es\/#organization\"},\"image\":{\"@id\":\"https:\/\/www.pressenza.com\/es\/2015\/06\/desde-los-campos-minados-a-las-armas-nucleares-el-punto-de-vista-humanitario-respecto-del-desarme-y-el-rol-que-tienen-los-medios-digitales\/#primaryimage\"},\"thumbnailUrl\":\"https:\/\/www.pressenza.com\/wp-content\/uploads\/2015\/06\/18428841083_a607c27f4b_k.jpg\",\"keywords\":[\"Desarme nuclear\",\"Pol\u00edticas de Desarme\"],\"articleSection\":[\"Contenido Original\",\"Internacional\",\"Paz y Desarme\"],\"inLanguage\":\"es\"},{\"@type\":\"WebPage\",\"@id\":\"https:\/\/www.pressenza.com\/es\/2015\/06\/desde-los-campos-minados-a-las-armas-nucleares-el-punto-de-vista-humanitario-respecto-del-desarme-y-el-rol-que-tienen-los-medios-digitales\/\",\"url\":\"https:\/\/www.pressenza.com\/es\/2015\/06\/desde-los-campos-minados-a-las-armas-nucleares-el-punto-de-vista-humanitario-respecto-del-desarme-y-el-rol-que-tienen-los-medios-digitales\/\",\"name\":\"Desde los campos minados a las armas nucleares: el punto de vista humanitario respecto del desarme y el rol que tienen los medios digitales\",\"isPartOf\":{\"@id\":\"https:\/\/www.pressenza.com\/es\/#website\"},\"primaryImageOfPage\":{\"@id\":\"https:\/\/www.pressenza.com\/es\/2015\/06\/desde-los-campos-minados-a-las-armas-nucleares-el-punto-de-vista-humanitario-respecto-del-desarme-y-el-rol-que-tienen-los-medios-digitales\/#primaryimage\"},\"image\":{\"@id\":\"https:\/\/www.pressenza.com\/es\/2015\/06\/desde-los-campos-minados-a-las-armas-nucleares-el-punto-de-vista-humanitario-respecto-del-desarme-y-el-rol-que-tienen-los-medios-digitales\/#primaryimage\"},\"thumbnailUrl\":\"https:\/\/www.pressenza.com\/wp-content\/uploads\/2015\/06\/18428841083_a607c27f4b_k.jpg\",\"datePublished\":\"2015-06-23T13:14:27+00:00\",\"description\":\"Panel de Pressenza en el marco del Foro Global de Medios 2015 organizado por Deutsche Welle Los gobiernos sin armas nucleares y las organizaciones de la\",\"breadcrumb\":{\"@id\":\"https:\/\/www.pressenza.com\/es\/2015\/06\/desde-los-campos-minados-a-las-armas-nucleares-el-punto-de-vista-humanitario-respecto-del-desarme-y-el-rol-que-tienen-los-medios-digitales\/#breadcrumb\"},\"inLanguage\":\"es\",\"potentialAction\":[{\"@type\":\"ReadAction\",\"target\":[\"https:\/\/www.pressenza.com\/es\/2015\/06\/desde-los-campos-minados-a-las-armas-nucleares-el-punto-de-vista-humanitario-respecto-del-desarme-y-el-rol-que-tienen-los-medios-digitales\/\"]}]},{\"@type\":\"ImageObject\",\"inLanguage\":\"es\",\"@id\":\"https:\/\/www.pressenza.com\/es\/2015\/06\/desde-los-campos-minados-a-las-armas-nucleares-el-punto-de-vista-humanitario-respecto-del-desarme-y-el-rol-que-tienen-los-medios-digitales\/#primaryimage\",\"url\":\"https:\/\/www.pressenza.com\/wp-content\/uploads\/2015\/06\/18428841083_a607c27f4b_k.jpg\",\"contentUrl\":\"https:\/\/www.pressenza.com\/wp-content\/uploads\/2015\/06\/18428841083_a607c27f4b_k.jpg\",\"width\":2048,\"height\":1365},{\"@type\":\"BreadcrumbList\",\"@id\":\"https:\/\/www.pressenza.com\/es\/2015\/06\/desde-los-campos-minados-a-las-armas-nucleares-el-punto-de-vista-humanitario-respecto-del-desarme-y-el-rol-que-tienen-los-medios-digitales\/#breadcrumb\",\"itemListElement\":[{\"@type\":\"ListItem\",\"position\":1,\"name\":\"Accueil\",\"item\":\"https:\/\/www.pressenza.com\/es\/\"},{\"@type\":\"ListItem\",\"position\":2,\"name\":\"Desde los campos minados a las armas nucleares: el punto de vista humanitario respecto del desarme y el rol que tienen los medios digitales\"}]},{\"@type\":\"WebSite\",\"@id\":\"https:\/\/www.pressenza.com\/es\/#website\",\"url\":\"https:\/\/www.pressenza.com\/es\/\",\"name\":\"Pressenza\",\"description\":\"International Press Agency\",\"publisher\":{\"@id\":\"https:\/\/www.pressenza.com\/es\/#organization\"},\"potentialAction\":[{\"@type\":\"SearchAction\",\"target\":{\"@type\":\"EntryPoint\",\"urlTemplate\":\"https:\/\/www.pressenza.com\/es\/?s={search_term_string}\"},\"query-input\":{\"@type\":\"PropertyValueSpecification\",\"valueRequired\":true,\"valueName\":\"search_term_string\"}}],\"inLanguage\":\"es\"},{\"@type\":\"Organization\",\"@id\":\"https:\/\/www.pressenza.com\/es\/#organization\",\"name\":\"Pressenza\",\"url\":\"https:\/\/www.pressenza.com\/es\/\",\"logo\":{\"@type\":\"ImageObject\",\"inLanguage\":\"es\",\"@id\":\"https:\/\/www.pressenza.com\/es\/#\/schema\/logo\/image\/\",\"url\":\"https:\/\/www.pressenza.com\/wp-content\/uploads\/2022\/10\/pressenza_logo_200x200.jpg\",\"contentUrl\":\"https:\/\/www.pressenza.com\/wp-content\/uploads\/2022\/10\/pressenza_logo_200x200.jpg\",\"width\":200,\"height\":200,\"caption\":\"Pressenza\"},\"image\":{\"@id\":\"https:\/\/www.pressenza.com\/es\/#\/schema\/logo\/image\/\"},\"sameAs\":[\"https:\/\/www.facebook.com\/PressenzaItalia\",\"https:\/\/x.com\/PressenzaIPA\"]},{\"@type\":\"Person\",\"@id\":\"https:\/\/www.pressenza.com\/es\/#\/schema\/person\/010e5d02bcf40965427a1289a4cc8d75\",\"name\":\"Pressenza IPA\",\"description\":\"News from Pressenza IPA correspondents\",\"sameAs\":[\"https:\/\/www.facebook.com\/pressenza\",\"https:\/\/x.com\/PressenzaIPA\"],\"url\":\"https:\/\/www.pressenza.com\/es\/author\/pressenza-ipa\/\"}]}<\/script>\n<!-- \/ Yoast SEO plugin. -->","yoast_head_json":{"title":"Desde los campos minados a las armas nucleares: el punto de vista humanitario respecto del desarme y el rol que tienen los medios digitales","description":"Panel de Pressenza en el marco del Foro Global de Medios 2015 organizado por Deutsche Welle Los gobiernos sin armas nucleares y las organizaciones de la","robots":{"index":"index","follow":"follow","max-snippet":"max-snippet:-1","max-image-preview":"max-image-preview:large","max-video-preview":"max-video-preview:-1"},"canonical":"https:\/\/www.pressenza.com\/es\/2015\/06\/desde-los-campos-minados-a-las-armas-nucleares-el-punto-de-vista-humanitario-respecto-del-desarme-y-el-rol-que-tienen-los-medios-digitales\/","og_locale":"es_ES","og_type":"article","og_title":"Desde los campos minados a las armas nucleares: el punto de vista humanitario respecto del desarme y el rol que tienen los medios digitales","og_description":"Panel de Pressenza en el marco del Foro Global de Medios 2015 organizado por Deutsche Welle Los gobiernos sin armas nucleares y las organizaciones de la","og_url":"https:\/\/www.pressenza.com\/es\/2015\/06\/desde-los-campos-minados-a-las-armas-nucleares-el-punto-de-vista-humanitario-respecto-del-desarme-y-el-rol-que-tienen-los-medios-digitales\/","og_site_name":"Pressenza","article_publisher":"https:\/\/www.facebook.com\/PressenzaItalia","article_author":"https:\/\/www.facebook.com\/pressenza","article_published_time":"2015-06-23T13:14:27+00:00","og_image":[{"width":2048,"height":1365,"url":"https:\/\/www.pressenza.com\/wp-content\/uploads\/2015\/06\/18428841083_a607c27f4b_k.jpg","type":"image\/jpeg"}],"author":"Pressenza IPA","twitter_card":"summary_large_image","twitter_creator":"@PressenzaIPA","twitter_site":"@PressenzaIPA","twitter_misc":{"Escrito por":"Pressenza IPA","Tiempo de lectura":"2 minutos"},"schema":{"@context":"https:\/\/schema.org","@graph":[{"@type":"Article","@id":"https:\/\/www.pressenza.com\/es\/2015\/06\/desde-los-campos-minados-a-las-armas-nucleares-el-punto-de-vista-humanitario-respecto-del-desarme-y-el-rol-que-tienen-los-medios-digitales\/#article","isPartOf":{"@id":"https:\/\/www.pressenza.com\/es\/2015\/06\/desde-los-campos-minados-a-las-armas-nucleares-el-punto-de-vista-humanitario-respecto-del-desarme-y-el-rol-que-tienen-los-medios-digitales\/"},"author":{"name":"Pressenza IPA","@id":"https:\/\/www.pressenza.com\/es\/#\/schema\/person\/010e5d02bcf40965427a1289a4cc8d75"},"headline":"Desde los campos minados a las armas nucleares: el punto de vista humanitario respecto del desarme y el rol que tienen los medios digitales","datePublished":"2015-06-23T13:14:27+00:00","mainEntityOfPage":{"@id":"https:\/\/www.pressenza.com\/es\/2015\/06\/desde-los-campos-minados-a-las-armas-nucleares-el-punto-de-vista-humanitario-respecto-del-desarme-y-el-rol-que-tienen-los-medios-digitales\/"},"wordCount":396,"publisher":{"@id":"https:\/\/www.pressenza.com\/es\/#organization"},"image":{"@id":"https:\/\/www.pressenza.com\/es\/2015\/06\/desde-los-campos-minados-a-las-armas-nucleares-el-punto-de-vista-humanitario-respecto-del-desarme-y-el-rol-que-tienen-los-medios-digitales\/#primaryimage"},"thumbnailUrl":"https:\/\/www.pressenza.com\/wp-content\/uploads\/2015\/06\/18428841083_a607c27f4b_k.jpg","keywords":["Desarme nuclear","Pol\u00edticas de Desarme"],"articleSection":["Contenido Original","Internacional","Paz y Desarme"],"inLanguage":"es"},{"@type":"WebPage","@id":"https:\/\/www.pressenza.com\/es\/2015\/06\/desde-los-campos-minados-a-las-armas-nucleares-el-punto-de-vista-humanitario-respecto-del-desarme-y-el-rol-que-tienen-los-medios-digitales\/","url":"https:\/\/www.pressenza.com\/es\/2015\/06\/desde-los-campos-minados-a-las-armas-nucleares-el-punto-de-vista-humanitario-respecto-del-desarme-y-el-rol-que-tienen-los-medios-digitales\/","name":"Desde los campos minados a las armas nucleares: el punto de vista humanitario respecto del desarme y el rol que tienen los medios digitales","isPartOf":{"@id":"https:\/\/www.pressenza.com\/es\/#website"},"primaryImageOfPage":{"@id":"https:\/\/www.pressenza.com\/es\/2015\/06\/desde-los-campos-minados-a-las-armas-nucleares-el-punto-de-vista-humanitario-respecto-del-desarme-y-el-rol-que-tienen-los-medios-digitales\/#primaryimage"},"image":{"@id":"https:\/\/www.pressenza.com\/es\/2015\/06\/desde-los-campos-minados-a-las-armas-nucleares-el-punto-de-vista-humanitario-respecto-del-desarme-y-el-rol-que-tienen-los-medios-digitales\/#primaryimage"},"thumbnailUrl":"https:\/\/www.pressenza.com\/wp-content\/uploads\/2015\/06\/18428841083_a607c27f4b_k.jpg","datePublished":"2015-06-23T13:14:27+00:00","description":"Panel de Pressenza en el marco del Foro Global de Medios 2015 organizado por Deutsche Welle Los gobiernos sin armas nucleares y las organizaciones de la","breadcrumb":{"@id":"https:\/\/www.pressenza.com\/es\/2015\/06\/desde-los-campos-minados-a-las-armas-nucleares-el-punto-de-vista-humanitario-respecto-del-desarme-y-el-rol-que-tienen-los-medios-digitales\/#breadcrumb"},"inLanguage":"es","potentialAction":[{"@type":"ReadAction","target":["https:\/\/www.pressenza.com\/es\/2015\/06\/desde-los-campos-minados-a-las-armas-nucleares-el-punto-de-vista-humanitario-respecto-del-desarme-y-el-rol-que-tienen-los-medios-digitales\/"]}]},{"@type":"ImageObject","inLanguage":"es","@id":"https:\/\/www.pressenza.com\/es\/2015\/06\/desde-los-campos-minados-a-las-armas-nucleares-el-punto-de-vista-humanitario-respecto-del-desarme-y-el-rol-que-tienen-los-medios-digitales\/#primaryimage","url":"https:\/\/www.pressenza.com\/wp-content\/uploads\/2015\/06\/18428841083_a607c27f4b_k.jpg","contentUrl":"https:\/\/www.pressenza.com\/wp-content\/uploads\/2015\/06\/18428841083_a607c27f4b_k.jpg","width":2048,"height":1365},{"@type":"BreadcrumbList","@id":"https:\/\/www.pressenza.com\/es\/2015\/06\/desde-los-campos-minados-a-las-armas-nucleares-el-punto-de-vista-humanitario-respecto-del-desarme-y-el-rol-que-tienen-los-medios-digitales\/#breadcrumb","itemListElement":[{"@type":"ListItem","position":1,"name":"Accueil","item":"https:\/\/www.pressenza.com\/es\/"},{"@type":"ListItem","position":2,"name":"Desde los campos minados a las armas nucleares: el punto de vista humanitario respecto del desarme y el rol que tienen los medios digitales"}]},{"@type":"WebSite","@id":"https:\/\/www.pressenza.com\/es\/#website","url":"https:\/\/www.pressenza.com\/es\/","name":"Pressenza","description":"International Press Agency","publisher":{"@id":"https:\/\/www.pressenza.com\/es\/#organization"},"potentialAction":[{"@type":"SearchAction","target":{"@type":"EntryPoint","urlTemplate":"https:\/\/www.pressenza.com\/es\/?s={search_term_string}"},"query-input":{"@type":"PropertyValueSpecification","valueRequired":true,"valueName":"search_term_string"}}],"inLanguage":"es"},{"@type":"Organization","@id":"https:\/\/www.pressenza.com\/es\/#organization","name":"Pressenza","url":"https:\/\/www.pressenza.com\/es\/","logo":{"@type":"ImageObject","inLanguage":"es","@id":"https:\/\/www.pressenza.com\/es\/#\/schema\/logo\/image\/","url":"https:\/\/www.pressenza.com\/wp-content\/uploads\/2022\/10\/pressenza_logo_200x200.jpg","contentUrl":"https:\/\/www.pressenza.com\/wp-content\/uploads\/2022\/10\/pressenza_logo_200x200.jpg","width":200,"height":200,"caption":"Pressenza"},"image":{"@id":"https:\/\/www.pressenza.com\/es\/#\/schema\/logo\/image\/"},"sameAs":["https:\/\/www.facebook.com\/PressenzaItalia","https:\/\/x.com\/PressenzaIPA"]},{"@type":"Person","@id":"https:\/\/www.pressenza.com\/es\/#\/schema\/person\/010e5d02bcf40965427a1289a4cc8d75","name":"Pressenza IPA","description":"News from Pressenza IPA correspondents","sameAs":["https:\/\/www.facebook.com\/pressenza","https:\/\/x.com\/PressenzaIPA"],"url":"https:\/\/www.pressenza.com\/es\/author\/pressenza-ipa\/"}]}},"place":"","original_article_url":"","_links":{"self":[{"href":"https:\/\/www.pressenza.com\/es\/wp-json\/wp\/v2\/posts\/195983","targetHints":{"allow":["GET"]}}],"collection":[{"href":"https:\/\/www.pressenza.com\/es\/wp-json\/wp\/v2\/posts"}],"about":[{"href":"https:\/\/www.pressenza.com\/es\/wp-json\/wp\/v2\/types\/post"}],"author":[{"embeddable":true,"href":"https:\/\/www.pressenza.com\/es\/wp-json\/wp\/v2\/users\/19"}],"replies":[{"embeddable":true,"href":"https:\/\/www.pressenza.com\/es\/wp-json\/wp\/v2\/comments?post=195983"}],"version-history":[{"count":0,"href":"https:\/\/www.pressenza.com\/es\/wp-json\/wp\/v2\/posts\/195983\/revisions"}],"wp:featuredmedia":[{"embeddable":true,"href":"https:\/\/www.pressenza.com\/es\/wp-json\/wp\/v2\/media\/196049"}],"wp:attachment":[{"href":"https:\/\/www.pressenza.com\/es\/wp-json\/wp\/v2\/media?parent=195983"}],"wp:term":[{"taxonomy":"category","embeddable":true,"href":"https:\/\/www.pressenza.com\/es\/wp-json\/wp\/v2\/categories?post=195983"},{"taxonomy":"post_tag","embeddable":true,"href":"https:\/\/www.pressenza.com\/es\/wp-json\/wp\/v2\/tags?post=195983"}],"curies":[{"name":"wp","href":"https:\/\/api.w.org\/{rel}","templated":true}]}}