{"id":1958,"date":"2009-10-28T00:00:00","date_gmt":"2009-10-28T00:00:00","guid":{"rendered":""},"modified":"2009-10-28T17:27:34","modified_gmt":"2009-10-28T17:27:34","slug":"rodrigo-carazo-ox-firma-la-xcarta-por-un-mundo-sin-violenciax-de-los-premios-nobel-de-la-paz","status":"publish","type":"post","link":"https:\/\/www.pressenza.com\/es\/2009\/10\/rodrigo-carazo-ox-firma-la-xcarta-por-un-mundo-sin-violenciax-de-los-premios-nobel-de-la-paz\/","title":{"rendered":"Rodrigo Carazo O. firma la \u00abCarta por un Mundo sin Violencia\u00bb de los Premios Nobel de la Paz"},"content":{"rendered":"<p>Esta Carta hace un llamado muy fuerte a reflexionar y tomar acciones para construir un mundo sin violencia y en Paz. <\/p>\n<p>Costa Rica es un pa\u00eds centroamericano que no tiene ej\u00e9rcito desde 1948, que ha contribuido con iniciativas de paz hacia el mundo en estos \u00faltimos 61 a\u00f1os, y que goza de un  alto prestigio por resolver el dilema de inversiones en desarrollo humano versus gastos militares; por tener \u00edndices de desarrollo social y crecimiento econ\u00f3mico, superiores a los mostrados por otros pa\u00edses de la regi\u00f3n.<\/p>\n<p>Una vez m\u00e1s, don Rodrigo Carazo se convierte en un protagonista de los procesos de creaci\u00f3n de Paz y condiciones para la No violencia, en Costa Rica y el mundo entero. <\/p>\n","protected":false},"excerpt":{"rendered":"<p>Rodrigo Carazo Odio, ex-Presidente de la Rep\u00fablica de Costa Rica y fundador de la Universidad para la Paz, una instituci\u00f3n de educaci\u00f3n superior que trabaja para la formaci\u00f3n de profesionales y acad\u00e9micos en estrategias y pol\u00edticas de paz, ha adherido a la \u00abCarta por un Mundo sin Violencia\u00bb que promueven los Premios Nobel de la Paz.<\/p>\n","protected":false},"author":19,"featured_media":0,"comment_status":"closed","ping_status":"open","sticky":false,"template":"","format":"standard","meta":{"footnotes":""},"categories":[69,75,39,161],"tags":[],"class_list":["post-1958","post","type-post","status-publish","format-standard","hentry","category-america-central","category-cultura-es","category-internacional","category-opiniones"],"yoast_head":"<!-- This site is optimized with the Yoast SEO plugin v27.1.1 - https:\/\/yoast.com\/product\/yoast-seo-wordpress\/ -->\n<title>Rodrigo Carazo O. firma la &quot;Carta por un Mundo sin Violencia&quot; de los Premios Nobel de la Paz<\/title>\n<meta name=\"description\" content=\"Rodrigo Carazo Odio, ex-Presidente de la Rep\u00fablica de Costa Rica y fundador de la Universidad para la Paz, una instituci\u00f3n de educaci\u00f3n superior que trabaja para la formaci\u00f3n de profesionales y acad\u00e9micos en estrategias y pol\u00edticas de paz, ha adherido a la &quot;Carta por un Mundo sin Violencia&quot; que promueven los Premios Nobel de la Paz.\" \/>\n<meta name=\"robots\" content=\"index, follow, max-snippet:-1, max-image-preview:large, max-video-preview:-1\" \/>\n<link rel=\"canonical\" href=\"https:\/\/www.pressenza.com\/es\/2009\/10\/rodrigo-carazo-ox-firma-la-xcarta-por-un-mundo-sin-violenciax-de-los-premios-nobel-de-la-paz\/\" \/>\n<meta property=\"og:locale\" content=\"es_ES\" \/>\n<meta property=\"og:type\" content=\"article\" \/>\n<meta property=\"og:title\" content=\"Rodrigo Carazo O. firma la &quot;Carta por un Mundo sin Violencia&quot; de los Premios Nobel de la Paz\" \/>\n<meta property=\"og:description\" content=\"Rodrigo Carazo Odio, ex-Presidente de la Rep\u00fablica de Costa Rica y fundador de la Universidad para la Paz, una instituci\u00f3n de educaci\u00f3n superior que trabaja para la formaci\u00f3n de profesionales y acad\u00e9micos en estrategias y pol\u00edticas de paz, ha adherido a la &quot;Carta por un Mundo sin Violencia&quot; que promueven los Premios Nobel de la Paz.\" \/>\n<meta property=\"og:url\" content=\"https:\/\/www.pressenza.com\/es\/2009\/10\/rodrigo-carazo-ox-firma-la-xcarta-por-un-mundo-sin-violenciax-de-los-premios-nobel-de-la-paz\/\" \/>\n<meta property=\"og:site_name\" content=\"Pressenza\" \/>\n<meta property=\"article:publisher\" content=\"https:\/\/www.facebook.com\/PressenzaItalia\" \/>\n<meta property=\"article:author\" content=\"https:\/\/www.facebook.com\/pressenza\" \/>\n<meta property=\"article:published_time\" content=\"2009-10-28T00:00:00+00:00\" \/>\n<meta property=\"article:modified_time\" content=\"2009-10-28T17:27:34+00:00\" \/>\n<meta name=\"author\" content=\"Pressenza IPA\" \/>\n<meta name=\"twitter:card\" content=\"summary_large_image\" \/>\n<meta name=\"twitter:creator\" content=\"@PressenzaIPA\" \/>\n<meta name=\"twitter:site\" content=\"@PressenzaIPA\" \/>\n<meta name=\"twitter:label1\" content=\"Escrito por\" \/>\n\t<meta name=\"twitter:data1\" content=\"Pressenza IPA\" \/>\n\t<meta name=\"twitter:label2\" content=\"Tiempo de lectura\" \/>\n\t<meta name=\"twitter:data2\" content=\"1 minuto\" \/>\n<script type=\"application\/ld+json\" class=\"yoast-schema-graph\">{\"@context\":\"https:\/\/schema.org\",\"@graph\":[{\"@type\":\"Article\",\"@id\":\"https:\/\/www.pressenza.com\/es\/2009\/10\/rodrigo-carazo-ox-firma-la-xcarta-por-un-mundo-sin-violenciax-de-los-premios-nobel-de-la-paz\/#article\",\"isPartOf\":{\"@id\":\"https:\/\/www.pressenza.com\/es\/2009\/10\/rodrigo-carazo-ox-firma-la-xcarta-por-un-mundo-sin-violenciax-de-los-premios-nobel-de-la-paz\/\"},\"author\":{\"name\":\"Pressenza IPA\",\"@id\":\"https:\/\/www.pressenza.com\/es\/#\/schema\/person\/010e5d02bcf40965427a1289a4cc8d75\"},\"headline\":\"Rodrigo Carazo O. firma la \u00abCarta por un Mundo sin Violencia\u00bb de los Premios Nobel de la Paz\",\"datePublished\":\"2009-10-28T00:00:00+00:00\",\"dateModified\":\"2009-10-28T17:27:34+00:00\",\"mainEntityOfPage\":{\"@id\":\"https:\/\/www.pressenza.com\/es\/2009\/10\/rodrigo-carazo-ox-firma-la-xcarta-por-un-mundo-sin-violenciax-de-los-premios-nobel-de-la-paz\/\"},\"wordCount\":141,\"publisher\":{\"@id\":\"https:\/\/www.pressenza.com\/es\/#organization\"},\"articleSection\":[\"Am\u00e9rica Central\",\"Cultura y Medios\",\"Internacional\",\"Opiniones\"],\"inLanguage\":\"es\"},{\"@type\":\"WebPage\",\"@id\":\"https:\/\/www.pressenza.com\/es\/2009\/10\/rodrigo-carazo-ox-firma-la-xcarta-por-un-mundo-sin-violenciax-de-los-premios-nobel-de-la-paz\/\",\"url\":\"https:\/\/www.pressenza.com\/es\/2009\/10\/rodrigo-carazo-ox-firma-la-xcarta-por-un-mundo-sin-violenciax-de-los-premios-nobel-de-la-paz\/\",\"name\":\"Rodrigo Carazo O. firma la \\\"Carta por un Mundo sin Violencia\\\" de los Premios Nobel de la Paz\",\"isPartOf\":{\"@id\":\"https:\/\/www.pressenza.com\/es\/#website\"},\"datePublished\":\"2009-10-28T00:00:00+00:00\",\"dateModified\":\"2009-10-28T17:27:34+00:00\",\"description\":\"Rodrigo Carazo Odio, ex-Presidente de la Rep\u00fablica de Costa Rica y fundador de la Universidad para la Paz, una instituci\u00f3n de educaci\u00f3n superior que trabaja para la formaci\u00f3n de profesionales y acad\u00e9micos en estrategias y pol\u00edticas de paz, ha adherido a la \\\"Carta por un Mundo sin Violencia\\\" que promueven los Premios Nobel de la Paz.\",\"breadcrumb\":{\"@id\":\"https:\/\/www.pressenza.com\/es\/2009\/10\/rodrigo-carazo-ox-firma-la-xcarta-por-un-mundo-sin-violenciax-de-los-premios-nobel-de-la-paz\/#breadcrumb\"},\"inLanguage\":\"es\",\"potentialAction\":[{\"@type\":\"ReadAction\",\"target\":[\"https:\/\/www.pressenza.com\/es\/2009\/10\/rodrigo-carazo-ox-firma-la-xcarta-por-un-mundo-sin-violenciax-de-los-premios-nobel-de-la-paz\/\"]}]},{\"@type\":\"BreadcrumbList\",\"@id\":\"https:\/\/www.pressenza.com\/es\/2009\/10\/rodrigo-carazo-ox-firma-la-xcarta-por-un-mundo-sin-violenciax-de-los-premios-nobel-de-la-paz\/#breadcrumb\",\"itemListElement\":[{\"@type\":\"ListItem\",\"position\":1,\"name\":\"Accueil\",\"item\":\"https:\/\/www.pressenza.com\/es\/\"},{\"@type\":\"ListItem\",\"position\":2,\"name\":\"Rodrigo Carazo O. firma la \u00abCarta por un Mundo sin Violencia\u00bb de los Premios Nobel de la Paz\"}]},{\"@type\":\"WebSite\",\"@id\":\"https:\/\/www.pressenza.com\/es\/#website\",\"url\":\"https:\/\/www.pressenza.com\/es\/\",\"name\":\"Pressenza\",\"description\":\"International Press Agency\",\"publisher\":{\"@id\":\"https:\/\/www.pressenza.com\/es\/#organization\"},\"potentialAction\":[{\"@type\":\"SearchAction\",\"target\":{\"@type\":\"EntryPoint\",\"urlTemplate\":\"https:\/\/www.pressenza.com\/es\/?s={search_term_string}\"},\"query-input\":{\"@type\":\"PropertyValueSpecification\",\"valueRequired\":true,\"valueName\":\"search_term_string\"}}],\"inLanguage\":\"es\"},{\"@type\":\"Organization\",\"@id\":\"https:\/\/www.pressenza.com\/es\/#organization\",\"name\":\"Pressenza\",\"url\":\"https:\/\/www.pressenza.com\/es\/\",\"logo\":{\"@type\":\"ImageObject\",\"inLanguage\":\"es\",\"@id\":\"https:\/\/www.pressenza.com\/es\/#\/schema\/logo\/image\/\",\"url\":\"https:\/\/www.pressenza.com\/wp-content\/uploads\/2022\/10\/pressenza_logo_200x200.jpg\",\"contentUrl\":\"https:\/\/www.pressenza.com\/wp-content\/uploads\/2022\/10\/pressenza_logo_200x200.jpg\",\"width\":200,\"height\":200,\"caption\":\"Pressenza\"},\"image\":{\"@id\":\"https:\/\/www.pressenza.com\/es\/#\/schema\/logo\/image\/\"},\"sameAs\":[\"https:\/\/www.facebook.com\/PressenzaItalia\",\"https:\/\/x.com\/PressenzaIPA\"]},{\"@type\":\"Person\",\"@id\":\"https:\/\/www.pressenza.com\/es\/#\/schema\/person\/010e5d02bcf40965427a1289a4cc8d75\",\"name\":\"Pressenza IPA\",\"description\":\"News from Pressenza IPA correspondents\",\"sameAs\":[\"https:\/\/www.facebook.com\/pressenza\",\"https:\/\/x.com\/PressenzaIPA\"],\"url\":\"https:\/\/www.pressenza.com\/es\/author\/pressenza-ipa\/\"}]}<\/script>\n<!-- \/ Yoast SEO plugin. -->","yoast_head_json":{"title":"Rodrigo Carazo O. firma la \"Carta por un Mundo sin Violencia\" de los Premios Nobel de la Paz","description":"Rodrigo Carazo Odio, ex-Presidente de la Rep\u00fablica de Costa Rica y fundador de la Universidad para la Paz, una instituci\u00f3n de educaci\u00f3n superior que trabaja para la formaci\u00f3n de profesionales y acad\u00e9micos en estrategias y pol\u00edticas de paz, ha adherido a la \"Carta por un Mundo sin Violencia\" que promueven los Premios Nobel de la Paz.","robots":{"index":"index","follow":"follow","max-snippet":"max-snippet:-1","max-image-preview":"max-image-preview:large","max-video-preview":"max-video-preview:-1"},"canonical":"https:\/\/www.pressenza.com\/es\/2009\/10\/rodrigo-carazo-ox-firma-la-xcarta-por-un-mundo-sin-violenciax-de-los-premios-nobel-de-la-paz\/","og_locale":"es_ES","og_type":"article","og_title":"Rodrigo Carazo O. firma la \"Carta por un Mundo sin Violencia\" de los Premios Nobel de la Paz","og_description":"Rodrigo Carazo Odio, ex-Presidente de la Rep\u00fablica de Costa Rica y fundador de la Universidad para la Paz, una instituci\u00f3n de educaci\u00f3n superior que trabaja para la formaci\u00f3n de profesionales y acad\u00e9micos en estrategias y pol\u00edticas de paz, ha adherido a la \"Carta por un Mundo sin Violencia\" que promueven los Premios Nobel de la Paz.","og_url":"https:\/\/www.pressenza.com\/es\/2009\/10\/rodrigo-carazo-ox-firma-la-xcarta-por-un-mundo-sin-violenciax-de-los-premios-nobel-de-la-paz\/","og_site_name":"Pressenza","article_publisher":"https:\/\/www.facebook.com\/PressenzaItalia","article_author":"https:\/\/www.facebook.com\/pressenza","article_published_time":"2009-10-28T00:00:00+00:00","article_modified_time":"2009-10-28T17:27:34+00:00","author":"Pressenza IPA","twitter_card":"summary_large_image","twitter_creator":"@PressenzaIPA","twitter_site":"@PressenzaIPA","twitter_misc":{"Escrito por":"Pressenza IPA","Tiempo de lectura":"1 minuto"},"schema":{"@context":"https:\/\/schema.org","@graph":[{"@type":"Article","@id":"https:\/\/www.pressenza.com\/es\/2009\/10\/rodrigo-carazo-ox-firma-la-xcarta-por-un-mundo-sin-violenciax-de-los-premios-nobel-de-la-paz\/#article","isPartOf":{"@id":"https:\/\/www.pressenza.com\/es\/2009\/10\/rodrigo-carazo-ox-firma-la-xcarta-por-un-mundo-sin-violenciax-de-los-premios-nobel-de-la-paz\/"},"author":{"name":"Pressenza IPA","@id":"https:\/\/www.pressenza.com\/es\/#\/schema\/person\/010e5d02bcf40965427a1289a4cc8d75"},"headline":"Rodrigo Carazo O. firma la \u00abCarta por un Mundo sin Violencia\u00bb de los Premios Nobel de la Paz","datePublished":"2009-10-28T00:00:00+00:00","dateModified":"2009-10-28T17:27:34+00:00","mainEntityOfPage":{"@id":"https:\/\/www.pressenza.com\/es\/2009\/10\/rodrigo-carazo-ox-firma-la-xcarta-por-un-mundo-sin-violenciax-de-los-premios-nobel-de-la-paz\/"},"wordCount":141,"publisher":{"@id":"https:\/\/www.pressenza.com\/es\/#organization"},"articleSection":["Am\u00e9rica Central","Cultura y Medios","Internacional","Opiniones"],"inLanguage":"es"},{"@type":"WebPage","@id":"https:\/\/www.pressenza.com\/es\/2009\/10\/rodrigo-carazo-ox-firma-la-xcarta-por-un-mundo-sin-violenciax-de-los-premios-nobel-de-la-paz\/","url":"https:\/\/www.pressenza.com\/es\/2009\/10\/rodrigo-carazo-ox-firma-la-xcarta-por-un-mundo-sin-violenciax-de-los-premios-nobel-de-la-paz\/","name":"Rodrigo Carazo O. firma la \"Carta por un Mundo sin Violencia\" de los Premios Nobel de la Paz","isPartOf":{"@id":"https:\/\/www.pressenza.com\/es\/#website"},"datePublished":"2009-10-28T00:00:00+00:00","dateModified":"2009-10-28T17:27:34+00:00","description":"Rodrigo Carazo Odio, ex-Presidente de la Rep\u00fablica de Costa Rica y fundador de la Universidad para la Paz, una instituci\u00f3n de educaci\u00f3n superior que trabaja para la formaci\u00f3n de profesionales y acad\u00e9micos en estrategias y pol\u00edticas de paz, ha adherido a la \"Carta por un Mundo sin Violencia\" que promueven los Premios Nobel de la Paz.","breadcrumb":{"@id":"https:\/\/www.pressenza.com\/es\/2009\/10\/rodrigo-carazo-ox-firma-la-xcarta-por-un-mundo-sin-violenciax-de-los-premios-nobel-de-la-paz\/#breadcrumb"},"inLanguage":"es","potentialAction":[{"@type":"ReadAction","target":["https:\/\/www.pressenza.com\/es\/2009\/10\/rodrigo-carazo-ox-firma-la-xcarta-por-un-mundo-sin-violenciax-de-los-premios-nobel-de-la-paz\/"]}]},{"@type":"BreadcrumbList","@id":"https:\/\/www.pressenza.com\/es\/2009\/10\/rodrigo-carazo-ox-firma-la-xcarta-por-un-mundo-sin-violenciax-de-los-premios-nobel-de-la-paz\/#breadcrumb","itemListElement":[{"@type":"ListItem","position":1,"name":"Accueil","item":"https:\/\/www.pressenza.com\/es\/"},{"@type":"ListItem","position":2,"name":"Rodrigo Carazo O. firma la \u00abCarta por un Mundo sin Violencia\u00bb de los Premios Nobel de la Paz"}]},{"@type":"WebSite","@id":"https:\/\/www.pressenza.com\/es\/#website","url":"https:\/\/www.pressenza.com\/es\/","name":"Pressenza","description":"International Press Agency","publisher":{"@id":"https:\/\/www.pressenza.com\/es\/#organization"},"potentialAction":[{"@type":"SearchAction","target":{"@type":"EntryPoint","urlTemplate":"https:\/\/www.pressenza.com\/es\/?s={search_term_string}"},"query-input":{"@type":"PropertyValueSpecification","valueRequired":true,"valueName":"search_term_string"}}],"inLanguage":"es"},{"@type":"Organization","@id":"https:\/\/www.pressenza.com\/es\/#organization","name":"Pressenza","url":"https:\/\/www.pressenza.com\/es\/","logo":{"@type":"ImageObject","inLanguage":"es","@id":"https:\/\/www.pressenza.com\/es\/#\/schema\/logo\/image\/","url":"https:\/\/www.pressenza.com\/wp-content\/uploads\/2022\/10\/pressenza_logo_200x200.jpg","contentUrl":"https:\/\/www.pressenza.com\/wp-content\/uploads\/2022\/10\/pressenza_logo_200x200.jpg","width":200,"height":200,"caption":"Pressenza"},"image":{"@id":"https:\/\/www.pressenza.com\/es\/#\/schema\/logo\/image\/"},"sameAs":["https:\/\/www.facebook.com\/PressenzaItalia","https:\/\/x.com\/PressenzaIPA"]},{"@type":"Person","@id":"https:\/\/www.pressenza.com\/es\/#\/schema\/person\/010e5d02bcf40965427a1289a4cc8d75","name":"Pressenza IPA","description":"News from Pressenza IPA correspondents","sameAs":["https:\/\/www.facebook.com\/pressenza","https:\/\/x.com\/PressenzaIPA"],"url":"https:\/\/www.pressenza.com\/es\/author\/pressenza-ipa\/"}]}},"place":"San Jos\u00e9","original_article_url":"","_links":{"self":[{"href":"https:\/\/www.pressenza.com\/es\/wp-json\/wp\/v2\/posts\/1958","targetHints":{"allow":["GET"]}}],"collection":[{"href":"https:\/\/www.pressenza.com\/es\/wp-json\/wp\/v2\/posts"}],"about":[{"href":"https:\/\/www.pressenza.com\/es\/wp-json\/wp\/v2\/types\/post"}],"author":[{"embeddable":true,"href":"https:\/\/www.pressenza.com\/es\/wp-json\/wp\/v2\/users\/19"}],"replies":[{"embeddable":true,"href":"https:\/\/www.pressenza.com\/es\/wp-json\/wp\/v2\/comments?post=1958"}],"version-history":[{"count":0,"href":"https:\/\/www.pressenza.com\/es\/wp-json\/wp\/v2\/posts\/1958\/revisions"}],"wp:attachment":[{"href":"https:\/\/www.pressenza.com\/es\/wp-json\/wp\/v2\/media?parent=1958"}],"wp:term":[{"taxonomy":"category","embeddable":true,"href":"https:\/\/www.pressenza.com\/es\/wp-json\/wp\/v2\/categories?post=1958"},{"taxonomy":"post_tag","embeddable":true,"href":"https:\/\/www.pressenza.com\/es\/wp-json\/wp\/v2\/tags?post=1958"}],"curies":[{"name":"wp","href":"https:\/\/api.w.org\/{rel}","templated":true}]}}