{"id":1948,"date":"2009-10-28T00:00:00","date_gmt":"2009-10-28T00:00:00","guid":{"rendered":""},"modified":"2009-10-28T09:10:43","modified_gmt":"2009-10-28T09:10:43","slug":"tarja-halonenx-presidenta-de-finlandiax-recibe-a-la-marcha-mundial","status":"publish","type":"post","link":"https:\/\/www.pressenza.com\/es\/2009\/10\/tarja-halonenx-presidenta-de-finlandiax-recibe-a-la-marcha-mundial\/","title":{"rendered":"Tarja Halonen, presidenta de Finlandia, recibe a la Marcha Mundial"},"content":{"rendered":"<p>En la residencia oficial,la presidenta de Finlandia Tarja Halonen recibi\u00f3 a una delegaci\u00f3n de la Marcha Mundial por la Paz y la No-violencia que ha llegado a Helsinki procedente de Estonia. Ning\u00fan Presidente hab\u00eda antes recibido al equipo base que recorre el mundo en el contexto de la Marcha Mundial por la Paz y la No-violencia. Con Finlandia suman mas de 17 pa\u00edses que esta marcha ha recorrido. <\/p>\n<p>Halonen expres\u00f3 su apoyo p\u00fablico a la Marcha manifestando que: \u201ceste pr\u00f3ximo a\u00f1o tenemos una tarea dura pero muy importante con la revisi\u00f3n del Tratado de No-Proliferaci\u00f3n nuclear. El gobierno de Finlandia apoya la eliminaci\u00f3n total de las armas nucleares\u201d. <\/p>\n<p>Rafael de la Rubia, portavoz de la Marcha Mundial hizo entrega a la presidenta del Manifiesto de la Marcha, el Protocolo de Hiroshima y Nagasaki y la \u00abCarta para un Mundo sin Violencia\u00bb propuesta por los Premios Nobel de la Paz. <\/p>\n<p>Horas m\u00e1s tarde, bajo una agua-nieve se celebr\u00f3 una manifestaci\u00f3n por las calles del centro de Helsinki convocada por la organizaci\u00f3n humanista Mundo Sin Guerras, Amma y apoyada por numerosas organizaciones nacionales y locales. La manifestaci\u00f3n termin\u00f3 en el teatro Savoy donde Juha Uski, representante de Mundo sin Guerras de los pa\u00edses n\u00f3rdicos, responsable del evento, present\u00f3 a los miembros del equipo base, tres de los cuales explicaron sus experiencias: Sintya, Juanita, Liliana, corroboradas con algunos videos del viaje. Micky Hirsch expuso los puntos b\u00e1sicos que defiende la Marcha Mundial y aclar\u00f3 que hablar de paz \u00abno es aburrido\u00bb, como se demuestra en el gran sentido del humor de los miembros del equipo, plasmado en los videos de Isabelle Bourgeois y Alvaro Orus.<\/p>\n<p>M\u00fasica, poes\u00eda, plegarias, ritual cham\u00e1n para bendecir a los marchantes, dieron notas de color a un festival art\u00edstico-cultural, que fue seguido con inter\u00e9s hasta las 10 de la noche.<\/p>\n<p>YouTube:<br \/>\n[http:\/\/www.youtube.com\/watch?v=v1OzDmMS5sI](http:\/\/www.youtube.com\/watch?v=v1OzDmMS5sI \u00abhttp:\/\/www.youtube.com\/watch?v=v1OzDmMS5sI\u00bb) <\/p>\n<p>Descarga:<br \/>\n[http:\/\/marchamundial.tv\/WMBT\/20091027Helsinki](http:\/\/marchamundial.tv\/WMBT\/20091027Helsinki \u00abhttp:\/\/marchamundial.tv\/WMBT\/20091027Helsinki\u00bb) <\/p>\n","protected":false},"excerpt":{"rendered":"<p>En la residencia oficial, la presidenta de Finlandia, Tarja Halonen, recibi\u00f3 a una delegaci\u00f3n de la Marcha Mundial por la Paz y la No-violencia que ha llegado a Helsinki procedente de Estonia. Halonen expres\u00f3 su apoyo p\u00fablico a la Marcha manifestando que \u00abel gobierno de Finlandia apoya la eliminaci\u00f3n total de las armas nucleares\u00bb.<\/p>\n","protected":false},"author":19,"featured_media":0,"comment_status":"closed","ping_status":"open","sticky":false,"template":"","format":"standard","meta":{"footnotes":""},"categories":[149,66,39,74],"tags":[],"class_list":["post-1948","post","type-post","status-publish","format-standard","hentry","category-comunicados-de-prensa","category-europa-es","category-internacional","category-politica-es"],"yoast_head":"<!-- This site is optimized with the Yoast SEO plugin v27.1.1 - https:\/\/yoast.com\/product\/yoast-seo-wordpress\/ -->\n<title>Tarja Halonen, presidenta de Finlandia, recibe a la Marcha Mundial<\/title>\n<meta name=\"description\" content=\"En la residencia oficial, la presidenta de Finlandia, Tarja Halonen, recibi\u00f3 a una delegaci\u00f3n de la Marcha Mundial por la Paz y la No-violencia que ha llegado a Helsinki procedente de Estonia. Halonen expres\u00f3 su apoyo p\u00fablico a la Marcha manifestando que &quot;el gobierno de Finlandia apoya la eliminaci\u00f3n total de las armas nucleares&quot;.\" \/>\n<meta name=\"robots\" content=\"index, follow, max-snippet:-1, max-image-preview:large, max-video-preview:-1\" \/>\n<link rel=\"canonical\" href=\"https:\/\/www.pressenza.com\/es\/2009\/10\/tarja-halonenx-presidenta-de-finlandiax-recibe-a-la-marcha-mundial\/\" \/>\n<meta property=\"og:locale\" content=\"es_ES\" \/>\n<meta property=\"og:type\" content=\"article\" \/>\n<meta property=\"og:title\" content=\"Tarja Halonen, presidenta de Finlandia, recibe a la Marcha Mundial\" \/>\n<meta property=\"og:description\" content=\"En la residencia oficial, la presidenta de Finlandia, Tarja Halonen, recibi\u00f3 a una delegaci\u00f3n de la Marcha Mundial por la Paz y la No-violencia que ha llegado a Helsinki procedente de Estonia. Halonen expres\u00f3 su apoyo p\u00fablico a la Marcha manifestando que &quot;el gobierno de Finlandia apoya la eliminaci\u00f3n total de las armas nucleares&quot;.\" \/>\n<meta property=\"og:url\" content=\"https:\/\/www.pressenza.com\/es\/2009\/10\/tarja-halonenx-presidenta-de-finlandiax-recibe-a-la-marcha-mundial\/\" \/>\n<meta property=\"og:site_name\" content=\"Pressenza\" \/>\n<meta property=\"article:publisher\" content=\"https:\/\/www.facebook.com\/PressenzaItalia\" \/>\n<meta property=\"article:author\" content=\"https:\/\/www.facebook.com\/pressenza\" \/>\n<meta property=\"article:published_time\" content=\"2009-10-28T00:00:00+00:00\" \/>\n<meta property=\"article:modified_time\" content=\"2009-10-28T09:10:43+00:00\" \/>\n<meta name=\"author\" content=\"Pressenza IPA\" \/>\n<meta name=\"twitter:card\" content=\"summary_large_image\" \/>\n<meta name=\"twitter:creator\" content=\"@PressenzaIPA\" \/>\n<meta name=\"twitter:site\" content=\"@PressenzaIPA\" \/>\n<meta name=\"twitter:label1\" content=\"Escrito por\" \/>\n\t<meta name=\"twitter:data1\" content=\"Pressenza IPA\" \/>\n\t<meta name=\"twitter:label2\" content=\"Tiempo de lectura\" \/>\n\t<meta name=\"twitter:data2\" content=\"2 minutos\" \/>\n<script type=\"application\/ld+json\" class=\"yoast-schema-graph\">{\"@context\":\"https:\/\/schema.org\",\"@graph\":[{\"@type\":\"Article\",\"@id\":\"https:\/\/www.pressenza.com\/es\/2009\/10\/tarja-halonenx-presidenta-de-finlandiax-recibe-a-la-marcha-mundial\/#article\",\"isPartOf\":{\"@id\":\"https:\/\/www.pressenza.com\/es\/2009\/10\/tarja-halonenx-presidenta-de-finlandiax-recibe-a-la-marcha-mundial\/\"},\"author\":{\"name\":\"Pressenza IPA\",\"@id\":\"https:\/\/www.pressenza.com\/es\/#\/schema\/person\/010e5d02bcf40965427a1289a4cc8d75\"},\"headline\":\"Tarja Halonen, presidenta de Finlandia, recibe a la Marcha Mundial\",\"datePublished\":\"2009-10-28T00:00:00+00:00\",\"dateModified\":\"2009-10-28T09:10:43+00:00\",\"mainEntityOfPage\":{\"@id\":\"https:\/\/www.pressenza.com\/es\/2009\/10\/tarja-halonenx-presidenta-de-finlandiax-recibe-a-la-marcha-mundial\/\"},\"wordCount\":376,\"publisher\":{\"@id\":\"https:\/\/www.pressenza.com\/es\/#organization\"},\"articleSection\":[\"Comunicados de Prensa\",\"Europa\",\"Internacional\",\"Pol\u00edtica\"],\"inLanguage\":\"es\"},{\"@type\":\"WebPage\",\"@id\":\"https:\/\/www.pressenza.com\/es\/2009\/10\/tarja-halonenx-presidenta-de-finlandiax-recibe-a-la-marcha-mundial\/\",\"url\":\"https:\/\/www.pressenza.com\/es\/2009\/10\/tarja-halonenx-presidenta-de-finlandiax-recibe-a-la-marcha-mundial\/\",\"name\":\"Tarja Halonen, presidenta de Finlandia, recibe a la Marcha Mundial\",\"isPartOf\":{\"@id\":\"https:\/\/www.pressenza.com\/es\/#website\"},\"datePublished\":\"2009-10-28T00:00:00+00:00\",\"dateModified\":\"2009-10-28T09:10:43+00:00\",\"description\":\"En la residencia oficial, la presidenta de Finlandia, Tarja Halonen, recibi\u00f3 a una delegaci\u00f3n de la Marcha Mundial por la Paz y la No-violencia que ha llegado a Helsinki procedente de Estonia. Halonen expres\u00f3 su apoyo p\u00fablico a la Marcha manifestando que \\\"el gobierno de Finlandia apoya la eliminaci\u00f3n total de las armas nucleares\\\".\",\"breadcrumb\":{\"@id\":\"https:\/\/www.pressenza.com\/es\/2009\/10\/tarja-halonenx-presidenta-de-finlandiax-recibe-a-la-marcha-mundial\/#breadcrumb\"},\"inLanguage\":\"es\",\"potentialAction\":[{\"@type\":\"ReadAction\",\"target\":[\"https:\/\/www.pressenza.com\/es\/2009\/10\/tarja-halonenx-presidenta-de-finlandiax-recibe-a-la-marcha-mundial\/\"]}]},{\"@type\":\"BreadcrumbList\",\"@id\":\"https:\/\/www.pressenza.com\/es\/2009\/10\/tarja-halonenx-presidenta-de-finlandiax-recibe-a-la-marcha-mundial\/#breadcrumb\",\"itemListElement\":[{\"@type\":\"ListItem\",\"position\":1,\"name\":\"Accueil\",\"item\":\"https:\/\/www.pressenza.com\/es\/\"},{\"@type\":\"ListItem\",\"position\":2,\"name\":\"Tarja Halonen, presidenta de Finlandia, recibe a la Marcha Mundial\"}]},{\"@type\":\"WebSite\",\"@id\":\"https:\/\/www.pressenza.com\/es\/#website\",\"url\":\"https:\/\/www.pressenza.com\/es\/\",\"name\":\"Pressenza\",\"description\":\"International Press Agency\",\"publisher\":{\"@id\":\"https:\/\/www.pressenza.com\/es\/#organization\"},\"potentialAction\":[{\"@type\":\"SearchAction\",\"target\":{\"@type\":\"EntryPoint\",\"urlTemplate\":\"https:\/\/www.pressenza.com\/es\/?s={search_term_string}\"},\"query-input\":{\"@type\":\"PropertyValueSpecification\",\"valueRequired\":true,\"valueName\":\"search_term_string\"}}],\"inLanguage\":\"es\"},{\"@type\":\"Organization\",\"@id\":\"https:\/\/www.pressenza.com\/es\/#organization\",\"name\":\"Pressenza\",\"url\":\"https:\/\/www.pressenza.com\/es\/\",\"logo\":{\"@type\":\"ImageObject\",\"inLanguage\":\"es\",\"@id\":\"https:\/\/www.pressenza.com\/es\/#\/schema\/logo\/image\/\",\"url\":\"https:\/\/www.pressenza.com\/wp-content\/uploads\/2022\/10\/pressenza_logo_200x200.jpg\",\"contentUrl\":\"https:\/\/www.pressenza.com\/wp-content\/uploads\/2022\/10\/pressenza_logo_200x200.jpg\",\"width\":200,\"height\":200,\"caption\":\"Pressenza\"},\"image\":{\"@id\":\"https:\/\/www.pressenza.com\/es\/#\/schema\/logo\/image\/\"},\"sameAs\":[\"https:\/\/www.facebook.com\/PressenzaItalia\",\"https:\/\/x.com\/PressenzaIPA\"]},{\"@type\":\"Person\",\"@id\":\"https:\/\/www.pressenza.com\/es\/#\/schema\/person\/010e5d02bcf40965427a1289a4cc8d75\",\"name\":\"Pressenza IPA\",\"description\":\"News from Pressenza IPA correspondents\",\"sameAs\":[\"https:\/\/www.facebook.com\/pressenza\",\"https:\/\/x.com\/PressenzaIPA\"],\"url\":\"https:\/\/www.pressenza.com\/es\/author\/pressenza-ipa\/\"}]}<\/script>\n<!-- \/ Yoast SEO plugin. -->","yoast_head_json":{"title":"Tarja Halonen, presidenta de Finlandia, recibe a la Marcha Mundial","description":"En la residencia oficial, la presidenta de Finlandia, Tarja Halonen, recibi\u00f3 a una delegaci\u00f3n de la Marcha Mundial por la Paz y la No-violencia que ha llegado a Helsinki procedente de Estonia. Halonen expres\u00f3 su apoyo p\u00fablico a la Marcha manifestando que \"el gobierno de Finlandia apoya la eliminaci\u00f3n total de las armas nucleares\".","robots":{"index":"index","follow":"follow","max-snippet":"max-snippet:-1","max-image-preview":"max-image-preview:large","max-video-preview":"max-video-preview:-1"},"canonical":"https:\/\/www.pressenza.com\/es\/2009\/10\/tarja-halonenx-presidenta-de-finlandiax-recibe-a-la-marcha-mundial\/","og_locale":"es_ES","og_type":"article","og_title":"Tarja Halonen, presidenta de Finlandia, recibe a la Marcha Mundial","og_description":"En la residencia oficial, la presidenta de Finlandia, Tarja Halonen, recibi\u00f3 a una delegaci\u00f3n de la Marcha Mundial por la Paz y la No-violencia que ha llegado a Helsinki procedente de Estonia. Halonen expres\u00f3 su apoyo p\u00fablico a la Marcha manifestando que \"el gobierno de Finlandia apoya la eliminaci\u00f3n total de las armas nucleares\".","og_url":"https:\/\/www.pressenza.com\/es\/2009\/10\/tarja-halonenx-presidenta-de-finlandiax-recibe-a-la-marcha-mundial\/","og_site_name":"Pressenza","article_publisher":"https:\/\/www.facebook.com\/PressenzaItalia","article_author":"https:\/\/www.facebook.com\/pressenza","article_published_time":"2009-10-28T00:00:00+00:00","article_modified_time":"2009-10-28T09:10:43+00:00","author":"Pressenza IPA","twitter_card":"summary_large_image","twitter_creator":"@PressenzaIPA","twitter_site":"@PressenzaIPA","twitter_misc":{"Escrito por":"Pressenza IPA","Tiempo de lectura":"2 minutos"},"schema":{"@context":"https:\/\/schema.org","@graph":[{"@type":"Article","@id":"https:\/\/www.pressenza.com\/es\/2009\/10\/tarja-halonenx-presidenta-de-finlandiax-recibe-a-la-marcha-mundial\/#article","isPartOf":{"@id":"https:\/\/www.pressenza.com\/es\/2009\/10\/tarja-halonenx-presidenta-de-finlandiax-recibe-a-la-marcha-mundial\/"},"author":{"name":"Pressenza IPA","@id":"https:\/\/www.pressenza.com\/es\/#\/schema\/person\/010e5d02bcf40965427a1289a4cc8d75"},"headline":"Tarja Halonen, presidenta de Finlandia, recibe a la Marcha Mundial","datePublished":"2009-10-28T00:00:00+00:00","dateModified":"2009-10-28T09:10:43+00:00","mainEntityOfPage":{"@id":"https:\/\/www.pressenza.com\/es\/2009\/10\/tarja-halonenx-presidenta-de-finlandiax-recibe-a-la-marcha-mundial\/"},"wordCount":376,"publisher":{"@id":"https:\/\/www.pressenza.com\/es\/#organization"},"articleSection":["Comunicados de Prensa","Europa","Internacional","Pol\u00edtica"],"inLanguage":"es"},{"@type":"WebPage","@id":"https:\/\/www.pressenza.com\/es\/2009\/10\/tarja-halonenx-presidenta-de-finlandiax-recibe-a-la-marcha-mundial\/","url":"https:\/\/www.pressenza.com\/es\/2009\/10\/tarja-halonenx-presidenta-de-finlandiax-recibe-a-la-marcha-mundial\/","name":"Tarja Halonen, presidenta de Finlandia, recibe a la Marcha Mundial","isPartOf":{"@id":"https:\/\/www.pressenza.com\/es\/#website"},"datePublished":"2009-10-28T00:00:00+00:00","dateModified":"2009-10-28T09:10:43+00:00","description":"En la residencia oficial, la presidenta de Finlandia, Tarja Halonen, recibi\u00f3 a una delegaci\u00f3n de la Marcha Mundial por la Paz y la No-violencia que ha llegado a Helsinki procedente de Estonia. Halonen expres\u00f3 su apoyo p\u00fablico a la Marcha manifestando que \"el gobierno de Finlandia apoya la eliminaci\u00f3n total de las armas nucleares\".","breadcrumb":{"@id":"https:\/\/www.pressenza.com\/es\/2009\/10\/tarja-halonenx-presidenta-de-finlandiax-recibe-a-la-marcha-mundial\/#breadcrumb"},"inLanguage":"es","potentialAction":[{"@type":"ReadAction","target":["https:\/\/www.pressenza.com\/es\/2009\/10\/tarja-halonenx-presidenta-de-finlandiax-recibe-a-la-marcha-mundial\/"]}]},{"@type":"BreadcrumbList","@id":"https:\/\/www.pressenza.com\/es\/2009\/10\/tarja-halonenx-presidenta-de-finlandiax-recibe-a-la-marcha-mundial\/#breadcrumb","itemListElement":[{"@type":"ListItem","position":1,"name":"Accueil","item":"https:\/\/www.pressenza.com\/es\/"},{"@type":"ListItem","position":2,"name":"Tarja Halonen, presidenta de Finlandia, recibe a la Marcha Mundial"}]},{"@type":"WebSite","@id":"https:\/\/www.pressenza.com\/es\/#website","url":"https:\/\/www.pressenza.com\/es\/","name":"Pressenza","description":"International Press Agency","publisher":{"@id":"https:\/\/www.pressenza.com\/es\/#organization"},"potentialAction":[{"@type":"SearchAction","target":{"@type":"EntryPoint","urlTemplate":"https:\/\/www.pressenza.com\/es\/?s={search_term_string}"},"query-input":{"@type":"PropertyValueSpecification","valueRequired":true,"valueName":"search_term_string"}}],"inLanguage":"es"},{"@type":"Organization","@id":"https:\/\/www.pressenza.com\/es\/#organization","name":"Pressenza","url":"https:\/\/www.pressenza.com\/es\/","logo":{"@type":"ImageObject","inLanguage":"es","@id":"https:\/\/www.pressenza.com\/es\/#\/schema\/logo\/image\/","url":"https:\/\/www.pressenza.com\/wp-content\/uploads\/2022\/10\/pressenza_logo_200x200.jpg","contentUrl":"https:\/\/www.pressenza.com\/wp-content\/uploads\/2022\/10\/pressenza_logo_200x200.jpg","width":200,"height":200,"caption":"Pressenza"},"image":{"@id":"https:\/\/www.pressenza.com\/es\/#\/schema\/logo\/image\/"},"sameAs":["https:\/\/www.facebook.com\/PressenzaItalia","https:\/\/x.com\/PressenzaIPA"]},{"@type":"Person","@id":"https:\/\/www.pressenza.com\/es\/#\/schema\/person\/010e5d02bcf40965427a1289a4cc8d75","name":"Pressenza IPA","description":"News from Pressenza IPA correspondents","sameAs":["https:\/\/www.facebook.com\/pressenza","https:\/\/x.com\/PressenzaIPA"],"url":"https:\/\/www.pressenza.com\/es\/author\/pressenza-ipa\/"}]}},"place":"Helsinki","original_article_url":"","_links":{"self":[{"href":"https:\/\/www.pressenza.com\/es\/wp-json\/wp\/v2\/posts\/1948","targetHints":{"allow":["GET"]}}],"collection":[{"href":"https:\/\/www.pressenza.com\/es\/wp-json\/wp\/v2\/posts"}],"about":[{"href":"https:\/\/www.pressenza.com\/es\/wp-json\/wp\/v2\/types\/post"}],"author":[{"embeddable":true,"href":"https:\/\/www.pressenza.com\/es\/wp-json\/wp\/v2\/users\/19"}],"replies":[{"embeddable":true,"href":"https:\/\/www.pressenza.com\/es\/wp-json\/wp\/v2\/comments?post=1948"}],"version-history":[{"count":0,"href":"https:\/\/www.pressenza.com\/es\/wp-json\/wp\/v2\/posts\/1948\/revisions"}],"wp:attachment":[{"href":"https:\/\/www.pressenza.com\/es\/wp-json\/wp\/v2\/media?parent=1948"}],"wp:term":[{"taxonomy":"category","embeddable":true,"href":"https:\/\/www.pressenza.com\/es\/wp-json\/wp\/v2\/categories?post=1948"},{"taxonomy":"post_tag","embeddable":true,"href":"https:\/\/www.pressenza.com\/es\/wp-json\/wp\/v2\/tags?post=1948"}],"curies":[{"name":"wp","href":"https:\/\/api.w.org\/{rel}","templated":true}]}}