{"id":1946,"date":"2009-10-27T00:00:00","date_gmt":"2009-10-27T00:00:00","guid":{"rendered":""},"modified":"2009-10-27T22:14:44","modified_gmt":"2009-10-27T22:14:44","slug":"la-pequena-agricultura-debe-volver-a-recuperar-su-importancia-en-las-estrategias-de-desarrollo-agropecuario","status":"publish","type":"post","link":"https:\/\/www.pressenza.com\/es\/2009\/10\/la-pequena-agricultura-debe-volver-a-recuperar-su-importancia-en-las-estrategias-de-desarrollo-agropecuario\/","title":{"rendered":"La peque\u00f1a agricultura debe volver a recuperar su importancia en las estrategias de desarrollo agropecuario"},"content":{"rendered":"<p>Del 25 al 31 de octubre Jamaica ser\u00e1 la sede de la V Cumbre Ministerial de Am\u00e9rica Latina y el Caribe sobre Agricultura y Vida Rural en las Am\u00e9ricas. Esta Cumbre tendr\u00e1 como prioridad impulsar la revalorizaci\u00f3n de la agricultura y el medio rural, contribuyendo a enfrentar los desaf\u00edos del desarrollo, propiciando la integraci\u00f3n urbano-rural, teniendo en cuenta los factores sociales, pol\u00edticos, econ\u00f3micos, ecol\u00f3gicos y culturales y visibilizando la contribuci\u00f3n de lo rural al desarrollo nacional\u201d.  <\/p>\n<p>\u201cOxfam Internacional considera que la Cumbre debe ser un espacio para que los gobiernos de la regi\u00f3n asuman el compromiso de invertir en la peque\u00f1a agricultura y garantizar la seguridad alimentaria\u201d, explic\u00f3 Asier Hernando, responsable regional de agricultura y recursos naturales de Oxfam en Am\u00e9rica del Sur.  \u201cSe debe poner especial atenci\u00f3n en las mujeres, unas de las m\u00e1s afectadas por el hambre y la falta de acceso al agua y la tierra\u201d, a\u00f1adi\u00f3.<\/p>\n<p>\u201cEl apoyo a la peque\u00f1a agricultura es un componente indispensable en la lucha contra el hambre. Permite atacar la insuficiencia alimentaria y el alto precio de los alimentos, potenciando cadenas productivas y flujos comerciales locales y regionales\u201d, sostuvo Eduardo Gudynas, investigador del Centro Latino Americano en Ecolog\u00eda Social, con sede en Montevideo. El investigador agreg\u00f3 que \u201cesos agricultores y sus familias son parte de la soluci\u00f3n, y los gobiernos deben asegurar su concurso y participaci\u00f3n\u201d.<\/p>\n<p>El Plan AGRO 2003-2015 para la Agricultura y Vida Rural de las Am\u00e9ricas \u2013consensuado hace seis a\u00f1os por los gobiernos de Am\u00e9rica Latina- no hace un especial \u00e9nfasis en la importancia de invertir en la peque\u00f1a agricultura. La crisis econ\u00f3mica y financiera, el calentamiento global y la crisis alimentaria obligan a los gobiernos de la regi\u00f3n \u2013y del mundo- a cambiar las prioridades de la inversi\u00f3n para mejorar las condiciones los m\u00e1s del mil millones de personas que viven con hambre en el mundo.<\/p>\n<p>En los \u00faltimos a\u00f1os, la poca inversi\u00f3n de los gobiernos en agricultura ha estado orientada hacia la agroindustria, cuando numerosos estudios han demostrado que \u00e9sta tiende a producir menos beneficios brutos y netos por hect\u00e1rea de tierra que la peque\u00f1a agricultura. Pero m\u00e1s all\u00e1 de las consideraciones de eficiencia econ\u00f3mica, los agricultores campesinos e ind\u00edgenas son adem\u00e1s quienes cuidan de las tierras m\u00e1s degradadas, conservan la biodiversidad agr\u00edcola y manejan algunos de los suelos m\u00e1s fr\u00e1giles de Am\u00e9rica Latina. Por ello son tambi\u00e9n aliados cruciales en la lucha contra el cambio clim\u00e1tico. <\/p>\n<p>CLAES, IDRS y Oxfam Internacional hacen un llamado a los ministros de agricultura y desarrollo rural de Am\u00e9rica Latina y el Caribe para que los acuerdos de la V Reuni\u00f3n Ministerial sobre Agricultura y Vida Rural en las Americas, permitan:  <\/p>\n<p>1. Situar la agricultura familiar en el centro de la Agenda Hemisf\u00e9rica 2010 \u2013 2011 para la implementaci\u00f3n del Plan AGRO 2003-2015. Los gobiernos deben incrementar la inversi\u00f3n para alcanzar -por lo menos- los montos dedicados a este sector en 1980. Para tener un mayor impacto sobre la productividad y reducir la pobreza, esa inversi\u00f3n debe complementarse con inversiones en desarrollo rural en infraestructura, educaci\u00f3n y servicios sanitarios.<\/p>\n<p>2. Fortalecer a las comunidades dedicadas a la agricultura. La poblaci\u00f3n debe participar en la identificaci\u00f3n de sus propias necesidades y ser consultadas sobre la pertinencia de inversiones que reciban. Se debe aumentar su capacidad para emprender acciones colectivas, negociar mejores precios y servicios y autofinanciar sus prioridades del desarrollo. <\/p>\n<p>3. Visualizar a las mujeres como protagonistas de la econom\u00eda. Las mujeres son pieza clave de la seguridad alimentaria del planeta y demandan atenci\u00f3n especial. Mejorar su acceso a los recursos naturales y a los servicios financieros y sociales \u2013como el cr\u00e9dito y los seguros- es fundamental para desarrollar el campo.<\/p>\n<p>3. Pol\u00edticas espec\u00edficas para zonas marginadas. El sector p\u00fablico y el la sociedad civil deben liderar la reactivaci\u00f3n de aquellos zonas marginales y ecol\u00f3gicamente degradadas facilitando inversiones suficientes que restituyan el ecosistema y expectativas de vida digna.<\/p>\n<p>4. Apoyar tecnolog\u00edas de bajos insumos. Se necesita invertir en el desarrollo de tecnolog\u00edas de bajo coste, que buscan la protecci\u00f3n del ambiente, reducen la dependencia de la compra de insumos y favorecen la adquisici\u00f3n de poder de los agricultores en zonas marginales.<\/p>\n<p>5. Integrar los sistemas de investigaci\u00f3n. La integraci\u00f3n regional debe avanzar en paralelo entre las acciones pol\u00edticas y t\u00e9cnicas, una acci\u00f3n de corto plazo es integrar los sistemas de investigaci\u00f3n agropecuaria, especialmente la orientada a los peque\u00f1os agricultores y ganaderos.<\/p>\n<p>En Am\u00e9rica Latina 53 millones de personas pasan hambre. La crisis de alimentos  podr\u00eda empeorar dram\u00e1ticamente esta situaci\u00f3n porque el descenso de la inversi\u00f3n en agricultura en las \u00faltimas dos \u00faltimas d\u00e9cadas ha limitado la capacidad de los gobiernos para hacer frente a las crisis econ\u00f3mica y clim\u00e1tica. En 1980 el 7% del gasto total de los gobiernos en Am\u00e9rica Latina se destinaba a la agricultura. Hoy ese monto a penas alcanza es 3% la inversi\u00f3n.<\/p>\n<p>________________________________________<br \/>\nPara mayor informaci\u00f3n<\/p>\n<p>[\u201cTransformaciones y tendencias en la agropecuaria Latinoamericana, Revista Chile Econom\u00eda Cr\u00edtica y Desarrollo\u201d (2008)](http:\/\/www.agropecuaria.org\/publicaciones\/GudynasAgroTransformacionEPChile08D.pdf)<\/p>\n<p>[\u201cAgricultura para el Desarrollo\u201d, Oxfam Internacional (2009)](http:\/\/www.intermonoxfam.org\/UnidadesInformacion\/anexos\/11155\/090930_Agricultura_para_el_desarrollo.pdf)<\/p>\n<p>[\u201cInvertir en la Peque\u00f1a Agricultura es Rentable\u201d, Oxfam Internacional (2009)](http:\/\/www.intermonoxfam.org\/UnidadesInformacion\/anexos\/10989\/2009-06-30%20Invertir%20en%20la%20peque\u00f1a%20agricultura%20es%20rentable%20IO.pdf)<\/p>\n<p>Para contacto con los medios:<\/p>\n<p>Oscar Bazoberry (IDRS): obazoberry@sudamericarural.org tel: (00591) 72033016<br \/>\nEduardo Gudynas (CLAES), egudynas@gmail.com tel: (00598-2) 4030854<br \/>\nAsier Hernando (Oxfam Internacional), ahernando@intermonoxfam.org tel: (00591) 72021339<\/p>\n","protected":false},"excerpt":{"rendered":"<p>Del 25 al 31 de octubre Jamaica ser\u00e1 la sede de la V Cumbre Ministerial de Am\u00e9rica Latina y el Caribe sobre Agricultura y Vida Rural en las Am\u00e9ricas. Esta Cumbre tendr\u00e1 como prioridad impulsar la revalorizaci\u00f3n de la agricultura y el medio rural, frente a los desaf\u00edos del desarrollo y propiciar la integraci\u00f3n urbano-rural para un mejor desarrollo de los pa\u00edses<\/p>\n","protected":false},"author":19,"featured_media":0,"comment_status":"closed","ping_status":"open","sticky":false,"template":"","format":"standard","meta":{"footnotes":""},"categories":[69,74],"tags":[],"class_list":["post-1946","post","type-post","status-publish","format-standard","hentry","category-america-central","category-politica-es"],"yoast_head":"<!-- This site is optimized with the Yoast SEO plugin v27.1.1 - https:\/\/yoast.com\/product\/yoast-seo-wordpress\/ -->\n<title>La peque\u00f1a agricultura debe volver a recuperar su importancia en las estrategias de desarrollo agropecuario<\/title>\n<meta name=\"description\" content=\"Del 25 al 31 de octubre Jamaica ser\u00e1 la sede de la V Cumbre Ministerial de Am\u00e9rica Latina y el Caribe sobre Agricultura y Vida Rural en las Am\u00e9ricas. Esta Cumbre tendr\u00e1 como prioridad impulsar la revalorizaci\u00f3n de la agricultura y el medio rural, frente a los desaf\u00edos del desarrollo y propiciar la integraci\u00f3n urbano-rural para un mejor desarrollo de los pa\u00edses\" \/>\n<meta name=\"robots\" content=\"index, follow, max-snippet:-1, max-image-preview:large, max-video-preview:-1\" \/>\n<link rel=\"canonical\" href=\"https:\/\/www.pressenza.com\/es\/2009\/10\/la-pequena-agricultura-debe-volver-a-recuperar-su-importancia-en-las-estrategias-de-desarrollo-agropecuario\/\" \/>\n<meta property=\"og:locale\" content=\"es_ES\" \/>\n<meta property=\"og:type\" content=\"article\" \/>\n<meta property=\"og:title\" content=\"La peque\u00f1a agricultura debe volver a recuperar su importancia en las estrategias de desarrollo agropecuario\" \/>\n<meta property=\"og:description\" content=\"Del 25 al 31 de octubre Jamaica ser\u00e1 la sede de la V Cumbre Ministerial de Am\u00e9rica Latina y el Caribe sobre Agricultura y Vida Rural en las Am\u00e9ricas. Esta Cumbre tendr\u00e1 como prioridad impulsar la revalorizaci\u00f3n de la agricultura y el medio rural, frente a los desaf\u00edos del desarrollo y propiciar la integraci\u00f3n urbano-rural para un mejor desarrollo de los pa\u00edses\" \/>\n<meta property=\"og:url\" content=\"https:\/\/www.pressenza.com\/es\/2009\/10\/la-pequena-agricultura-debe-volver-a-recuperar-su-importancia-en-las-estrategias-de-desarrollo-agropecuario\/\" \/>\n<meta property=\"og:site_name\" content=\"Pressenza\" \/>\n<meta property=\"article:publisher\" content=\"https:\/\/www.facebook.com\/PressenzaItalia\" \/>\n<meta property=\"article:author\" content=\"https:\/\/www.facebook.com\/pressenza\" \/>\n<meta property=\"article:published_time\" content=\"2009-10-27T00:00:00+00:00\" \/>\n<meta property=\"article:modified_time\" content=\"2009-10-27T22:14:44+00:00\" \/>\n<meta name=\"author\" content=\"Pressenza IPA\" \/>\n<meta name=\"twitter:card\" content=\"summary_large_image\" \/>\n<meta name=\"twitter:creator\" content=\"@PressenzaIPA\" \/>\n<meta name=\"twitter:site\" content=\"@PressenzaIPA\" \/>\n<meta name=\"twitter:label1\" content=\"Escrito por\" \/>\n\t<meta name=\"twitter:data1\" content=\"Pressenza IPA\" \/>\n\t<meta name=\"twitter:label2\" content=\"Tiempo de lectura\" \/>\n\t<meta name=\"twitter:data2\" content=\"5 minutos\" \/>\n<script type=\"application\/ld+json\" class=\"yoast-schema-graph\">{\"@context\":\"https:\/\/schema.org\",\"@graph\":[{\"@type\":\"Article\",\"@id\":\"https:\/\/www.pressenza.com\/es\/2009\/10\/la-pequena-agricultura-debe-volver-a-recuperar-su-importancia-en-las-estrategias-de-desarrollo-agropecuario\/#article\",\"isPartOf\":{\"@id\":\"https:\/\/www.pressenza.com\/es\/2009\/10\/la-pequena-agricultura-debe-volver-a-recuperar-su-importancia-en-las-estrategias-de-desarrollo-agropecuario\/\"},\"author\":{\"name\":\"Pressenza IPA\",\"@id\":\"https:\/\/www.pressenza.com\/es\/#\/schema\/person\/010e5d02bcf40965427a1289a4cc8d75\"},\"headline\":\"La peque\u00f1a agricultura debe volver a recuperar su importancia en las estrategias de desarrollo agropecuario\",\"datePublished\":\"2009-10-27T00:00:00+00:00\",\"dateModified\":\"2009-10-27T22:14:44+00:00\",\"mainEntityOfPage\":{\"@id\":\"https:\/\/www.pressenza.com\/es\/2009\/10\/la-pequena-agricultura-debe-volver-a-recuperar-su-importancia-en-las-estrategias-de-desarrollo-agropecuario\/\"},\"wordCount\":986,\"publisher\":{\"@id\":\"https:\/\/www.pressenza.com\/es\/#organization\"},\"articleSection\":[\"Am\u00e9rica Central\",\"Pol\u00edtica\"],\"inLanguage\":\"es\"},{\"@type\":\"WebPage\",\"@id\":\"https:\/\/www.pressenza.com\/es\/2009\/10\/la-pequena-agricultura-debe-volver-a-recuperar-su-importancia-en-las-estrategias-de-desarrollo-agropecuario\/\",\"url\":\"https:\/\/www.pressenza.com\/es\/2009\/10\/la-pequena-agricultura-debe-volver-a-recuperar-su-importancia-en-las-estrategias-de-desarrollo-agropecuario\/\",\"name\":\"La peque\u00f1a agricultura debe volver a recuperar su importancia en las estrategias de desarrollo agropecuario\",\"isPartOf\":{\"@id\":\"https:\/\/www.pressenza.com\/es\/#website\"},\"datePublished\":\"2009-10-27T00:00:00+00:00\",\"dateModified\":\"2009-10-27T22:14:44+00:00\",\"description\":\"Del 25 al 31 de octubre Jamaica ser\u00e1 la sede de la V Cumbre Ministerial de Am\u00e9rica Latina y el Caribe sobre Agricultura y Vida Rural en las Am\u00e9ricas. Esta Cumbre tendr\u00e1 como prioridad impulsar la revalorizaci\u00f3n de la agricultura y el medio rural, frente a los desaf\u00edos del desarrollo y propiciar la integraci\u00f3n urbano-rural para un mejor desarrollo de los pa\u00edses\",\"breadcrumb\":{\"@id\":\"https:\/\/www.pressenza.com\/es\/2009\/10\/la-pequena-agricultura-debe-volver-a-recuperar-su-importancia-en-las-estrategias-de-desarrollo-agropecuario\/#breadcrumb\"},\"inLanguage\":\"es\",\"potentialAction\":[{\"@type\":\"ReadAction\",\"target\":[\"https:\/\/www.pressenza.com\/es\/2009\/10\/la-pequena-agricultura-debe-volver-a-recuperar-su-importancia-en-las-estrategias-de-desarrollo-agropecuario\/\"]}]},{\"@type\":\"BreadcrumbList\",\"@id\":\"https:\/\/www.pressenza.com\/es\/2009\/10\/la-pequena-agricultura-debe-volver-a-recuperar-su-importancia-en-las-estrategias-de-desarrollo-agropecuario\/#breadcrumb\",\"itemListElement\":[{\"@type\":\"ListItem\",\"position\":1,\"name\":\"Accueil\",\"item\":\"https:\/\/www.pressenza.com\/es\/\"},{\"@type\":\"ListItem\",\"position\":2,\"name\":\"La peque\u00f1a agricultura debe volver a recuperar su importancia en las estrategias de desarrollo agropecuario\"}]},{\"@type\":\"WebSite\",\"@id\":\"https:\/\/www.pressenza.com\/es\/#website\",\"url\":\"https:\/\/www.pressenza.com\/es\/\",\"name\":\"Pressenza\",\"description\":\"International Press Agency\",\"publisher\":{\"@id\":\"https:\/\/www.pressenza.com\/es\/#organization\"},\"potentialAction\":[{\"@type\":\"SearchAction\",\"target\":{\"@type\":\"EntryPoint\",\"urlTemplate\":\"https:\/\/www.pressenza.com\/es\/?s={search_term_string}\"},\"query-input\":{\"@type\":\"PropertyValueSpecification\",\"valueRequired\":true,\"valueName\":\"search_term_string\"}}],\"inLanguage\":\"es\"},{\"@type\":\"Organization\",\"@id\":\"https:\/\/www.pressenza.com\/es\/#organization\",\"name\":\"Pressenza\",\"url\":\"https:\/\/www.pressenza.com\/es\/\",\"logo\":{\"@type\":\"ImageObject\",\"inLanguage\":\"es\",\"@id\":\"https:\/\/www.pressenza.com\/es\/#\/schema\/logo\/image\/\",\"url\":\"https:\/\/www.pressenza.com\/wp-content\/uploads\/2022\/10\/pressenza_logo_200x200.jpg\",\"contentUrl\":\"https:\/\/www.pressenza.com\/wp-content\/uploads\/2022\/10\/pressenza_logo_200x200.jpg\",\"width\":200,\"height\":200,\"caption\":\"Pressenza\"},\"image\":{\"@id\":\"https:\/\/www.pressenza.com\/es\/#\/schema\/logo\/image\/\"},\"sameAs\":[\"https:\/\/www.facebook.com\/PressenzaItalia\",\"https:\/\/x.com\/PressenzaIPA\"]},{\"@type\":\"Person\",\"@id\":\"https:\/\/www.pressenza.com\/es\/#\/schema\/person\/010e5d02bcf40965427a1289a4cc8d75\",\"name\":\"Pressenza IPA\",\"description\":\"News from Pressenza IPA correspondents\",\"sameAs\":[\"https:\/\/www.facebook.com\/pressenza\",\"https:\/\/x.com\/PressenzaIPA\"],\"url\":\"https:\/\/www.pressenza.com\/es\/author\/pressenza-ipa\/\"}]}<\/script>\n<!-- \/ Yoast SEO plugin. -->","yoast_head_json":{"title":"La peque\u00f1a agricultura debe volver a recuperar su importancia en las estrategias de desarrollo agropecuario","description":"Del 25 al 31 de octubre Jamaica ser\u00e1 la sede de la V Cumbre Ministerial de Am\u00e9rica Latina y el Caribe sobre Agricultura y Vida Rural en las Am\u00e9ricas. Esta Cumbre tendr\u00e1 como prioridad impulsar la revalorizaci\u00f3n de la agricultura y el medio rural, frente a los desaf\u00edos del desarrollo y propiciar la integraci\u00f3n urbano-rural para un mejor desarrollo de los pa\u00edses","robots":{"index":"index","follow":"follow","max-snippet":"max-snippet:-1","max-image-preview":"max-image-preview:large","max-video-preview":"max-video-preview:-1"},"canonical":"https:\/\/www.pressenza.com\/es\/2009\/10\/la-pequena-agricultura-debe-volver-a-recuperar-su-importancia-en-las-estrategias-de-desarrollo-agropecuario\/","og_locale":"es_ES","og_type":"article","og_title":"La peque\u00f1a agricultura debe volver a recuperar su importancia en las estrategias de desarrollo agropecuario","og_description":"Del 25 al 31 de octubre Jamaica ser\u00e1 la sede de la V Cumbre Ministerial de Am\u00e9rica Latina y el Caribe sobre Agricultura y Vida Rural en las Am\u00e9ricas. Esta Cumbre tendr\u00e1 como prioridad impulsar la revalorizaci\u00f3n de la agricultura y el medio rural, frente a los desaf\u00edos del desarrollo y propiciar la integraci\u00f3n urbano-rural para un mejor desarrollo de los pa\u00edses","og_url":"https:\/\/www.pressenza.com\/es\/2009\/10\/la-pequena-agricultura-debe-volver-a-recuperar-su-importancia-en-las-estrategias-de-desarrollo-agropecuario\/","og_site_name":"Pressenza","article_publisher":"https:\/\/www.facebook.com\/PressenzaItalia","article_author":"https:\/\/www.facebook.com\/pressenza","article_published_time":"2009-10-27T00:00:00+00:00","article_modified_time":"2009-10-27T22:14:44+00:00","author":"Pressenza IPA","twitter_card":"summary_large_image","twitter_creator":"@PressenzaIPA","twitter_site":"@PressenzaIPA","twitter_misc":{"Escrito por":"Pressenza IPA","Tiempo de lectura":"5 minutos"},"schema":{"@context":"https:\/\/schema.org","@graph":[{"@type":"Article","@id":"https:\/\/www.pressenza.com\/es\/2009\/10\/la-pequena-agricultura-debe-volver-a-recuperar-su-importancia-en-las-estrategias-de-desarrollo-agropecuario\/#article","isPartOf":{"@id":"https:\/\/www.pressenza.com\/es\/2009\/10\/la-pequena-agricultura-debe-volver-a-recuperar-su-importancia-en-las-estrategias-de-desarrollo-agropecuario\/"},"author":{"name":"Pressenza IPA","@id":"https:\/\/www.pressenza.com\/es\/#\/schema\/person\/010e5d02bcf40965427a1289a4cc8d75"},"headline":"La peque\u00f1a agricultura debe volver a recuperar su importancia en las estrategias de desarrollo agropecuario","datePublished":"2009-10-27T00:00:00+00:00","dateModified":"2009-10-27T22:14:44+00:00","mainEntityOfPage":{"@id":"https:\/\/www.pressenza.com\/es\/2009\/10\/la-pequena-agricultura-debe-volver-a-recuperar-su-importancia-en-las-estrategias-de-desarrollo-agropecuario\/"},"wordCount":986,"publisher":{"@id":"https:\/\/www.pressenza.com\/es\/#organization"},"articleSection":["Am\u00e9rica Central","Pol\u00edtica"],"inLanguage":"es"},{"@type":"WebPage","@id":"https:\/\/www.pressenza.com\/es\/2009\/10\/la-pequena-agricultura-debe-volver-a-recuperar-su-importancia-en-las-estrategias-de-desarrollo-agropecuario\/","url":"https:\/\/www.pressenza.com\/es\/2009\/10\/la-pequena-agricultura-debe-volver-a-recuperar-su-importancia-en-las-estrategias-de-desarrollo-agropecuario\/","name":"La peque\u00f1a agricultura debe volver a recuperar su importancia en las estrategias de desarrollo agropecuario","isPartOf":{"@id":"https:\/\/www.pressenza.com\/es\/#website"},"datePublished":"2009-10-27T00:00:00+00:00","dateModified":"2009-10-27T22:14:44+00:00","description":"Del 25 al 31 de octubre Jamaica ser\u00e1 la sede de la V Cumbre Ministerial de Am\u00e9rica Latina y el Caribe sobre Agricultura y Vida Rural en las Am\u00e9ricas. Esta Cumbre tendr\u00e1 como prioridad impulsar la revalorizaci\u00f3n de la agricultura y el medio rural, frente a los desaf\u00edos del desarrollo y propiciar la integraci\u00f3n urbano-rural para un mejor desarrollo de los pa\u00edses","breadcrumb":{"@id":"https:\/\/www.pressenza.com\/es\/2009\/10\/la-pequena-agricultura-debe-volver-a-recuperar-su-importancia-en-las-estrategias-de-desarrollo-agropecuario\/#breadcrumb"},"inLanguage":"es","potentialAction":[{"@type":"ReadAction","target":["https:\/\/www.pressenza.com\/es\/2009\/10\/la-pequena-agricultura-debe-volver-a-recuperar-su-importancia-en-las-estrategias-de-desarrollo-agropecuario\/"]}]},{"@type":"BreadcrumbList","@id":"https:\/\/www.pressenza.com\/es\/2009\/10\/la-pequena-agricultura-debe-volver-a-recuperar-su-importancia-en-las-estrategias-de-desarrollo-agropecuario\/#breadcrumb","itemListElement":[{"@type":"ListItem","position":1,"name":"Accueil","item":"https:\/\/www.pressenza.com\/es\/"},{"@type":"ListItem","position":2,"name":"La peque\u00f1a agricultura debe volver a recuperar su importancia en las estrategias de desarrollo agropecuario"}]},{"@type":"WebSite","@id":"https:\/\/www.pressenza.com\/es\/#website","url":"https:\/\/www.pressenza.com\/es\/","name":"Pressenza","description":"International Press Agency","publisher":{"@id":"https:\/\/www.pressenza.com\/es\/#organization"},"potentialAction":[{"@type":"SearchAction","target":{"@type":"EntryPoint","urlTemplate":"https:\/\/www.pressenza.com\/es\/?s={search_term_string}"},"query-input":{"@type":"PropertyValueSpecification","valueRequired":true,"valueName":"search_term_string"}}],"inLanguage":"es"},{"@type":"Organization","@id":"https:\/\/www.pressenza.com\/es\/#organization","name":"Pressenza","url":"https:\/\/www.pressenza.com\/es\/","logo":{"@type":"ImageObject","inLanguage":"es","@id":"https:\/\/www.pressenza.com\/es\/#\/schema\/logo\/image\/","url":"https:\/\/www.pressenza.com\/wp-content\/uploads\/2022\/10\/pressenza_logo_200x200.jpg","contentUrl":"https:\/\/www.pressenza.com\/wp-content\/uploads\/2022\/10\/pressenza_logo_200x200.jpg","width":200,"height":200,"caption":"Pressenza"},"image":{"@id":"https:\/\/www.pressenza.com\/es\/#\/schema\/logo\/image\/"},"sameAs":["https:\/\/www.facebook.com\/PressenzaItalia","https:\/\/x.com\/PressenzaIPA"]},{"@type":"Person","@id":"https:\/\/www.pressenza.com\/es\/#\/schema\/person\/010e5d02bcf40965427a1289a4cc8d75","name":"Pressenza IPA","description":"News from Pressenza IPA correspondents","sameAs":["https:\/\/www.facebook.com\/pressenza","https:\/\/x.com\/PressenzaIPA"],"url":"https:\/\/www.pressenza.com\/es\/author\/pressenza-ipa\/"}]}},"place":"Montego Bay","original_article_url":"","_links":{"self":[{"href":"https:\/\/www.pressenza.com\/es\/wp-json\/wp\/v2\/posts\/1946","targetHints":{"allow":["GET"]}}],"collection":[{"href":"https:\/\/www.pressenza.com\/es\/wp-json\/wp\/v2\/posts"}],"about":[{"href":"https:\/\/www.pressenza.com\/es\/wp-json\/wp\/v2\/types\/post"}],"author":[{"embeddable":true,"href":"https:\/\/www.pressenza.com\/es\/wp-json\/wp\/v2\/users\/19"}],"replies":[{"embeddable":true,"href":"https:\/\/www.pressenza.com\/es\/wp-json\/wp\/v2\/comments?post=1946"}],"version-history":[{"count":0,"href":"https:\/\/www.pressenza.com\/es\/wp-json\/wp\/v2\/posts\/1946\/revisions"}],"wp:attachment":[{"href":"https:\/\/www.pressenza.com\/es\/wp-json\/wp\/v2\/media?parent=1946"}],"wp:term":[{"taxonomy":"category","embeddable":true,"href":"https:\/\/www.pressenza.com\/es\/wp-json\/wp\/v2\/categories?post=1946"},{"taxonomy":"post_tag","embeddable":true,"href":"https:\/\/www.pressenza.com\/es\/wp-json\/wp\/v2\/tags?post=1946"}],"curies":[{"name":"wp","href":"https:\/\/api.w.org\/{rel}","templated":true}]}}