{"id":193860,"date":"2015-06-15T14:53:18","date_gmt":"2015-06-15T13:53:18","guid":{"rendered":"http:\/\/www.pressenza.com\/?p=193860"},"modified":"2015-07-21T18:15:27","modified_gmt":"2015-07-21T17:15:27","slug":"la-alcaldesa-colau-se-estrena-evitando-un-desahucio-en-el-distrito-de-nou-barris","status":"publish","type":"post","link":"https:\/\/www.pressenza.com\/es\/2015\/06\/la-alcaldesa-colau-se-estrena-evitando-un-desahucio-en-el-distrito-de-nou-barris\/","title":{"rendered":"La alcaldesa Colau se estrena evitando un desahucio en el distrito de Nou Barris"},"content":{"rendered":"<p><em>La nueva alcaldesa se ha encontrado una familia con las maletas en la puerta porque no sab\u00eda que se hab\u00eda cancelado el desahucio.<\/em><\/p>\n<p class=\"mce\">La alcaldesa de Barcelona, Ada Colau, ha empezado su primer d\u00eda laborable acudiendo a impedir uno de los nueve desahucios previstos para hoy lunes en Nou Barris, que finalmente, al igual que todos, ha sido suspendido tal y como ya hab\u00edan solicitado el distrito y los servicios sociales la semana pasada.<\/p>\n<p class=\"mce\">Colau ha explicado que se trataba de un aviso de desahucio de una familia con hijos menores que ha encontrado a las 8.30 horas con las maletas en la puerta de su edificio porque no hab\u00edan recibido la notificaci\u00f3n de que se hab\u00eda parado. La alcaldesa asegura que las trabajadoras sociales presentes no ten\u00edan constancia de que se hubiera parado, por lo que llam\u00f3 a Bankia, entidad ejecutora, que le inform\u00f3 que se hab\u00eda paralizado el procedimiento, hecho que los Mossos presentes para el lanzamiento confirmaron con una llamada al juzgado.<\/p>\n<p class=\"mce\">Colau lo ha explicado a los medios en una rueda de prensa en la sede del distrito, acompa\u00f1ada de la concejal de Nou Barris y cuarta teniente de alcalde, Janet Sanz, que fue quien ayer la alert\u00f3 de que a\u00fan no hab\u00eda constancia de se hubieran suspendido cuatro de estos desahucios.<\/p>\n<p class=\"mce\">La alcaldesa ha anunciado que llevar\u00e1 a la primera comisi\u00f3n de gobierno del pr\u00f3ximo mi\u00e9rcoles la convocatoria urgente de la Mesa de Prevenci\u00f3n de Desahucios, con la participaci\u00f3n de todos los actores que intervienen en estos procedimientos. Esta Mesa tratar\u00e1 de revisar los protocolos y mejorar la coordinaci\u00f3n y est\u00e1 previsto que el distrito de Nou Barris, donde se concentra el mayor n\u00famero de lanzamientos, se incorpore a ella.<\/p>\n","protected":false},"excerpt":{"rendered":"<p>La nueva alcaldesa se ha encontrado una familia con las maletas en la puerta porque no sab\u00eda que se hab\u00eda cancelado el desahucio. La alcaldesa de Barcelona, Ada Colau, ha empezado su primer d\u00eda laborable acudiendo a impedir uno de&hellip;<\/p>\n","protected":false},"author":1170,"featured_media":193867,"comment_status":"closed","ping_status":"open","sticky":false,"template":"","format":"standard","meta":{"footnotes":""},"categories":[79,66,1242,74],"tags":[5028,355,696,441,1161,1065,1398,398,383,13150,631],"class_list":["post-193860","post","type-post","status-publish","format-standard","has-post-thumbnail","hentry","category-derechos-humanos","category-europa-es","category-noviolencia-tema","category-politica-es","tag-ada-colau","tag-crisis-es","tag-democracia","tag-derechos-humanos","tag-desahucios","tag-espana","tag-estado-espanol","tag-justicia","tag-noviolencia","tag-stop-desahucios","tag-violencia-economica"],"yoast_head":"<!-- This site is optimized with the Yoast SEO plugin v27.1.1 - https:\/\/yoast.com\/product\/yoast-seo-wordpress\/ -->\n<title>La alcaldesa Colau se estrena evitando un desahucio en el distrito de Nou Barris<\/title>\n<meta name=\"description\" content=\"La nueva alcaldesa se ha encontrado una familia con las maletas en la puerta porque no sab\u00eda que se hab\u00eda cancelado el desahucio. La alcaldesa de\" \/>\n<meta name=\"robots\" content=\"index, follow, max-snippet:-1, max-image-preview:large, max-video-preview:-1\" \/>\n<link rel=\"canonical\" href=\"https:\/\/www.pressenza.com\/es\/2015\/06\/la-alcaldesa-colau-se-estrena-evitando-un-desahucio-en-el-distrito-de-nou-barris\/\" \/>\n<meta property=\"og:locale\" content=\"es_ES\" \/>\n<meta property=\"og:type\" content=\"article\" \/>\n<meta property=\"og:title\" content=\"La alcaldesa Colau se estrena evitando un desahucio en el distrito de Nou Barris\" \/>\n<meta property=\"og:description\" content=\"La nueva alcaldesa se ha encontrado una familia con las maletas en la puerta porque no sab\u00eda que se hab\u00eda cancelado el desahucio. La alcaldesa de\" \/>\n<meta property=\"og:url\" content=\"https:\/\/www.pressenza.com\/es\/2015\/06\/la-alcaldesa-colau-se-estrena-evitando-un-desahucio-en-el-distrito-de-nou-barris\/\" \/>\n<meta property=\"og:site_name\" content=\"Pressenza\" \/>\n<meta property=\"article:publisher\" content=\"https:\/\/www.facebook.com\/PressenzaItalia\" \/>\n<meta property=\"article:published_time\" content=\"2015-06-15T13:53:18+00:00\" \/>\n<meta property=\"article:modified_time\" content=\"2015-07-21T17:15:27+00:00\" \/>\n<meta property=\"og:image\" content=\"https:\/\/www.pressenza.com\/wp-content\/uploads\/2015\/06\/alcaldesa-Colau-desahucios-Nou-Barris_EDIIMA20150615_0275_41.jpg\" \/>\n\t<meta property=\"og:image:width\" content=\"643\" \/>\n\t<meta property=\"og:image:height\" content=\"362\" \/>\n\t<meta property=\"og:image:type\" content=\"image\/jpeg\" \/>\n<meta name=\"author\" content=\"eldiario.es\" \/>\n<meta name=\"twitter:card\" content=\"summary_large_image\" \/>\n<meta name=\"twitter:creator\" content=\"@PressenzaIPA\" \/>\n<meta name=\"twitter:site\" content=\"@PressenzaIPA\" \/>\n<meta name=\"twitter:label1\" content=\"Escrito por\" \/>\n\t<meta name=\"twitter:data1\" content=\"eldiario.es\" \/>\n\t<meta name=\"twitter:label2\" content=\"Tiempo de lectura\" \/>\n\t<meta name=\"twitter:data2\" content=\"2 minutos\" \/>\n<script type=\"application\/ld+json\" class=\"yoast-schema-graph\">{\"@context\":\"https:\/\/schema.org\",\"@graph\":[{\"@type\":\"Article\",\"@id\":\"https:\/\/www.pressenza.com\/es\/2015\/06\/la-alcaldesa-colau-se-estrena-evitando-un-desahucio-en-el-distrito-de-nou-barris\/#article\",\"isPartOf\":{\"@id\":\"https:\/\/www.pressenza.com\/es\/2015\/06\/la-alcaldesa-colau-se-estrena-evitando-un-desahucio-en-el-distrito-de-nou-barris\/\"},\"author\":{\"name\":\"eldiario.es\",\"@id\":\"https:\/\/www.pressenza.com\/es\/#\/schema\/person\/35221cfd7eeca947b184bfc91172e541\"},\"headline\":\"La alcaldesa Colau se estrena evitando un desahucio en el distrito de Nou Barris\",\"datePublished\":\"2015-06-15T13:53:18+00:00\",\"dateModified\":\"2015-07-21T17:15:27+00:00\",\"mainEntityOfPage\":{\"@id\":\"https:\/\/www.pressenza.com\/es\/2015\/06\/la-alcaldesa-colau-se-estrena-evitando-un-desahucio-en-el-distrito-de-nou-barris\/\"},\"wordCount\":317,\"publisher\":{\"@id\":\"https:\/\/www.pressenza.com\/es\/#organization\"},\"image\":{\"@id\":\"https:\/\/www.pressenza.com\/es\/2015\/06\/la-alcaldesa-colau-se-estrena-evitando-un-desahucio-en-el-distrito-de-nou-barris\/#primaryimage\"},\"thumbnailUrl\":\"https:\/\/www.pressenza.com\/wp-content\/uploads\/2015\/06\/alcaldesa-Colau-desahucios-Nou-Barris_EDIIMA20150615_0275_41.jpg\",\"keywords\":[\"Ada Colau\",\"crisis\",\"Democracia\",\"Derechos humanos\",\"desahucios\",\"Espa\u00f1a\",\"Estado espa\u00f1ol\",\"justicia\",\"Noviolencia\",\"Stop desahucios\",\"Violencia econ\u00f3mica\"],\"articleSection\":[\"Derechos Humanos\",\"Europa\",\"Noviolencia\",\"Pol\u00edtica\"],\"inLanguage\":\"es\"},{\"@type\":\"WebPage\",\"@id\":\"https:\/\/www.pressenza.com\/es\/2015\/06\/la-alcaldesa-colau-se-estrena-evitando-un-desahucio-en-el-distrito-de-nou-barris\/\",\"url\":\"https:\/\/www.pressenza.com\/es\/2015\/06\/la-alcaldesa-colau-se-estrena-evitando-un-desahucio-en-el-distrito-de-nou-barris\/\",\"name\":\"La alcaldesa Colau se estrena evitando un desahucio en el distrito de Nou Barris\",\"isPartOf\":{\"@id\":\"https:\/\/www.pressenza.com\/es\/#website\"},\"primaryImageOfPage\":{\"@id\":\"https:\/\/www.pressenza.com\/es\/2015\/06\/la-alcaldesa-colau-se-estrena-evitando-un-desahucio-en-el-distrito-de-nou-barris\/#primaryimage\"},\"image\":{\"@id\":\"https:\/\/www.pressenza.com\/es\/2015\/06\/la-alcaldesa-colau-se-estrena-evitando-un-desahucio-en-el-distrito-de-nou-barris\/#primaryimage\"},\"thumbnailUrl\":\"https:\/\/www.pressenza.com\/wp-content\/uploads\/2015\/06\/alcaldesa-Colau-desahucios-Nou-Barris_EDIIMA20150615_0275_41.jpg\",\"datePublished\":\"2015-06-15T13:53:18+00:00\",\"dateModified\":\"2015-07-21T17:15:27+00:00\",\"description\":\"La nueva alcaldesa se ha encontrado una familia con las maletas en la puerta porque no sab\u00eda que se hab\u00eda cancelado el desahucio. La alcaldesa de\",\"breadcrumb\":{\"@id\":\"https:\/\/www.pressenza.com\/es\/2015\/06\/la-alcaldesa-colau-se-estrena-evitando-un-desahucio-en-el-distrito-de-nou-barris\/#breadcrumb\"},\"inLanguage\":\"es\",\"potentialAction\":[{\"@type\":\"ReadAction\",\"target\":[\"https:\/\/www.pressenza.com\/es\/2015\/06\/la-alcaldesa-colau-se-estrena-evitando-un-desahucio-en-el-distrito-de-nou-barris\/\"]}]},{\"@type\":\"ImageObject\",\"inLanguage\":\"es\",\"@id\":\"https:\/\/www.pressenza.com\/es\/2015\/06\/la-alcaldesa-colau-se-estrena-evitando-un-desahucio-en-el-distrito-de-nou-barris\/#primaryimage\",\"url\":\"https:\/\/www.pressenza.com\/wp-content\/uploads\/2015\/06\/alcaldesa-Colau-desahucios-Nou-Barris_EDIIMA20150615_0275_41.jpg\",\"contentUrl\":\"https:\/\/www.pressenza.com\/wp-content\/uploads\/2015\/06\/alcaldesa-Colau-desahucios-Nou-Barris_EDIIMA20150615_0275_41.jpg\",\"width\":643,\"height\":362},{\"@type\":\"BreadcrumbList\",\"@id\":\"https:\/\/www.pressenza.com\/es\/2015\/06\/la-alcaldesa-colau-se-estrena-evitando-un-desahucio-en-el-distrito-de-nou-barris\/#breadcrumb\",\"itemListElement\":[{\"@type\":\"ListItem\",\"position\":1,\"name\":\"Accueil\",\"item\":\"https:\/\/www.pressenza.com\/es\/\"},{\"@type\":\"ListItem\",\"position\":2,\"name\":\"La alcaldesa Colau se estrena evitando un desahucio en el distrito de Nou Barris\"}]},{\"@type\":\"WebSite\",\"@id\":\"https:\/\/www.pressenza.com\/es\/#website\",\"url\":\"https:\/\/www.pressenza.com\/es\/\",\"name\":\"Pressenza\",\"description\":\"International Press Agency\",\"publisher\":{\"@id\":\"https:\/\/www.pressenza.com\/es\/#organization\"},\"potentialAction\":[{\"@type\":\"SearchAction\",\"target\":{\"@type\":\"EntryPoint\",\"urlTemplate\":\"https:\/\/www.pressenza.com\/es\/?s={search_term_string}\"},\"query-input\":{\"@type\":\"PropertyValueSpecification\",\"valueRequired\":true,\"valueName\":\"search_term_string\"}}],\"inLanguage\":\"es\"},{\"@type\":\"Organization\",\"@id\":\"https:\/\/www.pressenza.com\/es\/#organization\",\"name\":\"Pressenza\",\"url\":\"https:\/\/www.pressenza.com\/es\/\",\"logo\":{\"@type\":\"ImageObject\",\"inLanguage\":\"es\",\"@id\":\"https:\/\/www.pressenza.com\/es\/#\/schema\/logo\/image\/\",\"url\":\"https:\/\/www.pressenza.com\/wp-content\/uploads\/2022\/10\/pressenza_logo_200x200.jpg\",\"contentUrl\":\"https:\/\/www.pressenza.com\/wp-content\/uploads\/2022\/10\/pressenza_logo_200x200.jpg\",\"width\":200,\"height\":200,\"caption\":\"Pressenza\"},\"image\":{\"@id\":\"https:\/\/www.pressenza.com\/es\/#\/schema\/logo\/image\/\"},\"sameAs\":[\"https:\/\/www.facebook.com\/PressenzaItalia\",\"https:\/\/x.com\/PressenzaIPA\"]},{\"@type\":\"Person\",\"@id\":\"https:\/\/www.pressenza.com\/es\/#\/schema\/person\/35221cfd7eeca947b184bfc91172e541\",\"name\":\"eldiario.es\",\"description\":\"eldiario.es is a new digital media with information and analysis focussing on politics and economics in its broadest sense: what affects people more than parties or markets. eldiario.es\",\"url\":\"https:\/\/www.pressenza.com\/es\/author\/eldiario-es\/\"}]}<\/script>\n<!-- \/ Yoast SEO plugin. -->","yoast_head_json":{"title":"La alcaldesa Colau se estrena evitando un desahucio en el distrito de Nou Barris","description":"La nueva alcaldesa se ha encontrado una familia con las maletas en la puerta porque no sab\u00eda que se hab\u00eda cancelado el desahucio. La alcaldesa de","robots":{"index":"index","follow":"follow","max-snippet":"max-snippet:-1","max-image-preview":"max-image-preview:large","max-video-preview":"max-video-preview:-1"},"canonical":"https:\/\/www.pressenza.com\/es\/2015\/06\/la-alcaldesa-colau-se-estrena-evitando-un-desahucio-en-el-distrito-de-nou-barris\/","og_locale":"es_ES","og_type":"article","og_title":"La alcaldesa Colau se estrena evitando un desahucio en el distrito de Nou Barris","og_description":"La nueva alcaldesa se ha encontrado una familia con las maletas en la puerta porque no sab\u00eda que se hab\u00eda cancelado el desahucio. La alcaldesa de","og_url":"https:\/\/www.pressenza.com\/es\/2015\/06\/la-alcaldesa-colau-se-estrena-evitando-un-desahucio-en-el-distrito-de-nou-barris\/","og_site_name":"Pressenza","article_publisher":"https:\/\/www.facebook.com\/PressenzaItalia","article_published_time":"2015-06-15T13:53:18+00:00","article_modified_time":"2015-07-21T17:15:27+00:00","og_image":[{"width":643,"height":362,"url":"https:\/\/www.pressenza.com\/wp-content\/uploads\/2015\/06\/alcaldesa-Colau-desahucios-Nou-Barris_EDIIMA20150615_0275_41.jpg","type":"image\/jpeg"}],"author":"eldiario.es","twitter_card":"summary_large_image","twitter_creator":"@PressenzaIPA","twitter_site":"@PressenzaIPA","twitter_misc":{"Escrito por":"eldiario.es","Tiempo de lectura":"2 minutos"},"schema":{"@context":"https:\/\/schema.org","@graph":[{"@type":"Article","@id":"https:\/\/www.pressenza.com\/es\/2015\/06\/la-alcaldesa-colau-se-estrena-evitando-un-desahucio-en-el-distrito-de-nou-barris\/#article","isPartOf":{"@id":"https:\/\/www.pressenza.com\/es\/2015\/06\/la-alcaldesa-colau-se-estrena-evitando-un-desahucio-en-el-distrito-de-nou-barris\/"},"author":{"name":"eldiario.es","@id":"https:\/\/www.pressenza.com\/es\/#\/schema\/person\/35221cfd7eeca947b184bfc91172e541"},"headline":"La alcaldesa Colau se estrena evitando un desahucio en el distrito de Nou Barris","datePublished":"2015-06-15T13:53:18+00:00","dateModified":"2015-07-21T17:15:27+00:00","mainEntityOfPage":{"@id":"https:\/\/www.pressenza.com\/es\/2015\/06\/la-alcaldesa-colau-se-estrena-evitando-un-desahucio-en-el-distrito-de-nou-barris\/"},"wordCount":317,"publisher":{"@id":"https:\/\/www.pressenza.com\/es\/#organization"},"image":{"@id":"https:\/\/www.pressenza.com\/es\/2015\/06\/la-alcaldesa-colau-se-estrena-evitando-un-desahucio-en-el-distrito-de-nou-barris\/#primaryimage"},"thumbnailUrl":"https:\/\/www.pressenza.com\/wp-content\/uploads\/2015\/06\/alcaldesa-Colau-desahucios-Nou-Barris_EDIIMA20150615_0275_41.jpg","keywords":["Ada Colau","crisis","Democracia","Derechos humanos","desahucios","Espa\u00f1a","Estado espa\u00f1ol","justicia","Noviolencia","Stop desahucios","Violencia econ\u00f3mica"],"articleSection":["Derechos Humanos","Europa","Noviolencia","Pol\u00edtica"],"inLanguage":"es"},{"@type":"WebPage","@id":"https:\/\/www.pressenza.com\/es\/2015\/06\/la-alcaldesa-colau-se-estrena-evitando-un-desahucio-en-el-distrito-de-nou-barris\/","url":"https:\/\/www.pressenza.com\/es\/2015\/06\/la-alcaldesa-colau-se-estrena-evitando-un-desahucio-en-el-distrito-de-nou-barris\/","name":"La alcaldesa Colau se estrena evitando un desahucio en el distrito de Nou Barris","isPartOf":{"@id":"https:\/\/www.pressenza.com\/es\/#website"},"primaryImageOfPage":{"@id":"https:\/\/www.pressenza.com\/es\/2015\/06\/la-alcaldesa-colau-se-estrena-evitando-un-desahucio-en-el-distrito-de-nou-barris\/#primaryimage"},"image":{"@id":"https:\/\/www.pressenza.com\/es\/2015\/06\/la-alcaldesa-colau-se-estrena-evitando-un-desahucio-en-el-distrito-de-nou-barris\/#primaryimage"},"thumbnailUrl":"https:\/\/www.pressenza.com\/wp-content\/uploads\/2015\/06\/alcaldesa-Colau-desahucios-Nou-Barris_EDIIMA20150615_0275_41.jpg","datePublished":"2015-06-15T13:53:18+00:00","dateModified":"2015-07-21T17:15:27+00:00","description":"La nueva alcaldesa se ha encontrado una familia con las maletas en la puerta porque no sab\u00eda que se hab\u00eda cancelado el desahucio. La alcaldesa de","breadcrumb":{"@id":"https:\/\/www.pressenza.com\/es\/2015\/06\/la-alcaldesa-colau-se-estrena-evitando-un-desahucio-en-el-distrito-de-nou-barris\/#breadcrumb"},"inLanguage":"es","potentialAction":[{"@type":"ReadAction","target":["https:\/\/www.pressenza.com\/es\/2015\/06\/la-alcaldesa-colau-se-estrena-evitando-un-desahucio-en-el-distrito-de-nou-barris\/"]}]},{"@type":"ImageObject","inLanguage":"es","@id":"https:\/\/www.pressenza.com\/es\/2015\/06\/la-alcaldesa-colau-se-estrena-evitando-un-desahucio-en-el-distrito-de-nou-barris\/#primaryimage","url":"https:\/\/www.pressenza.com\/wp-content\/uploads\/2015\/06\/alcaldesa-Colau-desahucios-Nou-Barris_EDIIMA20150615_0275_41.jpg","contentUrl":"https:\/\/www.pressenza.com\/wp-content\/uploads\/2015\/06\/alcaldesa-Colau-desahucios-Nou-Barris_EDIIMA20150615_0275_41.jpg","width":643,"height":362},{"@type":"BreadcrumbList","@id":"https:\/\/www.pressenza.com\/es\/2015\/06\/la-alcaldesa-colau-se-estrena-evitando-un-desahucio-en-el-distrito-de-nou-barris\/#breadcrumb","itemListElement":[{"@type":"ListItem","position":1,"name":"Accueil","item":"https:\/\/www.pressenza.com\/es\/"},{"@type":"ListItem","position":2,"name":"La alcaldesa Colau se estrena evitando un desahucio en el distrito de Nou Barris"}]},{"@type":"WebSite","@id":"https:\/\/www.pressenza.com\/es\/#website","url":"https:\/\/www.pressenza.com\/es\/","name":"Pressenza","description":"International Press Agency","publisher":{"@id":"https:\/\/www.pressenza.com\/es\/#organization"},"potentialAction":[{"@type":"SearchAction","target":{"@type":"EntryPoint","urlTemplate":"https:\/\/www.pressenza.com\/es\/?s={search_term_string}"},"query-input":{"@type":"PropertyValueSpecification","valueRequired":true,"valueName":"search_term_string"}}],"inLanguage":"es"},{"@type":"Organization","@id":"https:\/\/www.pressenza.com\/es\/#organization","name":"Pressenza","url":"https:\/\/www.pressenza.com\/es\/","logo":{"@type":"ImageObject","inLanguage":"es","@id":"https:\/\/www.pressenza.com\/es\/#\/schema\/logo\/image\/","url":"https:\/\/www.pressenza.com\/wp-content\/uploads\/2022\/10\/pressenza_logo_200x200.jpg","contentUrl":"https:\/\/www.pressenza.com\/wp-content\/uploads\/2022\/10\/pressenza_logo_200x200.jpg","width":200,"height":200,"caption":"Pressenza"},"image":{"@id":"https:\/\/www.pressenza.com\/es\/#\/schema\/logo\/image\/"},"sameAs":["https:\/\/www.facebook.com\/PressenzaItalia","https:\/\/x.com\/PressenzaIPA"]},{"@type":"Person","@id":"https:\/\/www.pressenza.com\/es\/#\/schema\/person\/35221cfd7eeca947b184bfc91172e541","name":"eldiario.es","description":"eldiario.es is a new digital media with information and analysis focussing on politics and economics in its broadest sense: what affects people more than parties or markets. eldiario.es","url":"https:\/\/www.pressenza.com\/es\/author\/eldiario-es\/"}]}},"place":"Barcelona","original_article_url":"http:\/\/www.eldiario.es\/catalunya\/alcaldesa-Colau-desahucios-Nou-Barris_0_398960405.html","_links":{"self":[{"href":"https:\/\/www.pressenza.com\/es\/wp-json\/wp\/v2\/posts\/193860","targetHints":{"allow":["GET"]}}],"collection":[{"href":"https:\/\/www.pressenza.com\/es\/wp-json\/wp\/v2\/posts"}],"about":[{"href":"https:\/\/www.pressenza.com\/es\/wp-json\/wp\/v2\/types\/post"}],"author":[{"embeddable":true,"href":"https:\/\/www.pressenza.com\/es\/wp-json\/wp\/v2\/users\/1170"}],"replies":[{"embeddable":true,"href":"https:\/\/www.pressenza.com\/es\/wp-json\/wp\/v2\/comments?post=193860"}],"version-history":[{"count":0,"href":"https:\/\/www.pressenza.com\/es\/wp-json\/wp\/v2\/posts\/193860\/revisions"}],"wp:featuredmedia":[{"embeddable":true,"href":"https:\/\/www.pressenza.com\/es\/wp-json\/wp\/v2\/media\/193867"}],"wp:attachment":[{"href":"https:\/\/www.pressenza.com\/es\/wp-json\/wp\/v2\/media?parent=193860"}],"wp:term":[{"taxonomy":"category","embeddable":true,"href":"https:\/\/www.pressenza.com\/es\/wp-json\/wp\/v2\/categories?post=193860"},{"taxonomy":"post_tag","embeddable":true,"href":"https:\/\/www.pressenza.com\/es\/wp-json\/wp\/v2\/tags?post=193860"}],"curies":[{"name":"wp","href":"https:\/\/api.w.org\/{rel}","templated":true}]}}