{"id":193746,"date":"2015-06-14T22:02:02","date_gmt":"2015-06-14T21:02:02","guid":{"rendered":"http:\/\/www.pressenza.com\/?p=193746"},"modified":"2015-07-21T18:11:57","modified_gmt":"2015-07-21T17:11:57","slug":"luis-silva-asume-como-concejal-en-la-rinconada","status":"publish","type":"post","link":"https:\/\/www.pressenza.com\/es\/2015\/06\/luis-silva-asume-como-concejal-en-la-rinconada\/","title":{"rendered":"Luis Silva asume como concejal en La Rinconada"},"content":{"rendered":"<p><em>Aqu\u00ed compartimos el discurso que dio el recientemente electo concejal Luis Silva, por La Rinconada.<\/em><\/p>\n<p><iframe loading=\"lazy\" title=\"Discurso de toma de posesi\u00f3n de La Rinconada, S\u00ed Se Puede, Ayuntamiento de La Rinconada.\" width=\"500\" height=\"281\" src=\"https:\/\/www.youtube.com\/embed\/DaGJQHqZrG8?feature=oembed\" frameborder=\"0\" allow=\"accelerometer; autoplay; clipboard-write; encrypted-media; gyroscope; picture-in-picture; web-share\" referrerpolicy=\"strict-origin-when-cross-origin\" allowfullscreen><\/iframe><\/p>\n<p>En este mismo instante en que celebramos el acto de constituci\u00f3n de nuestro nuevo Ayuntamiento, se est\u00e1n celebrando actos similares en todo el Estado.<\/p>\n<p>En ciudades como Madrid, Barcelona o C\u00e1diz, ciudadan@s an\u00f3nimos hasta hace pocos d\u00edas, ser\u00e1n los nuevos Alcaldes.<\/p>\n<p>En nuestra provincia, en municipios como Alcal\u00e1 de Guadaira, Bormujos, Carmona, Castilleja de la Cuesta, Coria, Dos Hermanas, \u00c9cija, Mairena del Aljarafe, Mor\u00f3n, Osuna, San Juan de Aznalfarache, Tomares, Umbrete o en la misma capital, esas mismas personas an\u00f3nimas, se est\u00e1n incluyendo como concejales en las corporaciones locales.<\/p>\n<p>Todos estos nuevos actores pol\u00edticos tienen varias cosas en com\u00fan:<br \/>\nTodos han sido impulsados por Podemos, en algunos casos con otras fuerzas pol\u00edticas.<br \/>\nTodos ponen como centro de su actividad a los ciudadan@s<br \/>\nTodos apuestan por la democracia real.<br \/>\nTodos rechazan la corrupci\u00f3n y la falta de transparencia.<br \/>\nTodos rechazan la financiaci\u00f3n de bancos o grandes empresas.<br \/>\nTodos eligen la No Violencia como m\u00e9todo para resolver los conflictos.<br \/>\nTodos establecen como l\u00ednea roja absoluta de sus pol\u00edticas, el respeto de los derechos humanos.<\/p>\n<p>Para entender todo este fen\u00f3meno, hay que retrotraerse al 15 Mayo de 2011. Ese d\u00eda, el que m\u00e1s tarde se conoci\u00f3 como Movimiento 15M, inund\u00f3 de forma espont\u00e1nea las plazas de ciudades y pueblos al grito de \u201clo llaman democracia y no lo es\u201d y \u201cNo nos representan\u201d.<\/p>\n<p>En aquel momento, alguno de los \u201cformadores de opini\u00f3n televisivos\u201d, trataron de descalificar a las autenticas mareas humanas que se estaban produciendo, tach\u00e1ndolas de \u201cradicales antisistema\u201d.<\/p>\n<p>Afortunadamente, parece que muchos han comprendido que los verdaderos \u201cantisistema\u201d son aquellos que pretenden apropiarse del todo social en beneficio de una peque\u00f1\u00edsima \u00e9lite econ\u00f3mica y pol\u00edtica. Que los verdaderos \u201cradicales\u201d, son aquellos que mienten y robaban a los ciudadanos, que los han elegido para que gestionen lo p\u00fablico.<\/p>\n<p>Nos echaron de las plazas, nos persiguieron, nos multaron y nos detuvieron por pedir justicia y democracia.<\/p>\n<p>Luego, con su habitual sordera social y prepotencia, nos dijeron \u201csi quieren opinar sobre pol\u00edtica, monten un partido\u201d\u2026<\/p>\n<p><strong>Pues aqu\u00ed estamos. Ya hemos llegado<\/strong><\/p>\n<p>Y avisamos que solo somos la primera avanzadilla de los miles de ciudadan@ que vendr\u00e1n despu\u00e9s, hasta que consigamos que la pol\u00edtica deje de ser \u201cel negocio de unos pocos\u201d y se deje de gestionar pensando exclusivamente, en el beneficio personal o de unas peque\u00f1as \u00e9lites.<\/p>\n<p>Y tambi\u00e9n avisamos a toda la gente honesta, a toda la gente sencilla, a toda la gente com\u00fan, que pueden contar con nosotr@s. Y a todos ellos, les pedimos ayuda para construir un futuro diferente donde quepamos tod@s y que sea de todos y para todos.<\/p>\n<p>Y tambi\u00e9n le pedimos ayuda a todos los funcionarios, que est\u00e9n cansados de ver las corruptelas que pasan por sus manos y quieran construir algo nuevo.<\/p>\n<p>Y tambi\u00e9n, si me lo permiten, pedimos ayuda a los muchos militantes honestos de otros partidos que ya no saben como hacer, para desplazar a las c\u00fapulas corruptas de sus organizaciones. Muchos de ellos dejaron su esfuerzo, e incluso en algunos casos su vida, por trabajar por algo que cuando ha llegado, no se corresponde ni lejanamente, con el mundo en el que so\u00f1aban.<\/p>\n<p>Sentimos que la fuerza que nos mueve, es la misma que ha movido a los pueblos desde el principio de los tiempos, en la mejor direcci\u00f3n evolutiva. Pero sabemos que nos queda mucho por aprender y que probablemente en el camino cometeremos muchos errores, por lo que insistimos en pedir la ayuda de tod@s.<\/p>\n<p>Sentimos que formamos parte de una nueva sensibilidad que se extiende por todos lados y que va mucho m\u00e1s all\u00e1 de los partidos. Somos el 99%, somos los de abajo, somos los que aspiramos a un mundo diverso donde quepamos tod@s, somos los que queremos democracia real mas all\u00e1 de votar programas de dise\u00f1o cada 4 a\u00f1os o de elegir a la reina del carnaval. Somos, el futuro que ya ha llegado.<\/p>\n<p>El tiempo de los partidos\u2013empresa ha acabado.<\/p>\n<p>El tiempo de los que creen que la pol\u00edtica est\u00e1 para enriquecerse, ha acabado.<\/p>\n<p>El tiempo de la supuesta rentabilidad que siempre termina en los mismos ha acabado.<\/p>\n<p>El tiempo de la democracia formal ha acabado.<\/p>\n<p>Por fin, algo nuevo est\u00e1 pasando en la pol\u00edtica espa\u00f1ola.<\/p>\n<p>Venimos a traer esperanza porque sabemos que entre todos, tenemos inteligencia, formaci\u00f3n y capacidad suficiente, para salir de la crisis en la que nos ha metido la avaricia de unos pocos.<\/p>\n<p>El futuro lo haces t\u00fa. \u00a1S\u00cd SE PUEDE!<\/p>\n","protected":false},"excerpt":{"rendered":"<p>Aqu\u00ed compartimos el discurso que dio el recientemente electo concejal Luis Silva, por La Rinconada. En este mismo instante en que celebramos el acto de constituci\u00f3n de nuestro nuevo Ayuntamiento, se est\u00e1n celebrando actos similares en todo el Estado. En&hellip;<\/p>\n","protected":false},"author":1122,"featured_media":193747,"comment_status":"closed","ping_status":"open","sticky":false,"template":"","format":"standard","meta":{"footnotes":""},"categories":[11389,66,1240,74],"tags":[704,696,4740,441,1065,1398,984,17732,383,10642],"class_list":["post-193746","post","type-post","status-publish","format-standard","has-post-thumbnail","hentry","category-contenido-original","category-europa-es","category-humanismo-espiritualidad","category-politica-es","tag-15m-es","tag-democracia","tag-democracia-real","tag-derechos-humanos","tag-espana","tag-estado-espanol","tag-indignados-es","tag-la-rinconada-si-se-puede","tag-noviolencia","tag-podemos"],"yoast_head":"<!-- This site is optimized with the Yoast SEO plugin v27.1.1 - https:\/\/yoast.com\/product\/yoast-seo-wordpress\/ -->\n<title>Luis Silva asume como concejal en La Rinconada<\/title>\n<meta name=\"description\" content=\"Aqu\u00ed compartimos el discurso que dio el recientemente electo concejal Luis Silva, por La Rinconada. En este mismo instante en que celebramos el acto de\" \/>\n<meta name=\"robots\" content=\"index, follow, max-snippet:-1, max-image-preview:large, max-video-preview:-1\" \/>\n<link rel=\"canonical\" href=\"https:\/\/www.pressenza.com\/es\/2015\/06\/luis-silva-asume-como-concejal-en-la-rinconada\/\" \/>\n<meta property=\"og:locale\" content=\"es_ES\" \/>\n<meta property=\"og:type\" content=\"article\" \/>\n<meta property=\"og:title\" content=\"Luis Silva asume como concejal en La Rinconada\" \/>\n<meta property=\"og:description\" content=\"Aqu\u00ed compartimos el discurso que dio el recientemente electo concejal Luis Silva, por La Rinconada. En este mismo instante en que celebramos el acto de\" \/>\n<meta property=\"og:url\" content=\"https:\/\/www.pressenza.com\/es\/2015\/06\/luis-silva-asume-como-concejal-en-la-rinconada\/\" \/>\n<meta property=\"og:site_name\" content=\"Pressenza\" \/>\n<meta property=\"article:publisher\" content=\"https:\/\/www.facebook.com\/PressenzaItalia\" \/>\n<meta property=\"article:author\" content=\"https:\/\/www.facebook.com\/Pressenza-Espaa-647854795301395\/timeline\/\" \/>\n<meta property=\"article:published_time\" content=\"2015-06-14T21:02:02+00:00\" \/>\n<meta property=\"article:modified_time\" content=\"2015-07-21T17:11:57+00:00\" \/>\n<meta property=\"og:image\" content=\"https:\/\/www.pressenza.com\/wp-content\/uploads\/2015\/06\/luis-silva-garcia.jpg\" \/>\n\t<meta property=\"og:image:width\" content=\"542\" \/>\n\t<meta property=\"og:image:height\" content=\"542\" \/>\n\t<meta property=\"og:image:type\" content=\"image\/jpeg\" \/>\n<meta name=\"author\" content=\"Redacci\u00f3n Barcelona\" \/>\n<meta name=\"twitter:card\" content=\"summary_large_image\" \/>\n<meta name=\"twitter:creator\" content=\"@pressenza\" \/>\n<meta name=\"twitter:site\" content=\"@PressenzaIPA\" \/>\n<meta name=\"twitter:label1\" content=\"Escrito por\" \/>\n\t<meta name=\"twitter:data1\" content=\"Redacci\u00f3n Barcelona\" \/>\n\t<meta name=\"twitter:label2\" content=\"Tiempo de lectura\" \/>\n\t<meta name=\"twitter:data2\" content=\"4 minutos\" \/>\n<script type=\"application\/ld+json\" class=\"yoast-schema-graph\">{\"@context\":\"https:\/\/schema.org\",\"@graph\":[{\"@type\":\"Article\",\"@id\":\"https:\/\/www.pressenza.com\/es\/2015\/06\/luis-silva-asume-como-concejal-en-la-rinconada\/#article\",\"isPartOf\":{\"@id\":\"https:\/\/www.pressenza.com\/es\/2015\/06\/luis-silva-asume-como-concejal-en-la-rinconada\/\"},\"author\":{\"name\":\"Redacci\u00f3n Barcelona\",\"@id\":\"https:\/\/www.pressenza.com\/es\/#\/schema\/person\/8abc53b92f3264e0dad4300d54ac73ff\"},\"headline\":\"Luis Silva asume como concejal en La Rinconada\",\"datePublished\":\"2015-06-14T21:02:02+00:00\",\"dateModified\":\"2015-07-21T17:11:57+00:00\",\"mainEntityOfPage\":{\"@id\":\"https:\/\/www.pressenza.com\/es\/2015\/06\/luis-silva-asume-como-concejal-en-la-rinconada\/\"},\"wordCount\":815,\"publisher\":{\"@id\":\"https:\/\/www.pressenza.com\/es\/#organization\"},\"image\":{\"@id\":\"https:\/\/www.pressenza.com\/es\/2015\/06\/luis-silva-asume-como-concejal-en-la-rinconada\/#primaryimage\"},\"thumbnailUrl\":\"https:\/\/www.pressenza.com\/wp-content\/uploads\/2015\/06\/luis-silva-garcia.jpg\",\"keywords\":[\"15M\",\"Democracia\",\"Democracia Real\",\"Derechos humanos\",\"Espa\u00f1a\",\"Estado espa\u00f1ol\",\"indignados\",\"La Rinconada S\u00ed Se Puede\",\"Noviolencia\",\"Podemos\"],\"articleSection\":[\"Contenido Original\",\"Europa\",\"Humanismo y Espiritualidad\",\"Pol\u00edtica\"],\"inLanguage\":\"es\"},{\"@type\":\"WebPage\",\"@id\":\"https:\/\/www.pressenza.com\/es\/2015\/06\/luis-silva-asume-como-concejal-en-la-rinconada\/\",\"url\":\"https:\/\/www.pressenza.com\/es\/2015\/06\/luis-silva-asume-como-concejal-en-la-rinconada\/\",\"name\":\"Luis Silva asume como concejal en La Rinconada\",\"isPartOf\":{\"@id\":\"https:\/\/www.pressenza.com\/es\/#website\"},\"primaryImageOfPage\":{\"@id\":\"https:\/\/www.pressenza.com\/es\/2015\/06\/luis-silva-asume-como-concejal-en-la-rinconada\/#primaryimage\"},\"image\":{\"@id\":\"https:\/\/www.pressenza.com\/es\/2015\/06\/luis-silva-asume-como-concejal-en-la-rinconada\/#primaryimage\"},\"thumbnailUrl\":\"https:\/\/www.pressenza.com\/wp-content\/uploads\/2015\/06\/luis-silva-garcia.jpg\",\"datePublished\":\"2015-06-14T21:02:02+00:00\",\"dateModified\":\"2015-07-21T17:11:57+00:00\",\"description\":\"Aqu\u00ed compartimos el discurso que dio el recientemente electo concejal Luis Silva, por La Rinconada. En este mismo instante en que celebramos el acto de\",\"breadcrumb\":{\"@id\":\"https:\/\/www.pressenza.com\/es\/2015\/06\/luis-silva-asume-como-concejal-en-la-rinconada\/#breadcrumb\"},\"inLanguage\":\"es\",\"potentialAction\":[{\"@type\":\"ReadAction\",\"target\":[\"https:\/\/www.pressenza.com\/es\/2015\/06\/luis-silva-asume-como-concejal-en-la-rinconada\/\"]}]},{\"@type\":\"ImageObject\",\"inLanguage\":\"es\",\"@id\":\"https:\/\/www.pressenza.com\/es\/2015\/06\/luis-silva-asume-como-concejal-en-la-rinconada\/#primaryimage\",\"url\":\"https:\/\/www.pressenza.com\/wp-content\/uploads\/2015\/06\/luis-silva-garcia.jpg\",\"contentUrl\":\"https:\/\/www.pressenza.com\/wp-content\/uploads\/2015\/06\/luis-silva-garcia.jpg\",\"width\":542,\"height\":542},{\"@type\":\"BreadcrumbList\",\"@id\":\"https:\/\/www.pressenza.com\/es\/2015\/06\/luis-silva-asume-como-concejal-en-la-rinconada\/#breadcrumb\",\"itemListElement\":[{\"@type\":\"ListItem\",\"position\":1,\"name\":\"Accueil\",\"item\":\"https:\/\/www.pressenza.com\/es\/\"},{\"@type\":\"ListItem\",\"position\":2,\"name\":\"Luis Silva asume como concejal en La Rinconada\"}]},{\"@type\":\"WebSite\",\"@id\":\"https:\/\/www.pressenza.com\/es\/#website\",\"url\":\"https:\/\/www.pressenza.com\/es\/\",\"name\":\"Pressenza\",\"description\":\"International Press Agency\",\"publisher\":{\"@id\":\"https:\/\/www.pressenza.com\/es\/#organization\"},\"potentialAction\":[{\"@type\":\"SearchAction\",\"target\":{\"@type\":\"EntryPoint\",\"urlTemplate\":\"https:\/\/www.pressenza.com\/es\/?s={search_term_string}\"},\"query-input\":{\"@type\":\"PropertyValueSpecification\",\"valueRequired\":true,\"valueName\":\"search_term_string\"}}],\"inLanguage\":\"es\"},{\"@type\":\"Organization\",\"@id\":\"https:\/\/www.pressenza.com\/es\/#organization\",\"name\":\"Pressenza\",\"url\":\"https:\/\/www.pressenza.com\/es\/\",\"logo\":{\"@type\":\"ImageObject\",\"inLanguage\":\"es\",\"@id\":\"https:\/\/www.pressenza.com\/es\/#\/schema\/logo\/image\/\",\"url\":\"https:\/\/www.pressenza.com\/wp-content\/uploads\/2022\/10\/pressenza_logo_200x200.jpg\",\"contentUrl\":\"https:\/\/www.pressenza.com\/wp-content\/uploads\/2022\/10\/pressenza_logo_200x200.jpg\",\"width\":200,\"height\":200,\"caption\":\"Pressenza\"},\"image\":{\"@id\":\"https:\/\/www.pressenza.com\/es\/#\/schema\/logo\/image\/\"},\"sameAs\":[\"https:\/\/www.facebook.com\/PressenzaItalia\",\"https:\/\/x.com\/PressenzaIPA\"]},{\"@type\":\"Person\",\"@id\":\"https:\/\/www.pressenza.com\/es\/#\/schema\/person\/8abc53b92f3264e0dad4300d54ac73ff\",\"name\":\"Redacci\u00f3n Barcelona\",\"description\":\"News published by the Pressenza bureau in Barcelona, Spain\",\"sameAs\":[\"https:\/\/www.facebook.com\/Pressenza-Espaa-647854795301395\/timeline\/\",\"https:\/\/x.com\/pressenza\"],\"url\":\"https:\/\/www.pressenza.com\/es\/author\/redaccion-barcelona\/\"}]}<\/script>\n<!-- \/ Yoast SEO plugin. -->","yoast_head_json":{"title":"Luis Silva asume como concejal en La Rinconada","description":"Aqu\u00ed compartimos el discurso que dio el recientemente electo concejal Luis Silva, por La Rinconada. En este mismo instante en que celebramos el acto de","robots":{"index":"index","follow":"follow","max-snippet":"max-snippet:-1","max-image-preview":"max-image-preview:large","max-video-preview":"max-video-preview:-1"},"canonical":"https:\/\/www.pressenza.com\/es\/2015\/06\/luis-silva-asume-como-concejal-en-la-rinconada\/","og_locale":"es_ES","og_type":"article","og_title":"Luis Silva asume como concejal en La Rinconada","og_description":"Aqu\u00ed compartimos el discurso que dio el recientemente electo concejal Luis Silva, por La Rinconada. En este mismo instante en que celebramos el acto de","og_url":"https:\/\/www.pressenza.com\/es\/2015\/06\/luis-silva-asume-como-concejal-en-la-rinconada\/","og_site_name":"Pressenza","article_publisher":"https:\/\/www.facebook.com\/PressenzaItalia","article_author":"https:\/\/www.facebook.com\/Pressenza-Espaa-647854795301395\/timeline\/","article_published_time":"2015-06-14T21:02:02+00:00","article_modified_time":"2015-07-21T17:11:57+00:00","og_image":[{"width":542,"height":542,"url":"https:\/\/www.pressenza.com\/wp-content\/uploads\/2015\/06\/luis-silva-garcia.jpg","type":"image\/jpeg"}],"author":"Redacci\u00f3n Barcelona","twitter_card":"summary_large_image","twitter_creator":"@pressenza","twitter_site":"@PressenzaIPA","twitter_misc":{"Escrito por":"Redacci\u00f3n Barcelona","Tiempo de lectura":"4 minutos"},"schema":{"@context":"https:\/\/schema.org","@graph":[{"@type":"Article","@id":"https:\/\/www.pressenza.com\/es\/2015\/06\/luis-silva-asume-como-concejal-en-la-rinconada\/#article","isPartOf":{"@id":"https:\/\/www.pressenza.com\/es\/2015\/06\/luis-silva-asume-como-concejal-en-la-rinconada\/"},"author":{"name":"Redacci\u00f3n Barcelona","@id":"https:\/\/www.pressenza.com\/es\/#\/schema\/person\/8abc53b92f3264e0dad4300d54ac73ff"},"headline":"Luis Silva asume como concejal en La Rinconada","datePublished":"2015-06-14T21:02:02+00:00","dateModified":"2015-07-21T17:11:57+00:00","mainEntityOfPage":{"@id":"https:\/\/www.pressenza.com\/es\/2015\/06\/luis-silva-asume-como-concejal-en-la-rinconada\/"},"wordCount":815,"publisher":{"@id":"https:\/\/www.pressenza.com\/es\/#organization"},"image":{"@id":"https:\/\/www.pressenza.com\/es\/2015\/06\/luis-silva-asume-como-concejal-en-la-rinconada\/#primaryimage"},"thumbnailUrl":"https:\/\/www.pressenza.com\/wp-content\/uploads\/2015\/06\/luis-silva-garcia.jpg","keywords":["15M","Democracia","Democracia Real","Derechos humanos","Espa\u00f1a","Estado espa\u00f1ol","indignados","La Rinconada S\u00ed Se Puede","Noviolencia","Podemos"],"articleSection":["Contenido Original","Europa","Humanismo y Espiritualidad","Pol\u00edtica"],"inLanguage":"es"},{"@type":"WebPage","@id":"https:\/\/www.pressenza.com\/es\/2015\/06\/luis-silva-asume-como-concejal-en-la-rinconada\/","url":"https:\/\/www.pressenza.com\/es\/2015\/06\/luis-silva-asume-como-concejal-en-la-rinconada\/","name":"Luis Silva asume como concejal en La Rinconada","isPartOf":{"@id":"https:\/\/www.pressenza.com\/es\/#website"},"primaryImageOfPage":{"@id":"https:\/\/www.pressenza.com\/es\/2015\/06\/luis-silva-asume-como-concejal-en-la-rinconada\/#primaryimage"},"image":{"@id":"https:\/\/www.pressenza.com\/es\/2015\/06\/luis-silva-asume-como-concejal-en-la-rinconada\/#primaryimage"},"thumbnailUrl":"https:\/\/www.pressenza.com\/wp-content\/uploads\/2015\/06\/luis-silva-garcia.jpg","datePublished":"2015-06-14T21:02:02+00:00","dateModified":"2015-07-21T17:11:57+00:00","description":"Aqu\u00ed compartimos el discurso que dio el recientemente electo concejal Luis Silva, por La Rinconada. En este mismo instante en que celebramos el acto de","breadcrumb":{"@id":"https:\/\/www.pressenza.com\/es\/2015\/06\/luis-silva-asume-como-concejal-en-la-rinconada\/#breadcrumb"},"inLanguage":"es","potentialAction":[{"@type":"ReadAction","target":["https:\/\/www.pressenza.com\/es\/2015\/06\/luis-silva-asume-como-concejal-en-la-rinconada\/"]}]},{"@type":"ImageObject","inLanguage":"es","@id":"https:\/\/www.pressenza.com\/es\/2015\/06\/luis-silva-asume-como-concejal-en-la-rinconada\/#primaryimage","url":"https:\/\/www.pressenza.com\/wp-content\/uploads\/2015\/06\/luis-silva-garcia.jpg","contentUrl":"https:\/\/www.pressenza.com\/wp-content\/uploads\/2015\/06\/luis-silva-garcia.jpg","width":542,"height":542},{"@type":"BreadcrumbList","@id":"https:\/\/www.pressenza.com\/es\/2015\/06\/luis-silva-asume-como-concejal-en-la-rinconada\/#breadcrumb","itemListElement":[{"@type":"ListItem","position":1,"name":"Accueil","item":"https:\/\/www.pressenza.com\/es\/"},{"@type":"ListItem","position":2,"name":"Luis Silva asume como concejal en La Rinconada"}]},{"@type":"WebSite","@id":"https:\/\/www.pressenza.com\/es\/#website","url":"https:\/\/www.pressenza.com\/es\/","name":"Pressenza","description":"International Press Agency","publisher":{"@id":"https:\/\/www.pressenza.com\/es\/#organization"},"potentialAction":[{"@type":"SearchAction","target":{"@type":"EntryPoint","urlTemplate":"https:\/\/www.pressenza.com\/es\/?s={search_term_string}"},"query-input":{"@type":"PropertyValueSpecification","valueRequired":true,"valueName":"search_term_string"}}],"inLanguage":"es"},{"@type":"Organization","@id":"https:\/\/www.pressenza.com\/es\/#organization","name":"Pressenza","url":"https:\/\/www.pressenza.com\/es\/","logo":{"@type":"ImageObject","inLanguage":"es","@id":"https:\/\/www.pressenza.com\/es\/#\/schema\/logo\/image\/","url":"https:\/\/www.pressenza.com\/wp-content\/uploads\/2022\/10\/pressenza_logo_200x200.jpg","contentUrl":"https:\/\/www.pressenza.com\/wp-content\/uploads\/2022\/10\/pressenza_logo_200x200.jpg","width":200,"height":200,"caption":"Pressenza"},"image":{"@id":"https:\/\/www.pressenza.com\/es\/#\/schema\/logo\/image\/"},"sameAs":["https:\/\/www.facebook.com\/PressenzaItalia","https:\/\/x.com\/PressenzaIPA"]},{"@type":"Person","@id":"https:\/\/www.pressenza.com\/es\/#\/schema\/person\/8abc53b92f3264e0dad4300d54ac73ff","name":"Redacci\u00f3n Barcelona","description":"News published by the Pressenza bureau in Barcelona, Spain","sameAs":["https:\/\/www.facebook.com\/Pressenza-Espaa-647854795301395\/timeline\/","https:\/\/x.com\/pressenza"],"url":"https:\/\/www.pressenza.com\/es\/author\/redaccion-barcelona\/"}]}},"place":"La Rinconada, Sevilla","original_article_url":"","_links":{"self":[{"href":"https:\/\/www.pressenza.com\/es\/wp-json\/wp\/v2\/posts\/193746","targetHints":{"allow":["GET"]}}],"collection":[{"href":"https:\/\/www.pressenza.com\/es\/wp-json\/wp\/v2\/posts"}],"about":[{"href":"https:\/\/www.pressenza.com\/es\/wp-json\/wp\/v2\/types\/post"}],"author":[{"embeddable":true,"href":"https:\/\/www.pressenza.com\/es\/wp-json\/wp\/v2\/users\/1122"}],"replies":[{"embeddable":true,"href":"https:\/\/www.pressenza.com\/es\/wp-json\/wp\/v2\/comments?post=193746"}],"version-history":[{"count":0,"href":"https:\/\/www.pressenza.com\/es\/wp-json\/wp\/v2\/posts\/193746\/revisions"}],"wp:featuredmedia":[{"embeddable":true,"href":"https:\/\/www.pressenza.com\/es\/wp-json\/wp\/v2\/media\/193747"}],"wp:attachment":[{"href":"https:\/\/www.pressenza.com\/es\/wp-json\/wp\/v2\/media?parent=193746"}],"wp:term":[{"taxonomy":"category","embeddable":true,"href":"https:\/\/www.pressenza.com\/es\/wp-json\/wp\/v2\/categories?post=193746"},{"taxonomy":"post_tag","embeddable":true,"href":"https:\/\/www.pressenza.com\/es\/wp-json\/wp\/v2\/tags?post=193746"}],"curies":[{"name":"wp","href":"https:\/\/api.w.org\/{rel}","templated":true}]}}