{"id":193533,"date":"2015-06-14T03:36:37","date_gmt":"2015-06-14T02:36:37","guid":{"rendered":"http:\/\/www.pressenza.com\/?p=193533"},"modified":"2015-06-14T03:36:37","modified_gmt":"2015-06-14T02:36:37","slug":"la-republica-independiente-de-los-ninos","status":"publish","type":"post","link":"https:\/\/www.pressenza.com\/es\/2015\/06\/la-republica-independiente-de-los-ninos\/","title":{"rendered":"La rep\u00fablica independiente de los ni\u00f1os"},"content":{"rendered":"<p class=\"mce\"><em><strong>Por Mar\u00eda Mu\u00f1oz para Inspira<\/strong><\/em><\/p>\n<p class=\"mce\">Eran estudiantes de Psicolog\u00eda, Derecho, Ingenier\u00eda Agron\u00f3mica o Filosof\u00eda. Cuatro chicos y cuatro chicas de entre 18 y 24 a\u00f1os que en 1982 se lanzaron a la sierra de Granada para comenzar a construirse su propio empleo en forma de una granja escuela con la que crear conciencia en la poblaci\u00f3n sobre la importancia de cuidar la naturaleza. La cooperativa <a class=\"mce\" href=\"http:\/\/huertoalegre.com\/\"> Huerto Alegre\u00a0<\/a> lleva desde entonces organizando campamentos de verano, actividades escolares y fines de semana en familia, educando ambientalmente a los ni\u00f1os, al mismo tiempo que apuestan por su autonom\u00eda y aprendizaje en libertad.<\/p>\n<p class=\"mce\">\u201cQuer\u00edamos tener nuestro propio empleo, facilitar a los profesores recursos de apoyo para que pudieran emplear con los alumnos y concienciar sobre la importancia del medio ambiente\u201d, explica Mariluz D\u00edaz, una de las socias de cooperativa, quien con 18 a\u00f1os dej\u00f3 a sus padres desconcertados cuando les dijo que se iba a la sierra a fabricarse su propio empleo. Los ocho fundadores localizaron un cortijo abandonado rodeado de cinco hect\u00e1reas de terreno que parec\u00eda ser el lugar id\u00f3neo para comenzar su granja escuela.<\/p>\n<p class=\"mce\">Como no ten\u00edan mucho dinero -lo justo que hab\u00edan logrado juntar para los arreglos, montar la cocina y comprar las primera camas y los materiales b\u00e1sicos- llegaron a un acuerdo con el due\u00f1o del lugar: no pagar\u00edan nada durante los dos primeros a\u00f1os y si pasado ese tiempo no hab\u00edan logrado ning\u00fan ingreso dejar\u00edan el cortijo con todos los arreglos hechos. Adem\u00e1s, se hicieron ellos mismos otro prop\u00f3sito: \u201cNos comprometimos a acabar nuestras carreras porque para ser competentes ten\u00edamos que estar formados\u201d, se\u00f1ala D\u00edaz.<\/p>\n<h3>Funcionando en un a\u00f1o<\/h3>\n<p class=\"mce\">Al a\u00f1o ya pudieron organizar el primer campamento de verano, comenzaron a darse a conocer en todas las escuelas de la zona y desde entonces el proyecto no ha dejado de crecer. Fueron terminando sus carreras, se incorporaron m\u00e1s formaciones y a los campamentos iniciales se sumaron salidas escolares y fines de semana para toda la familia. Construyeron un huerto ecol\u00f3gico y hace 10 a\u00f1os pudieron tambi\u00e9n llevar a cabo las renovaciones necesarias para que Huerto Alegre funcione con energ\u00eda solar.<\/p>\n<p class=\"mce\">\u201cEn los campamentos y en todas las actividades del resto del a\u00f1o tratamos de fomentar la investigaci\u00f3n de la naturaleza al mismo tiempo que damos tambi\u00e9n mucha importancia a la investigaci\u00f3n emocional de los ni\u00f1os, c\u00f3mo se sienten, qu\u00e9 es lo qu\u00e9 piensan cuando ven un determinado animal por primera vez\u201d, explica la cooperativista, quien subraya que los chavales disfrutan del entorno de forma libre, descubriendo ellos mismos todo lo que est\u00e1 a su alrededor.<\/p>\n<div class=\"inset inset-lt width394\">\n<div class=\"media-holder\">\n<div class=\"mg \"><img loading=\"lazy\" decoding=\"async\" src=\"http:\/\/images.eldiario.es\/elasombrario\/chavales-cerca-animales-Huerto-Alegre_EDIIMA20150610_0794_8.jpg\" alt=\"Los chavales ven de cerca los animales. \/ Huerto Alegre.\" width=\"394\" height=\"222\" \/><\/div>\n<div class=\"caption-inside\">\n<p><em>Los chavales ven de cerca los animales. \/ Huerto Alegre.<\/em><\/p>\n<\/div>\n<\/div>\n<\/div>\n<p class=\"mce\">Los ni\u00f1os celebran asambleas diarias en las que ellos mismos explican c\u00f3mo se sienten, qu\u00e9 les ha gustado y qu\u00e9 no y en donde tambi\u00e9n pueden proponer actividades para desarrollar. \u201cPrecisamente en estas asambleas nos damos cuenta de que lo que m\u00e1s valoran los chavales en los campamentos es la autonom\u00eda que tienen, el poder salir fuera cuando quieren, dar sus opini\u00f3n y que se valore y todo ello lo hacen en un entorno que les hace sentirse seguros\u201d, se\u00f1ala D\u00edaz.<\/p>\n<p class=\"mce\">Perciben desde hace a\u00f1os una brecha cada vez mayor entre los ni\u00f1os que llegan de la ciudad y los que viven en entornos rurales. \u201c Los de la ciudad se aburren m\u00e1s, tienen menos capacidad para entretenerse solos y dependen m\u00e1s de los adultos\u201d, indica la cooperativista. De ah\u00ed, subraya, la importancia de ofrecerles una autonom\u00eda, que los chavales valoran enseguida. \u201cHay alg\u00fan padre o madre que se sorprende de que el ni\u00f1o no haya preguntado por ellos\u201d, se\u00f1ala.<\/p>\n<p class=\"mce\">Las actividades var\u00edan entre los talleres de astronom\u00eda, de teatro, en la huerta, con los animales, de educaci\u00f3n en la importancia del reciclaje o, para los que ya tienen entre 14 y 17 a\u00f1os, talleres en los que se trabaja el g\u00e9nero, se debaten pel\u00edculas para hablar del machismo, explicar qu\u00e9 es el feminismo o la importancia del desarrollo sostenible. \u201cEmpezamos a tener segundas generaciones, cuyos padres estuvieron cuando eran peque\u00f1os y ahora est\u00e1n ellos\u201d, indica la cooperativista.<\/p>\n","protected":false},"excerpt":{"rendered":"<p>Por Mar\u00eda Mu\u00f1oz para Inspira Eran estudiantes de Psicolog\u00eda, Derecho, Ingenier\u00eda Agron\u00f3mica o Filosof\u00eda. Cuatro chicos y cuatro chicas de entre 18 y 24 a\u00f1os que en 1982 se lanzaron a la sierra de Granada para comenzar a construirse su&hellip;<\/p>\n","protected":false},"author":1170,"featured_media":193543,"comment_status":"closed","ping_status":"open","sticky":false,"template":"","format":"standard","meta":{"footnotes":""},"categories":[75,1230,66],"tags":[336,393,1065,1398],"class_list":["post-193533","post","type-post","status-publish","format-standard","has-post-thumbnail","hentry","category-cultura-es","category-educacion-tema","category-europa-es","tag-cultura-2","tag-educacion","tag-espana","tag-estado-espanol"],"yoast_head":"<!-- This site is optimized with the Yoast SEO plugin v27.1.1 - https:\/\/yoast.com\/product\/yoast-seo-wordpress\/ -->\n<title>La rep\u00fablica independiente de los ni\u00f1os<\/title>\n<meta name=\"description\" content=\"Por Mar\u00eda Mu\u00f1oz para Inspira Eran estudiantes de Psicolog\u00eda, Derecho, Ingenier\u00eda Agron\u00f3mica o Filosof\u00eda. Cuatro chicos y cuatro chicas de entre 18 y 24\" \/>\n<meta name=\"robots\" content=\"index, follow, max-snippet:-1, max-image-preview:large, max-video-preview:-1\" \/>\n<link rel=\"canonical\" href=\"https:\/\/www.pressenza.com\/es\/2015\/06\/la-republica-independiente-de-los-ninos\/\" \/>\n<meta property=\"og:locale\" content=\"es_ES\" \/>\n<meta property=\"og:type\" content=\"article\" \/>\n<meta property=\"og:title\" content=\"La rep\u00fablica independiente de los ni\u00f1os\" \/>\n<meta property=\"og:description\" content=\"Por Mar\u00eda Mu\u00f1oz para Inspira Eran estudiantes de Psicolog\u00eda, Derecho, Ingenier\u00eda Agron\u00f3mica o Filosof\u00eda. Cuatro chicos y cuatro chicas de entre 18 y 24\" \/>\n<meta property=\"og:url\" content=\"https:\/\/www.pressenza.com\/es\/2015\/06\/la-republica-independiente-de-los-ninos\/\" \/>\n<meta property=\"og:site_name\" content=\"Pressenza\" \/>\n<meta property=\"article:publisher\" content=\"https:\/\/www.facebook.com\/PressenzaItalia\" \/>\n<meta property=\"article:published_time\" content=\"2015-06-14T02:36:37+00:00\" \/>\n<meta property=\"og:image\" content=\"https:\/\/www.pressenza.com\/wp-content\/uploads\/2015\/06\/talleres-interior-instalaciones-Huerto-Alegre_EDIIMA20150610_0788_17.jpg\" \/>\n\t<meta property=\"og:image:width\" content=\"643\" \/>\n\t<meta property=\"og:image:height\" content=\"362\" \/>\n\t<meta property=\"og:image:type\" content=\"image\/jpeg\" \/>\n<meta name=\"author\" content=\"eldiario.es\" \/>\n<meta name=\"twitter:card\" content=\"summary_large_image\" \/>\n<meta name=\"twitter:creator\" content=\"@PressenzaIPA\" \/>\n<meta name=\"twitter:site\" content=\"@PressenzaIPA\" \/>\n<meta name=\"twitter:label1\" content=\"Escrito por\" \/>\n\t<meta name=\"twitter:data1\" content=\"eldiario.es\" \/>\n\t<meta name=\"twitter:label2\" content=\"Tiempo de lectura\" \/>\n\t<meta name=\"twitter:data2\" content=\"4 minutos\" \/>\n<script type=\"application\/ld+json\" class=\"yoast-schema-graph\">{\"@context\":\"https:\/\/schema.org\",\"@graph\":[{\"@type\":\"Article\",\"@id\":\"https:\/\/www.pressenza.com\/es\/2015\/06\/la-republica-independiente-de-los-ninos\/#article\",\"isPartOf\":{\"@id\":\"https:\/\/www.pressenza.com\/es\/2015\/06\/la-republica-independiente-de-los-ninos\/\"},\"author\":{\"name\":\"eldiario.es\",\"@id\":\"https:\/\/www.pressenza.com\/es\/#\/schema\/person\/35221cfd7eeca947b184bfc91172e541\"},\"headline\":\"La rep\u00fablica independiente de los ni\u00f1os\",\"datePublished\":\"2015-06-14T02:36:37+00:00\",\"mainEntityOfPage\":{\"@id\":\"https:\/\/www.pressenza.com\/es\/2015\/06\/la-republica-independiente-de-los-ninos\/\"},\"wordCount\":740,\"publisher\":{\"@id\":\"https:\/\/www.pressenza.com\/es\/#organization\"},\"image\":{\"@id\":\"https:\/\/www.pressenza.com\/es\/2015\/06\/la-republica-independiente-de-los-ninos\/#primaryimage\"},\"thumbnailUrl\":\"https:\/\/www.pressenza.com\/wp-content\/uploads\/2015\/06\/talleres-interior-instalaciones-Huerto-Alegre_EDIIMA20150610_0788_17.jpg\",\"keywords\":[\"cultura\",\"Educaci\u00f3n\",\"Espa\u00f1a\",\"Estado espa\u00f1ol\"],\"articleSection\":[\"Cultura y Medios\",\"Educaci\u00f3n\",\"Europa\"],\"inLanguage\":\"es\"},{\"@type\":\"WebPage\",\"@id\":\"https:\/\/www.pressenza.com\/es\/2015\/06\/la-republica-independiente-de-los-ninos\/\",\"url\":\"https:\/\/www.pressenza.com\/es\/2015\/06\/la-republica-independiente-de-los-ninos\/\",\"name\":\"La rep\u00fablica independiente de los ni\u00f1os\",\"isPartOf\":{\"@id\":\"https:\/\/www.pressenza.com\/es\/#website\"},\"primaryImageOfPage\":{\"@id\":\"https:\/\/www.pressenza.com\/es\/2015\/06\/la-republica-independiente-de-los-ninos\/#primaryimage\"},\"image\":{\"@id\":\"https:\/\/www.pressenza.com\/es\/2015\/06\/la-republica-independiente-de-los-ninos\/#primaryimage\"},\"thumbnailUrl\":\"https:\/\/www.pressenza.com\/wp-content\/uploads\/2015\/06\/talleres-interior-instalaciones-Huerto-Alegre_EDIIMA20150610_0788_17.jpg\",\"datePublished\":\"2015-06-14T02:36:37+00:00\",\"description\":\"Por Mar\u00eda Mu\u00f1oz para Inspira Eran estudiantes de Psicolog\u00eda, Derecho, Ingenier\u00eda Agron\u00f3mica o Filosof\u00eda. Cuatro chicos y cuatro chicas de entre 18 y 24\",\"breadcrumb\":{\"@id\":\"https:\/\/www.pressenza.com\/es\/2015\/06\/la-republica-independiente-de-los-ninos\/#breadcrumb\"},\"inLanguage\":\"es\",\"potentialAction\":[{\"@type\":\"ReadAction\",\"target\":[\"https:\/\/www.pressenza.com\/es\/2015\/06\/la-republica-independiente-de-los-ninos\/\"]}]},{\"@type\":\"ImageObject\",\"inLanguage\":\"es\",\"@id\":\"https:\/\/www.pressenza.com\/es\/2015\/06\/la-republica-independiente-de-los-ninos\/#primaryimage\",\"url\":\"https:\/\/www.pressenza.com\/wp-content\/uploads\/2015\/06\/talleres-interior-instalaciones-Huerto-Alegre_EDIIMA20150610_0788_17.jpg\",\"contentUrl\":\"https:\/\/www.pressenza.com\/wp-content\/uploads\/2015\/06\/talleres-interior-instalaciones-Huerto-Alegre_EDIIMA20150610_0788_17.jpg\",\"width\":643,\"height\":362},{\"@type\":\"BreadcrumbList\",\"@id\":\"https:\/\/www.pressenza.com\/es\/2015\/06\/la-republica-independiente-de-los-ninos\/#breadcrumb\",\"itemListElement\":[{\"@type\":\"ListItem\",\"position\":1,\"name\":\"Accueil\",\"item\":\"https:\/\/www.pressenza.com\/es\/\"},{\"@type\":\"ListItem\",\"position\":2,\"name\":\"La rep\u00fablica independiente de los ni\u00f1os\"}]},{\"@type\":\"WebSite\",\"@id\":\"https:\/\/www.pressenza.com\/es\/#website\",\"url\":\"https:\/\/www.pressenza.com\/es\/\",\"name\":\"Pressenza\",\"description\":\"International Press Agency\",\"publisher\":{\"@id\":\"https:\/\/www.pressenza.com\/es\/#organization\"},\"potentialAction\":[{\"@type\":\"SearchAction\",\"target\":{\"@type\":\"EntryPoint\",\"urlTemplate\":\"https:\/\/www.pressenza.com\/es\/?s={search_term_string}\"},\"query-input\":{\"@type\":\"PropertyValueSpecification\",\"valueRequired\":true,\"valueName\":\"search_term_string\"}}],\"inLanguage\":\"es\"},{\"@type\":\"Organization\",\"@id\":\"https:\/\/www.pressenza.com\/es\/#organization\",\"name\":\"Pressenza\",\"url\":\"https:\/\/www.pressenza.com\/es\/\",\"logo\":{\"@type\":\"ImageObject\",\"inLanguage\":\"es\",\"@id\":\"https:\/\/www.pressenza.com\/es\/#\/schema\/logo\/image\/\",\"url\":\"https:\/\/www.pressenza.com\/wp-content\/uploads\/2022\/10\/pressenza_logo_200x200.jpg\",\"contentUrl\":\"https:\/\/www.pressenza.com\/wp-content\/uploads\/2022\/10\/pressenza_logo_200x200.jpg\",\"width\":200,\"height\":200,\"caption\":\"Pressenza\"},\"image\":{\"@id\":\"https:\/\/www.pressenza.com\/es\/#\/schema\/logo\/image\/\"},\"sameAs\":[\"https:\/\/www.facebook.com\/PressenzaItalia\",\"https:\/\/x.com\/PressenzaIPA\"]},{\"@type\":\"Person\",\"@id\":\"https:\/\/www.pressenza.com\/es\/#\/schema\/person\/35221cfd7eeca947b184bfc91172e541\",\"name\":\"eldiario.es\",\"description\":\"eldiario.es is a new digital media with information and analysis focussing on politics and economics in its broadest sense: what affects people more than parties or markets. eldiario.es\",\"url\":\"https:\/\/www.pressenza.com\/es\/author\/eldiario-es\/\"}]}<\/script>\n<!-- \/ Yoast SEO plugin. -->","yoast_head_json":{"title":"La rep\u00fablica independiente de los ni\u00f1os","description":"Por Mar\u00eda Mu\u00f1oz para Inspira Eran estudiantes de Psicolog\u00eda, Derecho, Ingenier\u00eda Agron\u00f3mica o Filosof\u00eda. Cuatro chicos y cuatro chicas de entre 18 y 24","robots":{"index":"index","follow":"follow","max-snippet":"max-snippet:-1","max-image-preview":"max-image-preview:large","max-video-preview":"max-video-preview:-1"},"canonical":"https:\/\/www.pressenza.com\/es\/2015\/06\/la-republica-independiente-de-los-ninos\/","og_locale":"es_ES","og_type":"article","og_title":"La rep\u00fablica independiente de los ni\u00f1os","og_description":"Por Mar\u00eda Mu\u00f1oz para Inspira Eran estudiantes de Psicolog\u00eda, Derecho, Ingenier\u00eda Agron\u00f3mica o Filosof\u00eda. Cuatro chicos y cuatro chicas de entre 18 y 24","og_url":"https:\/\/www.pressenza.com\/es\/2015\/06\/la-republica-independiente-de-los-ninos\/","og_site_name":"Pressenza","article_publisher":"https:\/\/www.facebook.com\/PressenzaItalia","article_published_time":"2015-06-14T02:36:37+00:00","og_image":[{"width":643,"height":362,"url":"https:\/\/www.pressenza.com\/wp-content\/uploads\/2015\/06\/talleres-interior-instalaciones-Huerto-Alegre_EDIIMA20150610_0788_17.jpg","type":"image\/jpeg"}],"author":"eldiario.es","twitter_card":"summary_large_image","twitter_creator":"@PressenzaIPA","twitter_site":"@PressenzaIPA","twitter_misc":{"Escrito por":"eldiario.es","Tiempo de lectura":"4 minutos"},"schema":{"@context":"https:\/\/schema.org","@graph":[{"@type":"Article","@id":"https:\/\/www.pressenza.com\/es\/2015\/06\/la-republica-independiente-de-los-ninos\/#article","isPartOf":{"@id":"https:\/\/www.pressenza.com\/es\/2015\/06\/la-republica-independiente-de-los-ninos\/"},"author":{"name":"eldiario.es","@id":"https:\/\/www.pressenza.com\/es\/#\/schema\/person\/35221cfd7eeca947b184bfc91172e541"},"headline":"La rep\u00fablica independiente de los ni\u00f1os","datePublished":"2015-06-14T02:36:37+00:00","mainEntityOfPage":{"@id":"https:\/\/www.pressenza.com\/es\/2015\/06\/la-republica-independiente-de-los-ninos\/"},"wordCount":740,"publisher":{"@id":"https:\/\/www.pressenza.com\/es\/#organization"},"image":{"@id":"https:\/\/www.pressenza.com\/es\/2015\/06\/la-republica-independiente-de-los-ninos\/#primaryimage"},"thumbnailUrl":"https:\/\/www.pressenza.com\/wp-content\/uploads\/2015\/06\/talleres-interior-instalaciones-Huerto-Alegre_EDIIMA20150610_0788_17.jpg","keywords":["cultura","Educaci\u00f3n","Espa\u00f1a","Estado espa\u00f1ol"],"articleSection":["Cultura y Medios","Educaci\u00f3n","Europa"],"inLanguage":"es"},{"@type":"WebPage","@id":"https:\/\/www.pressenza.com\/es\/2015\/06\/la-republica-independiente-de-los-ninos\/","url":"https:\/\/www.pressenza.com\/es\/2015\/06\/la-republica-independiente-de-los-ninos\/","name":"La rep\u00fablica independiente de los ni\u00f1os","isPartOf":{"@id":"https:\/\/www.pressenza.com\/es\/#website"},"primaryImageOfPage":{"@id":"https:\/\/www.pressenza.com\/es\/2015\/06\/la-republica-independiente-de-los-ninos\/#primaryimage"},"image":{"@id":"https:\/\/www.pressenza.com\/es\/2015\/06\/la-republica-independiente-de-los-ninos\/#primaryimage"},"thumbnailUrl":"https:\/\/www.pressenza.com\/wp-content\/uploads\/2015\/06\/talleres-interior-instalaciones-Huerto-Alegre_EDIIMA20150610_0788_17.jpg","datePublished":"2015-06-14T02:36:37+00:00","description":"Por Mar\u00eda Mu\u00f1oz para Inspira Eran estudiantes de Psicolog\u00eda, Derecho, Ingenier\u00eda Agron\u00f3mica o Filosof\u00eda. Cuatro chicos y cuatro chicas de entre 18 y 24","breadcrumb":{"@id":"https:\/\/www.pressenza.com\/es\/2015\/06\/la-republica-independiente-de-los-ninos\/#breadcrumb"},"inLanguage":"es","potentialAction":[{"@type":"ReadAction","target":["https:\/\/www.pressenza.com\/es\/2015\/06\/la-republica-independiente-de-los-ninos\/"]}]},{"@type":"ImageObject","inLanguage":"es","@id":"https:\/\/www.pressenza.com\/es\/2015\/06\/la-republica-independiente-de-los-ninos\/#primaryimage","url":"https:\/\/www.pressenza.com\/wp-content\/uploads\/2015\/06\/talleres-interior-instalaciones-Huerto-Alegre_EDIIMA20150610_0788_17.jpg","contentUrl":"https:\/\/www.pressenza.com\/wp-content\/uploads\/2015\/06\/talleres-interior-instalaciones-Huerto-Alegre_EDIIMA20150610_0788_17.jpg","width":643,"height":362},{"@type":"BreadcrumbList","@id":"https:\/\/www.pressenza.com\/es\/2015\/06\/la-republica-independiente-de-los-ninos\/#breadcrumb","itemListElement":[{"@type":"ListItem","position":1,"name":"Accueil","item":"https:\/\/www.pressenza.com\/es\/"},{"@type":"ListItem","position":2,"name":"La rep\u00fablica independiente de los ni\u00f1os"}]},{"@type":"WebSite","@id":"https:\/\/www.pressenza.com\/es\/#website","url":"https:\/\/www.pressenza.com\/es\/","name":"Pressenza","description":"International Press Agency","publisher":{"@id":"https:\/\/www.pressenza.com\/es\/#organization"},"potentialAction":[{"@type":"SearchAction","target":{"@type":"EntryPoint","urlTemplate":"https:\/\/www.pressenza.com\/es\/?s={search_term_string}"},"query-input":{"@type":"PropertyValueSpecification","valueRequired":true,"valueName":"search_term_string"}}],"inLanguage":"es"},{"@type":"Organization","@id":"https:\/\/www.pressenza.com\/es\/#organization","name":"Pressenza","url":"https:\/\/www.pressenza.com\/es\/","logo":{"@type":"ImageObject","inLanguage":"es","@id":"https:\/\/www.pressenza.com\/es\/#\/schema\/logo\/image\/","url":"https:\/\/www.pressenza.com\/wp-content\/uploads\/2022\/10\/pressenza_logo_200x200.jpg","contentUrl":"https:\/\/www.pressenza.com\/wp-content\/uploads\/2022\/10\/pressenza_logo_200x200.jpg","width":200,"height":200,"caption":"Pressenza"},"image":{"@id":"https:\/\/www.pressenza.com\/es\/#\/schema\/logo\/image\/"},"sameAs":["https:\/\/www.facebook.com\/PressenzaItalia","https:\/\/x.com\/PressenzaIPA"]},{"@type":"Person","@id":"https:\/\/www.pressenza.com\/es\/#\/schema\/person\/35221cfd7eeca947b184bfc91172e541","name":"eldiario.es","description":"eldiario.es is a new digital media with information and analysis focussing on politics and economics in its broadest sense: what affects people more than parties or markets. eldiario.es","url":"https:\/\/www.pressenza.com\/es\/author\/eldiario-es\/"}]}},"place":"Granada","original_article_url":"http:\/\/www.eldiario.es\/inspira\/republica-independiente-ninos_6_397270302.html","_links":{"self":[{"href":"https:\/\/www.pressenza.com\/es\/wp-json\/wp\/v2\/posts\/193533","targetHints":{"allow":["GET"]}}],"collection":[{"href":"https:\/\/www.pressenza.com\/es\/wp-json\/wp\/v2\/posts"}],"about":[{"href":"https:\/\/www.pressenza.com\/es\/wp-json\/wp\/v2\/types\/post"}],"author":[{"embeddable":true,"href":"https:\/\/www.pressenza.com\/es\/wp-json\/wp\/v2\/users\/1170"}],"replies":[{"embeddable":true,"href":"https:\/\/www.pressenza.com\/es\/wp-json\/wp\/v2\/comments?post=193533"}],"version-history":[{"count":0,"href":"https:\/\/www.pressenza.com\/es\/wp-json\/wp\/v2\/posts\/193533\/revisions"}],"wp:featuredmedia":[{"embeddable":true,"href":"https:\/\/www.pressenza.com\/es\/wp-json\/wp\/v2\/media\/193543"}],"wp:attachment":[{"href":"https:\/\/www.pressenza.com\/es\/wp-json\/wp\/v2\/media?parent=193533"}],"wp:term":[{"taxonomy":"category","embeddable":true,"href":"https:\/\/www.pressenza.com\/es\/wp-json\/wp\/v2\/categories?post=193533"},{"taxonomy":"post_tag","embeddable":true,"href":"https:\/\/www.pressenza.com\/es\/wp-json\/wp\/v2\/tags?post=193533"}],"curies":[{"name":"wp","href":"https:\/\/api.w.org\/{rel}","templated":true}]}}