{"id":1924,"date":"2009-10-27T00:00:00","date_gmt":"2009-10-27T00:00:00","guid":{"rendered":""},"modified":"2009-10-27T21:26:04","modified_gmt":"2009-10-27T21:26:04","slug":"la-marcha-mundial-gana-el-premio-a-la-eficacia-en-las-josc-2009","status":"publish","type":"post","link":"https:\/\/www.pressenza.com\/es\/2009\/10\/la-marcha-mundial-gana-el-premio-a-la-eficacia-en-las-josc-2009\/","title":{"rendered":"La Marcha Mundial gana el Premio a la Eficacia en las JOSC 2009"},"content":{"rendered":"<p>Los trabajadores humanista de la asociaci\u00f3n COHUB de Ben\u00edn participaron los d\u00edas 19, 20 y 21 de octubre en las JOSC 2009 (Jornadas de las Organizaciones de la Sociedad Civil), en las que les fue otorgado el \u00abPremio a la Eficacia\u00bb por su acci\u00f3n en el marco de la Marcha Mundial por la Paz y la No Violencia.<\/p>\n<p>Con motivo de la clausura de las JOSC, el jurado concedi\u00f3 el 2\u00ba premio nacional de las OSC (Organizaciones de la Sociedad Civil) \u2013Edici\u00f3n 2009\u2013 a la asociaci\u00f3n COHUB y a los trabajadores humanistas que promueven la Marcha Mundial en Ben\u00edn. Este 2\u00ba premio recibe el nombre de \u00abPremio a la Eficacia\u00bb.<\/p>\n<p>Con motivo de su presentaci\u00f3n ante el ministro encargado de la organizaci\u00f3n de dichas JOSC, el presidente de la asociaci\u00f3n COHUB y coordinador de la Marcha Mundial en Ben\u00edn, se expres\u00f3 con las siguientes palabras:<br \/>\n\u00abNosotros, los trabajadores humanistas de Ben\u00edn, en perfecta armon\u00eda con la delegaci\u00f3n oficial que recorre el mundo desde Wellington, en Nueva Zelanda, hasta Punta de Vacas, en Argentina \u2013en el marco de la Marcha Mundial por la Paz y la No Violencia\u2013, dedicamos este premio a las miles de personas heridas por las guerras y las distintas violencias, a la organizaci\u00f3n Mundo sin Guerras y a los dem\u00e1s defensores de los derechos humanos en todo el mundo, as\u00ed como a los premios Nobel que dedican sus esfuerzos a la causa de la paz en el mundo. Adelante con la Marcha Mundial y que el \u00e9xito corone nuestros esfuerzos\u00bb.<\/p>\n<p>CIRCULO DE LOS TRABAJADORES HUMANISTAS<br \/>\nE-mail: contact.benin@ouvriers-humanistes.org<br \/>\nP\u00e1gina web: www.ouvriers-humanistes.org<\/p>\n<p>Traducci\u00f3n: Carmen Soler Rodr\u00edguez<\/p>\n","protected":false},"excerpt":{"rendered":"<p>Los trabajadores humanistas de la asociaci\u00f3n COHUB de Ben\u00edn participaron los d\u00edas 19, 20 y 21 de octubre en las JOSC 2009 (Jornadas de las Organizaciones de la Sociedad Civil), en las que les fue otorgado el \u00abPremio a la Eficacia\u00bb por su presentaci\u00f3n y la acci\u00f3n realizada en el marco de la Marcha Mundial por la Paz y la No Violencia<\/p>\n","protected":false},"author":19,"featured_media":0,"comment_status":"closed","ping_status":"open","sticky":false,"template":"","format":"standard","meta":{"footnotes":""},"categories":[64,75,39],"tags":[],"class_list":["post-1924","post","type-post","status-publish","format-standard","hentry","category-africa-es","category-cultura-es","category-internacional"],"yoast_head":"<!-- This site is optimized with the Yoast SEO plugin v27.1.1 - https:\/\/yoast.com\/product\/yoast-seo-wordpress\/ -->\n<title>La Marcha Mundial gana el Premio a la Eficacia en las JOSC 2009<\/title>\n<meta name=\"description\" content=\"Los trabajadores humanistas de la asociaci\u00f3n COHUB de Ben\u00edn participaron los d\u00edas 19, 20 y 21 de octubre en las JOSC 2009 (Jornadas de las Organizaciones de la Sociedad Civil), en las que les fue otorgado el &quot;Premio a la Eficacia&quot; por su presentaci\u00f3n y la acci\u00f3n realizada en el marco de la Marcha Mundial por la Paz y la No Violencia\" \/>\n<meta name=\"robots\" content=\"index, follow, max-snippet:-1, max-image-preview:large, max-video-preview:-1\" \/>\n<link rel=\"canonical\" href=\"https:\/\/www.pressenza.com\/es\/2009\/10\/la-marcha-mundial-gana-el-premio-a-la-eficacia-en-las-josc-2009\/\" \/>\n<meta property=\"og:locale\" content=\"es_ES\" \/>\n<meta property=\"og:type\" content=\"article\" \/>\n<meta property=\"og:title\" content=\"La Marcha Mundial gana el Premio a la Eficacia en las JOSC 2009\" \/>\n<meta property=\"og:description\" content=\"Los trabajadores humanistas de la asociaci\u00f3n COHUB de Ben\u00edn participaron los d\u00edas 19, 20 y 21 de octubre en las JOSC 2009 (Jornadas de las Organizaciones de la Sociedad Civil), en las que les fue otorgado el &quot;Premio a la Eficacia&quot; por su presentaci\u00f3n y la acci\u00f3n realizada en el marco de la Marcha Mundial por la Paz y la No Violencia\" \/>\n<meta property=\"og:url\" content=\"https:\/\/www.pressenza.com\/es\/2009\/10\/la-marcha-mundial-gana-el-premio-a-la-eficacia-en-las-josc-2009\/\" \/>\n<meta property=\"og:site_name\" content=\"Pressenza\" \/>\n<meta property=\"article:publisher\" content=\"https:\/\/www.facebook.com\/PressenzaItalia\" \/>\n<meta property=\"article:author\" content=\"https:\/\/www.facebook.com\/pressenza\" \/>\n<meta property=\"article:published_time\" content=\"2009-10-27T00:00:00+00:00\" \/>\n<meta property=\"article:modified_time\" content=\"2009-10-27T21:26:04+00:00\" \/>\n<meta name=\"author\" content=\"Pressenza IPA\" \/>\n<meta name=\"twitter:card\" content=\"summary_large_image\" \/>\n<meta name=\"twitter:creator\" content=\"@PressenzaIPA\" \/>\n<meta name=\"twitter:site\" content=\"@PressenzaIPA\" \/>\n<meta name=\"twitter:label1\" content=\"Escrito por\" \/>\n\t<meta name=\"twitter:data1\" content=\"Pressenza IPA\" \/>\n\t<meta name=\"twitter:label2\" content=\"Tiempo de lectura\" \/>\n\t<meta name=\"twitter:data2\" content=\"1 minuto\" \/>\n<script type=\"application\/ld+json\" class=\"yoast-schema-graph\">{\"@context\":\"https:\/\/schema.org\",\"@graph\":[{\"@type\":\"Article\",\"@id\":\"https:\/\/www.pressenza.com\/es\/2009\/10\/la-marcha-mundial-gana-el-premio-a-la-eficacia-en-las-josc-2009\/#article\",\"isPartOf\":{\"@id\":\"https:\/\/www.pressenza.com\/es\/2009\/10\/la-marcha-mundial-gana-el-premio-a-la-eficacia-en-las-josc-2009\/\"},\"author\":{\"name\":\"Pressenza IPA\",\"@id\":\"https:\/\/www.pressenza.com\/es\/#\/schema\/person\/010e5d02bcf40965427a1289a4cc8d75\"},\"headline\":\"La Marcha Mundial gana el Premio a la Eficacia en las JOSC 2009\",\"datePublished\":\"2009-10-27T00:00:00+00:00\",\"dateModified\":\"2009-10-27T21:26:04+00:00\",\"mainEntityOfPage\":{\"@id\":\"https:\/\/www.pressenza.com\/es\/2009\/10\/la-marcha-mundial-gana-el-premio-a-la-eficacia-en-las-josc-2009\/\"},\"wordCount\":296,\"publisher\":{\"@id\":\"https:\/\/www.pressenza.com\/es\/#organization\"},\"articleSection\":[\"Africa\",\"Cultura y Medios\",\"Internacional\"],\"inLanguage\":\"es\"},{\"@type\":\"WebPage\",\"@id\":\"https:\/\/www.pressenza.com\/es\/2009\/10\/la-marcha-mundial-gana-el-premio-a-la-eficacia-en-las-josc-2009\/\",\"url\":\"https:\/\/www.pressenza.com\/es\/2009\/10\/la-marcha-mundial-gana-el-premio-a-la-eficacia-en-las-josc-2009\/\",\"name\":\"La Marcha Mundial gana el Premio a la Eficacia en las JOSC 2009\",\"isPartOf\":{\"@id\":\"https:\/\/www.pressenza.com\/es\/#website\"},\"datePublished\":\"2009-10-27T00:00:00+00:00\",\"dateModified\":\"2009-10-27T21:26:04+00:00\",\"description\":\"Los trabajadores humanistas de la asociaci\u00f3n COHUB de Ben\u00edn participaron los d\u00edas 19, 20 y 21 de octubre en las JOSC 2009 (Jornadas de las Organizaciones de la Sociedad Civil), en las que les fue otorgado el \\\"Premio a la Eficacia\\\" por su presentaci\u00f3n y la acci\u00f3n realizada en el marco de la Marcha Mundial por la Paz y la No Violencia\",\"breadcrumb\":{\"@id\":\"https:\/\/www.pressenza.com\/es\/2009\/10\/la-marcha-mundial-gana-el-premio-a-la-eficacia-en-las-josc-2009\/#breadcrumb\"},\"inLanguage\":\"es\",\"potentialAction\":[{\"@type\":\"ReadAction\",\"target\":[\"https:\/\/www.pressenza.com\/es\/2009\/10\/la-marcha-mundial-gana-el-premio-a-la-eficacia-en-las-josc-2009\/\"]}]},{\"@type\":\"BreadcrumbList\",\"@id\":\"https:\/\/www.pressenza.com\/es\/2009\/10\/la-marcha-mundial-gana-el-premio-a-la-eficacia-en-las-josc-2009\/#breadcrumb\",\"itemListElement\":[{\"@type\":\"ListItem\",\"position\":1,\"name\":\"Accueil\",\"item\":\"https:\/\/www.pressenza.com\/es\/\"},{\"@type\":\"ListItem\",\"position\":2,\"name\":\"La Marcha Mundial gana el Premio a la Eficacia en las JOSC 2009\"}]},{\"@type\":\"WebSite\",\"@id\":\"https:\/\/www.pressenza.com\/es\/#website\",\"url\":\"https:\/\/www.pressenza.com\/es\/\",\"name\":\"Pressenza\",\"description\":\"International Press Agency\",\"publisher\":{\"@id\":\"https:\/\/www.pressenza.com\/es\/#organization\"},\"potentialAction\":[{\"@type\":\"SearchAction\",\"target\":{\"@type\":\"EntryPoint\",\"urlTemplate\":\"https:\/\/www.pressenza.com\/es\/?s={search_term_string}\"},\"query-input\":{\"@type\":\"PropertyValueSpecification\",\"valueRequired\":true,\"valueName\":\"search_term_string\"}}],\"inLanguage\":\"es\"},{\"@type\":\"Organization\",\"@id\":\"https:\/\/www.pressenza.com\/es\/#organization\",\"name\":\"Pressenza\",\"url\":\"https:\/\/www.pressenza.com\/es\/\",\"logo\":{\"@type\":\"ImageObject\",\"inLanguage\":\"es\",\"@id\":\"https:\/\/www.pressenza.com\/es\/#\/schema\/logo\/image\/\",\"url\":\"https:\/\/www.pressenza.com\/wp-content\/uploads\/2022\/10\/pressenza_logo_200x200.jpg\",\"contentUrl\":\"https:\/\/www.pressenza.com\/wp-content\/uploads\/2022\/10\/pressenza_logo_200x200.jpg\",\"width\":200,\"height\":200,\"caption\":\"Pressenza\"},\"image\":{\"@id\":\"https:\/\/www.pressenza.com\/es\/#\/schema\/logo\/image\/\"},\"sameAs\":[\"https:\/\/www.facebook.com\/PressenzaItalia\",\"https:\/\/x.com\/PressenzaIPA\"]},{\"@type\":\"Person\",\"@id\":\"https:\/\/www.pressenza.com\/es\/#\/schema\/person\/010e5d02bcf40965427a1289a4cc8d75\",\"name\":\"Pressenza IPA\",\"description\":\"News from Pressenza IPA correspondents\",\"sameAs\":[\"https:\/\/www.facebook.com\/pressenza\",\"https:\/\/x.com\/PressenzaIPA\"],\"url\":\"https:\/\/www.pressenza.com\/es\/author\/pressenza-ipa\/\"}]}<\/script>\n<!-- \/ Yoast SEO plugin. -->","yoast_head_json":{"title":"La Marcha Mundial gana el Premio a la Eficacia en las JOSC 2009","description":"Los trabajadores humanistas de la asociaci\u00f3n COHUB de Ben\u00edn participaron los d\u00edas 19, 20 y 21 de octubre en las JOSC 2009 (Jornadas de las Organizaciones de la Sociedad Civil), en las que les fue otorgado el \"Premio a la Eficacia\" por su presentaci\u00f3n y la acci\u00f3n realizada en el marco de la Marcha Mundial por la Paz y la No Violencia","robots":{"index":"index","follow":"follow","max-snippet":"max-snippet:-1","max-image-preview":"max-image-preview:large","max-video-preview":"max-video-preview:-1"},"canonical":"https:\/\/www.pressenza.com\/es\/2009\/10\/la-marcha-mundial-gana-el-premio-a-la-eficacia-en-las-josc-2009\/","og_locale":"es_ES","og_type":"article","og_title":"La Marcha Mundial gana el Premio a la Eficacia en las JOSC 2009","og_description":"Los trabajadores humanistas de la asociaci\u00f3n COHUB de Ben\u00edn participaron los d\u00edas 19, 20 y 21 de octubre en las JOSC 2009 (Jornadas de las Organizaciones de la Sociedad Civil), en las que les fue otorgado el \"Premio a la Eficacia\" por su presentaci\u00f3n y la acci\u00f3n realizada en el marco de la Marcha Mundial por la Paz y la No Violencia","og_url":"https:\/\/www.pressenza.com\/es\/2009\/10\/la-marcha-mundial-gana-el-premio-a-la-eficacia-en-las-josc-2009\/","og_site_name":"Pressenza","article_publisher":"https:\/\/www.facebook.com\/PressenzaItalia","article_author":"https:\/\/www.facebook.com\/pressenza","article_published_time":"2009-10-27T00:00:00+00:00","article_modified_time":"2009-10-27T21:26:04+00:00","author":"Pressenza IPA","twitter_card":"summary_large_image","twitter_creator":"@PressenzaIPA","twitter_site":"@PressenzaIPA","twitter_misc":{"Escrito por":"Pressenza IPA","Tiempo de lectura":"1 minuto"},"schema":{"@context":"https:\/\/schema.org","@graph":[{"@type":"Article","@id":"https:\/\/www.pressenza.com\/es\/2009\/10\/la-marcha-mundial-gana-el-premio-a-la-eficacia-en-las-josc-2009\/#article","isPartOf":{"@id":"https:\/\/www.pressenza.com\/es\/2009\/10\/la-marcha-mundial-gana-el-premio-a-la-eficacia-en-las-josc-2009\/"},"author":{"name":"Pressenza IPA","@id":"https:\/\/www.pressenza.com\/es\/#\/schema\/person\/010e5d02bcf40965427a1289a4cc8d75"},"headline":"La Marcha Mundial gana el Premio a la Eficacia en las JOSC 2009","datePublished":"2009-10-27T00:00:00+00:00","dateModified":"2009-10-27T21:26:04+00:00","mainEntityOfPage":{"@id":"https:\/\/www.pressenza.com\/es\/2009\/10\/la-marcha-mundial-gana-el-premio-a-la-eficacia-en-las-josc-2009\/"},"wordCount":296,"publisher":{"@id":"https:\/\/www.pressenza.com\/es\/#organization"},"articleSection":["Africa","Cultura y Medios","Internacional"],"inLanguage":"es"},{"@type":"WebPage","@id":"https:\/\/www.pressenza.com\/es\/2009\/10\/la-marcha-mundial-gana-el-premio-a-la-eficacia-en-las-josc-2009\/","url":"https:\/\/www.pressenza.com\/es\/2009\/10\/la-marcha-mundial-gana-el-premio-a-la-eficacia-en-las-josc-2009\/","name":"La Marcha Mundial gana el Premio a la Eficacia en las JOSC 2009","isPartOf":{"@id":"https:\/\/www.pressenza.com\/es\/#website"},"datePublished":"2009-10-27T00:00:00+00:00","dateModified":"2009-10-27T21:26:04+00:00","description":"Los trabajadores humanistas de la asociaci\u00f3n COHUB de Ben\u00edn participaron los d\u00edas 19, 20 y 21 de octubre en las JOSC 2009 (Jornadas de las Organizaciones de la Sociedad Civil), en las que les fue otorgado el \"Premio a la Eficacia\" por su presentaci\u00f3n y la acci\u00f3n realizada en el marco de la Marcha Mundial por la Paz y la No Violencia","breadcrumb":{"@id":"https:\/\/www.pressenza.com\/es\/2009\/10\/la-marcha-mundial-gana-el-premio-a-la-eficacia-en-las-josc-2009\/#breadcrumb"},"inLanguage":"es","potentialAction":[{"@type":"ReadAction","target":["https:\/\/www.pressenza.com\/es\/2009\/10\/la-marcha-mundial-gana-el-premio-a-la-eficacia-en-las-josc-2009\/"]}]},{"@type":"BreadcrumbList","@id":"https:\/\/www.pressenza.com\/es\/2009\/10\/la-marcha-mundial-gana-el-premio-a-la-eficacia-en-las-josc-2009\/#breadcrumb","itemListElement":[{"@type":"ListItem","position":1,"name":"Accueil","item":"https:\/\/www.pressenza.com\/es\/"},{"@type":"ListItem","position":2,"name":"La Marcha Mundial gana el Premio a la Eficacia en las JOSC 2009"}]},{"@type":"WebSite","@id":"https:\/\/www.pressenza.com\/es\/#website","url":"https:\/\/www.pressenza.com\/es\/","name":"Pressenza","description":"International Press Agency","publisher":{"@id":"https:\/\/www.pressenza.com\/es\/#organization"},"potentialAction":[{"@type":"SearchAction","target":{"@type":"EntryPoint","urlTemplate":"https:\/\/www.pressenza.com\/es\/?s={search_term_string}"},"query-input":{"@type":"PropertyValueSpecification","valueRequired":true,"valueName":"search_term_string"}}],"inLanguage":"es"},{"@type":"Organization","@id":"https:\/\/www.pressenza.com\/es\/#organization","name":"Pressenza","url":"https:\/\/www.pressenza.com\/es\/","logo":{"@type":"ImageObject","inLanguage":"es","@id":"https:\/\/www.pressenza.com\/es\/#\/schema\/logo\/image\/","url":"https:\/\/www.pressenza.com\/wp-content\/uploads\/2022\/10\/pressenza_logo_200x200.jpg","contentUrl":"https:\/\/www.pressenza.com\/wp-content\/uploads\/2022\/10\/pressenza_logo_200x200.jpg","width":200,"height":200,"caption":"Pressenza"},"image":{"@id":"https:\/\/www.pressenza.com\/es\/#\/schema\/logo\/image\/"},"sameAs":["https:\/\/www.facebook.com\/PressenzaItalia","https:\/\/x.com\/PressenzaIPA"]},{"@type":"Person","@id":"https:\/\/www.pressenza.com\/es\/#\/schema\/person\/010e5d02bcf40965427a1289a4cc8d75","name":"Pressenza IPA","description":"News from Pressenza IPA correspondents","sameAs":["https:\/\/www.facebook.com\/pressenza","https:\/\/x.com\/PressenzaIPA"],"url":"https:\/\/www.pressenza.com\/es\/author\/pressenza-ipa\/"}]}},"place":"Cotonou","original_article_url":"","_links":{"self":[{"href":"https:\/\/www.pressenza.com\/es\/wp-json\/wp\/v2\/posts\/1924","targetHints":{"allow":["GET"]}}],"collection":[{"href":"https:\/\/www.pressenza.com\/es\/wp-json\/wp\/v2\/posts"}],"about":[{"href":"https:\/\/www.pressenza.com\/es\/wp-json\/wp\/v2\/types\/post"}],"author":[{"embeddable":true,"href":"https:\/\/www.pressenza.com\/es\/wp-json\/wp\/v2\/users\/19"}],"replies":[{"embeddable":true,"href":"https:\/\/www.pressenza.com\/es\/wp-json\/wp\/v2\/comments?post=1924"}],"version-history":[{"count":0,"href":"https:\/\/www.pressenza.com\/es\/wp-json\/wp\/v2\/posts\/1924\/revisions"}],"wp:attachment":[{"href":"https:\/\/www.pressenza.com\/es\/wp-json\/wp\/v2\/media?parent=1924"}],"wp:term":[{"taxonomy":"category","embeddable":true,"href":"https:\/\/www.pressenza.com\/es\/wp-json\/wp\/v2\/categories?post=1924"},{"taxonomy":"post_tag","embeddable":true,"href":"https:\/\/www.pressenza.com\/es\/wp-json\/wp\/v2\/tags?post=1924"}],"curies":[{"name":"wp","href":"https:\/\/api.w.org\/{rel}","templated":true}]}}