{"id":192119,"date":"2015-06-11T02:41:13","date_gmt":"2015-06-11T01:41:13","guid":{"rendered":"http:\/\/www.pressenza.com\/?p=192119"},"modified":"2015-06-11T13:21:39","modified_gmt":"2015-06-11T12:21:39","slug":"situacion-y-estadisticas-palestina-2015","status":"publish","type":"post","link":"https:\/\/www.pressenza.com\/es\/2015\/06\/situacion-y-estadisticas-palestina-2015\/","title":{"rendered":"Situaci\u00f3n y estad\u00edsticas: Palestina 2015"},"content":{"rendered":"<p style=\"text-align: justify;\"><em>Han pasado 67 a\u00f1os desde la ocupaci\u00f3n del 78% de Palestina en 1948<\/em><br \/>\n<em> Han pasado 48 a\u00f1os desde la ocupaci\u00f3n del otro 22% de Palestina (WB y Gaza) que comenz\u00f3 en 1967<\/em><\/p>\n<p><strong><em>Por Mazin Qumsiyeh<\/em><\/strong><\/p>\n<p>&#8211; Hoy en d\u00eda hay 12,5 millones de palestinos, 7,2 millones de nosotros somos\u00a0refugiados \/ desplazados (seis millones provienen de la limpieza \u00e9tnica de\u00a01948-1950, 843.737 de Naksa 1967, 345.217 de desplazamientos internos\u00a0dentro de la l\u00ednea verde, y 57.669 desplazados internos en las zonas de 1967.<\/p>\n<p style=\"text-align: justify;\">&#8211; La UNRWA tiene 5,4 millones de refugiados registrados y se ha establecido y\u00a0opera en 59 campamentos oficiales de refugiados (17 no oficiales).<\/p>\n<p style=\"text-align: justify;\">&#8211; Los campamentos son inestables.\u00a0Por ejemplo, de 162.000 que habitaban Yarmuk Camp en Siria,\u00a0la mayor\u00eda fue desplazada\u00a0en\u00a0los\u00a0\u00faltimos tres a\u00f1os y\u00a01.093\u00a0fueron asesinados o\u00a0murieron de hambre\u00a0en el\u00a0campamento sitiado.\u00a0Un campamento Imam\u00a0sac\u00f3 una\u00a0fatwa (decreto) permitiendo el\u00a0consumo de carne de\u00a0perro, gato\u00a0y burro.\u00a0Desesperados, sin opciones, los palestinos tambi\u00e9n\u00a0se est\u00e1n ahogando\u00a0en el mar Mediterr\u00e1neo\u00a0y muriendo en lugares como\u00a0Gaza\u00a0y Siria.\u00a0La desnutrici\u00f3n, los defectos de nacimiento, el c\u00e1ncer y\u00a0otros problemas de salud,\u00a0est\u00e1n a la orden del d\u00eda.<\/p>\n<p style=\"text-align: justify;\">&#8211; Cuando la declaraci\u00f3n\u00a0de Balfour\u00a0fue emitida en\u00a01917, hab\u00eda aproximadamente\u00a0850.000 palestinos,\u00a0solo el 7% de nosotros\u00a0\u00e9ramos\u00a0jud\u00edos-palestinos\u00a0(y\u00a0la mayor\u00eda de los\u00a0jud\u00edos eran tambi\u00e9n contrarios al sionismo).<\/p>\n<p style=\"text-align: justify;\">&#8211; Aproximadamente\u00a06,5 millones de\u00a0Palestinos\u00a0siguen viviendo\u00a0en Palestina\u00a0a pesar de estar restringidos a\u00a0utilizar solo\u00a0el 8,7% de la\u00a0la tierra (c\u00e1lculo\u00a0Qumsiyeh)\u00a0y no tienen\u00a0soberan\u00eda, incluso en\u00a0aquellas \u00e1reas\u00a0sin uso.<\/p>\n<p style=\"text-align: justify;\">&#8211; Aproximadamente 6,5 millones de Jud\u00edos israel\u00edes viven en la Palestina hist\u00f3rica, la gran mayor\u00eda son inmigrantes o hijos de inmigrantes.\u00a0Tienen acceso al 91,3% de\u00a0la tierra y la soberan\u00eda f\u00edsica sobre m\u00e1s del 100% de la misma.<\/p>\n<p style=\"text-align: justify;\">&#8211; Cada a\u00f1o, son registradas entre 1.500 y 1.800 nuevas ONGs Judeo-Israel\u00edes. Y aproximadamente 100 nuevas ONGs palestinas son registradas anualmente.\u00a0En total, la Palestina hist\u00f3rica tiene el mayor n\u00famero de ONGs por habitante del planeta. Muchos, si no\u00a0la mayor\u00eda de\u00a0estas ONGs\u00a0(israel\u00edes y\u00a0palestinas), aumentan la corrupci\u00f3n\u00a0y el soborno\u00a0y ayudan a mantener\u00a0el status quo del\u00a0apartheid y racismo.\u00a0Una industria\u00a0virtual de\u00a0ayuda exterior\u00a0se construye alrededor de\u00a0la \u00abPaz\u00bb y el \u00abDesarrollo\u00bb, pero en la realidad\u00a0ayudan a afianzar\u00a0el sistema de\u00a0apartheid.<\/p>\n<p style=\"text-align: justify;\">&#8211; Por el contrario, millones de buenas personas con recursos muy limitados realizan\u00a0un trabajo incre\u00edble para ayudar a Palestina a avanzar.\u00a0Se incluyen en cuadros de\u00a0voluntarios, en el movimiento de solidaridad internacional, en organismos estudiantiles alrededor del mundo, en grupos de solidaridad con Palestina, etc.<\/p>\n<p style=\"text-align: justify;\">&#8211; En Su pol\u00edtica actual de utilizar a ciudadanos de Gaza como conejillos de indias\u00a0para el desarrollo de nuevas armas, Israel mat\u00f3 en su ataque a Gaza en el verano\u00a0de 2014, a 2.147 palestinos.\u00a0La mayor\u00eda de ellos eran civiles, incluidos 531\u00a0ni\u00f1os y 302 mujeres.\u00a0El asalto israel\u00ed tambi\u00e9n dej\u00f3 11.231 heridos, incluyendo 3.258 ni\u00f1os palestinos.<\/p>\n<p style=\"text-align: justify;\">&#8211; El p\u00fablico jud\u00edo-israel\u00ed vot\u00f3 al gobierno m\u00e1s derechista de la historia de Israel,\u00a0incluyendo ministros que ahora sirven de apoyo a la limpieza \u00e9tnica, masacrando a la poblaci\u00f3n civil.<\/p>\n<p style=\"text-align: justify;\">&#8211; Cada vez hay m\u00e1s apoyo p\u00fablico en los pa\u00edses occidentales a los derechos humanos\u00a0de los palestinos y tambi\u00e9n al boicot, la desinversi\u00f3n y las sanciones (BDS) para terminar con el racismo extremo y la limpieza \u00e9tnica.<\/p>\n<p style=\"text-align: justify;\">&#8211; Como contrapartida, merced a la enorme acci\u00f3n de lobbies y el control de los medios de difusi\u00f3n, muchos pol\u00edticos de los pa\u00edses occidentales est\u00e1n actuando como secuaces de Israel, involucr\u00e1ndose en la lucha contra las BDS (incluso suprimiendo la libertad de expresi\u00f3n).<\/p>\n<p style=\"text-align: justify;\">&#8211; Cada vez hay m\u00e1s conciencia de la hipocres\u00eda y el doble discurso del gobierno occidental en lo que respecta a la aplicaci\u00f3n del derecho internacional humanitario y las resoluciones de la ONU.\u00a0Esto en s\u00ed conduce al extremismo y a nociones del tipo \u00abLa fuerza hace el derecho\u00bb,\u00a0incluso entre las \u00e9lites en el poder, que ahora se dan cuenta de que es una misi\u00f3n imposible pretender combatir la propagaci\u00f3n de un estado religioso en Siria e Irak (ISIS), manteniendo un estado religioso racista en expansi\u00f3n en Palestina (Estado Jud\u00edo de Israel)<\/p>\n<p style=\"text-align: justify;\"><strong>Conclusi\u00f3n:<\/strong> Hay much\u00edsimo sufrimiento que comenz\u00f3 con la colonizaci\u00f3n Sionista,\u00a0exacerbado con la traici\u00f3n del l\u00edder \u00e1rabe, pero la causa palestina sigue siendo fuerte gracias a la resistencia de la gente en todo el mundo.\u00a0Juntos estamos trazando, contra viento y marea, un camino hacia la libertad y la dignidad. La pregunta clave es que est\u00e1 haciendo personalmente cada uno de nosotros para ayudar o perjudicar (mir\u00e1ndonos en el espejo).<\/p>\n<p style=\"text-align: justify;\"><em>Nota: Algunos de estos datos son de un resumen emitido por el Departamento de Negociaciones Exteriores (un grupo independiente que asesora a los negociadores palestinos).<\/em><\/p>\n","protected":false},"excerpt":{"rendered":"<p>Han pasado 67 a\u00f1os desde la ocupaci\u00f3n del 78% de Palestina en 1948 Han pasado 48 a\u00f1os desde la ocupaci\u00f3n del otro 22% de Palestina (WB y Gaza) que comenz\u00f3 en 1967 Por Mazin Qumsiyeh &#8211; Hoy en d\u00eda hay&hellip;<\/p>\n","protected":false},"author":1015,"featured_media":190691,"comment_status":"closed","ping_status":"open","sticky":false,"template":"","format":"standard","meta":{"footnotes":""},"categories":[76,11389,71],"tags":[646,814],"class_list":["post-192119","post","type-post","status-publish","format-standard","has-post-thumbnail","hentry","category-relaciones-exteriores","category-contenido-original","category-medio-oriente-es","tag-israel-es","tag-palestina-es"],"yoast_head":"<!-- This site is optimized with the Yoast SEO plugin v27.1.1 - https:\/\/yoast.com\/product\/yoast-seo-wordpress\/ -->\n<title>Situaci\u00f3n y estad\u00edsticas: Palestina 2015<\/title>\n<meta name=\"description\" content=\"Han pasado 67 a\u00f1os desde la ocupaci\u00f3n del 78% de Palestina en 1948 Han pasado 48 a\u00f1os desde la ocupaci\u00f3n del otro 22% de Palestina (WB y Gaza) que comenz\u00f3\" \/>\n<meta name=\"robots\" content=\"index, follow, max-snippet:-1, max-image-preview:large, max-video-preview:-1\" \/>\n<link rel=\"canonical\" href=\"https:\/\/www.pressenza.com\/es\/2015\/06\/situacion-y-estadisticas-palestina-2015\/\" \/>\n<meta property=\"og:locale\" content=\"es_ES\" \/>\n<meta property=\"og:type\" content=\"article\" \/>\n<meta property=\"og:title\" content=\"Situaci\u00f3n y estad\u00edsticas: Palestina 2015\" \/>\n<meta property=\"og:description\" content=\"Han pasado 67 a\u00f1os desde la ocupaci\u00f3n del 78% de Palestina en 1948 Han pasado 48 a\u00f1os desde la ocupaci\u00f3n del otro 22% de Palestina (WB y Gaza) que comenz\u00f3\" \/>\n<meta property=\"og:url\" content=\"https:\/\/www.pressenza.com\/es\/2015\/06\/situacion-y-estadisticas-palestina-2015\/\" \/>\n<meta property=\"og:site_name\" content=\"Pressenza\" \/>\n<meta property=\"article:publisher\" content=\"https:\/\/www.facebook.com\/PressenzaItalia\" \/>\n<meta property=\"article:author\" content=\"https:\/\/www.facebook.com\/PressenzaEnglish\/\" \/>\n<meta property=\"article:published_time\" content=\"2015-06-11T01:41:13+00:00\" \/>\n<meta property=\"article:modified_time\" content=\"2015-06-11T12:21:39+00:00\" \/>\n<meta property=\"og:image\" content=\"https:\/\/www.pressenza.com\/wp-content\/uploads\/2015\/06\/ISRAELI_NEW_SETTLEMENTS-Asia-News-pic.jpg\" \/>\n\t<meta property=\"og:image:width\" content=\"529\" \/>\n\t<meta property=\"og:image:height\" content=\"353\" \/>\n\t<meta property=\"og:image:type\" content=\"image\/jpeg\" \/>\n<meta name=\"author\" content=\"Pressenza Hong Kong\" \/>\n<meta name=\"twitter:card\" content=\"summary_large_image\" \/>\n<meta name=\"twitter:creator\" content=\"@PressenzaIPA\" \/>\n<meta name=\"twitter:site\" content=\"@PressenzaIPA\" \/>\n<meta name=\"twitter:label1\" content=\"Escrito por\" \/>\n\t<meta name=\"twitter:data1\" content=\"Pressenza Hong Kong\" \/>\n\t<meta name=\"twitter:label2\" content=\"Tiempo de lectura\" \/>\n\t<meta name=\"twitter:data2\" content=\"4 minutos\" \/>\n<script type=\"application\/ld+json\" class=\"yoast-schema-graph\">{\"@context\":\"https:\/\/schema.org\",\"@graph\":[{\"@type\":\"Article\",\"@id\":\"https:\/\/www.pressenza.com\/es\/2015\/06\/situacion-y-estadisticas-palestina-2015\/#article\",\"isPartOf\":{\"@id\":\"https:\/\/www.pressenza.com\/es\/2015\/06\/situacion-y-estadisticas-palestina-2015\/\"},\"author\":{\"name\":\"Pressenza Hong Kong\",\"@id\":\"https:\/\/www.pressenza.com\/es\/#\/schema\/person\/eca962d6df6d2610e7fc9f68de7a2b87\"},\"headline\":\"Situaci\u00f3n y estad\u00edsticas: Palestina 2015\",\"datePublished\":\"2015-06-11T01:41:13+00:00\",\"dateModified\":\"2015-06-11T12:21:39+00:00\",\"mainEntityOfPage\":{\"@id\":\"https:\/\/www.pressenza.com\/es\/2015\/06\/situacion-y-estadisticas-palestina-2015\/\"},\"wordCount\":844,\"publisher\":{\"@id\":\"https:\/\/www.pressenza.com\/es\/#organization\"},\"image\":{\"@id\":\"https:\/\/www.pressenza.com\/es\/2015\/06\/situacion-y-estadisticas-palestina-2015\/#primaryimage\"},\"thumbnailUrl\":\"https:\/\/www.pressenza.com\/wp-content\/uploads\/2015\/06\/ISRAELI_NEW_SETTLEMENTS-Asia-News-pic.jpg\",\"keywords\":[\"Israel\",\"Palestina\"],\"articleSection\":[\"Asuntos internacionales\",\"Contenido Original\",\"Medio Oriente\"],\"inLanguage\":\"es\"},{\"@type\":\"WebPage\",\"@id\":\"https:\/\/www.pressenza.com\/es\/2015\/06\/situacion-y-estadisticas-palestina-2015\/\",\"url\":\"https:\/\/www.pressenza.com\/es\/2015\/06\/situacion-y-estadisticas-palestina-2015\/\",\"name\":\"Situaci\u00f3n y estad\u00edsticas: Palestina 2015\",\"isPartOf\":{\"@id\":\"https:\/\/www.pressenza.com\/es\/#website\"},\"primaryImageOfPage\":{\"@id\":\"https:\/\/www.pressenza.com\/es\/2015\/06\/situacion-y-estadisticas-palestina-2015\/#primaryimage\"},\"image\":{\"@id\":\"https:\/\/www.pressenza.com\/es\/2015\/06\/situacion-y-estadisticas-palestina-2015\/#primaryimage\"},\"thumbnailUrl\":\"https:\/\/www.pressenza.com\/wp-content\/uploads\/2015\/06\/ISRAELI_NEW_SETTLEMENTS-Asia-News-pic.jpg\",\"datePublished\":\"2015-06-11T01:41:13+00:00\",\"dateModified\":\"2015-06-11T12:21:39+00:00\",\"description\":\"Han pasado 67 a\u00f1os desde la ocupaci\u00f3n del 78% de Palestina en 1948 Han pasado 48 a\u00f1os desde la ocupaci\u00f3n del otro 22% de Palestina (WB y Gaza) que comenz\u00f3\",\"breadcrumb\":{\"@id\":\"https:\/\/www.pressenza.com\/es\/2015\/06\/situacion-y-estadisticas-palestina-2015\/#breadcrumb\"},\"inLanguage\":\"es\",\"potentialAction\":[{\"@type\":\"ReadAction\",\"target\":[\"https:\/\/www.pressenza.com\/es\/2015\/06\/situacion-y-estadisticas-palestina-2015\/\"]}]},{\"@type\":\"ImageObject\",\"inLanguage\":\"es\",\"@id\":\"https:\/\/www.pressenza.com\/es\/2015\/06\/situacion-y-estadisticas-palestina-2015\/#primaryimage\",\"url\":\"https:\/\/www.pressenza.com\/wp-content\/uploads\/2015\/06\/ISRAELI_NEW_SETTLEMENTS-Asia-News-pic.jpg\",\"contentUrl\":\"https:\/\/www.pressenza.com\/wp-content\/uploads\/2015\/06\/ISRAELI_NEW_SETTLEMENTS-Asia-News-pic.jpg\",\"width\":529,\"height\":353},{\"@type\":\"BreadcrumbList\",\"@id\":\"https:\/\/www.pressenza.com\/es\/2015\/06\/situacion-y-estadisticas-palestina-2015\/#breadcrumb\",\"itemListElement\":[{\"@type\":\"ListItem\",\"position\":1,\"name\":\"Accueil\",\"item\":\"https:\/\/www.pressenza.com\/es\/\"},{\"@type\":\"ListItem\",\"position\":2,\"name\":\"Situaci\u00f3n y estad\u00edsticas: Palestina 2015\"}]},{\"@type\":\"WebSite\",\"@id\":\"https:\/\/www.pressenza.com\/es\/#website\",\"url\":\"https:\/\/www.pressenza.com\/es\/\",\"name\":\"Pressenza\",\"description\":\"International Press Agency\",\"publisher\":{\"@id\":\"https:\/\/www.pressenza.com\/es\/#organization\"},\"potentialAction\":[{\"@type\":\"SearchAction\",\"target\":{\"@type\":\"EntryPoint\",\"urlTemplate\":\"https:\/\/www.pressenza.com\/es\/?s={search_term_string}\"},\"query-input\":{\"@type\":\"PropertyValueSpecification\",\"valueRequired\":true,\"valueName\":\"search_term_string\"}}],\"inLanguage\":\"es\"},{\"@type\":\"Organization\",\"@id\":\"https:\/\/www.pressenza.com\/es\/#organization\",\"name\":\"Pressenza\",\"url\":\"https:\/\/www.pressenza.com\/es\/\",\"logo\":{\"@type\":\"ImageObject\",\"inLanguage\":\"es\",\"@id\":\"https:\/\/www.pressenza.com\/es\/#\/schema\/logo\/image\/\",\"url\":\"https:\/\/www.pressenza.com\/wp-content\/uploads\/2022\/10\/pressenza_logo_200x200.jpg\",\"contentUrl\":\"https:\/\/www.pressenza.com\/wp-content\/uploads\/2022\/10\/pressenza_logo_200x200.jpg\",\"width\":200,\"height\":200,\"caption\":\"Pressenza\"},\"image\":{\"@id\":\"https:\/\/www.pressenza.com\/es\/#\/schema\/logo\/image\/\"},\"sameAs\":[\"https:\/\/www.facebook.com\/PressenzaItalia\",\"https:\/\/x.com\/PressenzaIPA\"]},{\"@type\":\"Person\",\"@id\":\"https:\/\/www.pressenza.com\/es\/#\/schema\/person\/eca962d6df6d2610e7fc9f68de7a2b87\",\"name\":\"Pressenza Hong Kong\",\"description\":\"News published by the Pressenza Bureau in Hong Kong\",\"sameAs\":[\"https:\/\/www.facebook.com\/PressenzaEnglish\/\",\"https:\/\/x.com\/PressenzaIPA\"],\"url\":\"https:\/\/www.pressenza.com\/es\/author\/pressenza-hong-kong\/\"}]}<\/script>\n<!-- \/ Yoast SEO plugin. -->","yoast_head_json":{"title":"Situaci\u00f3n y estad\u00edsticas: Palestina 2015","description":"Han pasado 67 a\u00f1os desde la ocupaci\u00f3n del 78% de Palestina en 1948 Han pasado 48 a\u00f1os desde la ocupaci\u00f3n del otro 22% de Palestina (WB y Gaza) que comenz\u00f3","robots":{"index":"index","follow":"follow","max-snippet":"max-snippet:-1","max-image-preview":"max-image-preview:large","max-video-preview":"max-video-preview:-1"},"canonical":"https:\/\/www.pressenza.com\/es\/2015\/06\/situacion-y-estadisticas-palestina-2015\/","og_locale":"es_ES","og_type":"article","og_title":"Situaci\u00f3n y estad\u00edsticas: Palestina 2015","og_description":"Han pasado 67 a\u00f1os desde la ocupaci\u00f3n del 78% de Palestina en 1948 Han pasado 48 a\u00f1os desde la ocupaci\u00f3n del otro 22% de Palestina (WB y Gaza) que comenz\u00f3","og_url":"https:\/\/www.pressenza.com\/es\/2015\/06\/situacion-y-estadisticas-palestina-2015\/","og_site_name":"Pressenza","article_publisher":"https:\/\/www.facebook.com\/PressenzaItalia","article_author":"https:\/\/www.facebook.com\/PressenzaEnglish\/","article_published_time":"2015-06-11T01:41:13+00:00","article_modified_time":"2015-06-11T12:21:39+00:00","og_image":[{"width":529,"height":353,"url":"https:\/\/www.pressenza.com\/wp-content\/uploads\/2015\/06\/ISRAELI_NEW_SETTLEMENTS-Asia-News-pic.jpg","type":"image\/jpeg"}],"author":"Pressenza Hong Kong","twitter_card":"summary_large_image","twitter_creator":"@PressenzaIPA","twitter_site":"@PressenzaIPA","twitter_misc":{"Escrito por":"Pressenza Hong Kong","Tiempo de lectura":"4 minutos"},"schema":{"@context":"https:\/\/schema.org","@graph":[{"@type":"Article","@id":"https:\/\/www.pressenza.com\/es\/2015\/06\/situacion-y-estadisticas-palestina-2015\/#article","isPartOf":{"@id":"https:\/\/www.pressenza.com\/es\/2015\/06\/situacion-y-estadisticas-palestina-2015\/"},"author":{"name":"Pressenza Hong Kong","@id":"https:\/\/www.pressenza.com\/es\/#\/schema\/person\/eca962d6df6d2610e7fc9f68de7a2b87"},"headline":"Situaci\u00f3n y estad\u00edsticas: Palestina 2015","datePublished":"2015-06-11T01:41:13+00:00","dateModified":"2015-06-11T12:21:39+00:00","mainEntityOfPage":{"@id":"https:\/\/www.pressenza.com\/es\/2015\/06\/situacion-y-estadisticas-palestina-2015\/"},"wordCount":844,"publisher":{"@id":"https:\/\/www.pressenza.com\/es\/#organization"},"image":{"@id":"https:\/\/www.pressenza.com\/es\/2015\/06\/situacion-y-estadisticas-palestina-2015\/#primaryimage"},"thumbnailUrl":"https:\/\/www.pressenza.com\/wp-content\/uploads\/2015\/06\/ISRAELI_NEW_SETTLEMENTS-Asia-News-pic.jpg","keywords":["Israel","Palestina"],"articleSection":["Asuntos internacionales","Contenido Original","Medio Oriente"],"inLanguage":"es"},{"@type":"WebPage","@id":"https:\/\/www.pressenza.com\/es\/2015\/06\/situacion-y-estadisticas-palestina-2015\/","url":"https:\/\/www.pressenza.com\/es\/2015\/06\/situacion-y-estadisticas-palestina-2015\/","name":"Situaci\u00f3n y estad\u00edsticas: Palestina 2015","isPartOf":{"@id":"https:\/\/www.pressenza.com\/es\/#website"},"primaryImageOfPage":{"@id":"https:\/\/www.pressenza.com\/es\/2015\/06\/situacion-y-estadisticas-palestina-2015\/#primaryimage"},"image":{"@id":"https:\/\/www.pressenza.com\/es\/2015\/06\/situacion-y-estadisticas-palestina-2015\/#primaryimage"},"thumbnailUrl":"https:\/\/www.pressenza.com\/wp-content\/uploads\/2015\/06\/ISRAELI_NEW_SETTLEMENTS-Asia-News-pic.jpg","datePublished":"2015-06-11T01:41:13+00:00","dateModified":"2015-06-11T12:21:39+00:00","description":"Han pasado 67 a\u00f1os desde la ocupaci\u00f3n del 78% de Palestina en 1948 Han pasado 48 a\u00f1os desde la ocupaci\u00f3n del otro 22% de Palestina (WB y Gaza) que comenz\u00f3","breadcrumb":{"@id":"https:\/\/www.pressenza.com\/es\/2015\/06\/situacion-y-estadisticas-palestina-2015\/#breadcrumb"},"inLanguage":"es","potentialAction":[{"@type":"ReadAction","target":["https:\/\/www.pressenza.com\/es\/2015\/06\/situacion-y-estadisticas-palestina-2015\/"]}]},{"@type":"ImageObject","inLanguage":"es","@id":"https:\/\/www.pressenza.com\/es\/2015\/06\/situacion-y-estadisticas-palestina-2015\/#primaryimage","url":"https:\/\/www.pressenza.com\/wp-content\/uploads\/2015\/06\/ISRAELI_NEW_SETTLEMENTS-Asia-News-pic.jpg","contentUrl":"https:\/\/www.pressenza.com\/wp-content\/uploads\/2015\/06\/ISRAELI_NEW_SETTLEMENTS-Asia-News-pic.jpg","width":529,"height":353},{"@type":"BreadcrumbList","@id":"https:\/\/www.pressenza.com\/es\/2015\/06\/situacion-y-estadisticas-palestina-2015\/#breadcrumb","itemListElement":[{"@type":"ListItem","position":1,"name":"Accueil","item":"https:\/\/www.pressenza.com\/es\/"},{"@type":"ListItem","position":2,"name":"Situaci\u00f3n y estad\u00edsticas: Palestina 2015"}]},{"@type":"WebSite","@id":"https:\/\/www.pressenza.com\/es\/#website","url":"https:\/\/www.pressenza.com\/es\/","name":"Pressenza","description":"International Press Agency","publisher":{"@id":"https:\/\/www.pressenza.com\/es\/#organization"},"potentialAction":[{"@type":"SearchAction","target":{"@type":"EntryPoint","urlTemplate":"https:\/\/www.pressenza.com\/es\/?s={search_term_string}"},"query-input":{"@type":"PropertyValueSpecification","valueRequired":true,"valueName":"search_term_string"}}],"inLanguage":"es"},{"@type":"Organization","@id":"https:\/\/www.pressenza.com\/es\/#organization","name":"Pressenza","url":"https:\/\/www.pressenza.com\/es\/","logo":{"@type":"ImageObject","inLanguage":"es","@id":"https:\/\/www.pressenza.com\/es\/#\/schema\/logo\/image\/","url":"https:\/\/www.pressenza.com\/wp-content\/uploads\/2022\/10\/pressenza_logo_200x200.jpg","contentUrl":"https:\/\/www.pressenza.com\/wp-content\/uploads\/2022\/10\/pressenza_logo_200x200.jpg","width":200,"height":200,"caption":"Pressenza"},"image":{"@id":"https:\/\/www.pressenza.com\/es\/#\/schema\/logo\/image\/"},"sameAs":["https:\/\/www.facebook.com\/PressenzaItalia","https:\/\/x.com\/PressenzaIPA"]},{"@type":"Person","@id":"https:\/\/www.pressenza.com\/es\/#\/schema\/person\/eca962d6df6d2610e7fc9f68de7a2b87","name":"Pressenza Hong Kong","description":"News published by the Pressenza Bureau in Hong Kong","sameAs":["https:\/\/www.facebook.com\/PressenzaEnglish\/","https:\/\/x.com\/PressenzaIPA"],"url":"https:\/\/www.pressenza.com\/es\/author\/pressenza-hong-kong\/"}]}},"place":"","original_article_url":"","_links":{"self":[{"href":"https:\/\/www.pressenza.com\/es\/wp-json\/wp\/v2\/posts\/192119","targetHints":{"allow":["GET"]}}],"collection":[{"href":"https:\/\/www.pressenza.com\/es\/wp-json\/wp\/v2\/posts"}],"about":[{"href":"https:\/\/www.pressenza.com\/es\/wp-json\/wp\/v2\/types\/post"}],"author":[{"embeddable":true,"href":"https:\/\/www.pressenza.com\/es\/wp-json\/wp\/v2\/users\/1015"}],"replies":[{"embeddable":true,"href":"https:\/\/www.pressenza.com\/es\/wp-json\/wp\/v2\/comments?post=192119"}],"version-history":[{"count":0,"href":"https:\/\/www.pressenza.com\/es\/wp-json\/wp\/v2\/posts\/192119\/revisions"}],"wp:featuredmedia":[{"embeddable":true,"href":"https:\/\/www.pressenza.com\/es\/wp-json\/wp\/v2\/media\/190691"}],"wp:attachment":[{"href":"https:\/\/www.pressenza.com\/es\/wp-json\/wp\/v2\/media?parent=192119"}],"wp:term":[{"taxonomy":"category","embeddable":true,"href":"https:\/\/www.pressenza.com\/es\/wp-json\/wp\/v2\/categories?post=192119"},{"taxonomy":"post_tag","embeddable":true,"href":"https:\/\/www.pressenza.com\/es\/wp-json\/wp\/v2\/tags?post=192119"}],"curies":[{"name":"wp","href":"https:\/\/api.w.org\/{rel}","templated":true}]}}