{"id":1902,"date":"2009-10-24T00:00:00","date_gmt":"2009-10-24T00:00:00","guid":{"rendered":""},"modified":"2009-10-25T12:58:42","modified_gmt":"2009-10-25T12:58:42","slug":"perez-esquivelx-xpensabamos-que-las-dictaduras-estaban-superadasx-pero-realmente-no-es-asix","status":"publish","type":"post","link":"https:\/\/www.pressenza.com\/es\/2009\/10\/perez-esquivelx-xpensabamos-que-las-dictaduras-estaban-superadasx-pero-realmente-no-es-asix\/","title":{"rendered":"P\u00e9rez Esquivel: \u00abPens\u00e1bamos que las dictaduras estaban superadas, pero realmente no es as\u00ed\u201d"},"content":{"rendered":"<p>CD: \u00bfLe llam\u00f3 la atenci\u00f3n la decisi\u00f3n de entregar el N\u00f3bel de la Paz a Barack Obama?<\/p>\n<p>PE: Si, realmente s\u00ed. Fue una sorpresa. Yo present\u00e9 a la senadora Piedad C\u00f3rdoba, como candidata al Premio N\u00f3bel de la Paz, por todo su trabajo por la liberaci\u00f3n de los rehenes de las FARC y la situaci\u00f3n de los Derechos Humanos en Colombia. Pero lo de Obama, si, nos llam\u00f3 mucho la  atenci\u00f3n porque Obama es una persona de buena voluntad que lleg\u00f3 al gobierno, pero no al poder de Estados Unidos. Y que tiene serias dificultades de gobernabilidad. As\u00ed que esperemos que la designaci\u00f3n como Premio N\u00f3bel ayude a la gobernabilidad. Ustedes saben que Estados Unidos no ha ratificado ni siquiera la Convenci\u00f3n Internacional de los Derechos de la Infancia. <\/p>\n<p>CD: Existen diferentes conflictos armados que tienen como protagonista directo o indirecto a Estados Unidos, el aumento de presupuesto y el env\u00edo de m\u00e1s soldados a Afganist\u00e1n, por ejemplo. \u00bfUsted cree que Obama va a poder hacer honor a este premio o a las expectativas que se tienen de \u00e9l como un hombre de paz?<\/p>\n<p>PE: Esperemos que le ayuden. No se si va a cumplir o no, pero va a tener que tener gestos claros con respecto a los conflictos, que no los ha provocado \u00e9l, sino que los ha heredado de gobiernos anteriores. El caso de Irak, de Afganist\u00e1n, el caso de la c\u00e1rcel de Guant\u00e1namo, yo estuve 12 d\u00edas en Irak y pude ver los horrores de la guerra. Esperemos que esto lo pueda ayudar en la gobernabilidad. No ser\u00e1 f\u00e1cil pero habr\u00e1 que esperar un tiempo. Para ver cuales van a ser sus comportamientos, porque tambi\u00e9n la instalaci\u00f3n de siete bases militares en Colombia, el golpe en Honduras, no est\u00e1 hablando bien de la pol\u00edtica de Estados Unidos para Am\u00e9rica Latina, como la puesta en marcha de la cuarta flota para controlar el continente. Es muy preocupante.<\/p>\n<p>CD: \u00bfCree que se trata de una nueva escalada guerrerista hacia Am\u00e9rica Latina?<\/p>\n<p>PE: As\u00ed es si, y ah\u00ed est\u00e1 el caso de Colombia que realmente es una situaci\u00f3n muy conflictiva para el resto de todo el continente. <\/p>\n<p>CD: Le comentamos que este programa y la emisora en la que estamos, FM de la Azotea adhieren a la Primera Marcha Mundial por la Paz y la No Violencia, a la que Ud. tambi\u00e9n ha adherido. Sabemos que en el mes de Noviembre se va a realizar un encuentro en Berl\u00edn, de varios Premios Nobel que van a recibir a los marchantes. \u00bfUsted va a estar participando all\u00ed?<\/p>\n<p>PE: No lo s\u00e9 todav\u00eda. No creo porque tengo otros compromisos. De todos modos estoy en contacto con Monserrat Ponsa, que es una de las que est\u00e1 marchando que pertenece a la Fundaci\u00f3n Cultura de Paz, donde est\u00e1 Federico Mayor Zaragoza. Yo tengo una serie de actividades tanto en Am\u00e9rica Latina como en Europa y no se si voy a poder participar. Vamos a ver de que manera podemos aportar a la Marcha. Creo que todav\u00eda hay que darle contenido a esa Marcha. Si hablamos de Paz y No Violencia, hay que darle contenido, sino se va a hacer un gran esfuerzo pero va a quedar en los enunciados.<\/p>\n<p>CD: Tambi\u00e9n es cierto que est\u00e1 teniendo poca difusi\u00f3n, y que los medios no est\u00e1n colaborando. Precisamente hemos escuchado declaraciones suyas a favor de la nueva ley de Medios. \u00bfUsted cree que se termina con una de las herencias de la dictadura?<\/p>\n<p>PE: Si, despu\u00e9s de 25 a\u00f1os hay que superar con la ley de medios de la dictadura militar. Hay una fuerte resistencia, porque l\u00f3gicamente esta ley afecta los intereses monop\u00f3licos, como es el grupo Clar\u00edn, y otros medios que controlan toda la informaci\u00f3n del pa\u00eds. Y este pluralismo creo que va a ser importante y se han abierto espacios para que sectores como los pueblos originarios puedan difundir a trav\u00e9s de medios audiovisuales de comunicaci\u00f3n para difundir su lengua, su cultura, su religiosidad, sus identidades. Creo que el pluralismo informativo es lo que va a fortalecer lo que es la libertad de prensa, que se confunde mucho con la libertad de empresa. Es un avance, ninguna ley es perfecta, y toda ley es perfectible y si hay algunas cosas que se pueden mejorar habr\u00e1 que hacerlo despu\u00e9s en el tiempo.<\/p>\n<p>CD: Acerca del tema Honduras: ha habido algunos encuentros entre la gente de Zelaya con el gobierno de facto y se habla de un regreso de Zelaya al poder. \u00bfUsted lo ve factible?<\/p>\n<p>PE: Hasta ahora no hay nada concreto. Hay mucha dureza y no se puede dar un golpe en Honduras sin el consentimiento de los Estados Unidos. Mas all\u00e1 de la buena o mala voluntad de Obama. Porque realmente el gobierno de Estados Unidos lo maneja el complejo industrial militar y las grandes empresas transnacionales. Ahora permitir que esta dictadura se afirme es una amenaza para todo Latinoam\u00e9rica. Pens\u00e1bamos que las dictaduras estaban superadas, pero realmente no es as\u00ed. Hoy se pueden dar estos \u201cgolpes blandos\u201d, yo tuve la oportunidad de comunicarme con una periodista que est\u00e1 en Honduras, est\u00e1n transmitiendo desde una radio clandestina y lograron conectarse con ALER para poder difundir la grave situaci\u00f3n que est\u00e1 viviendo el pueblo. Hay una depresi\u00f3n brutal, hay muertes, y lamentablemente hay sectores civiles que est\u00e1n apoyando este golpe. No s\u00f3lo la Corte Suprema, sino el cardenal Rodr\u00edguez, Ram\u00f3n Custodio, que pens\u00e1bamos que era una persona en defensa de los derechos humanos, pero en este momento est\u00e1n apoyando esta dictadura sangrienta. As\u00ed que esto es muy peligroso para el continente.<\/p>\n<p>CD: Justamente, lo que uno ve es que el imperialismo se ha reinventado y ahora utiliza gobiernos t\u00edteres que antes si bien los usaba y la presencia era militar, ahora se ha blanqueado, directamente los golpes son con civiles.<\/p>\n<p>PE: Si, creo que hay que estar muy atento a lo que pueda pasar en Paraguay y en otros pa\u00edses. Ustedes recordaran que hubo un golpe en Venezuela, que derrocaron a Hugo Ch\u00e1vez que despu\u00e9s el pueblo lo repone. Despu\u00e9s hubo intentos de golpe contra Evo Morales y la intervenci\u00f3n militar de Colombia contra Ecuador, apoyada por Estados Unidos e Israel. <\/p>\n<p>CD: Finalmente, queremos consultarlo sobre su opini\u00f3n acerca del ritmo que llevan los juicios a represores. \u00bfSe han dinamizado en este \u00faltimo tiempo o se sigue a un paso muy lento?<\/p>\n<p>PE: Hay jueces que tratan de frenar esto, que no se atreven. Y hay otros que vienen avanzando como el juez Rosanski que llev\u00f3 adelante los juicios de Von Wernich o Etchecolatz en La Plata. Ahora se va a abrir el juicio de la ESMA. Hay una demora, si seguimos a este paso al ritmo de manuelita esto va a terminar en el siglo 22. Esto nos preocupa, lo que es la aceleraci\u00f3n de los juicios. Sobre la impunidad es imposible construir una democracia. Entonces por lo menos aquellos que han estado implicados en todo esto. Y creo que las fuerzas de seguridad est\u00e1n pensando las cosas desde otra perspectiva, que l\u00f3gicamente tienen que hacer memoria y tienen que formarse al servicio del pueblo y no como tropas de ocupaci\u00f3n de su propio pueblo. Creo que aqu\u00ed hay algunos cambios. En cuanto a la justicia hay que agilizarla porque hay jueces que est\u00e1n trabando, est\u00e1n dispersando causas, no quieren avanzar en los juicios y habr\u00e1 que ver con el Consejo de la Magistratura, cual es la responsabilidad de varios jueces.<\/p>\n","protected":false},"excerpt":{"rendered":"<p>Adolfo P\u00e9rez Esquivel, Premio N\u00f3bel de la Paz 1980, se mostr\u00f3 sorprendido por el reconocimiento otorgado a Barack Obama con el N\u00f3bel de la Paz 2009. En un di\u00e1logo con el programa radial \u201cComunicaci\u00f3n Directa\u201d, de FM de la Azotea de Mar del Plata (Argentina) tambi\u00e9n habl\u00f3 sobre la Marcha Mundial por la Paz y la No Violencia y el golpe de estado en Honduras, entre otros temas. <\/p>\n","protected":false},"author":19,"featured_media":0,"comment_status":"closed","ping_status":"open","sticky":false,"template":"","format":"standard","meta":{"footnotes":""},"categories":[75,155,67],"tags":[],"class_list":["post-1902","post","type-post","status-publish","format-standard","hentry","category-cultura-es","category-entrevistas","category-sudamerica"],"yoast_head":"<!-- This site is optimized with the Yoast SEO plugin v27.1.1 - https:\/\/yoast.com\/product\/yoast-seo-wordpress\/ -->\n<title>P\u00e9rez Esquivel: &quot;Pens\u00e1bamos que las dictaduras estaban superadas, pero realmente no es as\u00ed\u201d<\/title>\n<meta name=\"description\" content=\"Adolfo P\u00e9rez Esquivel, Premio N\u00f3bel de la Paz 1980, se mostr\u00f3 sorprendido por el reconocimiento otorgado a Barack Obama con el N\u00f3bel de la Paz 2009. En un di\u00e1logo con el programa radial \u201cComunicaci\u00f3n Directa\u201d, de FM de la Azotea de Mar del Plata (Argentina) tambi\u00e9n habl\u00f3 sobre la Marcha Mundial por la Paz y la No Violencia y el golpe de estado en Honduras, entre otros temas.\" \/>\n<meta name=\"robots\" content=\"index, follow, max-snippet:-1, max-image-preview:large, max-video-preview:-1\" \/>\n<link rel=\"canonical\" href=\"https:\/\/www.pressenza.com\/es\/2009\/10\/perez-esquivelx-xpensabamos-que-las-dictaduras-estaban-superadasx-pero-realmente-no-es-asix\/\" \/>\n<meta property=\"og:locale\" content=\"es_ES\" \/>\n<meta property=\"og:type\" content=\"article\" \/>\n<meta property=\"og:title\" content=\"P\u00e9rez Esquivel: &quot;Pens\u00e1bamos que las dictaduras estaban superadas, pero realmente no es as\u00ed\u201d\" \/>\n<meta property=\"og:description\" content=\"Adolfo P\u00e9rez Esquivel, Premio N\u00f3bel de la Paz 1980, se mostr\u00f3 sorprendido por el reconocimiento otorgado a Barack Obama con el N\u00f3bel de la Paz 2009. En un di\u00e1logo con el programa radial \u201cComunicaci\u00f3n Directa\u201d, de FM de la Azotea de Mar del Plata (Argentina) tambi\u00e9n habl\u00f3 sobre la Marcha Mundial por la Paz y la No Violencia y el golpe de estado en Honduras, entre otros temas.\" \/>\n<meta property=\"og:url\" content=\"https:\/\/www.pressenza.com\/es\/2009\/10\/perez-esquivelx-xpensabamos-que-las-dictaduras-estaban-superadasx-pero-realmente-no-es-asix\/\" \/>\n<meta property=\"og:site_name\" content=\"Pressenza\" \/>\n<meta property=\"article:publisher\" content=\"https:\/\/www.facebook.com\/PressenzaItalia\" \/>\n<meta property=\"article:author\" content=\"https:\/\/www.facebook.com\/pressenza\" \/>\n<meta property=\"article:published_time\" content=\"2009-10-24T00:00:00+00:00\" \/>\n<meta property=\"article:modified_time\" content=\"2009-10-25T12:58:42+00:00\" \/>\n<meta name=\"author\" content=\"Pressenza IPA\" \/>\n<meta name=\"twitter:card\" content=\"summary_large_image\" \/>\n<meta name=\"twitter:creator\" content=\"@PressenzaIPA\" \/>\n<meta name=\"twitter:site\" content=\"@PressenzaIPA\" \/>\n<meta name=\"twitter:label1\" content=\"Escrito por\" \/>\n\t<meta name=\"twitter:data1\" content=\"Pressenza IPA\" \/>\n\t<meta name=\"twitter:label2\" content=\"Tiempo de lectura\" \/>\n\t<meta name=\"twitter:data2\" content=\"7 minutos\" \/>\n<script type=\"application\/ld+json\" class=\"yoast-schema-graph\">{\"@context\":\"https:\/\/schema.org\",\"@graph\":[{\"@type\":\"Article\",\"@id\":\"https:\/\/www.pressenza.com\/es\/2009\/10\/perez-esquivelx-xpensabamos-que-las-dictaduras-estaban-superadasx-pero-realmente-no-es-asix\/#article\",\"isPartOf\":{\"@id\":\"https:\/\/www.pressenza.com\/es\/2009\/10\/perez-esquivelx-xpensabamos-que-las-dictaduras-estaban-superadasx-pero-realmente-no-es-asix\/\"},\"author\":{\"name\":\"Pressenza IPA\",\"@id\":\"https:\/\/www.pressenza.com\/es\/#\/schema\/person\/010e5d02bcf40965427a1289a4cc8d75\"},\"headline\":\"P\u00e9rez Esquivel: \u00abPens\u00e1bamos que las dictaduras estaban superadas, pero realmente no es as\u00ed\u201d\",\"datePublished\":\"2009-10-24T00:00:00+00:00\",\"dateModified\":\"2009-10-25T12:58:42+00:00\",\"mainEntityOfPage\":{\"@id\":\"https:\/\/www.pressenza.com\/es\/2009\/10\/perez-esquivelx-xpensabamos-que-las-dictaduras-estaban-superadasx-pero-realmente-no-es-asix\/\"},\"wordCount\":1319,\"publisher\":{\"@id\":\"https:\/\/www.pressenza.com\/es\/#organization\"},\"articleSection\":[\"Cultura y Medios\",\"Entrevistas\",\"Sudam\u00e9rica\"],\"inLanguage\":\"es\"},{\"@type\":\"WebPage\",\"@id\":\"https:\/\/www.pressenza.com\/es\/2009\/10\/perez-esquivelx-xpensabamos-que-las-dictaduras-estaban-superadasx-pero-realmente-no-es-asix\/\",\"url\":\"https:\/\/www.pressenza.com\/es\/2009\/10\/perez-esquivelx-xpensabamos-que-las-dictaduras-estaban-superadasx-pero-realmente-no-es-asix\/\",\"name\":\"P\u00e9rez Esquivel: \\\"Pens\u00e1bamos que las dictaduras estaban superadas, pero realmente no es as\u00ed\u201d\",\"isPartOf\":{\"@id\":\"https:\/\/www.pressenza.com\/es\/#website\"},\"datePublished\":\"2009-10-24T00:00:00+00:00\",\"dateModified\":\"2009-10-25T12:58:42+00:00\",\"description\":\"Adolfo P\u00e9rez Esquivel, Premio N\u00f3bel de la Paz 1980, se mostr\u00f3 sorprendido por el reconocimiento otorgado a Barack Obama con el N\u00f3bel de la Paz 2009. En un di\u00e1logo con el programa radial \u201cComunicaci\u00f3n Directa\u201d, de FM de la Azotea de Mar del Plata (Argentina) tambi\u00e9n habl\u00f3 sobre la Marcha Mundial por la Paz y la No Violencia y el golpe de estado en Honduras, entre otros temas.\",\"breadcrumb\":{\"@id\":\"https:\/\/www.pressenza.com\/es\/2009\/10\/perez-esquivelx-xpensabamos-que-las-dictaduras-estaban-superadasx-pero-realmente-no-es-asix\/#breadcrumb\"},\"inLanguage\":\"es\",\"potentialAction\":[{\"@type\":\"ReadAction\",\"target\":[\"https:\/\/www.pressenza.com\/es\/2009\/10\/perez-esquivelx-xpensabamos-que-las-dictaduras-estaban-superadasx-pero-realmente-no-es-asix\/\"]}]},{\"@type\":\"BreadcrumbList\",\"@id\":\"https:\/\/www.pressenza.com\/es\/2009\/10\/perez-esquivelx-xpensabamos-que-las-dictaduras-estaban-superadasx-pero-realmente-no-es-asix\/#breadcrumb\",\"itemListElement\":[{\"@type\":\"ListItem\",\"position\":1,\"name\":\"Accueil\",\"item\":\"https:\/\/www.pressenza.com\/es\/\"},{\"@type\":\"ListItem\",\"position\":2,\"name\":\"P\u00e9rez Esquivel: \u00abPens\u00e1bamos que las dictaduras estaban superadas, pero realmente no es as\u00ed\u201d\"}]},{\"@type\":\"WebSite\",\"@id\":\"https:\/\/www.pressenza.com\/es\/#website\",\"url\":\"https:\/\/www.pressenza.com\/es\/\",\"name\":\"Pressenza\",\"description\":\"International Press Agency\",\"publisher\":{\"@id\":\"https:\/\/www.pressenza.com\/es\/#organization\"},\"potentialAction\":[{\"@type\":\"SearchAction\",\"target\":{\"@type\":\"EntryPoint\",\"urlTemplate\":\"https:\/\/www.pressenza.com\/es\/?s={search_term_string}\"},\"query-input\":{\"@type\":\"PropertyValueSpecification\",\"valueRequired\":true,\"valueName\":\"search_term_string\"}}],\"inLanguage\":\"es\"},{\"@type\":\"Organization\",\"@id\":\"https:\/\/www.pressenza.com\/es\/#organization\",\"name\":\"Pressenza\",\"url\":\"https:\/\/www.pressenza.com\/es\/\",\"logo\":{\"@type\":\"ImageObject\",\"inLanguage\":\"es\",\"@id\":\"https:\/\/www.pressenza.com\/es\/#\/schema\/logo\/image\/\",\"url\":\"https:\/\/www.pressenza.com\/wp-content\/uploads\/2022\/10\/pressenza_logo_200x200.jpg\",\"contentUrl\":\"https:\/\/www.pressenza.com\/wp-content\/uploads\/2022\/10\/pressenza_logo_200x200.jpg\",\"width\":200,\"height\":200,\"caption\":\"Pressenza\"},\"image\":{\"@id\":\"https:\/\/www.pressenza.com\/es\/#\/schema\/logo\/image\/\"},\"sameAs\":[\"https:\/\/www.facebook.com\/PressenzaItalia\",\"https:\/\/x.com\/PressenzaIPA\"]},{\"@type\":\"Person\",\"@id\":\"https:\/\/www.pressenza.com\/es\/#\/schema\/person\/010e5d02bcf40965427a1289a4cc8d75\",\"name\":\"Pressenza IPA\",\"description\":\"News from Pressenza IPA correspondents\",\"sameAs\":[\"https:\/\/www.facebook.com\/pressenza\",\"https:\/\/x.com\/PressenzaIPA\"],\"url\":\"https:\/\/www.pressenza.com\/es\/author\/pressenza-ipa\/\"}]}<\/script>\n<!-- \/ Yoast SEO plugin. -->","yoast_head_json":{"title":"P\u00e9rez Esquivel: \"Pens\u00e1bamos que las dictaduras estaban superadas, pero realmente no es as\u00ed\u201d","description":"Adolfo P\u00e9rez Esquivel, Premio N\u00f3bel de la Paz 1980, se mostr\u00f3 sorprendido por el reconocimiento otorgado a Barack Obama con el N\u00f3bel de la Paz 2009. En un di\u00e1logo con el programa radial \u201cComunicaci\u00f3n Directa\u201d, de FM de la Azotea de Mar del Plata (Argentina) tambi\u00e9n habl\u00f3 sobre la Marcha Mundial por la Paz y la No Violencia y el golpe de estado en Honduras, entre otros temas.","robots":{"index":"index","follow":"follow","max-snippet":"max-snippet:-1","max-image-preview":"max-image-preview:large","max-video-preview":"max-video-preview:-1"},"canonical":"https:\/\/www.pressenza.com\/es\/2009\/10\/perez-esquivelx-xpensabamos-que-las-dictaduras-estaban-superadasx-pero-realmente-no-es-asix\/","og_locale":"es_ES","og_type":"article","og_title":"P\u00e9rez Esquivel: \"Pens\u00e1bamos que las dictaduras estaban superadas, pero realmente no es as\u00ed\u201d","og_description":"Adolfo P\u00e9rez Esquivel, Premio N\u00f3bel de la Paz 1980, se mostr\u00f3 sorprendido por el reconocimiento otorgado a Barack Obama con el N\u00f3bel de la Paz 2009. En un di\u00e1logo con el programa radial \u201cComunicaci\u00f3n Directa\u201d, de FM de la Azotea de Mar del Plata (Argentina) tambi\u00e9n habl\u00f3 sobre la Marcha Mundial por la Paz y la No Violencia y el golpe de estado en Honduras, entre otros temas.","og_url":"https:\/\/www.pressenza.com\/es\/2009\/10\/perez-esquivelx-xpensabamos-que-las-dictaduras-estaban-superadasx-pero-realmente-no-es-asix\/","og_site_name":"Pressenza","article_publisher":"https:\/\/www.facebook.com\/PressenzaItalia","article_author":"https:\/\/www.facebook.com\/pressenza","article_published_time":"2009-10-24T00:00:00+00:00","article_modified_time":"2009-10-25T12:58:42+00:00","author":"Pressenza IPA","twitter_card":"summary_large_image","twitter_creator":"@PressenzaIPA","twitter_site":"@PressenzaIPA","twitter_misc":{"Escrito por":"Pressenza IPA","Tiempo de lectura":"7 minutos"},"schema":{"@context":"https:\/\/schema.org","@graph":[{"@type":"Article","@id":"https:\/\/www.pressenza.com\/es\/2009\/10\/perez-esquivelx-xpensabamos-que-las-dictaduras-estaban-superadasx-pero-realmente-no-es-asix\/#article","isPartOf":{"@id":"https:\/\/www.pressenza.com\/es\/2009\/10\/perez-esquivelx-xpensabamos-que-las-dictaduras-estaban-superadasx-pero-realmente-no-es-asix\/"},"author":{"name":"Pressenza IPA","@id":"https:\/\/www.pressenza.com\/es\/#\/schema\/person\/010e5d02bcf40965427a1289a4cc8d75"},"headline":"P\u00e9rez Esquivel: \u00abPens\u00e1bamos que las dictaduras estaban superadas, pero realmente no es as\u00ed\u201d","datePublished":"2009-10-24T00:00:00+00:00","dateModified":"2009-10-25T12:58:42+00:00","mainEntityOfPage":{"@id":"https:\/\/www.pressenza.com\/es\/2009\/10\/perez-esquivelx-xpensabamos-que-las-dictaduras-estaban-superadasx-pero-realmente-no-es-asix\/"},"wordCount":1319,"publisher":{"@id":"https:\/\/www.pressenza.com\/es\/#organization"},"articleSection":["Cultura y Medios","Entrevistas","Sudam\u00e9rica"],"inLanguage":"es"},{"@type":"WebPage","@id":"https:\/\/www.pressenza.com\/es\/2009\/10\/perez-esquivelx-xpensabamos-que-las-dictaduras-estaban-superadasx-pero-realmente-no-es-asix\/","url":"https:\/\/www.pressenza.com\/es\/2009\/10\/perez-esquivelx-xpensabamos-que-las-dictaduras-estaban-superadasx-pero-realmente-no-es-asix\/","name":"P\u00e9rez Esquivel: \"Pens\u00e1bamos que las dictaduras estaban superadas, pero realmente no es as\u00ed\u201d","isPartOf":{"@id":"https:\/\/www.pressenza.com\/es\/#website"},"datePublished":"2009-10-24T00:00:00+00:00","dateModified":"2009-10-25T12:58:42+00:00","description":"Adolfo P\u00e9rez Esquivel, Premio N\u00f3bel de la Paz 1980, se mostr\u00f3 sorprendido por el reconocimiento otorgado a Barack Obama con el N\u00f3bel de la Paz 2009. En un di\u00e1logo con el programa radial \u201cComunicaci\u00f3n Directa\u201d, de FM de la Azotea de Mar del Plata (Argentina) tambi\u00e9n habl\u00f3 sobre la Marcha Mundial por la Paz y la No Violencia y el golpe de estado en Honduras, entre otros temas.","breadcrumb":{"@id":"https:\/\/www.pressenza.com\/es\/2009\/10\/perez-esquivelx-xpensabamos-que-las-dictaduras-estaban-superadasx-pero-realmente-no-es-asix\/#breadcrumb"},"inLanguage":"es","potentialAction":[{"@type":"ReadAction","target":["https:\/\/www.pressenza.com\/es\/2009\/10\/perez-esquivelx-xpensabamos-que-las-dictaduras-estaban-superadasx-pero-realmente-no-es-asix\/"]}]},{"@type":"BreadcrumbList","@id":"https:\/\/www.pressenza.com\/es\/2009\/10\/perez-esquivelx-xpensabamos-que-las-dictaduras-estaban-superadasx-pero-realmente-no-es-asix\/#breadcrumb","itemListElement":[{"@type":"ListItem","position":1,"name":"Accueil","item":"https:\/\/www.pressenza.com\/es\/"},{"@type":"ListItem","position":2,"name":"P\u00e9rez Esquivel: \u00abPens\u00e1bamos que las dictaduras estaban superadas, pero realmente no es as\u00ed\u201d"}]},{"@type":"WebSite","@id":"https:\/\/www.pressenza.com\/es\/#website","url":"https:\/\/www.pressenza.com\/es\/","name":"Pressenza","description":"International Press Agency","publisher":{"@id":"https:\/\/www.pressenza.com\/es\/#organization"},"potentialAction":[{"@type":"SearchAction","target":{"@type":"EntryPoint","urlTemplate":"https:\/\/www.pressenza.com\/es\/?s={search_term_string}"},"query-input":{"@type":"PropertyValueSpecification","valueRequired":true,"valueName":"search_term_string"}}],"inLanguage":"es"},{"@type":"Organization","@id":"https:\/\/www.pressenza.com\/es\/#organization","name":"Pressenza","url":"https:\/\/www.pressenza.com\/es\/","logo":{"@type":"ImageObject","inLanguage":"es","@id":"https:\/\/www.pressenza.com\/es\/#\/schema\/logo\/image\/","url":"https:\/\/www.pressenza.com\/wp-content\/uploads\/2022\/10\/pressenza_logo_200x200.jpg","contentUrl":"https:\/\/www.pressenza.com\/wp-content\/uploads\/2022\/10\/pressenza_logo_200x200.jpg","width":200,"height":200,"caption":"Pressenza"},"image":{"@id":"https:\/\/www.pressenza.com\/es\/#\/schema\/logo\/image\/"},"sameAs":["https:\/\/www.facebook.com\/PressenzaItalia","https:\/\/x.com\/PressenzaIPA"]},{"@type":"Person","@id":"https:\/\/www.pressenza.com\/es\/#\/schema\/person\/010e5d02bcf40965427a1289a4cc8d75","name":"Pressenza IPA","description":"News from Pressenza IPA correspondents","sameAs":["https:\/\/www.facebook.com\/pressenza","https:\/\/x.com\/PressenzaIPA"],"url":"https:\/\/www.pressenza.com\/es\/author\/pressenza-ipa\/"}]}},"place":"Mar de Plata","original_article_url":"","_links":{"self":[{"href":"https:\/\/www.pressenza.com\/es\/wp-json\/wp\/v2\/posts\/1902","targetHints":{"allow":["GET"]}}],"collection":[{"href":"https:\/\/www.pressenza.com\/es\/wp-json\/wp\/v2\/posts"}],"about":[{"href":"https:\/\/www.pressenza.com\/es\/wp-json\/wp\/v2\/types\/post"}],"author":[{"embeddable":true,"href":"https:\/\/www.pressenza.com\/es\/wp-json\/wp\/v2\/users\/19"}],"replies":[{"embeddable":true,"href":"https:\/\/www.pressenza.com\/es\/wp-json\/wp\/v2\/comments?post=1902"}],"version-history":[{"count":0,"href":"https:\/\/www.pressenza.com\/es\/wp-json\/wp\/v2\/posts\/1902\/revisions"}],"wp:attachment":[{"href":"https:\/\/www.pressenza.com\/es\/wp-json\/wp\/v2\/media?parent=1902"}],"wp:term":[{"taxonomy":"category","embeddable":true,"href":"https:\/\/www.pressenza.com\/es\/wp-json\/wp\/v2\/categories?post=1902"},{"taxonomy":"post_tag","embeddable":true,"href":"https:\/\/www.pressenza.com\/es\/wp-json\/wp\/v2\/tags?post=1902"}],"curies":[{"name":"wp","href":"https:\/\/api.w.org\/{rel}","templated":true}]}}