{"id":1900,"date":"2009-10-24T00:00:00","date_gmt":"2009-10-24T00:00:00","guid":{"rendered":""},"modified":"2009-10-24T19:54:41","modified_gmt":"2009-10-24T19:54:41","slug":"argentinax-el-municipio-de-moreno-se-alza-a-favor-de-la-no-violencia","status":"publish","type":"post","link":"https:\/\/www.pressenza.com\/es\/2009\/10\/argentinax-el-municipio-de-moreno-se-alza-a-favor-de-la-no-violencia\/","title":{"rendered":"Argentina: el municipio de Moreno se alza a favor de la no-violencia"},"content":{"rendered":"<p>El Intendente de la ciudad de Moreno, Andr\u00e9s Arregui, respald\u00f3 la iniciativa de la organizaci\u00f3n Mundo Sin Guerras, que apunta a concientizar masivamente sobre la urgencia del desarme nuclear, el fin de las guerras y de la violencia. \u201cCreemos firmemente en el esfuerzo que se viene realizando desde distintas instituciones y organizaciones de todo el mundo para que, despu\u00e9s del 2 de enero, que es la fecha final de esta Marcha Mundial por la Paz y la No-violencia, nos encuentre a todos los que tenemos responsabilidades pol\u00edticas, a todos los que estamos comprometidos en encontrar soluciones reales y concretas a la inmensidad de dificultades y problemas que tiene nuestra sociedad\u201d, se\u00f1al\u00f3.<\/p>\n<p>Los intendentes de los municipios argentinos de General Alvear, Rivadavia y Las Heras (Mendoza), Mar de Plata (Buenos Aires), Castelli (Chaco), adem\u00e1s de los gobernadores de Mendoza, Santa Fe, Chaco, San Luis, entre otros, tambi\u00e9n ya sumaron su aval a la iniciativa. Ahora se sum\u00f3 Moreno, que es un municipio ubicado 24 Km. al oeste de la ciudad de Buenos Aires. Re\u00fane a m\u00e1s de 435 mil habitantes y se prepara para celebrar la llegada del equipo base de la Marcha Mundial a la Argentina con un Festival en la plaza central. En uno de sus barrios, La Reja, se ubica un Parque de Estudio y Reflexi\u00f3n del Movimiento Humanista y del Mensaje de Silo. All\u00ed, el intendente grab\u00f3 un video manifestando su adhesi\u00f3n a esta iniciativa mundial.<\/p>\n<p>\u201cLa \u00fanica forma de avanzar es comprometi\u00e9ndonos m\u00e1s y m\u00e1s, para encontrarnos finalmente en el Ser, en la espiritualidad, encontrar un hermano al que tenemos al lado, encontrar en la persona, el lugar donde crecer y fortalecernos\u201d, recalc\u00f3 Arregui. \u201cEl apoyo del municipio de Moreno y de la comunidad para esta Marcha, para que el 27 de diciembre nos encuentre en esta localidad y el 2 de enero nos encuentre en Punta de Vacas, en Mendoza, para poder festejar y prepararnos para trabajar muy fuerte en la lucha contra la violencia y por la paz en todo el mundo\u201d.<\/p>\n<p>Video de la adhesi\u00f3n en: http:\/\/www.youtube.com\/watch?v=MKp60z4w3lE<\/p>\n","protected":false},"excerpt":{"rendered":"<p>Con el Intendente de Moreno ya suman m\u00e1s de una decena de municipios en Argentina que avalan la Marcha Mundial por la Paz y la No-Violencia. El intendente Arregui llam\u00f3 a trabajar \u201cmuy fuerte en la lucha contra la violencia y por la paz en todo el mundo\u201d, en su mensaje de adhesi\u00f3n a esa iniciativa que dio en el Parque de Estudio y Reflexi\u00f3n La Reja, en Moreno, Buenos Aires.<\/p>\n","protected":false},"author":19,"featured_media":0,"comment_status":"closed","ping_status":"open","sticky":false,"template":"","format":"standard","meta":{"footnotes":""},"categories":[74,67],"tags":[],"class_list":["post-1900","post","type-post","status-publish","format-standard","hentry","category-politica-es","category-sudamerica"],"yoast_head":"<!-- This site is optimized with the Yoast SEO plugin v27.1.1 - https:\/\/yoast.com\/product\/yoast-seo-wordpress\/ -->\n<title>Argentina: el municipio de Moreno se alza a favor de la no-violencia<\/title>\n<meta name=\"description\" content=\"Con el Intendente de Moreno ya suman m\u00e1s de una decena de municipios en Argentina que avalan la Marcha Mundial por la Paz y la No-Violencia. El intendente Arregui llam\u00f3 a trabajar \u201cmuy fuerte en la lucha contra la violencia y por la paz en todo el mundo\u201d, en su mensaje de adhesi\u00f3n a esa iniciativa que dio en el Parque de Estudio y Reflexi\u00f3n La Reja, en Moreno, Buenos Aires.\" \/>\n<meta name=\"robots\" content=\"index, follow, max-snippet:-1, max-image-preview:large, max-video-preview:-1\" \/>\n<link rel=\"canonical\" href=\"https:\/\/www.pressenza.com\/es\/2009\/10\/argentinax-el-municipio-de-moreno-se-alza-a-favor-de-la-no-violencia\/\" \/>\n<meta property=\"og:locale\" content=\"es_ES\" \/>\n<meta property=\"og:type\" content=\"article\" \/>\n<meta property=\"og:title\" content=\"Argentina: el municipio de Moreno se alza a favor de la no-violencia\" \/>\n<meta property=\"og:description\" content=\"Con el Intendente de Moreno ya suman m\u00e1s de una decena de municipios en Argentina que avalan la Marcha Mundial por la Paz y la No-Violencia. El intendente Arregui llam\u00f3 a trabajar \u201cmuy fuerte en la lucha contra la violencia y por la paz en todo el mundo\u201d, en su mensaje de adhesi\u00f3n a esa iniciativa que dio en el Parque de Estudio y Reflexi\u00f3n La Reja, en Moreno, Buenos Aires.\" \/>\n<meta property=\"og:url\" content=\"https:\/\/www.pressenza.com\/es\/2009\/10\/argentinax-el-municipio-de-moreno-se-alza-a-favor-de-la-no-violencia\/\" \/>\n<meta property=\"og:site_name\" content=\"Pressenza\" \/>\n<meta property=\"article:publisher\" content=\"https:\/\/www.facebook.com\/PressenzaItalia\" \/>\n<meta property=\"article:author\" content=\"https:\/\/www.facebook.com\/pressenza\" \/>\n<meta property=\"article:published_time\" content=\"2009-10-24T00:00:00+00:00\" \/>\n<meta property=\"article:modified_time\" content=\"2009-10-24T19:54:41+00:00\" \/>\n<meta name=\"author\" content=\"Pressenza IPA\" \/>\n<meta name=\"twitter:card\" content=\"summary_large_image\" \/>\n<meta name=\"twitter:creator\" content=\"@PressenzaIPA\" \/>\n<meta name=\"twitter:site\" content=\"@PressenzaIPA\" \/>\n<meta name=\"twitter:label1\" content=\"Escrito por\" \/>\n\t<meta name=\"twitter:data1\" content=\"Pressenza IPA\" \/>\n\t<meta name=\"twitter:label2\" content=\"Tiempo de lectura\" \/>\n\t<meta name=\"twitter:data2\" content=\"2 minutos\" \/>\n<script type=\"application\/ld+json\" class=\"yoast-schema-graph\">{\"@context\":\"https:\/\/schema.org\",\"@graph\":[{\"@type\":\"Article\",\"@id\":\"https:\/\/www.pressenza.com\/es\/2009\/10\/argentinax-el-municipio-de-moreno-se-alza-a-favor-de-la-no-violencia\/#article\",\"isPartOf\":{\"@id\":\"https:\/\/www.pressenza.com\/es\/2009\/10\/argentinax-el-municipio-de-moreno-se-alza-a-favor-de-la-no-violencia\/\"},\"author\":{\"name\":\"Pressenza IPA\",\"@id\":\"https:\/\/www.pressenza.com\/es\/#\/schema\/person\/010e5d02bcf40965427a1289a4cc8d75\"},\"headline\":\"Argentina: el municipio de Moreno se alza a favor de la no-violencia\",\"datePublished\":\"2009-10-24T00:00:00+00:00\",\"dateModified\":\"2009-10-24T19:54:41+00:00\",\"mainEntityOfPage\":{\"@id\":\"https:\/\/www.pressenza.com\/es\/2009\/10\/argentinax-el-municipio-de-moreno-se-alza-a-favor-de-la-no-violencia\/\"},\"wordCount\":375,\"publisher\":{\"@id\":\"https:\/\/www.pressenza.com\/es\/#organization\"},\"articleSection\":[\"Pol\u00edtica\",\"Sudam\u00e9rica\"],\"inLanguage\":\"es\"},{\"@type\":\"WebPage\",\"@id\":\"https:\/\/www.pressenza.com\/es\/2009\/10\/argentinax-el-municipio-de-moreno-se-alza-a-favor-de-la-no-violencia\/\",\"url\":\"https:\/\/www.pressenza.com\/es\/2009\/10\/argentinax-el-municipio-de-moreno-se-alza-a-favor-de-la-no-violencia\/\",\"name\":\"Argentina: el municipio de Moreno se alza a favor de la no-violencia\",\"isPartOf\":{\"@id\":\"https:\/\/www.pressenza.com\/es\/#website\"},\"datePublished\":\"2009-10-24T00:00:00+00:00\",\"dateModified\":\"2009-10-24T19:54:41+00:00\",\"description\":\"Con el Intendente de Moreno ya suman m\u00e1s de una decena de municipios en Argentina que avalan la Marcha Mundial por la Paz y la No-Violencia. El intendente Arregui llam\u00f3 a trabajar \u201cmuy fuerte en la lucha contra la violencia y por la paz en todo el mundo\u201d, en su mensaje de adhesi\u00f3n a esa iniciativa que dio en el Parque de Estudio y Reflexi\u00f3n La Reja, en Moreno, Buenos Aires.\",\"breadcrumb\":{\"@id\":\"https:\/\/www.pressenza.com\/es\/2009\/10\/argentinax-el-municipio-de-moreno-se-alza-a-favor-de-la-no-violencia\/#breadcrumb\"},\"inLanguage\":\"es\",\"potentialAction\":[{\"@type\":\"ReadAction\",\"target\":[\"https:\/\/www.pressenza.com\/es\/2009\/10\/argentinax-el-municipio-de-moreno-se-alza-a-favor-de-la-no-violencia\/\"]}]},{\"@type\":\"BreadcrumbList\",\"@id\":\"https:\/\/www.pressenza.com\/es\/2009\/10\/argentinax-el-municipio-de-moreno-se-alza-a-favor-de-la-no-violencia\/#breadcrumb\",\"itemListElement\":[{\"@type\":\"ListItem\",\"position\":1,\"name\":\"Accueil\",\"item\":\"https:\/\/www.pressenza.com\/es\/\"},{\"@type\":\"ListItem\",\"position\":2,\"name\":\"Argentina: el municipio de Moreno se alza a favor de la no-violencia\"}]},{\"@type\":\"WebSite\",\"@id\":\"https:\/\/www.pressenza.com\/es\/#website\",\"url\":\"https:\/\/www.pressenza.com\/es\/\",\"name\":\"Pressenza\",\"description\":\"International Press Agency\",\"publisher\":{\"@id\":\"https:\/\/www.pressenza.com\/es\/#organization\"},\"potentialAction\":[{\"@type\":\"SearchAction\",\"target\":{\"@type\":\"EntryPoint\",\"urlTemplate\":\"https:\/\/www.pressenza.com\/es\/?s={search_term_string}\"},\"query-input\":{\"@type\":\"PropertyValueSpecification\",\"valueRequired\":true,\"valueName\":\"search_term_string\"}}],\"inLanguage\":\"es\"},{\"@type\":\"Organization\",\"@id\":\"https:\/\/www.pressenza.com\/es\/#organization\",\"name\":\"Pressenza\",\"url\":\"https:\/\/www.pressenza.com\/es\/\",\"logo\":{\"@type\":\"ImageObject\",\"inLanguage\":\"es\",\"@id\":\"https:\/\/www.pressenza.com\/es\/#\/schema\/logo\/image\/\",\"url\":\"https:\/\/www.pressenza.com\/wp-content\/uploads\/2022\/10\/pressenza_logo_200x200.jpg\",\"contentUrl\":\"https:\/\/www.pressenza.com\/wp-content\/uploads\/2022\/10\/pressenza_logo_200x200.jpg\",\"width\":200,\"height\":200,\"caption\":\"Pressenza\"},\"image\":{\"@id\":\"https:\/\/www.pressenza.com\/es\/#\/schema\/logo\/image\/\"},\"sameAs\":[\"https:\/\/www.facebook.com\/PressenzaItalia\",\"https:\/\/x.com\/PressenzaIPA\"]},{\"@type\":\"Person\",\"@id\":\"https:\/\/www.pressenza.com\/es\/#\/schema\/person\/010e5d02bcf40965427a1289a4cc8d75\",\"name\":\"Pressenza IPA\",\"description\":\"News from Pressenza IPA correspondents\",\"sameAs\":[\"https:\/\/www.facebook.com\/pressenza\",\"https:\/\/x.com\/PressenzaIPA\"],\"url\":\"https:\/\/www.pressenza.com\/es\/author\/pressenza-ipa\/\"}]}<\/script>\n<!-- \/ Yoast SEO plugin. -->","yoast_head_json":{"title":"Argentina: el municipio de Moreno se alza a favor de la no-violencia","description":"Con el Intendente de Moreno ya suman m\u00e1s de una decena de municipios en Argentina que avalan la Marcha Mundial por la Paz y la No-Violencia. El intendente Arregui llam\u00f3 a trabajar \u201cmuy fuerte en la lucha contra la violencia y por la paz en todo el mundo\u201d, en su mensaje de adhesi\u00f3n a esa iniciativa que dio en el Parque de Estudio y Reflexi\u00f3n La Reja, en Moreno, Buenos Aires.","robots":{"index":"index","follow":"follow","max-snippet":"max-snippet:-1","max-image-preview":"max-image-preview:large","max-video-preview":"max-video-preview:-1"},"canonical":"https:\/\/www.pressenza.com\/es\/2009\/10\/argentinax-el-municipio-de-moreno-se-alza-a-favor-de-la-no-violencia\/","og_locale":"es_ES","og_type":"article","og_title":"Argentina: el municipio de Moreno se alza a favor de la no-violencia","og_description":"Con el Intendente de Moreno ya suman m\u00e1s de una decena de municipios en Argentina que avalan la Marcha Mundial por la Paz y la No-Violencia. El intendente Arregui llam\u00f3 a trabajar \u201cmuy fuerte en la lucha contra la violencia y por la paz en todo el mundo\u201d, en su mensaje de adhesi\u00f3n a esa iniciativa que dio en el Parque de Estudio y Reflexi\u00f3n La Reja, en Moreno, Buenos Aires.","og_url":"https:\/\/www.pressenza.com\/es\/2009\/10\/argentinax-el-municipio-de-moreno-se-alza-a-favor-de-la-no-violencia\/","og_site_name":"Pressenza","article_publisher":"https:\/\/www.facebook.com\/PressenzaItalia","article_author":"https:\/\/www.facebook.com\/pressenza","article_published_time":"2009-10-24T00:00:00+00:00","article_modified_time":"2009-10-24T19:54:41+00:00","author":"Pressenza IPA","twitter_card":"summary_large_image","twitter_creator":"@PressenzaIPA","twitter_site":"@PressenzaIPA","twitter_misc":{"Escrito por":"Pressenza IPA","Tiempo de lectura":"2 minutos"},"schema":{"@context":"https:\/\/schema.org","@graph":[{"@type":"Article","@id":"https:\/\/www.pressenza.com\/es\/2009\/10\/argentinax-el-municipio-de-moreno-se-alza-a-favor-de-la-no-violencia\/#article","isPartOf":{"@id":"https:\/\/www.pressenza.com\/es\/2009\/10\/argentinax-el-municipio-de-moreno-se-alza-a-favor-de-la-no-violencia\/"},"author":{"name":"Pressenza IPA","@id":"https:\/\/www.pressenza.com\/es\/#\/schema\/person\/010e5d02bcf40965427a1289a4cc8d75"},"headline":"Argentina: el municipio de Moreno se alza a favor de la no-violencia","datePublished":"2009-10-24T00:00:00+00:00","dateModified":"2009-10-24T19:54:41+00:00","mainEntityOfPage":{"@id":"https:\/\/www.pressenza.com\/es\/2009\/10\/argentinax-el-municipio-de-moreno-se-alza-a-favor-de-la-no-violencia\/"},"wordCount":375,"publisher":{"@id":"https:\/\/www.pressenza.com\/es\/#organization"},"articleSection":["Pol\u00edtica","Sudam\u00e9rica"],"inLanguage":"es"},{"@type":"WebPage","@id":"https:\/\/www.pressenza.com\/es\/2009\/10\/argentinax-el-municipio-de-moreno-se-alza-a-favor-de-la-no-violencia\/","url":"https:\/\/www.pressenza.com\/es\/2009\/10\/argentinax-el-municipio-de-moreno-se-alza-a-favor-de-la-no-violencia\/","name":"Argentina: el municipio de Moreno se alza a favor de la no-violencia","isPartOf":{"@id":"https:\/\/www.pressenza.com\/es\/#website"},"datePublished":"2009-10-24T00:00:00+00:00","dateModified":"2009-10-24T19:54:41+00:00","description":"Con el Intendente de Moreno ya suman m\u00e1s de una decena de municipios en Argentina que avalan la Marcha Mundial por la Paz y la No-Violencia. El intendente Arregui llam\u00f3 a trabajar \u201cmuy fuerte en la lucha contra la violencia y por la paz en todo el mundo\u201d, en su mensaje de adhesi\u00f3n a esa iniciativa que dio en el Parque de Estudio y Reflexi\u00f3n La Reja, en Moreno, Buenos Aires.","breadcrumb":{"@id":"https:\/\/www.pressenza.com\/es\/2009\/10\/argentinax-el-municipio-de-moreno-se-alza-a-favor-de-la-no-violencia\/#breadcrumb"},"inLanguage":"es","potentialAction":[{"@type":"ReadAction","target":["https:\/\/www.pressenza.com\/es\/2009\/10\/argentinax-el-municipio-de-moreno-se-alza-a-favor-de-la-no-violencia\/"]}]},{"@type":"BreadcrumbList","@id":"https:\/\/www.pressenza.com\/es\/2009\/10\/argentinax-el-municipio-de-moreno-se-alza-a-favor-de-la-no-violencia\/#breadcrumb","itemListElement":[{"@type":"ListItem","position":1,"name":"Accueil","item":"https:\/\/www.pressenza.com\/es\/"},{"@type":"ListItem","position":2,"name":"Argentina: el municipio de Moreno se alza a favor de la no-violencia"}]},{"@type":"WebSite","@id":"https:\/\/www.pressenza.com\/es\/#website","url":"https:\/\/www.pressenza.com\/es\/","name":"Pressenza","description":"International Press Agency","publisher":{"@id":"https:\/\/www.pressenza.com\/es\/#organization"},"potentialAction":[{"@type":"SearchAction","target":{"@type":"EntryPoint","urlTemplate":"https:\/\/www.pressenza.com\/es\/?s={search_term_string}"},"query-input":{"@type":"PropertyValueSpecification","valueRequired":true,"valueName":"search_term_string"}}],"inLanguage":"es"},{"@type":"Organization","@id":"https:\/\/www.pressenza.com\/es\/#organization","name":"Pressenza","url":"https:\/\/www.pressenza.com\/es\/","logo":{"@type":"ImageObject","inLanguage":"es","@id":"https:\/\/www.pressenza.com\/es\/#\/schema\/logo\/image\/","url":"https:\/\/www.pressenza.com\/wp-content\/uploads\/2022\/10\/pressenza_logo_200x200.jpg","contentUrl":"https:\/\/www.pressenza.com\/wp-content\/uploads\/2022\/10\/pressenza_logo_200x200.jpg","width":200,"height":200,"caption":"Pressenza"},"image":{"@id":"https:\/\/www.pressenza.com\/es\/#\/schema\/logo\/image\/"},"sameAs":["https:\/\/www.facebook.com\/PressenzaItalia","https:\/\/x.com\/PressenzaIPA"]},{"@type":"Person","@id":"https:\/\/www.pressenza.com\/es\/#\/schema\/person\/010e5d02bcf40965427a1289a4cc8d75","name":"Pressenza IPA","description":"News from Pressenza IPA correspondents","sameAs":["https:\/\/www.facebook.com\/pressenza","https:\/\/x.com\/PressenzaIPA"],"url":"https:\/\/www.pressenza.com\/es\/author\/pressenza-ipa\/"}]}},"place":"Moreno","original_article_url":"","_links":{"self":[{"href":"https:\/\/www.pressenza.com\/es\/wp-json\/wp\/v2\/posts\/1900","targetHints":{"allow":["GET"]}}],"collection":[{"href":"https:\/\/www.pressenza.com\/es\/wp-json\/wp\/v2\/posts"}],"about":[{"href":"https:\/\/www.pressenza.com\/es\/wp-json\/wp\/v2\/types\/post"}],"author":[{"embeddable":true,"href":"https:\/\/www.pressenza.com\/es\/wp-json\/wp\/v2\/users\/19"}],"replies":[{"embeddable":true,"href":"https:\/\/www.pressenza.com\/es\/wp-json\/wp\/v2\/comments?post=1900"}],"version-history":[{"count":0,"href":"https:\/\/www.pressenza.com\/es\/wp-json\/wp\/v2\/posts\/1900\/revisions"}],"wp:attachment":[{"href":"https:\/\/www.pressenza.com\/es\/wp-json\/wp\/v2\/media?parent=1900"}],"wp:term":[{"taxonomy":"category","embeddable":true,"href":"https:\/\/www.pressenza.com\/es\/wp-json\/wp\/v2\/categories?post=1900"},{"taxonomy":"post_tag","embeddable":true,"href":"https:\/\/www.pressenza.com\/es\/wp-json\/wp\/v2\/tags?post=1900"}],"curies":[{"name":"wp","href":"https:\/\/api.w.org\/{rel}","templated":true}]}}