{"id":1897,"date":"2009-10-27T00:00:00","date_gmt":"2009-10-27T00:00:00","guid":{"rendered":""},"modified":"2009-10-28T08:43:41","modified_gmt":"2009-10-28T08:43:41","slug":"astillero-devonportx-no-al-vertedero-nuclearx-no-a-residuos-nucleares","status":"publish","type":"post","link":"https:\/\/www.pressenza.com\/es\/2009\/10\/astillero-devonportx-no-al-vertedero-nuclearx-no-a-residuos-nucleares\/","title":{"rendered":"Astillero Devonport: No al vertedero nuclear, No a residuos nucleares"},"content":{"rendered":"<p>*\u00bbHemos expuesto los peligros y costes de almacenar residuos nucleares en una ciudad de 250.000 personas. Al final los pol\u00edticos locales est\u00e1n despertando, pero no es suficiente. La gente de Plymouth necesita garant\u00edas de que no habr\u00e1 un complejo de residuos nucleares.\u00bb*<\/p>\n<p>Defensores locales de CND (Campa\u00f1a por el Desarme Nuclear) y ecologistas han estado en contra de los peligros de un astillero nuclear durante a\u00f1os.<\/p>\n<p>Tony Staunton, Secretario del Consejo del Sindicato de Plymouth cree que el astillero tiene demasiado poder sobre los pol\u00edticos locales:<br \/>\n*\u00bbCon nuestra escuela de primaria m\u00e1s cercana a tan s\u00f3lo 400 metros de la contaminaci\u00f3n radioactiva, hay una indignaci\u00f3n local en Plymouth por llegar a convertirse en el centro nacional de residuos nucleares de submarinos en desuso. Esto incluye metales extremadamente t\u00f3xicos y equipamiento, no \u00fanicamente los llamados residuos de bajo nivel. Los propietarios privados, Babcock Marine, esperan obtener millones en beneficios contaminando nuestra ciudad para los pr\u00f3ximos cientos de a\u00f1os. \u00a1Es un esc\u00e1ndalo!\u00bb*<\/p>\n<p>El Ministerio de Defensa ha organizado una reuni\u00f3n de emergencia para el viernes 23 de Octubre, en un intento de tranquilizar a los pol\u00edticos locales y a la C\u00e1mara de Comercio quienes est\u00e1n preocupados de que el vertedero nuclear impida la regeneraci\u00f3n de Plymouth como ciudad mar\u00edtima y comercial.<\/p>\n<p>Los defensores est\u00e1n preocupados porque las reuniones se est\u00e1n llevando a cabo sin ellos, o cualquier escrutinio p\u00fablico. Los defensores creen que el Ministerio de Defensa est\u00e1 buscando desviar la atenci\u00f3n de las manifestaciones previstas para el 31 de Octubre, dando instrucciones a los l\u00edderes locales en secreto.<\/p>\n<p>*\u00bbHa habido una cultura del secreto y m\u00ednima consulta en Plymouth, y el p\u00fablico ha sido mantenido en la oscuridad. Queremos ver total transparencia a partir de ahora en cualquier decisi\u00f3n que se haga, y una consulta popular sobre los planes para el almacenamiento de residuos nucleares en medio de una poblaci\u00f3n tan grande,\u00bb* explic\u00f3 Kate Hudson.<\/p>\n<p>La CND conmin\u00f3 hoy al Ministerio de Defensa a asegurar la total participaci\u00f3n de grupos de defensa locales y ecologistas en cualquier discusi\u00f3n sobre el futuro de la base nuclear.<br \/>\n*\u00bbMillones de libras del dinero de los contribuyentes han permitido que el Astillero tenga unas instalaciones con ingenier\u00eda de \u00faltima generaci\u00f3n,\u00bb* explic\u00f3 Tony Staunton. *\u00bbEsta planta debe ser convertida en un centro para la producci\u00f3n de aerogeneradores y energ\u00eda mareomotriz para combatir el cambio clim\u00e1tico, no contaminando las playas del este de Cornwall, todo el parquet nacional Dartmoor y a la d\u00e9cima ciudad m\u00e1s grande de Inglaterra con su radiaci\u00f3n.\u00bb*<\/p>\n<p>Traducci\u00f3n: Francisco Mart\u00edn Jurado<\/p>\n","protected":false},"excerpt":{"rendered":"<p>La CND recibe con agrado la decisi\u00f3n de pol\u00edticos de Plymouth de oponerse a una planta de residuos nucleares. Como preparaci\u00f3n para la marcha en  demostraci\u00f3n de protesta el s\u00e1bado 31 de Octubre, Kate Hudson, Presidenta de la CND, acogi\u00f3 bien la decisi\u00f3n del l\u00edder del ayuntamiento de Plymouth de cuestionar el vertedero nuclear en el astillero Devonport de Plymouth<\/p>\n","protected":false},"author":19,"featured_media":0,"comment_status":"closed","ping_status":"open","sticky":false,"template":"","format":"standard","meta":{"footnotes":""},"categories":[149,66,74],"tags":[],"class_list":["post-1897","post","type-post","status-publish","format-standard","hentry","category-comunicados-de-prensa","category-europa-es","category-politica-es"],"yoast_head":"<!-- This site is optimized with the Yoast SEO plugin v27.1.1 - https:\/\/yoast.com\/product\/yoast-seo-wordpress\/ -->\n<title>Astillero Devonport: No al vertedero nuclear, No a residuos nucleares<\/title>\n<meta name=\"description\" content=\"La CND recibe con agrado la decisi\u00f3n de pol\u00edticos de Plymouth de oponerse a una planta de residuos nucleares. Como preparaci\u00f3n para la marcha en demostraci\u00f3n de protesta el s\u00e1bado 31 de Octubre, Kate Hudson, Presidenta de la CND, acogi\u00f3 bien la decisi\u00f3n del l\u00edder del ayuntamiento de Plymouth de cuestionar el vertedero nuclear en el astillero Devonport de Plymouth\" \/>\n<meta name=\"robots\" content=\"index, follow, max-snippet:-1, max-image-preview:large, max-video-preview:-1\" \/>\n<link rel=\"canonical\" href=\"https:\/\/www.pressenza.com\/es\/2009\/10\/astillero-devonportx-no-al-vertedero-nuclearx-no-a-residuos-nucleares\/\" \/>\n<meta property=\"og:locale\" content=\"es_ES\" \/>\n<meta property=\"og:type\" content=\"article\" \/>\n<meta property=\"og:title\" content=\"Astillero Devonport: No al vertedero nuclear, No a residuos nucleares\" \/>\n<meta property=\"og:description\" content=\"La CND recibe con agrado la decisi\u00f3n de pol\u00edticos de Plymouth de oponerse a una planta de residuos nucleares. Como preparaci\u00f3n para la marcha en demostraci\u00f3n de protesta el s\u00e1bado 31 de Octubre, Kate Hudson, Presidenta de la CND, acogi\u00f3 bien la decisi\u00f3n del l\u00edder del ayuntamiento de Plymouth de cuestionar el vertedero nuclear en el astillero Devonport de Plymouth\" \/>\n<meta property=\"og:url\" content=\"https:\/\/www.pressenza.com\/es\/2009\/10\/astillero-devonportx-no-al-vertedero-nuclearx-no-a-residuos-nucleares\/\" \/>\n<meta property=\"og:site_name\" content=\"Pressenza\" \/>\n<meta property=\"article:publisher\" content=\"https:\/\/www.facebook.com\/PressenzaItalia\" \/>\n<meta property=\"article:author\" content=\"https:\/\/www.facebook.com\/pressenza\" \/>\n<meta property=\"article:published_time\" content=\"2009-10-27T00:00:00+00:00\" \/>\n<meta property=\"article:modified_time\" content=\"2009-10-28T08:43:41+00:00\" \/>\n<meta name=\"author\" content=\"Pressenza IPA\" \/>\n<meta name=\"twitter:card\" content=\"summary_large_image\" \/>\n<meta name=\"twitter:creator\" content=\"@PressenzaIPA\" \/>\n<meta name=\"twitter:site\" content=\"@PressenzaIPA\" \/>\n<meta name=\"twitter:label1\" content=\"Escrito por\" \/>\n\t<meta name=\"twitter:data1\" content=\"Pressenza IPA\" \/>\n\t<meta name=\"twitter:label2\" content=\"Tiempo de lectura\" \/>\n\t<meta name=\"twitter:data2\" content=\"2 minutos\" \/>\n<script type=\"application\/ld+json\" class=\"yoast-schema-graph\">{\"@context\":\"https:\/\/schema.org\",\"@graph\":[{\"@type\":\"Article\",\"@id\":\"https:\/\/www.pressenza.com\/es\/2009\/10\/astillero-devonportx-no-al-vertedero-nuclearx-no-a-residuos-nucleares\/#article\",\"isPartOf\":{\"@id\":\"https:\/\/www.pressenza.com\/es\/2009\/10\/astillero-devonportx-no-al-vertedero-nuclearx-no-a-residuos-nucleares\/\"},\"author\":{\"name\":\"Pressenza IPA\",\"@id\":\"https:\/\/www.pressenza.com\/es\/#\/schema\/person\/010e5d02bcf40965427a1289a4cc8d75\"},\"headline\":\"Astillero Devonport: No al vertedero nuclear, No a residuos nucleares\",\"datePublished\":\"2009-10-27T00:00:00+00:00\",\"dateModified\":\"2009-10-28T08:43:41+00:00\",\"mainEntityOfPage\":{\"@id\":\"https:\/\/www.pressenza.com\/es\/2009\/10\/astillero-devonportx-no-al-vertedero-nuclearx-no-a-residuos-nucleares\/\"},\"wordCount\":465,\"publisher\":{\"@id\":\"https:\/\/www.pressenza.com\/es\/#organization\"},\"articleSection\":[\"Comunicados de Prensa\",\"Europa\",\"Pol\u00edtica\"],\"inLanguage\":\"es\"},{\"@type\":\"WebPage\",\"@id\":\"https:\/\/www.pressenza.com\/es\/2009\/10\/astillero-devonportx-no-al-vertedero-nuclearx-no-a-residuos-nucleares\/\",\"url\":\"https:\/\/www.pressenza.com\/es\/2009\/10\/astillero-devonportx-no-al-vertedero-nuclearx-no-a-residuos-nucleares\/\",\"name\":\"Astillero Devonport: No al vertedero nuclear, No a residuos nucleares\",\"isPartOf\":{\"@id\":\"https:\/\/www.pressenza.com\/es\/#website\"},\"datePublished\":\"2009-10-27T00:00:00+00:00\",\"dateModified\":\"2009-10-28T08:43:41+00:00\",\"description\":\"La CND recibe con agrado la decisi\u00f3n de pol\u00edticos de Plymouth de oponerse a una planta de residuos nucleares. Como preparaci\u00f3n para la marcha en demostraci\u00f3n de protesta el s\u00e1bado 31 de Octubre, Kate Hudson, Presidenta de la CND, acogi\u00f3 bien la decisi\u00f3n del l\u00edder del ayuntamiento de Plymouth de cuestionar el vertedero nuclear en el astillero Devonport de Plymouth\",\"breadcrumb\":{\"@id\":\"https:\/\/www.pressenza.com\/es\/2009\/10\/astillero-devonportx-no-al-vertedero-nuclearx-no-a-residuos-nucleares\/#breadcrumb\"},\"inLanguage\":\"es\",\"potentialAction\":[{\"@type\":\"ReadAction\",\"target\":[\"https:\/\/www.pressenza.com\/es\/2009\/10\/astillero-devonportx-no-al-vertedero-nuclearx-no-a-residuos-nucleares\/\"]}]},{\"@type\":\"BreadcrumbList\",\"@id\":\"https:\/\/www.pressenza.com\/es\/2009\/10\/astillero-devonportx-no-al-vertedero-nuclearx-no-a-residuos-nucleares\/#breadcrumb\",\"itemListElement\":[{\"@type\":\"ListItem\",\"position\":1,\"name\":\"Accueil\",\"item\":\"https:\/\/www.pressenza.com\/es\/\"},{\"@type\":\"ListItem\",\"position\":2,\"name\":\"Astillero Devonport: No al vertedero nuclear, No a residuos nucleares\"}]},{\"@type\":\"WebSite\",\"@id\":\"https:\/\/www.pressenza.com\/es\/#website\",\"url\":\"https:\/\/www.pressenza.com\/es\/\",\"name\":\"Pressenza\",\"description\":\"International Press Agency\",\"publisher\":{\"@id\":\"https:\/\/www.pressenza.com\/es\/#organization\"},\"potentialAction\":[{\"@type\":\"SearchAction\",\"target\":{\"@type\":\"EntryPoint\",\"urlTemplate\":\"https:\/\/www.pressenza.com\/es\/?s={search_term_string}\"},\"query-input\":{\"@type\":\"PropertyValueSpecification\",\"valueRequired\":true,\"valueName\":\"search_term_string\"}}],\"inLanguage\":\"es\"},{\"@type\":\"Organization\",\"@id\":\"https:\/\/www.pressenza.com\/es\/#organization\",\"name\":\"Pressenza\",\"url\":\"https:\/\/www.pressenza.com\/es\/\",\"logo\":{\"@type\":\"ImageObject\",\"inLanguage\":\"es\",\"@id\":\"https:\/\/www.pressenza.com\/es\/#\/schema\/logo\/image\/\",\"url\":\"https:\/\/www.pressenza.com\/wp-content\/uploads\/2022\/10\/pressenza_logo_200x200.jpg\",\"contentUrl\":\"https:\/\/www.pressenza.com\/wp-content\/uploads\/2022\/10\/pressenza_logo_200x200.jpg\",\"width\":200,\"height\":200,\"caption\":\"Pressenza\"},\"image\":{\"@id\":\"https:\/\/www.pressenza.com\/es\/#\/schema\/logo\/image\/\"},\"sameAs\":[\"https:\/\/www.facebook.com\/PressenzaItalia\",\"https:\/\/x.com\/PressenzaIPA\"]},{\"@type\":\"Person\",\"@id\":\"https:\/\/www.pressenza.com\/es\/#\/schema\/person\/010e5d02bcf40965427a1289a4cc8d75\",\"name\":\"Pressenza IPA\",\"description\":\"News from Pressenza IPA correspondents\",\"sameAs\":[\"https:\/\/www.facebook.com\/pressenza\",\"https:\/\/x.com\/PressenzaIPA\"],\"url\":\"https:\/\/www.pressenza.com\/es\/author\/pressenza-ipa\/\"}]}<\/script>\n<!-- \/ Yoast SEO plugin. -->","yoast_head_json":{"title":"Astillero Devonport: No al vertedero nuclear, No a residuos nucleares","description":"La CND recibe con agrado la decisi\u00f3n de pol\u00edticos de Plymouth de oponerse a una planta de residuos nucleares. Como preparaci\u00f3n para la marcha en demostraci\u00f3n de protesta el s\u00e1bado 31 de Octubre, Kate Hudson, Presidenta de la CND, acogi\u00f3 bien la decisi\u00f3n del l\u00edder del ayuntamiento de Plymouth de cuestionar el vertedero nuclear en el astillero Devonport de Plymouth","robots":{"index":"index","follow":"follow","max-snippet":"max-snippet:-1","max-image-preview":"max-image-preview:large","max-video-preview":"max-video-preview:-1"},"canonical":"https:\/\/www.pressenza.com\/es\/2009\/10\/astillero-devonportx-no-al-vertedero-nuclearx-no-a-residuos-nucleares\/","og_locale":"es_ES","og_type":"article","og_title":"Astillero Devonport: No al vertedero nuclear, No a residuos nucleares","og_description":"La CND recibe con agrado la decisi\u00f3n de pol\u00edticos de Plymouth de oponerse a una planta de residuos nucleares. Como preparaci\u00f3n para la marcha en demostraci\u00f3n de protesta el s\u00e1bado 31 de Octubre, Kate Hudson, Presidenta de la CND, acogi\u00f3 bien la decisi\u00f3n del l\u00edder del ayuntamiento de Plymouth de cuestionar el vertedero nuclear en el astillero Devonport de Plymouth","og_url":"https:\/\/www.pressenza.com\/es\/2009\/10\/astillero-devonportx-no-al-vertedero-nuclearx-no-a-residuos-nucleares\/","og_site_name":"Pressenza","article_publisher":"https:\/\/www.facebook.com\/PressenzaItalia","article_author":"https:\/\/www.facebook.com\/pressenza","article_published_time":"2009-10-27T00:00:00+00:00","article_modified_time":"2009-10-28T08:43:41+00:00","author":"Pressenza IPA","twitter_card":"summary_large_image","twitter_creator":"@PressenzaIPA","twitter_site":"@PressenzaIPA","twitter_misc":{"Escrito por":"Pressenza IPA","Tiempo de lectura":"2 minutos"},"schema":{"@context":"https:\/\/schema.org","@graph":[{"@type":"Article","@id":"https:\/\/www.pressenza.com\/es\/2009\/10\/astillero-devonportx-no-al-vertedero-nuclearx-no-a-residuos-nucleares\/#article","isPartOf":{"@id":"https:\/\/www.pressenza.com\/es\/2009\/10\/astillero-devonportx-no-al-vertedero-nuclearx-no-a-residuos-nucleares\/"},"author":{"name":"Pressenza IPA","@id":"https:\/\/www.pressenza.com\/es\/#\/schema\/person\/010e5d02bcf40965427a1289a4cc8d75"},"headline":"Astillero Devonport: No al vertedero nuclear, No a residuos nucleares","datePublished":"2009-10-27T00:00:00+00:00","dateModified":"2009-10-28T08:43:41+00:00","mainEntityOfPage":{"@id":"https:\/\/www.pressenza.com\/es\/2009\/10\/astillero-devonportx-no-al-vertedero-nuclearx-no-a-residuos-nucleares\/"},"wordCount":465,"publisher":{"@id":"https:\/\/www.pressenza.com\/es\/#organization"},"articleSection":["Comunicados de Prensa","Europa","Pol\u00edtica"],"inLanguage":"es"},{"@type":"WebPage","@id":"https:\/\/www.pressenza.com\/es\/2009\/10\/astillero-devonportx-no-al-vertedero-nuclearx-no-a-residuos-nucleares\/","url":"https:\/\/www.pressenza.com\/es\/2009\/10\/astillero-devonportx-no-al-vertedero-nuclearx-no-a-residuos-nucleares\/","name":"Astillero Devonport: No al vertedero nuclear, No a residuos nucleares","isPartOf":{"@id":"https:\/\/www.pressenza.com\/es\/#website"},"datePublished":"2009-10-27T00:00:00+00:00","dateModified":"2009-10-28T08:43:41+00:00","description":"La CND recibe con agrado la decisi\u00f3n de pol\u00edticos de Plymouth de oponerse a una planta de residuos nucleares. Como preparaci\u00f3n para la marcha en demostraci\u00f3n de protesta el s\u00e1bado 31 de Octubre, Kate Hudson, Presidenta de la CND, acogi\u00f3 bien la decisi\u00f3n del l\u00edder del ayuntamiento de Plymouth de cuestionar el vertedero nuclear en el astillero Devonport de Plymouth","breadcrumb":{"@id":"https:\/\/www.pressenza.com\/es\/2009\/10\/astillero-devonportx-no-al-vertedero-nuclearx-no-a-residuos-nucleares\/#breadcrumb"},"inLanguage":"es","potentialAction":[{"@type":"ReadAction","target":["https:\/\/www.pressenza.com\/es\/2009\/10\/astillero-devonportx-no-al-vertedero-nuclearx-no-a-residuos-nucleares\/"]}]},{"@type":"BreadcrumbList","@id":"https:\/\/www.pressenza.com\/es\/2009\/10\/astillero-devonportx-no-al-vertedero-nuclearx-no-a-residuos-nucleares\/#breadcrumb","itemListElement":[{"@type":"ListItem","position":1,"name":"Accueil","item":"https:\/\/www.pressenza.com\/es\/"},{"@type":"ListItem","position":2,"name":"Astillero Devonport: No al vertedero nuclear, No a residuos nucleares"}]},{"@type":"WebSite","@id":"https:\/\/www.pressenza.com\/es\/#website","url":"https:\/\/www.pressenza.com\/es\/","name":"Pressenza","description":"International Press Agency","publisher":{"@id":"https:\/\/www.pressenza.com\/es\/#organization"},"potentialAction":[{"@type":"SearchAction","target":{"@type":"EntryPoint","urlTemplate":"https:\/\/www.pressenza.com\/es\/?s={search_term_string}"},"query-input":{"@type":"PropertyValueSpecification","valueRequired":true,"valueName":"search_term_string"}}],"inLanguage":"es"},{"@type":"Organization","@id":"https:\/\/www.pressenza.com\/es\/#organization","name":"Pressenza","url":"https:\/\/www.pressenza.com\/es\/","logo":{"@type":"ImageObject","inLanguage":"es","@id":"https:\/\/www.pressenza.com\/es\/#\/schema\/logo\/image\/","url":"https:\/\/www.pressenza.com\/wp-content\/uploads\/2022\/10\/pressenza_logo_200x200.jpg","contentUrl":"https:\/\/www.pressenza.com\/wp-content\/uploads\/2022\/10\/pressenza_logo_200x200.jpg","width":200,"height":200,"caption":"Pressenza"},"image":{"@id":"https:\/\/www.pressenza.com\/es\/#\/schema\/logo\/image\/"},"sameAs":["https:\/\/www.facebook.com\/PressenzaItalia","https:\/\/x.com\/PressenzaIPA"]},{"@type":"Person","@id":"https:\/\/www.pressenza.com\/es\/#\/schema\/person\/010e5d02bcf40965427a1289a4cc8d75","name":"Pressenza IPA","description":"News from Pressenza IPA correspondents","sameAs":["https:\/\/www.facebook.com\/pressenza","https:\/\/x.com\/PressenzaIPA"],"url":"https:\/\/www.pressenza.com\/es\/author\/pressenza-ipa\/"}]}},"place":"Plymouth","original_article_url":"","_links":{"self":[{"href":"https:\/\/www.pressenza.com\/es\/wp-json\/wp\/v2\/posts\/1897","targetHints":{"allow":["GET"]}}],"collection":[{"href":"https:\/\/www.pressenza.com\/es\/wp-json\/wp\/v2\/posts"}],"about":[{"href":"https:\/\/www.pressenza.com\/es\/wp-json\/wp\/v2\/types\/post"}],"author":[{"embeddable":true,"href":"https:\/\/www.pressenza.com\/es\/wp-json\/wp\/v2\/users\/19"}],"replies":[{"embeddable":true,"href":"https:\/\/www.pressenza.com\/es\/wp-json\/wp\/v2\/comments?post=1897"}],"version-history":[{"count":0,"href":"https:\/\/www.pressenza.com\/es\/wp-json\/wp\/v2\/posts\/1897\/revisions"}],"wp:attachment":[{"href":"https:\/\/www.pressenza.com\/es\/wp-json\/wp\/v2\/media?parent=1897"}],"wp:term":[{"taxonomy":"category","embeddable":true,"href":"https:\/\/www.pressenza.com\/es\/wp-json\/wp\/v2\/categories?post=1897"},{"taxonomy":"post_tag","embeddable":true,"href":"https:\/\/www.pressenza.com\/es\/wp-json\/wp\/v2\/tags?post=1897"}],"curies":[{"name":"wp","href":"https:\/\/api.w.org\/{rel}","templated":true}]}}