{"id":1885,"date":"2009-10-23T00:00:00","date_gmt":"2009-10-23T00:00:00","guid":{"rendered":""},"modified":"2009-10-23T12:39:00","modified_gmt":"2009-10-23T12:39:00","slug":"semana-del-desarmex-24-al-30-de-octubre","status":"publish","type":"post","link":"https:\/\/www.pressenza.com\/es\/2009\/10\/semana-del-desarmex-24-al-30-de-octubre\/","title":{"rendered":"Semana del desarme: 24 al 30 de octubre"},"content":{"rendered":"<p>La Organizaci\u00f3n de Naciones Unidas, celebra cada a\u00f1o durante esta semana el aniversario de su fundaci\u00f3n. Los principales objetivos de la Semana del Desarme giran en torno a sensibilizar a todos los Estados miembros de la ONU, sobre el peligro que representa la carrera armamentista (ya sea armamento convencional o nuclear), propagar la necesidad de que cese la carrera de armamentos y fomentar entre los ciudadanos una mejor comprensi\u00f3n sobre la urgencia de las tareas de desarme. Igualmente se recomienda destinar los recursos econ\u00f3micos orientados a la carrera armament\u00edstica en favorecer del desarrollo econ\u00f3mico y social. <\/p>\n<p>El logro de la paz y resguardar la seguridad internacional es responsabilidad de todos los Estados mediante su firme voluntad de reducir y posteriormente erradicar la principal amenaza que azota a nuestro planeta, que son las armas de destrucci\u00f3n masiva o m\u00e1s popularmente conocidas como armas nucleares, qu\u00edmicas y bacteriol\u00f3gicas.<\/p>\n<p>En esta semana se debe aprovechar para adoptar estrategias de pol\u00edticas para el desarme y una de ellas es difundir e invitar a todos los pa\u00edses a que participen activamente por medio de alianzas y as\u00ed poder fomentar una verdadera comprensi\u00f3n de los problemas relacionados con el desarme, pues a lo largo de la historia la carrera armamentista ha causado grandes p\u00e9rdidas humanas y un derroche econ\u00f3mico muy alto. Se trata de lograr que la  guerra deje de ser el modo de solucionar conflictos y que se eliminen de las escenas internacionales, nacionales o regionales, el uso de la fuerza y la amenaza militar.<\/p>\n<p>Sin embargo el desarme que promueven las Naciones Unidas, se encuentra con superlativas contradicciones: Los 5 pa\u00edses con derecho a veto en el Consejo de Seguridad (EEUU, Rusia, China, Francia y Reino Unido), almacenan el 90% del total de los arsenales nucleares, adem\u00e1s de ser los principales productores y vendedores de armamento de todo tipo, del mundo.<\/p>\n<p>DATOS:<\/p>\n<p>* En 2.008 se mantuvieron activos 16 grandes conflictos armados en 15 lugares del mundo:<br \/>\n\u00b7\tAfrica: Burundi, Somalia, Sud\u00e1n<br \/>\n\u00b7\tAm\u00e9rica: Colombia, Per\u00fa, EEUU<br \/>\n\u00b7\tAsia: Afghanist\u00e1n, India, Myanmar, Pakist\u00e1n, Filipinas, Filipinas (Mindanao), Sri Lanka.<br \/>\n\u00b7\tOriente Medio: Israel, Irak, Turqu\u00eda<\/p>\n<p>* Los 10 principales presupuestos en Gastos Militares en 2.008 ($ en miles de millones &#8211; % del total mundial de gasto en armamento):<br \/>\nEEUU 607 &#8211; 41,5%  \/  RUSIA 58,6 &#8211; 4%  \/  FRANCIA 65,7 &#8211; 4,5%  \/  REINO UNIDO 65,7 &#8211; 4,5%  \/  CHINA 84,9 &#8211; 5,8%  \/  ALEMANIA 46,8 &#8211; 3,2%  \/  JAP\u00d3N 46,3 &#8211; 3,2%  \/  ITALIA 40,6 &#8211; 2,8%  \/ ARABIA SAUDI 38,2 \u2013 2,6%  \/  INDIA 30,0 \u2013 2,1%<\/p>\n<p>* El gasto total mundial en armamento en 2.008, se estima en 1226 ($ en miles de millones). Desde 1.999 hasta 2.008 el gasto ha aumenta un 45%.<\/p>\n<p>* Ojivas nucleares desplegadas en todo el mundo de tipo estrat\u00e9gico y no estrat\u00e9gico (a\u00f1o 2.009): 8.392 total<br \/>\nEEUU: 2.702  \/  RUSIA: 4.834  \/  REINO UNIDO: 160  \/  FRANCIA: 300  \/  CHINA: 186  \/  INDIA: entre 60 y 70  \/  PAKIST\u00c1N: 60  \/ ISRAEL. 80  \/  <\/p>\n<p>Seg\u00fan Rafael de la Rubia, Coordinador Internacional de la Marcha Mundial por la Paz y la No Violencia, \u00abeste a\u00f1o hemos tenido la mayor crisis econ\u00f3mica de la historia, y sin embargo sigui\u00f3 subiendo la inversi\u00f3n en armamento a nivel mundial. La industria militar es el peor c\u00e1ncer que tiene el mundo\u00bb.<\/p>\n<p>Efectivamente, a pesar de padecer la crisis econ\u00f3mica y financiera m\u00e1s profunda, severa y duradera de la historia, el gasto y la provisi\u00f3n de armas para este 2.009 sigue aumentando. Y todo ello, a pesar de los m\u00faltiples tratados existentes de limitaci\u00f3n y no proliferaci\u00f3n de armas nucleares y convencionales, o convenciones de todo tipo sobre derechos humanos, alianzas de civilizaciones, etc.<\/p>\n<p>Existe un enorme negocio en torno al armamento. Hasta hoy, este lobby ha sido capaz de construir y generar un sistema capaz de organizar guerras imposibles, posibilitar injerencias e invasiones militares de territorios, sembrar temores y desconfianza en occidente sobre culturas y religiones orientales o crear de la nada \u201cterribles, mal\u00edsimos y despiadados\u201d enemigos apoy\u00e1ndose en feroces campa\u00f1as de propaganda. Todo ello para mantener el espectacular negocio de la industria militar.<\/p>\n<p>Todos caben en este negocio del armamento. Todos los pa\u00edses del mundo destinan los mayores presupuestos (no hay que es dinero p\u00fablico) a gastos de defensa. Nadie escapa al armamentismo. No s\u00f3lo en Europa, EEUU, China o India se destinan los mayores recursos a seguridad y defensa, tambi\u00e9n en las empobrecidas y devastadas Am\u00e9rica Latina, \u00c1frica y Asia, donde se dedican m\u00e1s a estas inversiones que a combatir el hambre, la pobreza o paliar los graves problemas de acceso a sanidad y educaci\u00f3n.<\/p>\n<p>Muchos expertos mantienen que las guerras y las tensiones entre territorios tienen a las crisis econ\u00f3micas como el caldo de cultivo m\u00e1s adecuado para el belicismo. Ser\u00eda positivo para el devenir futuro que, en este momento hist\u00f3rico, se rompiera ese terrible binomio de crisis econ\u00f3mica \u2013 guerra.<\/p>\n<p>Hay que esperar que esta semana del desarme 2.009 tenga su efecto de sensibilizaci\u00f3n real en los gobernantes porque, en los ciudadanos del mundo, la semilla de la paz y la no violencia ya est\u00e1 implantada.<\/p>\n<p>Fuentes consultadas:<br \/>\n* www.sipri.org<br \/>\n* http:\/\/www.sipri.org\/yearbook\/2009\/files\/SIPRIYB09summaryES.pdf<br \/>\nEl Instituto Internacional de Estocolmo de Investigaci\u00f3n para la Paz (SIPRI) es un instituto internacional independiente, para la investigaci\u00f3n en torno a los problemas de la paz y el conflicto, especialmente sobre la limitaci\u00f3n de armamento y el desarme. Fue fundado en 1966  para conmemorar los 150 a\u00f1os de paz ininterrumpida de Suecia.<\/p>\n","protected":false},"excerpt":{"rendered":"<p>La ONU organiza cada a\u00f1o esta semana, coincidiendo con el aniversario de su fundaci\u00f3n. El objetivo es sensibilizar a los estados miembros sobre el peligro que representa la carrera armamentista; propagar la necesidad de que cese la misma y fomentar entre los ciudadanos una mejor comprensi\u00f3n sobre la urgencia de las tareas de desarme.<\/p>\n","protected":false},"author":19,"featured_media":0,"comment_status":"closed","ping_status":"open","sticky":false,"template":"","format":"standard","meta":{"footnotes":""},"categories":[66,39,74],"tags":[],"class_list":["post-1885","post","type-post","status-publish","format-standard","hentry","category-europa-es","category-internacional","category-politica-es"],"yoast_head":"<!-- This site is optimized with the Yoast SEO plugin v27.1.1 - https:\/\/yoast.com\/product\/yoast-seo-wordpress\/ -->\n<title>Semana del desarme: 24 al 30 de octubre<\/title>\n<meta name=\"description\" content=\"La ONU organiza cada a\u00f1o esta semana, coincidiendo con el aniversario de su fundaci\u00f3n. El objetivo es sensibilizar a los estados miembros sobre el peligro que representa la carrera armamentista; propagar la necesidad de que cese la misma y fomentar entre los ciudadanos una mejor comprensi\u00f3n sobre la urgencia de las tareas de desarme.\" \/>\n<meta name=\"robots\" content=\"index, follow, max-snippet:-1, max-image-preview:large, max-video-preview:-1\" \/>\n<link rel=\"canonical\" href=\"https:\/\/www.pressenza.com\/es\/2009\/10\/semana-del-desarmex-24-al-30-de-octubre\/\" \/>\n<meta property=\"og:locale\" content=\"es_ES\" \/>\n<meta property=\"og:type\" content=\"article\" \/>\n<meta property=\"og:title\" content=\"Semana del desarme: 24 al 30 de octubre\" \/>\n<meta property=\"og:description\" content=\"La ONU organiza cada a\u00f1o esta semana, coincidiendo con el aniversario de su fundaci\u00f3n. El objetivo es sensibilizar a los estados miembros sobre el peligro que representa la carrera armamentista; propagar la necesidad de que cese la misma y fomentar entre los ciudadanos una mejor comprensi\u00f3n sobre la urgencia de las tareas de desarme.\" \/>\n<meta property=\"og:url\" content=\"https:\/\/www.pressenza.com\/es\/2009\/10\/semana-del-desarmex-24-al-30-de-octubre\/\" \/>\n<meta property=\"og:site_name\" content=\"Pressenza\" \/>\n<meta property=\"article:publisher\" content=\"https:\/\/www.facebook.com\/PressenzaItalia\" \/>\n<meta property=\"article:author\" content=\"https:\/\/www.facebook.com\/pressenza\" \/>\n<meta property=\"article:published_time\" content=\"2009-10-23T00:00:00+00:00\" \/>\n<meta property=\"article:modified_time\" content=\"2009-10-23T12:39:00+00:00\" \/>\n<meta name=\"author\" content=\"Pressenza IPA\" \/>\n<meta name=\"twitter:card\" content=\"summary_large_image\" \/>\n<meta name=\"twitter:creator\" content=\"@PressenzaIPA\" \/>\n<meta name=\"twitter:site\" content=\"@PressenzaIPA\" \/>\n<meta name=\"twitter:label1\" content=\"Escrito por\" \/>\n\t<meta name=\"twitter:data1\" content=\"Pressenza IPA\" \/>\n\t<meta name=\"twitter:label2\" content=\"Tiempo de lectura\" \/>\n\t<meta name=\"twitter:data2\" content=\"4 minutos\" \/>\n<script type=\"application\/ld+json\" class=\"yoast-schema-graph\">{\"@context\":\"https:\/\/schema.org\",\"@graph\":[{\"@type\":\"Article\",\"@id\":\"https:\/\/www.pressenza.com\/es\/2009\/10\/semana-del-desarmex-24-al-30-de-octubre\/#article\",\"isPartOf\":{\"@id\":\"https:\/\/www.pressenza.com\/es\/2009\/10\/semana-del-desarmex-24-al-30-de-octubre\/\"},\"author\":{\"name\":\"Pressenza IPA\",\"@id\":\"https:\/\/www.pressenza.com\/es\/#\/schema\/person\/010e5d02bcf40965427a1289a4cc8d75\"},\"headline\":\"Semana del desarme: 24 al 30 de octubre\",\"datePublished\":\"2009-10-23T00:00:00+00:00\",\"dateModified\":\"2009-10-23T12:39:00+00:00\",\"mainEntityOfPage\":{\"@id\":\"https:\/\/www.pressenza.com\/es\/2009\/10\/semana-del-desarmex-24-al-30-de-octubre\/\"},\"wordCount\":904,\"publisher\":{\"@id\":\"https:\/\/www.pressenza.com\/es\/#organization\"},\"articleSection\":[\"Europa\",\"Internacional\",\"Pol\u00edtica\"],\"inLanguage\":\"es\"},{\"@type\":\"WebPage\",\"@id\":\"https:\/\/www.pressenza.com\/es\/2009\/10\/semana-del-desarmex-24-al-30-de-octubre\/\",\"url\":\"https:\/\/www.pressenza.com\/es\/2009\/10\/semana-del-desarmex-24-al-30-de-octubre\/\",\"name\":\"Semana del desarme: 24 al 30 de octubre\",\"isPartOf\":{\"@id\":\"https:\/\/www.pressenza.com\/es\/#website\"},\"datePublished\":\"2009-10-23T00:00:00+00:00\",\"dateModified\":\"2009-10-23T12:39:00+00:00\",\"description\":\"La ONU organiza cada a\u00f1o esta semana, coincidiendo con el aniversario de su fundaci\u00f3n. El objetivo es sensibilizar a los estados miembros sobre el peligro que representa la carrera armamentista; propagar la necesidad de que cese la misma y fomentar entre los ciudadanos una mejor comprensi\u00f3n sobre la urgencia de las tareas de desarme.\",\"breadcrumb\":{\"@id\":\"https:\/\/www.pressenza.com\/es\/2009\/10\/semana-del-desarmex-24-al-30-de-octubre\/#breadcrumb\"},\"inLanguage\":\"es\",\"potentialAction\":[{\"@type\":\"ReadAction\",\"target\":[\"https:\/\/www.pressenza.com\/es\/2009\/10\/semana-del-desarmex-24-al-30-de-octubre\/\"]}]},{\"@type\":\"BreadcrumbList\",\"@id\":\"https:\/\/www.pressenza.com\/es\/2009\/10\/semana-del-desarmex-24-al-30-de-octubre\/#breadcrumb\",\"itemListElement\":[{\"@type\":\"ListItem\",\"position\":1,\"name\":\"Accueil\",\"item\":\"https:\/\/www.pressenza.com\/es\/\"},{\"@type\":\"ListItem\",\"position\":2,\"name\":\"Semana del desarme: 24 al 30 de octubre\"}]},{\"@type\":\"WebSite\",\"@id\":\"https:\/\/www.pressenza.com\/es\/#website\",\"url\":\"https:\/\/www.pressenza.com\/es\/\",\"name\":\"Pressenza\",\"description\":\"International Press Agency\",\"publisher\":{\"@id\":\"https:\/\/www.pressenza.com\/es\/#organization\"},\"potentialAction\":[{\"@type\":\"SearchAction\",\"target\":{\"@type\":\"EntryPoint\",\"urlTemplate\":\"https:\/\/www.pressenza.com\/es\/?s={search_term_string}\"},\"query-input\":{\"@type\":\"PropertyValueSpecification\",\"valueRequired\":true,\"valueName\":\"search_term_string\"}}],\"inLanguage\":\"es\"},{\"@type\":\"Organization\",\"@id\":\"https:\/\/www.pressenza.com\/es\/#organization\",\"name\":\"Pressenza\",\"url\":\"https:\/\/www.pressenza.com\/es\/\",\"logo\":{\"@type\":\"ImageObject\",\"inLanguage\":\"es\",\"@id\":\"https:\/\/www.pressenza.com\/es\/#\/schema\/logo\/image\/\",\"url\":\"https:\/\/www.pressenza.com\/wp-content\/uploads\/2022\/10\/pressenza_logo_200x200.jpg\",\"contentUrl\":\"https:\/\/www.pressenza.com\/wp-content\/uploads\/2022\/10\/pressenza_logo_200x200.jpg\",\"width\":200,\"height\":200,\"caption\":\"Pressenza\"},\"image\":{\"@id\":\"https:\/\/www.pressenza.com\/es\/#\/schema\/logo\/image\/\"},\"sameAs\":[\"https:\/\/www.facebook.com\/PressenzaItalia\",\"https:\/\/x.com\/PressenzaIPA\"]},{\"@type\":\"Person\",\"@id\":\"https:\/\/www.pressenza.com\/es\/#\/schema\/person\/010e5d02bcf40965427a1289a4cc8d75\",\"name\":\"Pressenza IPA\",\"description\":\"News from Pressenza IPA correspondents\",\"sameAs\":[\"https:\/\/www.facebook.com\/pressenza\",\"https:\/\/x.com\/PressenzaIPA\"],\"url\":\"https:\/\/www.pressenza.com\/es\/author\/pressenza-ipa\/\"}]}<\/script>\n<!-- \/ Yoast SEO plugin. -->","yoast_head_json":{"title":"Semana del desarme: 24 al 30 de octubre","description":"La ONU organiza cada a\u00f1o esta semana, coincidiendo con el aniversario de su fundaci\u00f3n. El objetivo es sensibilizar a los estados miembros sobre el peligro que representa la carrera armamentista; propagar la necesidad de que cese la misma y fomentar entre los ciudadanos una mejor comprensi\u00f3n sobre la urgencia de las tareas de desarme.","robots":{"index":"index","follow":"follow","max-snippet":"max-snippet:-1","max-image-preview":"max-image-preview:large","max-video-preview":"max-video-preview:-1"},"canonical":"https:\/\/www.pressenza.com\/es\/2009\/10\/semana-del-desarmex-24-al-30-de-octubre\/","og_locale":"es_ES","og_type":"article","og_title":"Semana del desarme: 24 al 30 de octubre","og_description":"La ONU organiza cada a\u00f1o esta semana, coincidiendo con el aniversario de su fundaci\u00f3n. El objetivo es sensibilizar a los estados miembros sobre el peligro que representa la carrera armamentista; propagar la necesidad de que cese la misma y fomentar entre los ciudadanos una mejor comprensi\u00f3n sobre la urgencia de las tareas de desarme.","og_url":"https:\/\/www.pressenza.com\/es\/2009\/10\/semana-del-desarmex-24-al-30-de-octubre\/","og_site_name":"Pressenza","article_publisher":"https:\/\/www.facebook.com\/PressenzaItalia","article_author":"https:\/\/www.facebook.com\/pressenza","article_published_time":"2009-10-23T00:00:00+00:00","article_modified_time":"2009-10-23T12:39:00+00:00","author":"Pressenza IPA","twitter_card":"summary_large_image","twitter_creator":"@PressenzaIPA","twitter_site":"@PressenzaIPA","twitter_misc":{"Escrito por":"Pressenza IPA","Tiempo de lectura":"4 minutos"},"schema":{"@context":"https:\/\/schema.org","@graph":[{"@type":"Article","@id":"https:\/\/www.pressenza.com\/es\/2009\/10\/semana-del-desarmex-24-al-30-de-octubre\/#article","isPartOf":{"@id":"https:\/\/www.pressenza.com\/es\/2009\/10\/semana-del-desarmex-24-al-30-de-octubre\/"},"author":{"name":"Pressenza IPA","@id":"https:\/\/www.pressenza.com\/es\/#\/schema\/person\/010e5d02bcf40965427a1289a4cc8d75"},"headline":"Semana del desarme: 24 al 30 de octubre","datePublished":"2009-10-23T00:00:00+00:00","dateModified":"2009-10-23T12:39:00+00:00","mainEntityOfPage":{"@id":"https:\/\/www.pressenza.com\/es\/2009\/10\/semana-del-desarmex-24-al-30-de-octubre\/"},"wordCount":904,"publisher":{"@id":"https:\/\/www.pressenza.com\/es\/#organization"},"articleSection":["Europa","Internacional","Pol\u00edtica"],"inLanguage":"es"},{"@type":"WebPage","@id":"https:\/\/www.pressenza.com\/es\/2009\/10\/semana-del-desarmex-24-al-30-de-octubre\/","url":"https:\/\/www.pressenza.com\/es\/2009\/10\/semana-del-desarmex-24-al-30-de-octubre\/","name":"Semana del desarme: 24 al 30 de octubre","isPartOf":{"@id":"https:\/\/www.pressenza.com\/es\/#website"},"datePublished":"2009-10-23T00:00:00+00:00","dateModified":"2009-10-23T12:39:00+00:00","description":"La ONU organiza cada a\u00f1o esta semana, coincidiendo con el aniversario de su fundaci\u00f3n. El objetivo es sensibilizar a los estados miembros sobre el peligro que representa la carrera armamentista; propagar la necesidad de que cese la misma y fomentar entre los ciudadanos una mejor comprensi\u00f3n sobre la urgencia de las tareas de desarme.","breadcrumb":{"@id":"https:\/\/www.pressenza.com\/es\/2009\/10\/semana-del-desarmex-24-al-30-de-octubre\/#breadcrumb"},"inLanguage":"es","potentialAction":[{"@type":"ReadAction","target":["https:\/\/www.pressenza.com\/es\/2009\/10\/semana-del-desarmex-24-al-30-de-octubre\/"]}]},{"@type":"BreadcrumbList","@id":"https:\/\/www.pressenza.com\/es\/2009\/10\/semana-del-desarmex-24-al-30-de-octubre\/#breadcrumb","itemListElement":[{"@type":"ListItem","position":1,"name":"Accueil","item":"https:\/\/www.pressenza.com\/es\/"},{"@type":"ListItem","position":2,"name":"Semana del desarme: 24 al 30 de octubre"}]},{"@type":"WebSite","@id":"https:\/\/www.pressenza.com\/es\/#website","url":"https:\/\/www.pressenza.com\/es\/","name":"Pressenza","description":"International Press Agency","publisher":{"@id":"https:\/\/www.pressenza.com\/es\/#organization"},"potentialAction":[{"@type":"SearchAction","target":{"@type":"EntryPoint","urlTemplate":"https:\/\/www.pressenza.com\/es\/?s={search_term_string}"},"query-input":{"@type":"PropertyValueSpecification","valueRequired":true,"valueName":"search_term_string"}}],"inLanguage":"es"},{"@type":"Organization","@id":"https:\/\/www.pressenza.com\/es\/#organization","name":"Pressenza","url":"https:\/\/www.pressenza.com\/es\/","logo":{"@type":"ImageObject","inLanguage":"es","@id":"https:\/\/www.pressenza.com\/es\/#\/schema\/logo\/image\/","url":"https:\/\/www.pressenza.com\/wp-content\/uploads\/2022\/10\/pressenza_logo_200x200.jpg","contentUrl":"https:\/\/www.pressenza.com\/wp-content\/uploads\/2022\/10\/pressenza_logo_200x200.jpg","width":200,"height":200,"caption":"Pressenza"},"image":{"@id":"https:\/\/www.pressenza.com\/es\/#\/schema\/logo\/image\/"},"sameAs":["https:\/\/www.facebook.com\/PressenzaItalia","https:\/\/x.com\/PressenzaIPA"]},{"@type":"Person","@id":"https:\/\/www.pressenza.com\/es\/#\/schema\/person\/010e5d02bcf40965427a1289a4cc8d75","name":"Pressenza IPA","description":"News from Pressenza IPA correspondents","sameAs":["https:\/\/www.facebook.com\/pressenza","https:\/\/x.com\/PressenzaIPA"],"url":"https:\/\/www.pressenza.com\/es\/author\/pressenza-ipa\/"}]}},"place":"Madrid","original_article_url":"","_links":{"self":[{"href":"https:\/\/www.pressenza.com\/es\/wp-json\/wp\/v2\/posts\/1885","targetHints":{"allow":["GET"]}}],"collection":[{"href":"https:\/\/www.pressenza.com\/es\/wp-json\/wp\/v2\/posts"}],"about":[{"href":"https:\/\/www.pressenza.com\/es\/wp-json\/wp\/v2\/types\/post"}],"author":[{"embeddable":true,"href":"https:\/\/www.pressenza.com\/es\/wp-json\/wp\/v2\/users\/19"}],"replies":[{"embeddable":true,"href":"https:\/\/www.pressenza.com\/es\/wp-json\/wp\/v2\/comments?post=1885"}],"version-history":[{"count":0,"href":"https:\/\/www.pressenza.com\/es\/wp-json\/wp\/v2\/posts\/1885\/revisions"}],"wp:attachment":[{"href":"https:\/\/www.pressenza.com\/es\/wp-json\/wp\/v2\/media?parent=1885"}],"wp:term":[{"taxonomy":"category","embeddable":true,"href":"https:\/\/www.pressenza.com\/es\/wp-json\/wp\/v2\/categories?post=1885"},{"taxonomy":"post_tag","embeddable":true,"href":"https:\/\/www.pressenza.com\/es\/wp-json\/wp\/v2\/tags?post=1885"}],"curies":[{"name":"wp","href":"https:\/\/api.w.org\/{rel}","templated":true}]}}