{"id":1860,"date":"2009-10-21T00:00:00","date_gmt":"2009-10-21T00:00:00","guid":{"rendered":""},"modified":"2009-10-21T12:54:32","modified_gmt":"2009-10-21T12:54:32","slug":"xque-hay-detras-de-lo-que-compramosx","status":"publish","type":"post","link":"https:\/\/www.pressenza.com\/es\/2009\/10\/xque-hay-detras-de-lo-que-compramosx\/","title":{"rendered":"\u00bfQu\u00e9 hay detr\u00e1s de lo que compramos?"},"content":{"rendered":"<p>Con la pregunta \u00ab\u00bfQu\u00e9 hay detr\u00e1s de los bienes que compramos?\u00bb, esta campa\u00f1a dise\u00f1ada por la agencia publicitaria Saatchi &#038; Saatchi en Ginebra, espera promover un cambio en el comportamiento de los consumidores. <\/p>\n<p>De acuerdo con algunas de las estimaciones, la cantidad de personas forzadas u obligadas a la servidumbre laboral o sexual en el mundo, en cualquier momento, asciende a unos 12.3 millones en el mundo. <\/p>\n<p>Y aunque se ha conferido gran atenci\u00f3n a la trata de mujeres y ni\u00f1as con fines de explotaci\u00f3n sexual, ahora surgen incontables casos de trata con fines de explotaci\u00f3n laboral, que implican a personas de ambos sexos y de todas las edades. <\/p>\n<p>\u00abDurante mucho tiempo se crey\u00f3 que la pobreza y la discriminaci\u00f3n por cuestiones de g\u00e9nero eran las causas que propiciaban la trata de personas y que \u00e9stas s\u00f3lo pod\u00edan encararse donde se originaban. \u00c9sta es una visi\u00f3n sumamente reductora. Ocurre simplemente que la trata de personas se atiene a la demanda de bienes y de mano de obra baratas para rebajar al m\u00e1ximo los costos en todas partes del mundo\u00bb, dijo el director general de la OIM, William Lacy Swing.<\/p>\n<p>El envejecimiento de las poblaciones, la ca\u00edda de las tasas de natalidad y de la participaci\u00f3n en la fuerza laboral en los pa\u00edses industrializados, junto con un excedente de mano de obra en los pa\u00edses en desarrollo, sin que se disponga de v\u00edas suficientes para una migraci\u00f3n legal, han sentado las bases para que los traficantes se aprovechen de la demanda de mano de obra y servicios baratos.<\/p>\n<p>Seg\u00fan la Base Global de Datos de la OIM, en los \u00faltimos 5 a\u00f1os se ha incrementado el n\u00famero de personas objeto de trata con fines de explotaci\u00f3n laboral, sobre todo entre hombres adultos y muchachos, usados principalmente para trabajar en el sector agr\u00edcola, la construcci\u00f3n, la pesca y el empleo dom\u00e9stico<\/p>\n<p>El Director General de la OIM a\u00f1adi\u00f3: \u00abAlgunos sectores de la econom\u00eda, como la construcci\u00f3n y la agricultura, dependen de la mano de obra irregular barata para que haya crecimiento y se obtengan beneficios. Pero el crecimiento econ\u00f3mico no puede depender de la explotaci\u00f3n. <\/p>\n<p>[Consulta los detalles, y \u00fanete a la campa\u00f1a para erradicar los productos de consumo manufacturados con mano de obra objeto de la trata o la explotaci\u00f3n laboral. En ingl\u00e9s.](http:\/\/www.buyresponsibly.org\/)<\/p>\n","protected":false},"excerpt":{"rendered":"<p>Seg\u00fan la Organizaci\u00f3n Internacional para las Migraciones, hoy, unos 12 millones de personas son v\u00edctimas de la sociedad de consumo. Una nueva campa\u00f1a, \u201cCompra responsable\u201d, pretende crear conciencia sobre el oscuro origen de muchos productos y la eliminaci\u00f3n de la demanda de aquellos manufacturados con mano de obra sujeta a la explotaci\u00f3n y la trata<\/p>\n","protected":false},"author":19,"featured_media":0,"comment_status":"closed","ping_status":"open","sticky":false,"template":"","format":"standard","meta":{"footnotes":""},"categories":[75,66,39],"tags":[],"class_list":["post-1860","post","type-post","status-publish","format-standard","hentry","category-cultura-es","category-europa-es","category-internacional"],"yoast_head":"<!-- This site is optimized with the Yoast SEO plugin v27.1.1 - https:\/\/yoast.com\/product\/yoast-seo-wordpress\/ -->\n<title>\u00bfQu\u00e9 hay detr\u00e1s de lo que compramos?<\/title>\n<meta name=\"description\" content=\"Seg\u00fan la Organizaci\u00f3n Internacional para las Migraciones, hoy, unos 12 millones de personas son v\u00edctimas de la sociedad de consumo. Una nueva campa\u00f1a, \u201cCompra responsable\u201d, pretende crear conciencia sobre el oscuro origen de muchos productos y la eliminaci\u00f3n de la demanda de aquellos manufacturados con mano de obra sujeta a la explotaci\u00f3n y la trata\" \/>\n<meta name=\"robots\" content=\"index, follow, max-snippet:-1, max-image-preview:large, max-video-preview:-1\" \/>\n<link rel=\"canonical\" href=\"https:\/\/www.pressenza.com\/es\/2009\/10\/xque-hay-detras-de-lo-que-compramosx\/\" \/>\n<meta property=\"og:locale\" content=\"es_ES\" \/>\n<meta property=\"og:type\" content=\"article\" \/>\n<meta property=\"og:title\" content=\"\u00bfQu\u00e9 hay detr\u00e1s de lo que compramos?\" \/>\n<meta property=\"og:description\" content=\"Seg\u00fan la Organizaci\u00f3n Internacional para las Migraciones, hoy, unos 12 millones de personas son v\u00edctimas de la sociedad de consumo. Una nueva campa\u00f1a, \u201cCompra responsable\u201d, pretende crear conciencia sobre el oscuro origen de muchos productos y la eliminaci\u00f3n de la demanda de aquellos manufacturados con mano de obra sujeta a la explotaci\u00f3n y la trata\" \/>\n<meta property=\"og:url\" content=\"https:\/\/www.pressenza.com\/es\/2009\/10\/xque-hay-detras-de-lo-que-compramosx\/\" \/>\n<meta property=\"og:site_name\" content=\"Pressenza\" \/>\n<meta property=\"article:publisher\" content=\"https:\/\/www.facebook.com\/PressenzaItalia\" \/>\n<meta property=\"article:author\" content=\"https:\/\/www.facebook.com\/pressenza\" \/>\n<meta property=\"article:published_time\" content=\"2009-10-21T00:00:00+00:00\" \/>\n<meta property=\"article:modified_time\" content=\"2009-10-21T12:54:32+00:00\" \/>\n<meta name=\"author\" content=\"Pressenza IPA\" \/>\n<meta name=\"twitter:card\" content=\"summary_large_image\" \/>\n<meta name=\"twitter:creator\" content=\"@PressenzaIPA\" \/>\n<meta name=\"twitter:site\" content=\"@PressenzaIPA\" \/>\n<meta name=\"twitter:label1\" content=\"Escrito por\" \/>\n\t<meta name=\"twitter:data1\" content=\"Pressenza IPA\" \/>\n\t<meta name=\"twitter:label2\" content=\"Tiempo de lectura\" \/>\n\t<meta name=\"twitter:data2\" content=\"2 minutos\" \/>\n<script type=\"application\/ld+json\" class=\"yoast-schema-graph\">{\"@context\":\"https:\/\/schema.org\",\"@graph\":[{\"@type\":\"Article\",\"@id\":\"https:\/\/www.pressenza.com\/es\/2009\/10\/xque-hay-detras-de-lo-que-compramosx\/#article\",\"isPartOf\":{\"@id\":\"https:\/\/www.pressenza.com\/es\/2009\/10\/xque-hay-detras-de-lo-que-compramosx\/\"},\"author\":{\"name\":\"Pressenza IPA\",\"@id\":\"https:\/\/www.pressenza.com\/es\/#\/schema\/person\/010e5d02bcf40965427a1289a4cc8d75\"},\"headline\":\"\u00bfQu\u00e9 hay detr\u00e1s de lo que compramos?\",\"datePublished\":\"2009-10-21T00:00:00+00:00\",\"dateModified\":\"2009-10-21T12:54:32+00:00\",\"mainEntityOfPage\":{\"@id\":\"https:\/\/www.pressenza.com\/es\/2009\/10\/xque-hay-detras-de-lo-que-compramosx\/\"},\"wordCount\":425,\"publisher\":{\"@id\":\"https:\/\/www.pressenza.com\/es\/#organization\"},\"articleSection\":[\"Cultura y Medios\",\"Europa\",\"Internacional\"],\"inLanguage\":\"es\"},{\"@type\":\"WebPage\",\"@id\":\"https:\/\/www.pressenza.com\/es\/2009\/10\/xque-hay-detras-de-lo-que-compramosx\/\",\"url\":\"https:\/\/www.pressenza.com\/es\/2009\/10\/xque-hay-detras-de-lo-que-compramosx\/\",\"name\":\"\u00bfQu\u00e9 hay detr\u00e1s de lo que compramos?\",\"isPartOf\":{\"@id\":\"https:\/\/www.pressenza.com\/es\/#website\"},\"datePublished\":\"2009-10-21T00:00:00+00:00\",\"dateModified\":\"2009-10-21T12:54:32+00:00\",\"description\":\"Seg\u00fan la Organizaci\u00f3n Internacional para las Migraciones, hoy, unos 12 millones de personas son v\u00edctimas de la sociedad de consumo. Una nueva campa\u00f1a, \u201cCompra responsable\u201d, pretende crear conciencia sobre el oscuro origen de muchos productos y la eliminaci\u00f3n de la demanda de aquellos manufacturados con mano de obra sujeta a la explotaci\u00f3n y la trata\",\"breadcrumb\":{\"@id\":\"https:\/\/www.pressenza.com\/es\/2009\/10\/xque-hay-detras-de-lo-que-compramosx\/#breadcrumb\"},\"inLanguage\":\"es\",\"potentialAction\":[{\"@type\":\"ReadAction\",\"target\":[\"https:\/\/www.pressenza.com\/es\/2009\/10\/xque-hay-detras-de-lo-que-compramosx\/\"]}]},{\"@type\":\"BreadcrumbList\",\"@id\":\"https:\/\/www.pressenza.com\/es\/2009\/10\/xque-hay-detras-de-lo-que-compramosx\/#breadcrumb\",\"itemListElement\":[{\"@type\":\"ListItem\",\"position\":1,\"name\":\"Accueil\",\"item\":\"https:\/\/www.pressenza.com\/es\/\"},{\"@type\":\"ListItem\",\"position\":2,\"name\":\"\u00bfQu\u00e9 hay detr\u00e1s de lo que compramos?\"}]},{\"@type\":\"WebSite\",\"@id\":\"https:\/\/www.pressenza.com\/es\/#website\",\"url\":\"https:\/\/www.pressenza.com\/es\/\",\"name\":\"Pressenza\",\"description\":\"International Press Agency\",\"publisher\":{\"@id\":\"https:\/\/www.pressenza.com\/es\/#organization\"},\"potentialAction\":[{\"@type\":\"SearchAction\",\"target\":{\"@type\":\"EntryPoint\",\"urlTemplate\":\"https:\/\/www.pressenza.com\/es\/?s={search_term_string}\"},\"query-input\":{\"@type\":\"PropertyValueSpecification\",\"valueRequired\":true,\"valueName\":\"search_term_string\"}}],\"inLanguage\":\"es\"},{\"@type\":\"Organization\",\"@id\":\"https:\/\/www.pressenza.com\/es\/#organization\",\"name\":\"Pressenza\",\"url\":\"https:\/\/www.pressenza.com\/es\/\",\"logo\":{\"@type\":\"ImageObject\",\"inLanguage\":\"es\",\"@id\":\"https:\/\/www.pressenza.com\/es\/#\/schema\/logo\/image\/\",\"url\":\"https:\/\/www.pressenza.com\/wp-content\/uploads\/2022\/10\/pressenza_logo_200x200.jpg\",\"contentUrl\":\"https:\/\/www.pressenza.com\/wp-content\/uploads\/2022\/10\/pressenza_logo_200x200.jpg\",\"width\":200,\"height\":200,\"caption\":\"Pressenza\"},\"image\":{\"@id\":\"https:\/\/www.pressenza.com\/es\/#\/schema\/logo\/image\/\"},\"sameAs\":[\"https:\/\/www.facebook.com\/PressenzaItalia\",\"https:\/\/x.com\/PressenzaIPA\"]},{\"@type\":\"Person\",\"@id\":\"https:\/\/www.pressenza.com\/es\/#\/schema\/person\/010e5d02bcf40965427a1289a4cc8d75\",\"name\":\"Pressenza IPA\",\"description\":\"News from Pressenza IPA correspondents\",\"sameAs\":[\"https:\/\/www.facebook.com\/pressenza\",\"https:\/\/x.com\/PressenzaIPA\"],\"url\":\"https:\/\/www.pressenza.com\/es\/author\/pressenza-ipa\/\"}]}<\/script>\n<!-- \/ Yoast SEO plugin. -->","yoast_head_json":{"title":"\u00bfQu\u00e9 hay detr\u00e1s de lo que compramos?","description":"Seg\u00fan la Organizaci\u00f3n Internacional para las Migraciones, hoy, unos 12 millones de personas son v\u00edctimas de la sociedad de consumo. Una nueva campa\u00f1a, \u201cCompra responsable\u201d, pretende crear conciencia sobre el oscuro origen de muchos productos y la eliminaci\u00f3n de la demanda de aquellos manufacturados con mano de obra sujeta a la explotaci\u00f3n y la trata","robots":{"index":"index","follow":"follow","max-snippet":"max-snippet:-1","max-image-preview":"max-image-preview:large","max-video-preview":"max-video-preview:-1"},"canonical":"https:\/\/www.pressenza.com\/es\/2009\/10\/xque-hay-detras-de-lo-que-compramosx\/","og_locale":"es_ES","og_type":"article","og_title":"\u00bfQu\u00e9 hay detr\u00e1s de lo que compramos?","og_description":"Seg\u00fan la Organizaci\u00f3n Internacional para las Migraciones, hoy, unos 12 millones de personas son v\u00edctimas de la sociedad de consumo. Una nueva campa\u00f1a, \u201cCompra responsable\u201d, pretende crear conciencia sobre el oscuro origen de muchos productos y la eliminaci\u00f3n de la demanda de aquellos manufacturados con mano de obra sujeta a la explotaci\u00f3n y la trata","og_url":"https:\/\/www.pressenza.com\/es\/2009\/10\/xque-hay-detras-de-lo-que-compramosx\/","og_site_name":"Pressenza","article_publisher":"https:\/\/www.facebook.com\/PressenzaItalia","article_author":"https:\/\/www.facebook.com\/pressenza","article_published_time":"2009-10-21T00:00:00+00:00","article_modified_time":"2009-10-21T12:54:32+00:00","author":"Pressenza IPA","twitter_card":"summary_large_image","twitter_creator":"@PressenzaIPA","twitter_site":"@PressenzaIPA","twitter_misc":{"Escrito por":"Pressenza IPA","Tiempo de lectura":"2 minutos"},"schema":{"@context":"https:\/\/schema.org","@graph":[{"@type":"Article","@id":"https:\/\/www.pressenza.com\/es\/2009\/10\/xque-hay-detras-de-lo-que-compramosx\/#article","isPartOf":{"@id":"https:\/\/www.pressenza.com\/es\/2009\/10\/xque-hay-detras-de-lo-que-compramosx\/"},"author":{"name":"Pressenza IPA","@id":"https:\/\/www.pressenza.com\/es\/#\/schema\/person\/010e5d02bcf40965427a1289a4cc8d75"},"headline":"\u00bfQu\u00e9 hay detr\u00e1s de lo que compramos?","datePublished":"2009-10-21T00:00:00+00:00","dateModified":"2009-10-21T12:54:32+00:00","mainEntityOfPage":{"@id":"https:\/\/www.pressenza.com\/es\/2009\/10\/xque-hay-detras-de-lo-que-compramosx\/"},"wordCount":425,"publisher":{"@id":"https:\/\/www.pressenza.com\/es\/#organization"},"articleSection":["Cultura y Medios","Europa","Internacional"],"inLanguage":"es"},{"@type":"WebPage","@id":"https:\/\/www.pressenza.com\/es\/2009\/10\/xque-hay-detras-de-lo-que-compramosx\/","url":"https:\/\/www.pressenza.com\/es\/2009\/10\/xque-hay-detras-de-lo-que-compramosx\/","name":"\u00bfQu\u00e9 hay detr\u00e1s de lo que compramos?","isPartOf":{"@id":"https:\/\/www.pressenza.com\/es\/#website"},"datePublished":"2009-10-21T00:00:00+00:00","dateModified":"2009-10-21T12:54:32+00:00","description":"Seg\u00fan la Organizaci\u00f3n Internacional para las Migraciones, hoy, unos 12 millones de personas son v\u00edctimas de la sociedad de consumo. Una nueva campa\u00f1a, \u201cCompra responsable\u201d, pretende crear conciencia sobre el oscuro origen de muchos productos y la eliminaci\u00f3n de la demanda de aquellos manufacturados con mano de obra sujeta a la explotaci\u00f3n y la trata","breadcrumb":{"@id":"https:\/\/www.pressenza.com\/es\/2009\/10\/xque-hay-detras-de-lo-que-compramosx\/#breadcrumb"},"inLanguage":"es","potentialAction":[{"@type":"ReadAction","target":["https:\/\/www.pressenza.com\/es\/2009\/10\/xque-hay-detras-de-lo-que-compramosx\/"]}]},{"@type":"BreadcrumbList","@id":"https:\/\/www.pressenza.com\/es\/2009\/10\/xque-hay-detras-de-lo-que-compramosx\/#breadcrumb","itemListElement":[{"@type":"ListItem","position":1,"name":"Accueil","item":"https:\/\/www.pressenza.com\/es\/"},{"@type":"ListItem","position":2,"name":"\u00bfQu\u00e9 hay detr\u00e1s de lo que compramos?"}]},{"@type":"WebSite","@id":"https:\/\/www.pressenza.com\/es\/#website","url":"https:\/\/www.pressenza.com\/es\/","name":"Pressenza","description":"International Press Agency","publisher":{"@id":"https:\/\/www.pressenza.com\/es\/#organization"},"potentialAction":[{"@type":"SearchAction","target":{"@type":"EntryPoint","urlTemplate":"https:\/\/www.pressenza.com\/es\/?s={search_term_string}"},"query-input":{"@type":"PropertyValueSpecification","valueRequired":true,"valueName":"search_term_string"}}],"inLanguage":"es"},{"@type":"Organization","@id":"https:\/\/www.pressenza.com\/es\/#organization","name":"Pressenza","url":"https:\/\/www.pressenza.com\/es\/","logo":{"@type":"ImageObject","inLanguage":"es","@id":"https:\/\/www.pressenza.com\/es\/#\/schema\/logo\/image\/","url":"https:\/\/www.pressenza.com\/wp-content\/uploads\/2022\/10\/pressenza_logo_200x200.jpg","contentUrl":"https:\/\/www.pressenza.com\/wp-content\/uploads\/2022\/10\/pressenza_logo_200x200.jpg","width":200,"height":200,"caption":"Pressenza"},"image":{"@id":"https:\/\/www.pressenza.com\/es\/#\/schema\/logo\/image\/"},"sameAs":["https:\/\/www.facebook.com\/PressenzaItalia","https:\/\/x.com\/PressenzaIPA"]},{"@type":"Person","@id":"https:\/\/www.pressenza.com\/es\/#\/schema\/person\/010e5d02bcf40965427a1289a4cc8d75","name":"Pressenza IPA","description":"News from Pressenza IPA correspondents","sameAs":["https:\/\/www.facebook.com\/pressenza","https:\/\/x.com\/PressenzaIPA"],"url":"https:\/\/www.pressenza.com\/es\/author\/pressenza-ipa\/"}]}},"place":"Ginebra","original_article_url":"","_links":{"self":[{"href":"https:\/\/www.pressenza.com\/es\/wp-json\/wp\/v2\/posts\/1860","targetHints":{"allow":["GET"]}}],"collection":[{"href":"https:\/\/www.pressenza.com\/es\/wp-json\/wp\/v2\/posts"}],"about":[{"href":"https:\/\/www.pressenza.com\/es\/wp-json\/wp\/v2\/types\/post"}],"author":[{"embeddable":true,"href":"https:\/\/www.pressenza.com\/es\/wp-json\/wp\/v2\/users\/19"}],"replies":[{"embeddable":true,"href":"https:\/\/www.pressenza.com\/es\/wp-json\/wp\/v2\/comments?post=1860"}],"version-history":[{"count":0,"href":"https:\/\/www.pressenza.com\/es\/wp-json\/wp\/v2\/posts\/1860\/revisions"}],"wp:attachment":[{"href":"https:\/\/www.pressenza.com\/es\/wp-json\/wp\/v2\/media?parent=1860"}],"wp:term":[{"taxonomy":"category","embeddable":true,"href":"https:\/\/www.pressenza.com\/es\/wp-json\/wp\/v2\/categories?post=1860"},{"taxonomy":"post_tag","embeddable":true,"href":"https:\/\/www.pressenza.com\/es\/wp-json\/wp\/v2\/tags?post=1860"}],"curies":[{"name":"wp","href":"https:\/\/api.w.org\/{rel}","templated":true}]}}