{"id":1853,"date":"2009-10-20T00:00:00","date_gmt":"2009-10-20T00:00:00","guid":{"rendered":""},"modified":"2009-10-23T11:24:21","modified_gmt":"2009-10-23T11:24:21","slug":"gorbachov-felicita-a-obama-por-el-nobel-de-la-paz","status":"publish","type":"post","link":"https:\/\/www.pressenza.com\/es\/2009\/10\/gorbachov-felicita-a-obama-por-el-nobel-de-la-paz\/","title":{"rendered":"Gorbachov felicita a Obama por el Nobel de la Paz"},"content":{"rendered":"<p>Estimado se\u00f1or  Presidente,<\/p>\n<p>Lo felicito por haber recibido el Premio Nobel de la Paz. Estoy convencido de que \u00e9sta es la decisi\u00f3n correcta, una decisi\u00f3n que vigoriza significativamente nuestra premiada familia de premios Nobel. Sus esfuerzos han contribuido a generar un cambio significativo en el clima internacional. Siento una estrecha afinidad por su visi\u00f3n del mundo global y de las relaciones entre las naciones. Para instrumentarla se requerir\u00e1 de una fuerte voluntad, de una capacidad de estadista y del dominio de la comunicaci\u00f3n. Tambi\u00e9n requiere del respaldo de los estadounidenses y de los hombres y mujeres de buena voluntad de todo el mundo.<\/p>\n<p>La decisi\u00f3n del Comit\u00e9 Nobel es un reconocimiento del significativo papel que desempe\u00f1a Estados Unidos en los asuntos mundiales y de las esperanzas que los pueblos han colocado en el presidente de Estados Unidos. Su \u00e9xito, por lo tanto, se\u00f1or Presidente, va en inter\u00e9s de todos aquellos que desean ver una paz segura y justa en el siglo XXI.<\/p>\n<p>Le deseo \u00e9xito en la dif\u00edcil y noble tarea que ha sido ahora reconocida por tan alto honor.<\/p>\n<p>Le saluda muy cordialmente,<\/p>\n<p>Mijail Gorbachov<\/p>\n<p>Traducci\u00f3n: Leandro Santos<\/p>\n","protected":false},"excerpt":{"rendered":"<p>Publicamos aqu\u00ed la carta abierta de Mijail Gorbachov al presidente de Estados Unidos felicit\u00e1ndole por sus esfuerzos para generar un significativo cambio en el clima internacional y por haber recibido el Premio Nobel de la Paz 2009; en ella tambi\u00e9n pide el apoyo de los estadounidenses y de todos los hombres y mujeres de buena voluntad del mundo<\/p>\n","protected":false},"author":19,"featured_media":0,"comment_status":"closed","ping_status":"open","sticky":false,"template":"","format":"standard","meta":{"footnotes":""},"categories":[66,39,161,74],"tags":[],"class_list":["post-1853","post","type-post","status-publish","format-standard","hentry","category-europa-es","category-internacional","category-opiniones","category-politica-es"],"yoast_head":"<!-- This site is optimized with the Yoast SEO plugin v27.1.1 - https:\/\/yoast.com\/product\/yoast-seo-wordpress\/ -->\n<title>Gorbachov felicita a Obama por el Nobel de la Paz<\/title>\n<meta name=\"description\" content=\"Publicamos aqu\u00ed la carta abierta de Mijail Gorbachov al presidente de Estados Unidos felicit\u00e1ndole por sus esfuerzos para generar un significativo cambio en el clima internacional y por haber recibido el Premio Nobel de la Paz 2009; en ella tambi\u00e9n pide el apoyo de los estadounidenses y de todos los hombres y mujeres de buena voluntad del mundo\" \/>\n<meta name=\"robots\" content=\"index, follow, max-snippet:-1, max-image-preview:large, max-video-preview:-1\" \/>\n<link rel=\"canonical\" href=\"https:\/\/www.pressenza.com\/es\/2009\/10\/gorbachov-felicita-a-obama-por-el-nobel-de-la-paz\/\" \/>\n<meta property=\"og:locale\" content=\"es_ES\" \/>\n<meta property=\"og:type\" content=\"article\" \/>\n<meta property=\"og:title\" content=\"Gorbachov felicita a Obama por el Nobel de la Paz\" \/>\n<meta property=\"og:description\" content=\"Publicamos aqu\u00ed la carta abierta de Mijail Gorbachov al presidente de Estados Unidos felicit\u00e1ndole por sus esfuerzos para generar un significativo cambio en el clima internacional y por haber recibido el Premio Nobel de la Paz 2009; en ella tambi\u00e9n pide el apoyo de los estadounidenses y de todos los hombres y mujeres de buena voluntad del mundo\" \/>\n<meta property=\"og:url\" content=\"https:\/\/www.pressenza.com\/es\/2009\/10\/gorbachov-felicita-a-obama-por-el-nobel-de-la-paz\/\" \/>\n<meta property=\"og:site_name\" content=\"Pressenza\" \/>\n<meta property=\"article:publisher\" content=\"https:\/\/www.facebook.com\/PressenzaItalia\" \/>\n<meta property=\"article:author\" content=\"https:\/\/www.facebook.com\/pressenza\" \/>\n<meta property=\"article:published_time\" content=\"2009-10-20T00:00:00+00:00\" \/>\n<meta property=\"article:modified_time\" content=\"2009-10-23T11:24:21+00:00\" \/>\n<meta name=\"author\" content=\"Pressenza IPA\" \/>\n<meta name=\"twitter:card\" content=\"summary_large_image\" \/>\n<meta name=\"twitter:creator\" content=\"@PressenzaIPA\" \/>\n<meta name=\"twitter:site\" content=\"@PressenzaIPA\" \/>\n<meta name=\"twitter:label1\" content=\"Escrito por\" \/>\n\t<meta name=\"twitter:data1\" content=\"Pressenza IPA\" \/>\n\t<meta name=\"twitter:label2\" content=\"Tiempo de lectura\" \/>\n\t<meta name=\"twitter:data2\" content=\"1 minuto\" \/>\n<script type=\"application\/ld+json\" class=\"yoast-schema-graph\">{\"@context\":\"https:\/\/schema.org\",\"@graph\":[{\"@type\":\"Article\",\"@id\":\"https:\/\/www.pressenza.com\/es\/2009\/10\/gorbachov-felicita-a-obama-por-el-nobel-de-la-paz\/#article\",\"isPartOf\":{\"@id\":\"https:\/\/www.pressenza.com\/es\/2009\/10\/gorbachov-felicita-a-obama-por-el-nobel-de-la-paz\/\"},\"author\":{\"name\":\"Pressenza IPA\",\"@id\":\"https:\/\/www.pressenza.com\/es\/#\/schema\/person\/010e5d02bcf40965427a1289a4cc8d75\"},\"headline\":\"Gorbachov felicita a Obama por el Nobel de la Paz\",\"datePublished\":\"2009-10-20T00:00:00+00:00\",\"dateModified\":\"2009-10-23T11:24:21+00:00\",\"mainEntityOfPage\":{\"@id\":\"https:\/\/www.pressenza.com\/es\/2009\/10\/gorbachov-felicita-a-obama-por-el-nobel-de-la-paz\/\"},\"wordCount\":211,\"publisher\":{\"@id\":\"https:\/\/www.pressenza.com\/es\/#organization\"},\"articleSection\":[\"Europa\",\"Internacional\",\"Opiniones\",\"Pol\u00edtica\"],\"inLanguage\":\"es\"},{\"@type\":\"WebPage\",\"@id\":\"https:\/\/www.pressenza.com\/es\/2009\/10\/gorbachov-felicita-a-obama-por-el-nobel-de-la-paz\/\",\"url\":\"https:\/\/www.pressenza.com\/es\/2009\/10\/gorbachov-felicita-a-obama-por-el-nobel-de-la-paz\/\",\"name\":\"Gorbachov felicita a Obama por el Nobel de la Paz\",\"isPartOf\":{\"@id\":\"https:\/\/www.pressenza.com\/es\/#website\"},\"datePublished\":\"2009-10-20T00:00:00+00:00\",\"dateModified\":\"2009-10-23T11:24:21+00:00\",\"description\":\"Publicamos aqu\u00ed la carta abierta de Mijail Gorbachov al presidente de Estados Unidos felicit\u00e1ndole por sus esfuerzos para generar un significativo cambio en el clima internacional y por haber recibido el Premio Nobel de la Paz 2009; en ella tambi\u00e9n pide el apoyo de los estadounidenses y de todos los hombres y mujeres de buena voluntad del mundo\",\"breadcrumb\":{\"@id\":\"https:\/\/www.pressenza.com\/es\/2009\/10\/gorbachov-felicita-a-obama-por-el-nobel-de-la-paz\/#breadcrumb\"},\"inLanguage\":\"es\",\"potentialAction\":[{\"@type\":\"ReadAction\",\"target\":[\"https:\/\/www.pressenza.com\/es\/2009\/10\/gorbachov-felicita-a-obama-por-el-nobel-de-la-paz\/\"]}]},{\"@type\":\"BreadcrumbList\",\"@id\":\"https:\/\/www.pressenza.com\/es\/2009\/10\/gorbachov-felicita-a-obama-por-el-nobel-de-la-paz\/#breadcrumb\",\"itemListElement\":[{\"@type\":\"ListItem\",\"position\":1,\"name\":\"Accueil\",\"item\":\"https:\/\/www.pressenza.com\/es\/\"},{\"@type\":\"ListItem\",\"position\":2,\"name\":\"Gorbachov felicita a Obama por el Nobel de la Paz\"}]},{\"@type\":\"WebSite\",\"@id\":\"https:\/\/www.pressenza.com\/es\/#website\",\"url\":\"https:\/\/www.pressenza.com\/es\/\",\"name\":\"Pressenza\",\"description\":\"International Press Agency\",\"publisher\":{\"@id\":\"https:\/\/www.pressenza.com\/es\/#organization\"},\"potentialAction\":[{\"@type\":\"SearchAction\",\"target\":{\"@type\":\"EntryPoint\",\"urlTemplate\":\"https:\/\/www.pressenza.com\/es\/?s={search_term_string}\"},\"query-input\":{\"@type\":\"PropertyValueSpecification\",\"valueRequired\":true,\"valueName\":\"search_term_string\"}}],\"inLanguage\":\"es\"},{\"@type\":\"Organization\",\"@id\":\"https:\/\/www.pressenza.com\/es\/#organization\",\"name\":\"Pressenza\",\"url\":\"https:\/\/www.pressenza.com\/es\/\",\"logo\":{\"@type\":\"ImageObject\",\"inLanguage\":\"es\",\"@id\":\"https:\/\/www.pressenza.com\/es\/#\/schema\/logo\/image\/\",\"url\":\"https:\/\/www.pressenza.com\/wp-content\/uploads\/2022\/10\/pressenza_logo_200x200.jpg\",\"contentUrl\":\"https:\/\/www.pressenza.com\/wp-content\/uploads\/2022\/10\/pressenza_logo_200x200.jpg\",\"width\":200,\"height\":200,\"caption\":\"Pressenza\"},\"image\":{\"@id\":\"https:\/\/www.pressenza.com\/es\/#\/schema\/logo\/image\/\"},\"sameAs\":[\"https:\/\/www.facebook.com\/PressenzaItalia\",\"https:\/\/x.com\/PressenzaIPA\"]},{\"@type\":\"Person\",\"@id\":\"https:\/\/www.pressenza.com\/es\/#\/schema\/person\/010e5d02bcf40965427a1289a4cc8d75\",\"name\":\"Pressenza IPA\",\"description\":\"News from Pressenza IPA correspondents\",\"sameAs\":[\"https:\/\/www.facebook.com\/pressenza\",\"https:\/\/x.com\/PressenzaIPA\"],\"url\":\"https:\/\/www.pressenza.com\/es\/author\/pressenza-ipa\/\"}]}<\/script>\n<!-- \/ Yoast SEO plugin. -->","yoast_head_json":{"title":"Gorbachov felicita a Obama por el Nobel de la Paz","description":"Publicamos aqu\u00ed la carta abierta de Mijail Gorbachov al presidente de Estados Unidos felicit\u00e1ndole por sus esfuerzos para generar un significativo cambio en el clima internacional y por haber recibido el Premio Nobel de la Paz 2009; en ella tambi\u00e9n pide el apoyo de los estadounidenses y de todos los hombres y mujeres de buena voluntad del mundo","robots":{"index":"index","follow":"follow","max-snippet":"max-snippet:-1","max-image-preview":"max-image-preview:large","max-video-preview":"max-video-preview:-1"},"canonical":"https:\/\/www.pressenza.com\/es\/2009\/10\/gorbachov-felicita-a-obama-por-el-nobel-de-la-paz\/","og_locale":"es_ES","og_type":"article","og_title":"Gorbachov felicita a Obama por el Nobel de la Paz","og_description":"Publicamos aqu\u00ed la carta abierta de Mijail Gorbachov al presidente de Estados Unidos felicit\u00e1ndole por sus esfuerzos para generar un significativo cambio en el clima internacional y por haber recibido el Premio Nobel de la Paz 2009; en ella tambi\u00e9n pide el apoyo de los estadounidenses y de todos los hombres y mujeres de buena voluntad del mundo","og_url":"https:\/\/www.pressenza.com\/es\/2009\/10\/gorbachov-felicita-a-obama-por-el-nobel-de-la-paz\/","og_site_name":"Pressenza","article_publisher":"https:\/\/www.facebook.com\/PressenzaItalia","article_author":"https:\/\/www.facebook.com\/pressenza","article_published_time":"2009-10-20T00:00:00+00:00","article_modified_time":"2009-10-23T11:24:21+00:00","author":"Pressenza IPA","twitter_card":"summary_large_image","twitter_creator":"@PressenzaIPA","twitter_site":"@PressenzaIPA","twitter_misc":{"Escrito por":"Pressenza IPA","Tiempo de lectura":"1 minuto"},"schema":{"@context":"https:\/\/schema.org","@graph":[{"@type":"Article","@id":"https:\/\/www.pressenza.com\/es\/2009\/10\/gorbachov-felicita-a-obama-por-el-nobel-de-la-paz\/#article","isPartOf":{"@id":"https:\/\/www.pressenza.com\/es\/2009\/10\/gorbachov-felicita-a-obama-por-el-nobel-de-la-paz\/"},"author":{"name":"Pressenza IPA","@id":"https:\/\/www.pressenza.com\/es\/#\/schema\/person\/010e5d02bcf40965427a1289a4cc8d75"},"headline":"Gorbachov felicita a Obama por el Nobel de la Paz","datePublished":"2009-10-20T00:00:00+00:00","dateModified":"2009-10-23T11:24:21+00:00","mainEntityOfPage":{"@id":"https:\/\/www.pressenza.com\/es\/2009\/10\/gorbachov-felicita-a-obama-por-el-nobel-de-la-paz\/"},"wordCount":211,"publisher":{"@id":"https:\/\/www.pressenza.com\/es\/#organization"},"articleSection":["Europa","Internacional","Opiniones","Pol\u00edtica"],"inLanguage":"es"},{"@type":"WebPage","@id":"https:\/\/www.pressenza.com\/es\/2009\/10\/gorbachov-felicita-a-obama-por-el-nobel-de-la-paz\/","url":"https:\/\/www.pressenza.com\/es\/2009\/10\/gorbachov-felicita-a-obama-por-el-nobel-de-la-paz\/","name":"Gorbachov felicita a Obama por el Nobel de la Paz","isPartOf":{"@id":"https:\/\/www.pressenza.com\/es\/#website"},"datePublished":"2009-10-20T00:00:00+00:00","dateModified":"2009-10-23T11:24:21+00:00","description":"Publicamos aqu\u00ed la carta abierta de Mijail Gorbachov al presidente de Estados Unidos felicit\u00e1ndole por sus esfuerzos para generar un significativo cambio en el clima internacional y por haber recibido el Premio Nobel de la Paz 2009; en ella tambi\u00e9n pide el apoyo de los estadounidenses y de todos los hombres y mujeres de buena voluntad del mundo","breadcrumb":{"@id":"https:\/\/www.pressenza.com\/es\/2009\/10\/gorbachov-felicita-a-obama-por-el-nobel-de-la-paz\/#breadcrumb"},"inLanguage":"es","potentialAction":[{"@type":"ReadAction","target":["https:\/\/www.pressenza.com\/es\/2009\/10\/gorbachov-felicita-a-obama-por-el-nobel-de-la-paz\/"]}]},{"@type":"BreadcrumbList","@id":"https:\/\/www.pressenza.com\/es\/2009\/10\/gorbachov-felicita-a-obama-por-el-nobel-de-la-paz\/#breadcrumb","itemListElement":[{"@type":"ListItem","position":1,"name":"Accueil","item":"https:\/\/www.pressenza.com\/es\/"},{"@type":"ListItem","position":2,"name":"Gorbachov felicita a Obama por el Nobel de la Paz"}]},{"@type":"WebSite","@id":"https:\/\/www.pressenza.com\/es\/#website","url":"https:\/\/www.pressenza.com\/es\/","name":"Pressenza","description":"International Press Agency","publisher":{"@id":"https:\/\/www.pressenza.com\/es\/#organization"},"potentialAction":[{"@type":"SearchAction","target":{"@type":"EntryPoint","urlTemplate":"https:\/\/www.pressenza.com\/es\/?s={search_term_string}"},"query-input":{"@type":"PropertyValueSpecification","valueRequired":true,"valueName":"search_term_string"}}],"inLanguage":"es"},{"@type":"Organization","@id":"https:\/\/www.pressenza.com\/es\/#organization","name":"Pressenza","url":"https:\/\/www.pressenza.com\/es\/","logo":{"@type":"ImageObject","inLanguage":"es","@id":"https:\/\/www.pressenza.com\/es\/#\/schema\/logo\/image\/","url":"https:\/\/www.pressenza.com\/wp-content\/uploads\/2022\/10\/pressenza_logo_200x200.jpg","contentUrl":"https:\/\/www.pressenza.com\/wp-content\/uploads\/2022\/10\/pressenza_logo_200x200.jpg","width":200,"height":200,"caption":"Pressenza"},"image":{"@id":"https:\/\/www.pressenza.com\/es\/#\/schema\/logo\/image\/"},"sameAs":["https:\/\/www.facebook.com\/PressenzaItalia","https:\/\/x.com\/PressenzaIPA"]},{"@type":"Person","@id":"https:\/\/www.pressenza.com\/es\/#\/schema\/person\/010e5d02bcf40965427a1289a4cc8d75","name":"Pressenza IPA","description":"News from Pressenza IPA correspondents","sameAs":["https:\/\/www.facebook.com\/pressenza","https:\/\/x.com\/PressenzaIPA"],"url":"https:\/\/www.pressenza.com\/es\/author\/pressenza-ipa\/"}]}},"place":"Mosc\u00fa","original_article_url":"","_links":{"self":[{"href":"https:\/\/www.pressenza.com\/es\/wp-json\/wp\/v2\/posts\/1853","targetHints":{"allow":["GET"]}}],"collection":[{"href":"https:\/\/www.pressenza.com\/es\/wp-json\/wp\/v2\/posts"}],"about":[{"href":"https:\/\/www.pressenza.com\/es\/wp-json\/wp\/v2\/types\/post"}],"author":[{"embeddable":true,"href":"https:\/\/www.pressenza.com\/es\/wp-json\/wp\/v2\/users\/19"}],"replies":[{"embeddable":true,"href":"https:\/\/www.pressenza.com\/es\/wp-json\/wp\/v2\/comments?post=1853"}],"version-history":[{"count":0,"href":"https:\/\/www.pressenza.com\/es\/wp-json\/wp\/v2\/posts\/1853\/revisions"}],"wp:attachment":[{"href":"https:\/\/www.pressenza.com\/es\/wp-json\/wp\/v2\/media?parent=1853"}],"wp:term":[{"taxonomy":"category","embeddable":true,"href":"https:\/\/www.pressenza.com\/es\/wp-json\/wp\/v2\/categories?post=1853"},{"taxonomy":"post_tag","embeddable":true,"href":"https:\/\/www.pressenza.com\/es\/wp-json\/wp\/v2\/tags?post=1853"}],"curies":[{"name":"wp","href":"https:\/\/api.w.org\/{rel}","templated":true}]}}