{"id":185020,"date":"2015-05-14T16:31:30","date_gmt":"2015-05-14T15:31:30","guid":{"rendered":"http:\/\/www.pressenza.com\/?p=185020"},"modified":"2015-05-14T16:31:30","modified_gmt":"2015-05-14T15:31:30","slug":"1ra-marcha-por-el-compartir","status":"publish","type":"post","link":"https:\/\/www.pressenza.com\/es\/2015\/05\/1ra-marcha-por-el-compartir\/","title":{"rendered":"1ra Marcha por el Compartir"},"content":{"rendered":"<p style=\"text-align: center;\"><strong>Comunicado de prensa<\/strong><\/p>\n<p style=\"text-align: justify;\">Nadie ignora ya que 1,6 millones de personas en el mundo viven en la pobreza, seg\u00fan un reciente estudio sobre la pobreza realizado por Oxford y Human Development Initiatives.<\/p>\n<p style=\"text-align: justify;\">Nadie ignora ya que m\u00e1s de 1 mil millones de personas en todo el mundo (uno de cada seis) se ven afectados por el flagelo del hambre, de que dos de cada tres personas viven en la pobreza, y que cada tres segundos un ni\u00f1o muere debido a pobreza extrema en el mundo.<\/p>\n<p style=\"text-align: justify;\">Nadie ignora ya que mil millones de seres humanos viven con menos de un d\u00f3lar al d\u00eda, y 2,8 mil millones de personas, casi la mitad de la poblaci\u00f3n mundial, viven con menos de 2 d\u00f3lares al d\u00eda.<\/p>\n<p style=\"text-align: justify;\">Nadie ignora ya que el 20% de la poblaci\u00f3n mundial posee el 90% de la riqueza, que las mujeres ganan 25% menos que los hombres, teniendo ellas las mismas habilidades, que m\u00e1s de mil millones de personas no tienen acceso a agua potable&#8230;<\/p>\n<p style=\"text-align: justify;\">La Asamblea General de la ONU decidi\u00f3 crear y hacer justiciable un nuevo Derecho Humano: el derecho a la alimentaci\u00f3n.<\/p>\n<p style=\"text-align: justify;\">Los problemas son m\u00faltiples: pol\u00edticos, econ\u00f3micos, ecol\u00f3gicos, sociol\u00f3gicos, salud&#8230; Pero ahora son un asunto de todos, y no solo de los especialistas. Todos estamos preocupados, cada uno al nivel propio.<\/p>\n<p style=\"text-align: justify;\">Le partage engendre les justes relations, et la paix ne peut aboutir qu\u2019\u00e0 partir du moment o\u00f9 il y a de justes relations.<\/p>\n<p style=\"text-align: justify;\">El compartir produce correctas relaciones, y la paz solo puede tener un lugar a partir del momento en que hay correctas relaciones.<\/p>\n<p style=\"text-align: justify;\"><strong>\u00bfQu\u00e9 hacer?<\/strong><\/p>\n<p style=\"text-align: justify;\"><strong>\u00bfY si el compartir fuera la soluci\u00f3n?<\/strong><\/p>\n<p style=\"text-align: justify;\">Esta marcha refleja la voluntad de las personas de hoy para desarrollar una tendencia que se afirme cada vez m\u00e1s en el compartir y en la cooperaci\u00f3n.<\/p>\n<p style=\"text-align: justify;\">Venga a marchar por el Compartir el Domingo 7 de junio de 2015.<\/p>\n<p style=\"text-align: justify;\">Salida: Plaza de la Rep\u00fablica a las 14:00 hrs, actos programados (flash mob&#8230;) al llegar a la Plaza del Ayuntamiento a las 17 h 45 en la. Fin de la manifestaci\u00f3n a las 18:30 hrs.<\/p>\n<p><iframe loading=\"lazy\" title=\"1re marche pour le partage\" width=\"500\" height=\"375\" src=\"https:\/\/www.youtube.com\/embed\/x8BOPSwkfMk?feature=oembed\" frameborder=\"0\" allow=\"accelerometer; autoplay; clipboard-write; encrypted-media; gyroscope; picture-in-picture; web-share\" referrerpolicy=\"strict-origin-when-cross-origin\" allowfullscreen><\/iframe><\/p>\n<p>M\u00e1s informaci\u00f3n:<\/p>\n<p><a href=\"http:\/\/www.facebook.com\/la.marche.pour.le.partage\">http:\/\/www.facebook.com\/la.marche.pour.le.partage<\/a><\/p>\n<p><a href=\"http:\/\/marche-pour-le-partage.org\/index.php\">http:\/\/marche-pour-le-partage.org\/index.php<\/a><\/p>\n","protected":false},"excerpt":{"rendered":"<p>Comunicado de prensa Nadie ignora ya que 1,6 millones de personas en el mundo viven en la pobreza, seg\u00fan un reciente estudio sobre la pobreza realizado por Oxford y Human Development Initiatives. Nadie ignora ya que m\u00e1s de 1 mil&hellip;<\/p>\n","protected":false},"author":926,"featured_media":184911,"comment_status":"closed","ping_status":"open","sticky":false,"template":"","format":"standard","meta":{"footnotes":""},"categories":[149,66,1240],"tags":[17512,16475],"class_list":["post-185020","post","type-post","status-publish","format-standard","has-post-thumbnail","hentry","category-comunicados-de-prensa","category-europa-es","category-humanismo-espiritualidad","tag-compartir","tag-marcha"],"yoast_head":"<!-- This site is optimized with the Yoast SEO plugin v27.1.1 - https:\/\/yoast.com\/product\/yoast-seo-wordpress\/ -->\n<title>1ra Marcha por el Compartir<\/title>\n<meta name=\"description\" content=\"Comunicado de prensa Nadie ignora ya que 1,6 millones de personas en el mundo viven en la pobreza, seg\u00fan un reciente estudio sobre la pobreza realizado\" \/>\n<meta name=\"robots\" content=\"index, follow, max-snippet:-1, max-image-preview:large, max-video-preview:-1\" \/>\n<link rel=\"canonical\" href=\"https:\/\/www.pressenza.com\/es\/2015\/05\/1ra-marcha-por-el-compartir\/\" \/>\n<meta property=\"og:locale\" content=\"es_ES\" \/>\n<meta property=\"og:type\" content=\"article\" \/>\n<meta property=\"og:title\" content=\"1ra Marcha por el Compartir\" \/>\n<meta property=\"og:description\" content=\"Comunicado de prensa Nadie ignora ya que 1,6 millones de personas en el mundo viven en la pobreza, seg\u00fan un reciente estudio sobre la pobreza realizado\" \/>\n<meta property=\"og:url\" content=\"https:\/\/www.pressenza.com\/es\/2015\/05\/1ra-marcha-por-el-compartir\/\" \/>\n<meta property=\"og:site_name\" content=\"Pressenza\" \/>\n<meta property=\"article:publisher\" content=\"https:\/\/www.facebook.com\/PressenzaItalia\" \/>\n<meta property=\"article:published_time\" content=\"2015-05-14T15:31:30+00:00\" \/>\n<meta property=\"og:image\" content=\"https:\/\/www.pressenza.com\/wp-content\/uploads\/2015\/05\/1re-Marche-pour-le-partage.jpg\" \/>\n\t<meta property=\"og:image:width\" content=\"712\" \/>\n\t<meta property=\"og:image:height\" content=\"519\" \/>\n\t<meta property=\"og:image:type\" content=\"image\/jpeg\" \/>\n<meta name=\"author\" content=\"R\u00e9daction France\" \/>\n<meta name=\"twitter:card\" content=\"summary_large_image\" \/>\n<meta name=\"twitter:creator\" content=\"@PressenzaIPA\" \/>\n<meta name=\"twitter:site\" content=\"@PressenzaIPA\" \/>\n<meta name=\"twitter:label1\" content=\"Escrito por\" \/>\n\t<meta name=\"twitter:data1\" content=\"R\u00e9daction France\" \/>\n\t<meta name=\"twitter:label2\" content=\"Tiempo de lectura\" \/>\n\t<meta name=\"twitter:data2\" content=\"2 minutos\" \/>\n<script type=\"application\/ld+json\" class=\"yoast-schema-graph\">{\"@context\":\"https:\/\/schema.org\",\"@graph\":[{\"@type\":\"Article\",\"@id\":\"https:\/\/www.pressenza.com\/es\/2015\/05\/1ra-marcha-por-el-compartir\/#article\",\"isPartOf\":{\"@id\":\"https:\/\/www.pressenza.com\/es\/2015\/05\/1ra-marcha-por-el-compartir\/\"},\"author\":{\"name\":\"R\u00e9daction France\",\"@id\":\"https:\/\/www.pressenza.com\/es\/#\/schema\/person\/3c9fe6670cc2cffbd37562f87b98e869\"},\"headline\":\"1ra Marcha por el Compartir\",\"datePublished\":\"2015-05-14T15:31:30+00:00\",\"mainEntityOfPage\":{\"@id\":\"https:\/\/www.pressenza.com\/es\/2015\/05\/1ra-marcha-por-el-compartir\/\"},\"wordCount\":386,\"publisher\":{\"@id\":\"https:\/\/www.pressenza.com\/es\/#organization\"},\"image\":{\"@id\":\"https:\/\/www.pressenza.com\/es\/2015\/05\/1ra-marcha-por-el-compartir\/#primaryimage\"},\"thumbnailUrl\":\"https:\/\/www.pressenza.com\/wp-content\/uploads\/2015\/05\/1re-Marche-pour-le-partage.jpg\",\"keywords\":[\"Compartir\",\"Marcha\"],\"articleSection\":[\"Comunicados de Prensa\",\"Europa\",\"Humanismo y Espiritualidad\"],\"inLanguage\":\"es\"},{\"@type\":\"WebPage\",\"@id\":\"https:\/\/www.pressenza.com\/es\/2015\/05\/1ra-marcha-por-el-compartir\/\",\"url\":\"https:\/\/www.pressenza.com\/es\/2015\/05\/1ra-marcha-por-el-compartir\/\",\"name\":\"1ra Marcha por el Compartir\",\"isPartOf\":{\"@id\":\"https:\/\/www.pressenza.com\/es\/#website\"},\"primaryImageOfPage\":{\"@id\":\"https:\/\/www.pressenza.com\/es\/2015\/05\/1ra-marcha-por-el-compartir\/#primaryimage\"},\"image\":{\"@id\":\"https:\/\/www.pressenza.com\/es\/2015\/05\/1ra-marcha-por-el-compartir\/#primaryimage\"},\"thumbnailUrl\":\"https:\/\/www.pressenza.com\/wp-content\/uploads\/2015\/05\/1re-Marche-pour-le-partage.jpg\",\"datePublished\":\"2015-05-14T15:31:30+00:00\",\"description\":\"Comunicado de prensa Nadie ignora ya que 1,6 millones de personas en el mundo viven en la pobreza, seg\u00fan un reciente estudio sobre la pobreza realizado\",\"breadcrumb\":{\"@id\":\"https:\/\/www.pressenza.com\/es\/2015\/05\/1ra-marcha-por-el-compartir\/#breadcrumb\"},\"inLanguage\":\"es\",\"potentialAction\":[{\"@type\":\"ReadAction\",\"target\":[\"https:\/\/www.pressenza.com\/es\/2015\/05\/1ra-marcha-por-el-compartir\/\"]}]},{\"@type\":\"ImageObject\",\"inLanguage\":\"es\",\"@id\":\"https:\/\/www.pressenza.com\/es\/2015\/05\/1ra-marcha-por-el-compartir\/#primaryimage\",\"url\":\"https:\/\/www.pressenza.com\/wp-content\/uploads\/2015\/05\/1re-Marche-pour-le-partage.jpg\",\"contentUrl\":\"https:\/\/www.pressenza.com\/wp-content\/uploads\/2015\/05\/1re-Marche-pour-le-partage.jpg\",\"width\":712,\"height\":519},{\"@type\":\"BreadcrumbList\",\"@id\":\"https:\/\/www.pressenza.com\/es\/2015\/05\/1ra-marcha-por-el-compartir\/#breadcrumb\",\"itemListElement\":[{\"@type\":\"ListItem\",\"position\":1,\"name\":\"Accueil\",\"item\":\"https:\/\/www.pressenza.com\/es\/\"},{\"@type\":\"ListItem\",\"position\":2,\"name\":\"1ra Marcha por el Compartir\"}]},{\"@type\":\"WebSite\",\"@id\":\"https:\/\/www.pressenza.com\/es\/#website\",\"url\":\"https:\/\/www.pressenza.com\/es\/\",\"name\":\"Pressenza\",\"description\":\"International Press Agency\",\"publisher\":{\"@id\":\"https:\/\/www.pressenza.com\/es\/#organization\"},\"potentialAction\":[{\"@type\":\"SearchAction\",\"target\":{\"@type\":\"EntryPoint\",\"urlTemplate\":\"https:\/\/www.pressenza.com\/es\/?s={search_term_string}\"},\"query-input\":{\"@type\":\"PropertyValueSpecification\",\"valueRequired\":true,\"valueName\":\"search_term_string\"}}],\"inLanguage\":\"es\"},{\"@type\":\"Organization\",\"@id\":\"https:\/\/www.pressenza.com\/es\/#organization\",\"name\":\"Pressenza\",\"url\":\"https:\/\/www.pressenza.com\/es\/\",\"logo\":{\"@type\":\"ImageObject\",\"inLanguage\":\"es\",\"@id\":\"https:\/\/www.pressenza.com\/es\/#\/schema\/logo\/image\/\",\"url\":\"https:\/\/www.pressenza.com\/wp-content\/uploads\/2022\/10\/pressenza_logo_200x200.jpg\",\"contentUrl\":\"https:\/\/www.pressenza.com\/wp-content\/uploads\/2022\/10\/pressenza_logo_200x200.jpg\",\"width\":200,\"height\":200,\"caption\":\"Pressenza\"},\"image\":{\"@id\":\"https:\/\/www.pressenza.com\/es\/#\/schema\/logo\/image\/\"},\"sameAs\":[\"https:\/\/www.facebook.com\/PressenzaItalia\",\"https:\/\/x.com\/PressenzaIPA\"]},{\"@type\":\"Person\",\"@id\":\"https:\/\/www.pressenza.com\/es\/#\/schema\/person\/3c9fe6670cc2cffbd37562f87b98e869\",\"name\":\"R\u00e9daction France\",\"description\":\"News published by the Pressenza bureau in France\",\"sameAs\":[\"http:\/\/www.pressenza.com\/fr\"],\"url\":\"https:\/\/www.pressenza.com\/es\/author\/redactionfrance\/\"}]}<\/script>\n<!-- \/ Yoast SEO plugin. -->","yoast_head_json":{"title":"1ra Marcha por el Compartir","description":"Comunicado de prensa Nadie ignora ya que 1,6 millones de personas en el mundo viven en la pobreza, seg\u00fan un reciente estudio sobre la pobreza realizado","robots":{"index":"index","follow":"follow","max-snippet":"max-snippet:-1","max-image-preview":"max-image-preview:large","max-video-preview":"max-video-preview:-1"},"canonical":"https:\/\/www.pressenza.com\/es\/2015\/05\/1ra-marcha-por-el-compartir\/","og_locale":"es_ES","og_type":"article","og_title":"1ra Marcha por el Compartir","og_description":"Comunicado de prensa Nadie ignora ya que 1,6 millones de personas en el mundo viven en la pobreza, seg\u00fan un reciente estudio sobre la pobreza realizado","og_url":"https:\/\/www.pressenza.com\/es\/2015\/05\/1ra-marcha-por-el-compartir\/","og_site_name":"Pressenza","article_publisher":"https:\/\/www.facebook.com\/PressenzaItalia","article_published_time":"2015-05-14T15:31:30+00:00","og_image":[{"width":712,"height":519,"url":"https:\/\/www.pressenza.com\/wp-content\/uploads\/2015\/05\/1re-Marche-pour-le-partage.jpg","type":"image\/jpeg"}],"author":"R\u00e9daction France","twitter_card":"summary_large_image","twitter_creator":"@PressenzaIPA","twitter_site":"@PressenzaIPA","twitter_misc":{"Escrito por":"R\u00e9daction France","Tiempo de lectura":"2 minutos"},"schema":{"@context":"https:\/\/schema.org","@graph":[{"@type":"Article","@id":"https:\/\/www.pressenza.com\/es\/2015\/05\/1ra-marcha-por-el-compartir\/#article","isPartOf":{"@id":"https:\/\/www.pressenza.com\/es\/2015\/05\/1ra-marcha-por-el-compartir\/"},"author":{"name":"R\u00e9daction France","@id":"https:\/\/www.pressenza.com\/es\/#\/schema\/person\/3c9fe6670cc2cffbd37562f87b98e869"},"headline":"1ra Marcha por el Compartir","datePublished":"2015-05-14T15:31:30+00:00","mainEntityOfPage":{"@id":"https:\/\/www.pressenza.com\/es\/2015\/05\/1ra-marcha-por-el-compartir\/"},"wordCount":386,"publisher":{"@id":"https:\/\/www.pressenza.com\/es\/#organization"},"image":{"@id":"https:\/\/www.pressenza.com\/es\/2015\/05\/1ra-marcha-por-el-compartir\/#primaryimage"},"thumbnailUrl":"https:\/\/www.pressenza.com\/wp-content\/uploads\/2015\/05\/1re-Marche-pour-le-partage.jpg","keywords":["Compartir","Marcha"],"articleSection":["Comunicados de Prensa","Europa","Humanismo y Espiritualidad"],"inLanguage":"es"},{"@type":"WebPage","@id":"https:\/\/www.pressenza.com\/es\/2015\/05\/1ra-marcha-por-el-compartir\/","url":"https:\/\/www.pressenza.com\/es\/2015\/05\/1ra-marcha-por-el-compartir\/","name":"1ra Marcha por el Compartir","isPartOf":{"@id":"https:\/\/www.pressenza.com\/es\/#website"},"primaryImageOfPage":{"@id":"https:\/\/www.pressenza.com\/es\/2015\/05\/1ra-marcha-por-el-compartir\/#primaryimage"},"image":{"@id":"https:\/\/www.pressenza.com\/es\/2015\/05\/1ra-marcha-por-el-compartir\/#primaryimage"},"thumbnailUrl":"https:\/\/www.pressenza.com\/wp-content\/uploads\/2015\/05\/1re-Marche-pour-le-partage.jpg","datePublished":"2015-05-14T15:31:30+00:00","description":"Comunicado de prensa Nadie ignora ya que 1,6 millones de personas en el mundo viven en la pobreza, seg\u00fan un reciente estudio sobre la pobreza realizado","breadcrumb":{"@id":"https:\/\/www.pressenza.com\/es\/2015\/05\/1ra-marcha-por-el-compartir\/#breadcrumb"},"inLanguage":"es","potentialAction":[{"@type":"ReadAction","target":["https:\/\/www.pressenza.com\/es\/2015\/05\/1ra-marcha-por-el-compartir\/"]}]},{"@type":"ImageObject","inLanguage":"es","@id":"https:\/\/www.pressenza.com\/es\/2015\/05\/1ra-marcha-por-el-compartir\/#primaryimage","url":"https:\/\/www.pressenza.com\/wp-content\/uploads\/2015\/05\/1re-Marche-pour-le-partage.jpg","contentUrl":"https:\/\/www.pressenza.com\/wp-content\/uploads\/2015\/05\/1re-Marche-pour-le-partage.jpg","width":712,"height":519},{"@type":"BreadcrumbList","@id":"https:\/\/www.pressenza.com\/es\/2015\/05\/1ra-marcha-por-el-compartir\/#breadcrumb","itemListElement":[{"@type":"ListItem","position":1,"name":"Accueil","item":"https:\/\/www.pressenza.com\/es\/"},{"@type":"ListItem","position":2,"name":"1ra Marcha por el Compartir"}]},{"@type":"WebSite","@id":"https:\/\/www.pressenza.com\/es\/#website","url":"https:\/\/www.pressenza.com\/es\/","name":"Pressenza","description":"International Press Agency","publisher":{"@id":"https:\/\/www.pressenza.com\/es\/#organization"},"potentialAction":[{"@type":"SearchAction","target":{"@type":"EntryPoint","urlTemplate":"https:\/\/www.pressenza.com\/es\/?s={search_term_string}"},"query-input":{"@type":"PropertyValueSpecification","valueRequired":true,"valueName":"search_term_string"}}],"inLanguage":"es"},{"@type":"Organization","@id":"https:\/\/www.pressenza.com\/es\/#organization","name":"Pressenza","url":"https:\/\/www.pressenza.com\/es\/","logo":{"@type":"ImageObject","inLanguage":"es","@id":"https:\/\/www.pressenza.com\/es\/#\/schema\/logo\/image\/","url":"https:\/\/www.pressenza.com\/wp-content\/uploads\/2022\/10\/pressenza_logo_200x200.jpg","contentUrl":"https:\/\/www.pressenza.com\/wp-content\/uploads\/2022\/10\/pressenza_logo_200x200.jpg","width":200,"height":200,"caption":"Pressenza"},"image":{"@id":"https:\/\/www.pressenza.com\/es\/#\/schema\/logo\/image\/"},"sameAs":["https:\/\/www.facebook.com\/PressenzaItalia","https:\/\/x.com\/PressenzaIPA"]},{"@type":"Person","@id":"https:\/\/www.pressenza.com\/es\/#\/schema\/person\/3c9fe6670cc2cffbd37562f87b98e869","name":"R\u00e9daction France","description":"News published by the Pressenza bureau in France","sameAs":["http:\/\/www.pressenza.com\/fr"],"url":"https:\/\/www.pressenza.com\/es\/author\/redactionfrance\/"}]}},"place":"","original_article_url":"","_links":{"self":[{"href":"https:\/\/www.pressenza.com\/es\/wp-json\/wp\/v2\/posts\/185020","targetHints":{"allow":["GET"]}}],"collection":[{"href":"https:\/\/www.pressenza.com\/es\/wp-json\/wp\/v2\/posts"}],"about":[{"href":"https:\/\/www.pressenza.com\/es\/wp-json\/wp\/v2\/types\/post"}],"author":[{"embeddable":true,"href":"https:\/\/www.pressenza.com\/es\/wp-json\/wp\/v2\/users\/926"}],"replies":[{"embeddable":true,"href":"https:\/\/www.pressenza.com\/es\/wp-json\/wp\/v2\/comments?post=185020"}],"version-history":[{"count":0,"href":"https:\/\/www.pressenza.com\/es\/wp-json\/wp\/v2\/posts\/185020\/revisions"}],"wp:featuredmedia":[{"embeddable":true,"href":"https:\/\/www.pressenza.com\/es\/wp-json\/wp\/v2\/media\/184911"}],"wp:attachment":[{"href":"https:\/\/www.pressenza.com\/es\/wp-json\/wp\/v2\/media?parent=185020"}],"wp:term":[{"taxonomy":"category","embeddable":true,"href":"https:\/\/www.pressenza.com\/es\/wp-json\/wp\/v2\/categories?post=185020"},{"taxonomy":"post_tag","embeddable":true,"href":"https:\/\/www.pressenza.com\/es\/wp-json\/wp\/v2\/tags?post=185020"}],"curies":[{"name":"wp","href":"https:\/\/api.w.org\/{rel}","templated":true}]}}