{"id":1844227,"date":"2024-05-11T00:03:15","date_gmt":"2024-05-10T23:03:15","guid":{"rendered":"https:\/\/www.pressenza.com\/?p=1844227"},"modified":"2024-05-11T00:03:15","modified_gmt":"2024-05-10T23:03:15","slug":"el-mensaje-de-silo-en-la-ruta-de-la-seda-samarcanda","status":"publish","type":"post","link":"https:\/\/www.pressenza.com\/es\/2024\/05\/el-mensaje-de-silo-en-la-ruta-de-la-seda-samarcanda\/","title":{"rendered":"El Mensaje de Silo en la Ruta de la Seda (Samarcanda)"},"content":{"rendered":"<p>En el recorrido por la ruta de la seda, que se conoce as\u00ed desde el siglo XIX porque algunos escritores comentaristas empezaron a hablar de este modo, en realidad los viajeros (Christophe, Toni, Adan y Eduardo) han visto que son rutas de comunicaci\u00f3n humana desde hace muchos miles de a\u00f1os donde Oriente y Occidente hac\u00edan sus intercambios comerciales usando estas v\u00edas de comunicaci\u00f3n.<\/p>\n<p>Las que se usaban eran las m\u00e1s f\u00e1ciles a fin de sortear los escollos geogr\u00e1ficos yendo por r\u00edos, valles, por zonas donde se pod\u00eda transitar y as\u00ed se iban estableciendo lugares de paso que luego dieron origen a concentraciones de comercio, lugares de descanso en los largos caminos y se fueron conformando en muchos miles de a\u00f1os distintos espacios con una gran concentraci\u00f3n humana que transit\u00f3 por esta ruta.<\/p>\n<p>Con la idea aprovechar aquellas por las que se difundi\u00f3 la cultura, el comercio, la espiritualidad y siguiendo los pasos de los antepasados, estos mensajeros salieron desde Roma e \u0130stanbul, para ir hasta la China, siguiendo por estos lugares significativos que acumulan memoria hist\u00f3rica.<\/p>\n<p>Buscan el intercambio de puntos de vista, algo tan necesario hoy en d\u00eda, dado el momento de cambio mundial en el que las creencias se tambalean y nuevos mitos est\u00e1n por aparecer. En esos intercambios, poder aportar la mirada silo\u00edsta.<\/p>\n<p>Al llegar a Samarcanda, lugar simb\u00f3lico, se pudo apreciar algo de la expresi\u00f3n de los momentos cumbre de su cultura, arte y espiritualidad.<\/p>\n<p>Samarcanda es una ciudad de Uzbekist\u00e1n ubicada en el centro del Asia. Hace 2.300 a\u00f1os lleg\u00f3 ac\u00e1 Alejandro Magno despu\u00e9s de hacerse con el \u00e1rea correspondiente al Imperio persa y egipcio y fue aqu\u00ed, en esta ciudad capital de la entonces Sogdiana, donde Alejandro conquist\u00f3 la antigua Afrosiad (actual Samarcanda) cas\u00e1ndose con la hija del s\u00e1trapa de Afrosiad.<\/p>\n<p>En estos lugares crecieron distintas culturas y la m\u00e1s desarrollada, m\u00e1s conocida, es la de un gran renacimiento art\u00edstico y cultural desde el siglo XIV al XVI de nuestra era, cuando en la \u00e9poca de Timur o Tamerl\u00e1n (siglo XIV) inici\u00f3 toda una dinast\u00eda, la dinast\u00eda timurica, ya que los descendientes de Timur iniciaron un gran proyecto art\u00edstico, cient\u00edfico, cultural trayendo al lugar y permitiendo la confluencia de artistas, cient\u00edficos, astr\u00f3nomos, matem\u00e1ticos, de distintas partes de su gran imperio que se desplegaba desde la China hasta Anatolia, desde Rusia hasta la India.<\/p>\n<p>Este imperio hereda el linaje del Gengis Kan. Timur se cas\u00f3 con una de las descendientes de la familia de Gengis Kan y adquiri\u00f3 as\u00ed la continuaci\u00f3n din\u00e1stica.<\/p>\n<p>Este emperador estableci\u00f3 la capital en Samarkanda, donde cre\u00f3 un centro cultural de una gran belleza, de una gran fuerza y con una importante expresi\u00f3n art\u00edstica.<\/p>\n<p>La t\u00e9cnica de la cer\u00e1mica esmaltada es muy antigua y podemos verla ya en la antigua Mesopotamia.<\/p>\n<p>Las expresiones de contenidos han ido variando con el tiempo, pero su modo de expresi\u00f3n est\u00e9tica y espiritual es a trav\u00e9s de la geometr\u00eda, en base a principios matem\u00e1ticos que no tienen representaci\u00f3n aleg\u00f3rica. Este desarrollo art\u00edstico espiritual profundo y conmovedor sigue llegando a mucha gente que concurre por razones de turismo, pero se asemejan a peregrinaciones para ver estos lugares de una gran belleza y una extraordinaria sensibilidad.<\/p>\n<p>La influencia de esta expresi\u00f3n art\u00edstica persa va a llegar hasta la India y al imperio Mongol, que sigue esta l\u00ednea art\u00edstica.<\/p>\n<p>Tomar contacto con la gente de estos lugares, que tiene estas co-presencias e intercambiar con ellos la propuesta del Silo\u00edsmo, produce una experiencia singular que resulta inspiradora, encajando muy bien con estas formas de expresi\u00f3n est\u00e9tica.<\/p>\n<p>Todas las fotograf\u00edas son de Gulnaz Jadigerova Tashkent<\/p>\n<div class=\"post-gallery\">\n\t\t\t<figure class=\"post-gallery-item\">\n\t\t\t\t<img decoding=\"async\" src=\"https:\/\/www.pressenza.com\/wp-content\/uploads\/2024\/05\/1-768x1024.jpeg\" loading=\"lazy\">\n\t\t\t\t<figcaption>\n\t\t\t\t\t\n\t\t\t\t<\/figcaption>\n\t\t\t<\/figure>\n\t\t\t<figure class=\"post-gallery-item\">\n\t\t\t\t<img decoding=\"async\" src=\"https:\/\/www.pressenza.com\/wp-content\/uploads\/2024\/05\/2-768x1024.jpeg\" loading=\"lazy\">\n\t\t\t\t<figcaption>\n\t\t\t\t\t\n\t\t\t\t<\/figcaption>\n\t\t\t<\/figure>\n\t\t\t<figure class=\"post-gallery-item\">\n\t\t\t\t<img decoding=\"async\" src=\"https:\/\/www.pressenza.com\/wp-content\/uploads\/2024\/05\/3-768x1024.jpeg\" loading=\"lazy\">\n\t\t\t\t<figcaption>\n\t\t\t\t\t\n\t\t\t\t<\/figcaption>\n\t\t\t<\/figure>\n\t\t\t<figure class=\"post-gallery-item\">\n\t\t\t\t<img decoding=\"async\" src=\"https:\/\/www.pressenza.com\/wp-content\/uploads\/2024\/05\/4-768x1024.jpeg\" loading=\"lazy\">\n\t\t\t\t<figcaption>\n\t\t\t\t\t\n\t\t\t\t<\/figcaption>\n\t\t\t<\/figure>\n\t\t\t<figure class=\"post-gallery-item\">\n\t\t\t\t<img decoding=\"async\" src=\"https:\/\/www.pressenza.com\/wp-content\/uploads\/2024\/05\/5-768x1024.jpeg\" loading=\"lazy\">\n\t\t\t\t<figcaption>\n\t\t\t\t\t\n\t\t\t\t<\/figcaption>\n\t\t\t<\/figure>\n\t\t\t<figure class=\"post-gallery-item\">\n\t\t\t\t<img decoding=\"async\" src=\"https:\/\/www.pressenza.com\/wp-content\/uploads\/2024\/05\/6-768x1024.jpeg\" loading=\"lazy\">\n\t\t\t\t<figcaption>\n\t\t\t\t\t\n\t\t\t\t<\/figcaption>\n\t\t\t<\/figure>\n\t\t\t<figure class=\"post-gallery-item\">\n\t\t\t\t<img decoding=\"async\" src=\"https:\/\/www.pressenza.com\/wp-content\/uploads\/2024\/05\/7-820x615.jpeg\" loading=\"lazy\">\n\t\t\t\t<figcaption>\n\t\t\t\t\t\n\t\t\t\t<\/figcaption>\n\t\t\t<\/figure>\n\t\t\t<figure class=\"post-gallery-item\">\n\t\t\t\t<img decoding=\"async\" src=\"https:\/\/www.pressenza.com\/wp-content\/uploads\/2024\/05\/8-1-768x1024.jpeg\" loading=\"lazy\">\n\t\t\t\t<figcaption>\n\t\t\t\t\t\n\t\t\t\t<\/figcaption>\n\t\t\t<\/figure>\n\t\t\t<figure class=\"post-gallery-item\">\n\t\t\t\t<img decoding=\"async\" src=\"https:\/\/www.pressenza.com\/wp-content\/uploads\/2024\/05\/9-768x1024.jpeg\" loading=\"lazy\">\n\t\t\t\t<figcaption>\n\t\t\t\t\t\n\t\t\t\t<\/figcaption>\n\t\t\t<\/figure><\/div>\n","protected":false},"excerpt":{"rendered":"<p>En el recorrido por la ruta de la seda, que se conoce as\u00ed desde el siglo XIX porque algunos escritores comentaristas empezaron a hablar de este modo, en realidad los viajeros (Christophe, Toni, Adan y Eduardo) han visto que son&hellip;<\/p>\n","protected":false},"author":19,"featured_media":1844230,"comment_status":"closed","ping_status":"closed","sticky":false,"template":"","format":"standard","meta":{"footnotes":""},"categories":[65,11389,5667,1240],"tags":[546,58144,122753],"class_list":["post-1844227","post","type-post","status-publish","format-standard","has-post-thumbnail","hentry","category-asia-es","category-contenido-original","category-foto-reportajes","category-humanismo-espiritualidad","tag-el-mensaje-de-silo","tag-ruta-de-la-seda","tag-samarcanda"],"yoast_head":"<!-- This site is optimized with the Yoast SEO plugin v27.1.1 - https:\/\/yoast.com\/product\/yoast-seo-wordpress\/ -->\n<title>El Mensaje de Silo en la Ruta de la Seda (Samarcanda)<\/title>\n<meta name=\"description\" content=\"En el recorrido por la ruta de la seda, que se conoce as\u00ed desde el siglo XIX porque algunos escritores comentaristas empezaron a hablar de este modo, en\" \/>\n<meta name=\"robots\" content=\"index, follow, max-snippet:-1, max-image-preview:large, max-video-preview:-1\" \/>\n<link rel=\"canonical\" href=\"https:\/\/www.pressenza.com\/es\/2024\/05\/el-mensaje-de-silo-en-la-ruta-de-la-seda-samarcanda\/\" \/>\n<meta property=\"og:locale\" content=\"es_ES\" \/>\n<meta property=\"og:type\" content=\"article\" \/>\n<meta property=\"og:title\" content=\"El Mensaje de Silo en la Ruta de la Seda (Samarcanda)\" \/>\n<meta property=\"og:description\" content=\"En el recorrido por la ruta de la seda, que se conoce as\u00ed desde el siglo XIX porque algunos escritores comentaristas empezaron a hablar de este modo, en\" \/>\n<meta property=\"og:url\" content=\"https:\/\/www.pressenza.com\/es\/2024\/05\/el-mensaje-de-silo-en-la-ruta-de-la-seda-samarcanda\/\" \/>\n<meta property=\"og:site_name\" content=\"Pressenza\" \/>\n<meta property=\"article:publisher\" content=\"https:\/\/www.facebook.com\/PressenzaItalia\" \/>\n<meta property=\"article:author\" content=\"https:\/\/www.facebook.com\/pressenza\" \/>\n<meta property=\"article:published_time\" content=\"2024-05-10T23:03:15+00:00\" \/>\n<meta property=\"og:image\" content=\"https:\/\/www.pressenza.com\/wp-content\/uploads\/2024\/05\/Sin-titulo-1.jpeg\" \/>\n\t<meta property=\"og:image:width\" content=\"1280\" \/>\n\t<meta property=\"og:image:height\" content=\"960\" \/>\n\t<meta property=\"og:image:type\" content=\"image\/jpeg\" \/>\n<meta name=\"author\" content=\"Pressenza IPA\" \/>\n<meta name=\"twitter:card\" content=\"summary_large_image\" \/>\n<meta name=\"twitter:creator\" content=\"@PressenzaIPA\" \/>\n<meta name=\"twitter:site\" content=\"@PressenzaIPA\" \/>\n<meta name=\"twitter:label1\" content=\"Escrito por\" \/>\n\t<meta name=\"twitter:data1\" content=\"Pressenza IPA\" \/>\n\t<meta name=\"twitter:label2\" content=\"Tiempo de lectura\" \/>\n\t<meta name=\"twitter:data2\" content=\"3 minutos\" \/>\n<script type=\"application\/ld+json\" class=\"yoast-schema-graph\">{\"@context\":\"https:\/\/schema.org\",\"@graph\":[{\"@type\":\"Article\",\"@id\":\"https:\/\/www.pressenza.com\/es\/2024\/05\/el-mensaje-de-silo-en-la-ruta-de-la-seda-samarcanda\/#article\",\"isPartOf\":{\"@id\":\"https:\/\/www.pressenza.com\/es\/2024\/05\/el-mensaje-de-silo-en-la-ruta-de-la-seda-samarcanda\/\"},\"author\":{\"name\":\"Pressenza IPA\",\"@id\":\"https:\/\/www.pressenza.com\/es\/#\/schema\/person\/010e5d02bcf40965427a1289a4cc8d75\"},\"headline\":\"El Mensaje de Silo en la Ruta de la Seda (Samarcanda)\",\"datePublished\":\"2024-05-10T23:03:15+00:00\",\"mainEntityOfPage\":{\"@id\":\"https:\/\/www.pressenza.com\/es\/2024\/05\/el-mensaje-de-silo-en-la-ruta-de-la-seda-samarcanda\/\"},\"wordCount\":663,\"publisher\":{\"@id\":\"https:\/\/www.pressenza.com\/es\/#organization\"},\"image\":{\"@id\":\"https:\/\/www.pressenza.com\/es\/2024\/05\/el-mensaje-de-silo-en-la-ruta-de-la-seda-samarcanda\/#primaryimage\"},\"thumbnailUrl\":\"https:\/\/www.pressenza.com\/wp-content\/uploads\/2024\/05\/Sin-titulo-1.jpeg\",\"keywords\":[\"El Mensaje de Silo\",\"Ruta de la Seda\",\"Samarcanda\"],\"articleSection\":[\"Asia\",\"Contenido Original\",\"Fotorreportajes\",\"Humanismo y Espiritualidad\"],\"inLanguage\":\"es\"},{\"@type\":\"WebPage\",\"@id\":\"https:\/\/www.pressenza.com\/es\/2024\/05\/el-mensaje-de-silo-en-la-ruta-de-la-seda-samarcanda\/\",\"url\":\"https:\/\/www.pressenza.com\/es\/2024\/05\/el-mensaje-de-silo-en-la-ruta-de-la-seda-samarcanda\/\",\"name\":\"El Mensaje de Silo en la Ruta de la Seda (Samarcanda)\",\"isPartOf\":{\"@id\":\"https:\/\/www.pressenza.com\/es\/#website\"},\"primaryImageOfPage\":{\"@id\":\"https:\/\/www.pressenza.com\/es\/2024\/05\/el-mensaje-de-silo-en-la-ruta-de-la-seda-samarcanda\/#primaryimage\"},\"image\":{\"@id\":\"https:\/\/www.pressenza.com\/es\/2024\/05\/el-mensaje-de-silo-en-la-ruta-de-la-seda-samarcanda\/#primaryimage\"},\"thumbnailUrl\":\"https:\/\/www.pressenza.com\/wp-content\/uploads\/2024\/05\/Sin-titulo-1.jpeg\",\"datePublished\":\"2024-05-10T23:03:15+00:00\",\"description\":\"En el recorrido por la ruta de la seda, que se conoce as\u00ed desde el siglo XIX porque algunos escritores comentaristas empezaron a hablar de este modo, en\",\"breadcrumb\":{\"@id\":\"https:\/\/www.pressenza.com\/es\/2024\/05\/el-mensaje-de-silo-en-la-ruta-de-la-seda-samarcanda\/#breadcrumb\"},\"inLanguage\":\"es\",\"potentialAction\":[{\"@type\":\"ReadAction\",\"target\":[\"https:\/\/www.pressenza.com\/es\/2024\/05\/el-mensaje-de-silo-en-la-ruta-de-la-seda-samarcanda\/\"]}]},{\"@type\":\"ImageObject\",\"inLanguage\":\"es\",\"@id\":\"https:\/\/www.pressenza.com\/es\/2024\/05\/el-mensaje-de-silo-en-la-ruta-de-la-seda-samarcanda\/#primaryimage\",\"url\":\"https:\/\/www.pressenza.com\/wp-content\/uploads\/2024\/05\/Sin-titulo-1.jpeg\",\"contentUrl\":\"https:\/\/www.pressenza.com\/wp-content\/uploads\/2024\/05\/Sin-titulo-1.jpeg\",\"width\":1280,\"height\":960},{\"@type\":\"BreadcrumbList\",\"@id\":\"https:\/\/www.pressenza.com\/es\/2024\/05\/el-mensaje-de-silo-en-la-ruta-de-la-seda-samarcanda\/#breadcrumb\",\"itemListElement\":[{\"@type\":\"ListItem\",\"position\":1,\"name\":\"Accueil\",\"item\":\"https:\/\/www.pressenza.com\/es\/\"},{\"@type\":\"ListItem\",\"position\":2,\"name\":\"El Mensaje de Silo en la Ruta de la Seda (Samarcanda)\"}]},{\"@type\":\"WebSite\",\"@id\":\"https:\/\/www.pressenza.com\/es\/#website\",\"url\":\"https:\/\/www.pressenza.com\/es\/\",\"name\":\"Pressenza\",\"description\":\"International Press Agency\",\"publisher\":{\"@id\":\"https:\/\/www.pressenza.com\/es\/#organization\"},\"potentialAction\":[{\"@type\":\"SearchAction\",\"target\":{\"@type\":\"EntryPoint\",\"urlTemplate\":\"https:\/\/www.pressenza.com\/es\/?s={search_term_string}\"},\"query-input\":{\"@type\":\"PropertyValueSpecification\",\"valueRequired\":true,\"valueName\":\"search_term_string\"}}],\"inLanguage\":\"es\"},{\"@type\":\"Organization\",\"@id\":\"https:\/\/www.pressenza.com\/es\/#organization\",\"name\":\"Pressenza\",\"url\":\"https:\/\/www.pressenza.com\/es\/\",\"logo\":{\"@type\":\"ImageObject\",\"inLanguage\":\"es\",\"@id\":\"https:\/\/www.pressenza.com\/es\/#\/schema\/logo\/image\/\",\"url\":\"https:\/\/www.pressenza.com\/wp-content\/uploads\/2022\/10\/pressenza_logo_200x200.jpg\",\"contentUrl\":\"https:\/\/www.pressenza.com\/wp-content\/uploads\/2022\/10\/pressenza_logo_200x200.jpg\",\"width\":200,\"height\":200,\"caption\":\"Pressenza\"},\"image\":{\"@id\":\"https:\/\/www.pressenza.com\/es\/#\/schema\/logo\/image\/\"},\"sameAs\":[\"https:\/\/www.facebook.com\/PressenzaItalia\",\"https:\/\/x.com\/PressenzaIPA\"]},{\"@type\":\"Person\",\"@id\":\"https:\/\/www.pressenza.com\/es\/#\/schema\/person\/010e5d02bcf40965427a1289a4cc8d75\",\"name\":\"Pressenza IPA\",\"description\":\"News from Pressenza IPA correspondents\",\"sameAs\":[\"https:\/\/www.facebook.com\/pressenza\",\"https:\/\/x.com\/PressenzaIPA\"],\"url\":\"https:\/\/www.pressenza.com\/es\/author\/pressenza-ipa\/\"}]}<\/script>\n<!-- \/ Yoast SEO plugin. -->","yoast_head_json":{"title":"El Mensaje de Silo en la Ruta de la Seda (Samarcanda)","description":"En el recorrido por la ruta de la seda, que se conoce as\u00ed desde el siglo XIX porque algunos escritores comentaristas empezaron a hablar de este modo, en","robots":{"index":"index","follow":"follow","max-snippet":"max-snippet:-1","max-image-preview":"max-image-preview:large","max-video-preview":"max-video-preview:-1"},"canonical":"https:\/\/www.pressenza.com\/es\/2024\/05\/el-mensaje-de-silo-en-la-ruta-de-la-seda-samarcanda\/","og_locale":"es_ES","og_type":"article","og_title":"El Mensaje de Silo en la Ruta de la Seda (Samarcanda)","og_description":"En el recorrido por la ruta de la seda, que se conoce as\u00ed desde el siglo XIX porque algunos escritores comentaristas empezaron a hablar de este modo, en","og_url":"https:\/\/www.pressenza.com\/es\/2024\/05\/el-mensaje-de-silo-en-la-ruta-de-la-seda-samarcanda\/","og_site_name":"Pressenza","article_publisher":"https:\/\/www.facebook.com\/PressenzaItalia","article_author":"https:\/\/www.facebook.com\/pressenza","article_published_time":"2024-05-10T23:03:15+00:00","og_image":[{"width":1280,"height":960,"url":"https:\/\/www.pressenza.com\/wp-content\/uploads\/2024\/05\/Sin-titulo-1.jpeg","type":"image\/jpeg"}],"author":"Pressenza IPA","twitter_card":"summary_large_image","twitter_creator":"@PressenzaIPA","twitter_site":"@PressenzaIPA","twitter_misc":{"Escrito por":"Pressenza IPA","Tiempo de lectura":"3 minutos"},"schema":{"@context":"https:\/\/schema.org","@graph":[{"@type":"Article","@id":"https:\/\/www.pressenza.com\/es\/2024\/05\/el-mensaje-de-silo-en-la-ruta-de-la-seda-samarcanda\/#article","isPartOf":{"@id":"https:\/\/www.pressenza.com\/es\/2024\/05\/el-mensaje-de-silo-en-la-ruta-de-la-seda-samarcanda\/"},"author":{"name":"Pressenza IPA","@id":"https:\/\/www.pressenza.com\/es\/#\/schema\/person\/010e5d02bcf40965427a1289a4cc8d75"},"headline":"El Mensaje de Silo en la Ruta de la Seda (Samarcanda)","datePublished":"2024-05-10T23:03:15+00:00","mainEntityOfPage":{"@id":"https:\/\/www.pressenza.com\/es\/2024\/05\/el-mensaje-de-silo-en-la-ruta-de-la-seda-samarcanda\/"},"wordCount":663,"publisher":{"@id":"https:\/\/www.pressenza.com\/es\/#organization"},"image":{"@id":"https:\/\/www.pressenza.com\/es\/2024\/05\/el-mensaje-de-silo-en-la-ruta-de-la-seda-samarcanda\/#primaryimage"},"thumbnailUrl":"https:\/\/www.pressenza.com\/wp-content\/uploads\/2024\/05\/Sin-titulo-1.jpeg","keywords":["El Mensaje de Silo","Ruta de la Seda","Samarcanda"],"articleSection":["Asia","Contenido Original","Fotorreportajes","Humanismo y Espiritualidad"],"inLanguage":"es"},{"@type":"WebPage","@id":"https:\/\/www.pressenza.com\/es\/2024\/05\/el-mensaje-de-silo-en-la-ruta-de-la-seda-samarcanda\/","url":"https:\/\/www.pressenza.com\/es\/2024\/05\/el-mensaje-de-silo-en-la-ruta-de-la-seda-samarcanda\/","name":"El Mensaje de Silo en la Ruta de la Seda (Samarcanda)","isPartOf":{"@id":"https:\/\/www.pressenza.com\/es\/#website"},"primaryImageOfPage":{"@id":"https:\/\/www.pressenza.com\/es\/2024\/05\/el-mensaje-de-silo-en-la-ruta-de-la-seda-samarcanda\/#primaryimage"},"image":{"@id":"https:\/\/www.pressenza.com\/es\/2024\/05\/el-mensaje-de-silo-en-la-ruta-de-la-seda-samarcanda\/#primaryimage"},"thumbnailUrl":"https:\/\/www.pressenza.com\/wp-content\/uploads\/2024\/05\/Sin-titulo-1.jpeg","datePublished":"2024-05-10T23:03:15+00:00","description":"En el recorrido por la ruta de la seda, que se conoce as\u00ed desde el siglo XIX porque algunos escritores comentaristas empezaron a hablar de este modo, en","breadcrumb":{"@id":"https:\/\/www.pressenza.com\/es\/2024\/05\/el-mensaje-de-silo-en-la-ruta-de-la-seda-samarcanda\/#breadcrumb"},"inLanguage":"es","potentialAction":[{"@type":"ReadAction","target":["https:\/\/www.pressenza.com\/es\/2024\/05\/el-mensaje-de-silo-en-la-ruta-de-la-seda-samarcanda\/"]}]},{"@type":"ImageObject","inLanguage":"es","@id":"https:\/\/www.pressenza.com\/es\/2024\/05\/el-mensaje-de-silo-en-la-ruta-de-la-seda-samarcanda\/#primaryimage","url":"https:\/\/www.pressenza.com\/wp-content\/uploads\/2024\/05\/Sin-titulo-1.jpeg","contentUrl":"https:\/\/www.pressenza.com\/wp-content\/uploads\/2024\/05\/Sin-titulo-1.jpeg","width":1280,"height":960},{"@type":"BreadcrumbList","@id":"https:\/\/www.pressenza.com\/es\/2024\/05\/el-mensaje-de-silo-en-la-ruta-de-la-seda-samarcanda\/#breadcrumb","itemListElement":[{"@type":"ListItem","position":1,"name":"Accueil","item":"https:\/\/www.pressenza.com\/es\/"},{"@type":"ListItem","position":2,"name":"El Mensaje de Silo en la Ruta de la Seda (Samarcanda)"}]},{"@type":"WebSite","@id":"https:\/\/www.pressenza.com\/es\/#website","url":"https:\/\/www.pressenza.com\/es\/","name":"Pressenza","description":"International Press Agency","publisher":{"@id":"https:\/\/www.pressenza.com\/es\/#organization"},"potentialAction":[{"@type":"SearchAction","target":{"@type":"EntryPoint","urlTemplate":"https:\/\/www.pressenza.com\/es\/?s={search_term_string}"},"query-input":{"@type":"PropertyValueSpecification","valueRequired":true,"valueName":"search_term_string"}}],"inLanguage":"es"},{"@type":"Organization","@id":"https:\/\/www.pressenza.com\/es\/#organization","name":"Pressenza","url":"https:\/\/www.pressenza.com\/es\/","logo":{"@type":"ImageObject","inLanguage":"es","@id":"https:\/\/www.pressenza.com\/es\/#\/schema\/logo\/image\/","url":"https:\/\/www.pressenza.com\/wp-content\/uploads\/2022\/10\/pressenza_logo_200x200.jpg","contentUrl":"https:\/\/www.pressenza.com\/wp-content\/uploads\/2022\/10\/pressenza_logo_200x200.jpg","width":200,"height":200,"caption":"Pressenza"},"image":{"@id":"https:\/\/www.pressenza.com\/es\/#\/schema\/logo\/image\/"},"sameAs":["https:\/\/www.facebook.com\/PressenzaItalia","https:\/\/x.com\/PressenzaIPA"]},{"@type":"Person","@id":"https:\/\/www.pressenza.com\/es\/#\/schema\/person\/010e5d02bcf40965427a1289a4cc8d75","name":"Pressenza IPA","description":"News from Pressenza IPA correspondents","sameAs":["https:\/\/www.facebook.com\/pressenza","https:\/\/x.com\/PressenzaIPA"],"url":"https:\/\/www.pressenza.com\/es\/author\/pressenza-ipa\/"}]}},"place":"Samarcanda","original_article_url":"","_links":{"self":[{"href":"https:\/\/www.pressenza.com\/es\/wp-json\/wp\/v2\/posts\/1844227","targetHints":{"allow":["GET"]}}],"collection":[{"href":"https:\/\/www.pressenza.com\/es\/wp-json\/wp\/v2\/posts"}],"about":[{"href":"https:\/\/www.pressenza.com\/es\/wp-json\/wp\/v2\/types\/post"}],"author":[{"embeddable":true,"href":"https:\/\/www.pressenza.com\/es\/wp-json\/wp\/v2\/users\/19"}],"replies":[{"embeddable":true,"href":"https:\/\/www.pressenza.com\/es\/wp-json\/wp\/v2\/comments?post=1844227"}],"version-history":[{"count":0,"href":"https:\/\/www.pressenza.com\/es\/wp-json\/wp\/v2\/posts\/1844227\/revisions"}],"wp:featuredmedia":[{"embeddable":true,"href":"https:\/\/www.pressenza.com\/es\/wp-json\/wp\/v2\/media\/1844230"}],"wp:attachment":[{"href":"https:\/\/www.pressenza.com\/es\/wp-json\/wp\/v2\/media?parent=1844227"}],"wp:term":[{"taxonomy":"category","embeddable":true,"href":"https:\/\/www.pressenza.com\/es\/wp-json\/wp\/v2\/categories?post=1844227"},{"taxonomy":"post_tag","embeddable":true,"href":"https:\/\/www.pressenza.com\/es\/wp-json\/wp\/v2\/tags?post=1844227"}],"curies":[{"name":"wp","href":"https:\/\/api.w.org\/{rel}","templated":true}]}}