{"id":1844221,"date":"2024-05-10T23:29:21","date_gmt":"2024-05-10T22:29:21","guid":{"rendered":"https:\/\/www.pressenza.com\/?p=1844221"},"modified":"2024-05-10T23:29:21","modified_gmt":"2024-05-10T22:29:21","slug":"indultar-a-hector-llaitul","status":"publish","type":"post","link":"https:\/\/www.pressenza.com\/es\/2024\/05\/indultar-a-hector-llaitul\/","title":{"rendered":"Indultar a H\u00e9ctor Llaitul"},"content":{"rendered":"<p>Ya han pasado muchas horas y no se he publicado la sentencia o vaya a saber si la publican. S\u00f3lo hay un video en que al final aparece un se\u00f1or que lee con dificultad la parte resolutiva de la sentencia. Subo el sonido, arreglo el sonido, le pido a mi hijo que me\u00a0 arregle el sonido pero todo es in\u00fatil. Como sea, escribir, pronunciarse, opinar sobre una sentencia penal\u00a0 si uno quiere ser serio, requiere leerla entera.<\/p>\n<p>Pero cualquiera se pone a dar opiniones sin saber nada y yo tambi\u00e9n tendr\u00e9 que hacerlo, porque es lo que se espera que haga. En ese video en que se ley\u00f3 s\u00f3lo una parte de la sentencia, hab\u00eda varias personas y casi todas pronunciaron una frase ininteligible. \u00bfDe d\u00f3nde sacaron este sistema tan raro? \u00bfAs\u00ed se notifican las condenas en Chile? Le escrib\u00ed a una abogada que trabaja en Tribunal Oral en lo Penal de Temuco, a ver si me pod\u00eda decir d\u00f3nde encontrar esa sentencia, pero hasta ahora na ni na.<\/p>\n<p>Espero que el compa\u00f1ero Llaitul y su abogado la tengan completa y legible. Porque el Tribunal ser\u00e1 oral,\u00a0 pero la sentencia debe quedar por escrito.<\/p>\n<p>Bueno, dir\u00e9 lo que pueda, al fin y al cabo el asunto no es nuevo. Lo primero que hay que decir es que la Ley de Seguridad del Estado, que se aplica para imponer una pena de 15 a\u00f1os por el primer delito, es una ley que viene desde la mism\u00edsima dictadura, con algunos arreglitos insignificantes. Y yo me pregunto y pienso que todos se preguntan \u00bfHasta cu\u00e1ndo nos rige la dictadura mediante su Constituci\u00f3n, sus leyes y tambi\u00e9n su incultura, sus costumbres, sus miedos y sus\u00a0 horrores?<\/p>\n<p>El problema\u00a0 ind\u00edgena en Chile no viene de ayer ni de anteayer. Viene desde la conquista, desde hace 500 a\u00f1os, como en toda Am\u00e9rica, por cierto. Al principio, los espa\u00f1oles no pensaban quedarse por estos lados tan extra\u00f1os. Lo que quer\u00edan era encontrar riquezas, oro y plata, y volverse a Espa\u00f1a. Por eso a todos los ind\u00edgenas los torturaban de la peor manera y les preguntaban\u00a0 \u00bfD\u00f3nde est\u00e1 el oro?<\/p>\n<p>Con el tiempo, durante la Colonia se fue acabando el oro y despu\u00e9s con la independencia, ya no era cosa de irse a Europa, sino de trabajar la tierra y producir. Les quitaban la tierra a los ind\u00edgenas para d\u00e1rsela a colonos europeos. En el siglo XIX\u00a0 hubo una colonizaci\u00f3n alemana organizada por Vicente P\u00e9rez Rosales, que trajo a los alemanes que ocuparon toda la zona de Valdivia, Osorno, Puerto Montt. Entre 30.000 y 40.000 alemanes llegaron al sur de Chile, se instalaron en tierras que hab\u00edan sido de los mapuche, y adem\u00e1s recibieron \u00fatiles de labranza, dinero, en fin, todo lo que necesitaran.<\/p>\n<p>Y como todos los mani\u00e1ticos infames se parecen, en la dictadura a todos los prisioneros les preguntaban \u00bfD\u00f3nde est\u00e1n las armas? Y nadie sab\u00eda nada porque no hab\u00eda armas, en Chile nunca hubo armas, o a lo mejor unas poquitas y punto. Tanto que se hablaba de lucha armada y no hab\u00eda nada. Pero de a poco se fueron juntando las armas, el Frente Patri\u00f3tico Manuel Rodr\u00edguez\u00a0 (FPMR) tuvo algunas y empez\u00f3 la lucha armada. Y all\u00ed estuvo H\u00e9ctor Llaitul\u00a0 y muchos otros valientes como Ra\u00fal Pellegrin Friedman, asesinado.<br \/>\nY ahora, como no tengo la sentencia, quiero \u00a0hablar de H\u00e9ctor Llaitul. No lo conozco personalmente, pero s\u00e9\u00a0 mucho de \u00e9l. Ya he dicho que form\u00f3 parte del FPMR. Y all\u00ed no s\u00f3lo luch\u00f3 por sus compa\u00f1eros ind\u00edgenas, sino por todos los chilenos, por todos nosotros arriesg\u00f3 su vida.<\/p>\n<p>\u00bfY a este compa\u00f1ero lo condenan ahora a 23 a\u00f1os de prisi\u00f3n por defender a su pueblo?\u00a0 He trabajado muchos a\u00f1os en materia penitenciaria y s\u00e9 que todas las prisiones del mundo son horrendas, hacinadas, inmundas, falta el agua potable, llenas de ratas y cucarachas, la comida infame. En suma, nadie sale de all\u00ed despu\u00e9s de varios a\u00f1os en un estado normal sino destruido, acabado, liquidado. La \u00fanica excepci\u00f3n fue Nelson Mandela, pero quiz\u00e1s \u00e9l era un santo o un \u00e1ngel.<\/p>\n<p>Entonces, todos debemos defender a H\u00e9ctor Llaitul por miles de razones, pero para m\u00ed basta con esta: porque es un valiente. Porque es un valiente. Por lo tanto la consigna que debemos\u00a0 decir y gritar todos, ha de ser: \u00a0INDULTO PARA H\u00c9CTOR LLAITUL.<\/p>\n<p>Ya s\u00e9 que les quedan muchos recursos, pero de todos modos\u2026<\/p>\n<p>Es verdad que el gobierno lo persigui\u00f3 y lo quiso ver preso. Pero ahora que ya est\u00e1 condenado, lo puede indultar y el presidente Boric\u00a0 se va a reivindicar y va a quedar como rey o m\u00e1s bien como un compa\u00f1ero presidente. Es su gran oportunidad.<br \/>\n&#8230;<\/p>\n","protected":false},"excerpt":{"rendered":"<p>Ya han pasado muchas horas y no se he publicado la sentencia o vaya a saber si la publican. S\u00f3lo hay un video en que al final aparece un se\u00f1or que lee con dificultad la parte resolutiva de la sentencia.&hellip;<\/p>\n","protected":false},"author":2124,"featured_media":1844222,"comment_status":"closed","ping_status":"closed","sticky":false,"template":"","format":"standard","meta":{"footnotes":""},"categories":[11389,161,80,67],"tags":[29,119357],"class_list":["post-1844221","post","type-post","status-publish","format-standard","has-post-thumbnail","hentry","category-contenido-original","category-opiniones","category-pueblos-originarios","category-sudamerica","tag-chile","tag-hector-llaitul"],"yoast_head":"<!-- This site is optimized with the Yoast SEO plugin v27.1.1 - https:\/\/yoast.com\/product\/yoast-seo-wordpress\/ -->\n<title>Indultar a H\u00e9ctor Llaitul<\/title>\n<meta name=\"description\" content=\"Ya han pasado muchas horas y no se he publicado la sentencia o vaya a saber si la publican. S\u00f3lo hay un video en que al final aparece un se\u00f1or que lee con\" \/>\n<meta name=\"robots\" content=\"index, follow, max-snippet:-1, max-image-preview:large, max-video-preview:-1\" \/>\n<link rel=\"canonical\" href=\"https:\/\/www.pressenza.com\/es\/2024\/05\/indultar-a-hector-llaitul\/\" \/>\n<meta property=\"og:locale\" content=\"es_ES\" \/>\n<meta property=\"og:type\" content=\"article\" \/>\n<meta property=\"og:title\" content=\"Indultar a H\u00e9ctor Llaitul\" \/>\n<meta property=\"og:description\" content=\"Ya han pasado muchas horas y no se he publicado la sentencia o vaya a saber si la publican. S\u00f3lo hay un video en que al final aparece un se\u00f1or que lee con\" \/>\n<meta property=\"og:url\" content=\"https:\/\/www.pressenza.com\/es\/2024\/05\/indultar-a-hector-llaitul\/\" \/>\n<meta property=\"og:site_name\" content=\"Pressenza\" \/>\n<meta property=\"article:publisher\" content=\"https:\/\/www.facebook.com\/PressenzaItalia\" \/>\n<meta property=\"article:published_time\" content=\"2024-05-10T22:29:21+00:00\" \/>\n<meta property=\"og:image\" content=\"https:\/\/www.pressenza.com\/wp-content\/uploads\/2024\/05\/hector-llaitul-vocero-cam-667x372-1-820x427-1.jpg\" \/>\n\t<meta property=\"og:image:width\" content=\"820\" \/>\n\t<meta property=\"og:image:height\" content=\"427\" \/>\n\t<meta property=\"og:image:type\" content=\"image\/jpeg\" \/>\n<meta name=\"author\" content=\"Margarita Labarca Goddard\" \/>\n<meta name=\"twitter:card\" content=\"summary_large_image\" \/>\n<meta name=\"twitter:creator\" content=\"@PressenzaIPA\" \/>\n<meta name=\"twitter:site\" content=\"@PressenzaIPA\" \/>\n<meta name=\"twitter:label1\" content=\"Escrito por\" \/>\n\t<meta name=\"twitter:data1\" content=\"Margarita Labarca Goddard\" \/>\n\t<meta name=\"twitter:label2\" content=\"Tiempo de lectura\" \/>\n\t<meta name=\"twitter:data2\" content=\"4 minutos\" \/>\n<script type=\"application\/ld+json\" class=\"yoast-schema-graph\">{\"@context\":\"https:\/\/schema.org\",\"@graph\":[{\"@type\":\"Article\",\"@id\":\"https:\/\/www.pressenza.com\/es\/2024\/05\/indultar-a-hector-llaitul\/#article\",\"isPartOf\":{\"@id\":\"https:\/\/www.pressenza.com\/es\/2024\/05\/indultar-a-hector-llaitul\/\"},\"author\":{\"name\":\"Margarita Labarca Goddard\",\"@id\":\"https:\/\/www.pressenza.com\/es\/#\/schema\/person\/671f453ff8d847cc1742639e75e22e13\"},\"headline\":\"Indultar a H\u00e9ctor Llaitul\",\"datePublished\":\"2024-05-10T22:29:21+00:00\",\"mainEntityOfPage\":{\"@id\":\"https:\/\/www.pressenza.com\/es\/2024\/05\/indultar-a-hector-llaitul\/\"},\"wordCount\":832,\"publisher\":{\"@id\":\"https:\/\/www.pressenza.com\/es\/#organization\"},\"image\":{\"@id\":\"https:\/\/www.pressenza.com\/es\/2024\/05\/indultar-a-hector-llaitul\/#primaryimage\"},\"thumbnailUrl\":\"https:\/\/www.pressenza.com\/wp-content\/uploads\/2024\/05\/hector-llaitul-vocero-cam-667x372-1-820x427-1.jpg\",\"keywords\":[\"Chile\",\"H\u00e9ctor Llaitul\"],\"articleSection\":[\"Contenido Original\",\"Opiniones\",\"Pueblos Originarios\",\"Sudam\u00e9rica\"],\"inLanguage\":\"es\"},{\"@type\":\"WebPage\",\"@id\":\"https:\/\/www.pressenza.com\/es\/2024\/05\/indultar-a-hector-llaitul\/\",\"url\":\"https:\/\/www.pressenza.com\/es\/2024\/05\/indultar-a-hector-llaitul\/\",\"name\":\"Indultar a H\u00e9ctor Llaitul\",\"isPartOf\":{\"@id\":\"https:\/\/www.pressenza.com\/es\/#website\"},\"primaryImageOfPage\":{\"@id\":\"https:\/\/www.pressenza.com\/es\/2024\/05\/indultar-a-hector-llaitul\/#primaryimage\"},\"image\":{\"@id\":\"https:\/\/www.pressenza.com\/es\/2024\/05\/indultar-a-hector-llaitul\/#primaryimage\"},\"thumbnailUrl\":\"https:\/\/www.pressenza.com\/wp-content\/uploads\/2024\/05\/hector-llaitul-vocero-cam-667x372-1-820x427-1.jpg\",\"datePublished\":\"2024-05-10T22:29:21+00:00\",\"description\":\"Ya han pasado muchas horas y no se he publicado la sentencia o vaya a saber si la publican. S\u00f3lo hay un video en que al final aparece un se\u00f1or que lee con\",\"breadcrumb\":{\"@id\":\"https:\/\/www.pressenza.com\/es\/2024\/05\/indultar-a-hector-llaitul\/#breadcrumb\"},\"inLanguage\":\"es\",\"potentialAction\":[{\"@type\":\"ReadAction\",\"target\":[\"https:\/\/www.pressenza.com\/es\/2024\/05\/indultar-a-hector-llaitul\/\"]}]},{\"@type\":\"ImageObject\",\"inLanguage\":\"es\",\"@id\":\"https:\/\/www.pressenza.com\/es\/2024\/05\/indultar-a-hector-llaitul\/#primaryimage\",\"url\":\"https:\/\/www.pressenza.com\/wp-content\/uploads\/2024\/05\/hector-llaitul-vocero-cam-667x372-1-820x427-1.jpg\",\"contentUrl\":\"https:\/\/www.pressenza.com\/wp-content\/uploads\/2024\/05\/hector-llaitul-vocero-cam-667x372-1-820x427-1.jpg\",\"width\":820,\"height\":427},{\"@type\":\"BreadcrumbList\",\"@id\":\"https:\/\/www.pressenza.com\/es\/2024\/05\/indultar-a-hector-llaitul\/#breadcrumb\",\"itemListElement\":[{\"@type\":\"ListItem\",\"position\":1,\"name\":\"Accueil\",\"item\":\"https:\/\/www.pressenza.com\/es\/\"},{\"@type\":\"ListItem\",\"position\":2,\"name\":\"Indultar a H\u00e9ctor Llaitul\"}]},{\"@type\":\"WebSite\",\"@id\":\"https:\/\/www.pressenza.com\/es\/#website\",\"url\":\"https:\/\/www.pressenza.com\/es\/\",\"name\":\"Pressenza\",\"description\":\"International Press Agency\",\"publisher\":{\"@id\":\"https:\/\/www.pressenza.com\/es\/#organization\"},\"potentialAction\":[{\"@type\":\"SearchAction\",\"target\":{\"@type\":\"EntryPoint\",\"urlTemplate\":\"https:\/\/www.pressenza.com\/es\/?s={search_term_string}\"},\"query-input\":{\"@type\":\"PropertyValueSpecification\",\"valueRequired\":true,\"valueName\":\"search_term_string\"}}],\"inLanguage\":\"es\"},{\"@type\":\"Organization\",\"@id\":\"https:\/\/www.pressenza.com\/es\/#organization\",\"name\":\"Pressenza\",\"url\":\"https:\/\/www.pressenza.com\/es\/\",\"logo\":{\"@type\":\"ImageObject\",\"inLanguage\":\"es\",\"@id\":\"https:\/\/www.pressenza.com\/es\/#\/schema\/logo\/image\/\",\"url\":\"https:\/\/www.pressenza.com\/wp-content\/uploads\/2022\/10\/pressenza_logo_200x200.jpg\",\"contentUrl\":\"https:\/\/www.pressenza.com\/wp-content\/uploads\/2022\/10\/pressenza_logo_200x200.jpg\",\"width\":200,\"height\":200,\"caption\":\"Pressenza\"},\"image\":{\"@id\":\"https:\/\/www.pressenza.com\/es\/#\/schema\/logo\/image\/\"},\"sameAs\":[\"https:\/\/www.facebook.com\/PressenzaItalia\",\"https:\/\/x.com\/PressenzaIPA\"]},{\"@type\":\"Person\",\"@id\":\"https:\/\/www.pressenza.com\/es\/#\/schema\/person\/671f453ff8d847cc1742639e75e22e13\",\"name\":\"Margarita Labarca Goddard\",\"description\":\"A graduate of the University of Chile\u2019s Law School (1960), she held a prominent role in public administration during Salvador Allende\u2019s government. Her life has been shaped by a deep international perspective, from an upbringing in Argentina and post-war Paris to political exile in Cuba and Mexico following the 1973 coup. A resident of Mexico since 1979 due to judicial persecution by the Chilean dictatorship, she brings to her writing extensive expertise in the legal, political, and social issues of Latin America.\",\"url\":\"https:\/\/www.pressenza.com\/es\/author\/margarita-labarca-goddard\/\"}]}<\/script>\n<!-- \/ Yoast SEO plugin. -->","yoast_head_json":{"title":"Indultar a H\u00e9ctor Llaitul","description":"Ya han pasado muchas horas y no se he publicado la sentencia o vaya a saber si la publican. S\u00f3lo hay un video en que al final aparece un se\u00f1or que lee con","robots":{"index":"index","follow":"follow","max-snippet":"max-snippet:-1","max-image-preview":"max-image-preview:large","max-video-preview":"max-video-preview:-1"},"canonical":"https:\/\/www.pressenza.com\/es\/2024\/05\/indultar-a-hector-llaitul\/","og_locale":"es_ES","og_type":"article","og_title":"Indultar a H\u00e9ctor Llaitul","og_description":"Ya han pasado muchas horas y no se he publicado la sentencia o vaya a saber si la publican. S\u00f3lo hay un video en que al final aparece un se\u00f1or que lee con","og_url":"https:\/\/www.pressenza.com\/es\/2024\/05\/indultar-a-hector-llaitul\/","og_site_name":"Pressenza","article_publisher":"https:\/\/www.facebook.com\/PressenzaItalia","article_published_time":"2024-05-10T22:29:21+00:00","og_image":[{"width":820,"height":427,"url":"https:\/\/www.pressenza.com\/wp-content\/uploads\/2024\/05\/hector-llaitul-vocero-cam-667x372-1-820x427-1.jpg","type":"image\/jpeg"}],"author":"Margarita Labarca Goddard","twitter_card":"summary_large_image","twitter_creator":"@PressenzaIPA","twitter_site":"@PressenzaIPA","twitter_misc":{"Escrito por":"Margarita Labarca Goddard","Tiempo de lectura":"4 minutos"},"schema":{"@context":"https:\/\/schema.org","@graph":[{"@type":"Article","@id":"https:\/\/www.pressenza.com\/es\/2024\/05\/indultar-a-hector-llaitul\/#article","isPartOf":{"@id":"https:\/\/www.pressenza.com\/es\/2024\/05\/indultar-a-hector-llaitul\/"},"author":{"name":"Margarita Labarca Goddard","@id":"https:\/\/www.pressenza.com\/es\/#\/schema\/person\/671f453ff8d847cc1742639e75e22e13"},"headline":"Indultar a H\u00e9ctor Llaitul","datePublished":"2024-05-10T22:29:21+00:00","mainEntityOfPage":{"@id":"https:\/\/www.pressenza.com\/es\/2024\/05\/indultar-a-hector-llaitul\/"},"wordCount":832,"publisher":{"@id":"https:\/\/www.pressenza.com\/es\/#organization"},"image":{"@id":"https:\/\/www.pressenza.com\/es\/2024\/05\/indultar-a-hector-llaitul\/#primaryimage"},"thumbnailUrl":"https:\/\/www.pressenza.com\/wp-content\/uploads\/2024\/05\/hector-llaitul-vocero-cam-667x372-1-820x427-1.jpg","keywords":["Chile","H\u00e9ctor Llaitul"],"articleSection":["Contenido Original","Opiniones","Pueblos Originarios","Sudam\u00e9rica"],"inLanguage":"es"},{"@type":"WebPage","@id":"https:\/\/www.pressenza.com\/es\/2024\/05\/indultar-a-hector-llaitul\/","url":"https:\/\/www.pressenza.com\/es\/2024\/05\/indultar-a-hector-llaitul\/","name":"Indultar a H\u00e9ctor Llaitul","isPartOf":{"@id":"https:\/\/www.pressenza.com\/es\/#website"},"primaryImageOfPage":{"@id":"https:\/\/www.pressenza.com\/es\/2024\/05\/indultar-a-hector-llaitul\/#primaryimage"},"image":{"@id":"https:\/\/www.pressenza.com\/es\/2024\/05\/indultar-a-hector-llaitul\/#primaryimage"},"thumbnailUrl":"https:\/\/www.pressenza.com\/wp-content\/uploads\/2024\/05\/hector-llaitul-vocero-cam-667x372-1-820x427-1.jpg","datePublished":"2024-05-10T22:29:21+00:00","description":"Ya han pasado muchas horas y no se he publicado la sentencia o vaya a saber si la publican. S\u00f3lo hay un video en que al final aparece un se\u00f1or que lee con","breadcrumb":{"@id":"https:\/\/www.pressenza.com\/es\/2024\/05\/indultar-a-hector-llaitul\/#breadcrumb"},"inLanguage":"es","potentialAction":[{"@type":"ReadAction","target":["https:\/\/www.pressenza.com\/es\/2024\/05\/indultar-a-hector-llaitul\/"]}]},{"@type":"ImageObject","inLanguage":"es","@id":"https:\/\/www.pressenza.com\/es\/2024\/05\/indultar-a-hector-llaitul\/#primaryimage","url":"https:\/\/www.pressenza.com\/wp-content\/uploads\/2024\/05\/hector-llaitul-vocero-cam-667x372-1-820x427-1.jpg","contentUrl":"https:\/\/www.pressenza.com\/wp-content\/uploads\/2024\/05\/hector-llaitul-vocero-cam-667x372-1-820x427-1.jpg","width":820,"height":427},{"@type":"BreadcrumbList","@id":"https:\/\/www.pressenza.com\/es\/2024\/05\/indultar-a-hector-llaitul\/#breadcrumb","itemListElement":[{"@type":"ListItem","position":1,"name":"Accueil","item":"https:\/\/www.pressenza.com\/es\/"},{"@type":"ListItem","position":2,"name":"Indultar a H\u00e9ctor Llaitul"}]},{"@type":"WebSite","@id":"https:\/\/www.pressenza.com\/es\/#website","url":"https:\/\/www.pressenza.com\/es\/","name":"Pressenza","description":"International Press Agency","publisher":{"@id":"https:\/\/www.pressenza.com\/es\/#organization"},"potentialAction":[{"@type":"SearchAction","target":{"@type":"EntryPoint","urlTemplate":"https:\/\/www.pressenza.com\/es\/?s={search_term_string}"},"query-input":{"@type":"PropertyValueSpecification","valueRequired":true,"valueName":"search_term_string"}}],"inLanguage":"es"},{"@type":"Organization","@id":"https:\/\/www.pressenza.com\/es\/#organization","name":"Pressenza","url":"https:\/\/www.pressenza.com\/es\/","logo":{"@type":"ImageObject","inLanguage":"es","@id":"https:\/\/www.pressenza.com\/es\/#\/schema\/logo\/image\/","url":"https:\/\/www.pressenza.com\/wp-content\/uploads\/2022\/10\/pressenza_logo_200x200.jpg","contentUrl":"https:\/\/www.pressenza.com\/wp-content\/uploads\/2022\/10\/pressenza_logo_200x200.jpg","width":200,"height":200,"caption":"Pressenza"},"image":{"@id":"https:\/\/www.pressenza.com\/es\/#\/schema\/logo\/image\/"},"sameAs":["https:\/\/www.facebook.com\/PressenzaItalia","https:\/\/x.com\/PressenzaIPA"]},{"@type":"Person","@id":"https:\/\/www.pressenza.com\/es\/#\/schema\/person\/671f453ff8d847cc1742639e75e22e13","name":"Margarita Labarca Goddard","description":"A graduate of the University of Chile\u2019s Law School (1960), she held a prominent role in public administration during Salvador Allende\u2019s government. Her life has been shaped by a deep international perspective, from an upbringing in Argentina and post-war Paris to political exile in Cuba and Mexico following the 1973 coup. A resident of Mexico since 1979 due to judicial persecution by the Chilean dictatorship, she brings to her writing extensive expertise in the legal, political, and social issues of Latin America.","url":"https:\/\/www.pressenza.com\/es\/author\/margarita-labarca-goddard\/"}]}},"place":"Santiago de Chile","original_article_url":"","_links":{"self":[{"href":"https:\/\/www.pressenza.com\/es\/wp-json\/wp\/v2\/posts\/1844221","targetHints":{"allow":["GET"]}}],"collection":[{"href":"https:\/\/www.pressenza.com\/es\/wp-json\/wp\/v2\/posts"}],"about":[{"href":"https:\/\/www.pressenza.com\/es\/wp-json\/wp\/v2\/types\/post"}],"author":[{"embeddable":true,"href":"https:\/\/www.pressenza.com\/es\/wp-json\/wp\/v2\/users\/2124"}],"replies":[{"embeddable":true,"href":"https:\/\/www.pressenza.com\/es\/wp-json\/wp\/v2\/comments?post=1844221"}],"version-history":[{"count":0,"href":"https:\/\/www.pressenza.com\/es\/wp-json\/wp\/v2\/posts\/1844221\/revisions"}],"wp:featuredmedia":[{"embeddable":true,"href":"https:\/\/www.pressenza.com\/es\/wp-json\/wp\/v2\/media\/1844222"}],"wp:attachment":[{"href":"https:\/\/www.pressenza.com\/es\/wp-json\/wp\/v2\/media?parent=1844221"}],"wp:term":[{"taxonomy":"category","embeddable":true,"href":"https:\/\/www.pressenza.com\/es\/wp-json\/wp\/v2\/categories?post=1844221"},{"taxonomy":"post_tag","embeddable":true,"href":"https:\/\/www.pressenza.com\/es\/wp-json\/wp\/v2\/tags?post=1844221"}],"curies":[{"name":"wp","href":"https:\/\/api.w.org\/{rel}","templated":true}]}}