{"id":1843505,"date":"2024-08-30T23:55:04","date_gmt":"2024-08-30T22:55:04","guid":{"rendered":"https:\/\/www.pressenza.com\/?p=1843505"},"modified":"2024-09-09T13:20:04","modified_gmt":"2024-09-09T12:20:04","slug":"maria-de-la-fuente-una-vida-de-activismo-y-lucidez","status":"publish","type":"post","link":"https:\/\/www.pressenza.com\/es\/2024\/08\/maria-de-la-fuente-una-vida-de-activismo-y-lucidez\/","title":{"rendered":"Mar\u00eda de la Fuente: una vida de activismo y lucidez"},"content":{"rendered":"<p>Conoc\u00ed a la Maruja hace unos 5 a\u00f1os, al comenzar a participar en una tertulia literaria de gente procedente en su mayor\u00eda de la Facultad de Medicina de la Universidad de Chile, casi todos ya jubilados. Todos pasaron los a\u00f1os de dictadura como acad\u00e9micos de esa gran instituci\u00f3n, a pesar de los rectores designados y el temor omnipresente.<\/p>\n<p>Mi amigo Pato Bustamante me hab\u00eda invitado un par de semanas antes, al ver que mis h\u00e1bitos bibli\u00f3filos me pod\u00edan convertir en un aporte para la tertulia. Debo decir que el Pato es la persona con el mejor gusto literario que he conocido, siempre con nuevos e interesantes libros en sus estantes, siendo al mismo tiempo un gran profesional (en la actualidad dirige el Departamento de Tecnolog\u00eda M\u00e9dica) y activista por la discapacidad (participa en organizaciones de personas no videntes, ya que su visi\u00f3n es el 40% de la normal). Ah, y los dos somos homosexuales.<\/p>\n<p>Para mi primera sesi\u00f3n hab\u00eda que leer el \u00abManifiesto contrasexual\u00bb de Paul Preciado. Como este autor espa\u00f1ol trans me interesaba y nunca hab\u00eda le\u00eddo nada suyo, me pareci\u00f3 un buen inicio. Pero cu\u00e1l no ser\u00eda mi sorpresa al ver que en la tertulia a casi nadie le hab\u00eda gustado, excepto a la Maruja. A estas alturas conviene decir que el Pato y yo \u00e9ramos los m\u00e1s j\u00f3venes del grupo, y que ella es la de m\u00e1s edad (94, ahora tiene 98 a\u00f1os). Y, sin embargo, expres\u00f3 una opini\u00f3n tan l\u00facida y abierta de mente que remeci\u00f3 mis supuestos y prejuicios sobre las diferencias y distancias de mentalidades entre generaciones. En lo personal, el libro tambi\u00e9n me remeci\u00f3, pero estaba consciente de que estaba escrito precisamente con ese objetivo. En algunos cap\u00edtulos recuerdo que sent\u00ed que el autor estaba jugando con mis fronteras sexuales. M\u00e1s tarde me enter\u00e9 de que el Pato fue el que hab\u00eda sugerido el libro.<\/p>\n<p>Han sido muchas las banqueteadas lecturas que hemos compartido, tratando de ser lo m\u00e1s variados y universales posibles: Thomas Mann, Dostoievsky, Agota Kristof, Julio Cort\u00e1zar, el mismo Paul Preciado, Manuel Rojas, Carlos Droguett, Mircea Cartarescu, Kenzaburo O\u00e9, y un largo etc\u00e9tera.<\/p>\n<p>Debido a los problemas de visi\u00f3n que la edad le ha tra\u00eddo, la Maru y tambi\u00e9n la Nora (otra de las contertulias), deben \u00ableer\u00bb el libro del mes esch\u00e1ndolo como audiolibro. Si las \u00abpr\u00f3tesis\u00bb que son sus cuerpos estuvieran igual de frescas que sus mentes, me pregunto con cu\u00e1nta m\u00e1s agilidad intractuar\u00edan. Pero, \u00bfes eso deseable, realmente? Una pregunta que abre profundas reflexiones sobre la vida, la impermanencia, la dependencia de nuestros cuerpos, el futuro&#8230; Dejo pendiente el pregunt\u00e1rselo.<\/p>\n<p>Mar\u00eda de la Fuente, o \u00abMaruja\u00bb para los amigos, es una mujer admirable y m\u00e1s que merecedora de ser recordada. Y ella est\u00e1 muy tranquila al respecto: \u00abestoy en <em>statu quo<\/em>\u00ab, dice, dando a entender que est\u00e1 en paz con la vida, aunque siga activa y autovalente en su departamento de Las Condes. Por cierto, a pocas cuadras de la Escuela Militar y la residencia del ex dictador Augusto Pinochet, donde ha vivido desde mucho antes del Golpe Militar de 1973.<\/p>\n<p>Nacida en una familia numerosa -es la mayor de 8 hermanos- en Puerto Montt, de un padre funcionario judicial \u00edntegro y honesto y una madre due\u00f1a de casa, Mar\u00eda Enriqueta, t\u00edmida y lectora voraz, tuvo una infancia feliz en distintos fundos y casas vacacionales de amigos de sus padres, llegando en algunos veranos a ser m\u00e1s de 30 personas. Su libro \u00abLa chica de la fuente\u00bb est\u00e1 compuesto con an\u00e9cdotas de esos a\u00f1os.<\/p>\n<p>Se mud\u00f3 a Santiago para estudiar en la universidad, alojando en casa de unas t\u00edas en el centro. En quinto a\u00f1o de Medicina conoci\u00f3 a Edmundo Camus en su grupo de estudios, con quien ser\u00edan compa\u00f1eros de vida y activismo social. Se titul\u00f3 de M\u00e9dico Cirujano en 1952, y trabaj\u00f3 en la especialidad de Pediatr\u00eda en Puente Alto, en ese entonces un pueblo en la periferia de Santiago. Dedic\u00f3 toda su carrera de atenci\u00f3n sanitaria a la Salud P\u00fablica chilena, destacando tambi\u00e9n como docente en la Facultad de Medicina de Universidad de Chile.<\/p>\n<p>Una faceta crucial ha sido el activismo pol\u00edtico y social de Maruja y Edmundo en el Partido Comunista, \u00e9l de manera m\u00e1s vocal, y ella tras bambalinas. Quiz\u00e1 por eso sali\u00f3 relativamente indemne despu\u00e9s del Golpe. Su marido, jefe de Traumatolog\u00eda del Hospital Barros Luco, estuvo de turno desde el 11 (d\u00eda del Golpe Militar) al 23 de septiembre de 1973. All\u00ed vio \u00ablas cosas m\u00e1s tremendas e inconcebibles a las que pudiera ser sometido un cuerpo humano&#8230; llegaban heridos tras heridos, muchos con balas que explotaban dentro\u00bb. El d\u00eda 23 se lo llevaron detenido al Estadio Nacional, donde permaneci\u00f3 un mes; perdi\u00f3 10 kilos por la poca o ninguna comida que le daban. \u00abNo se les pod\u00eda llevar m\u00e1s que cigarrillos y chocolate, sin siquiera verlos. Una no sabe si le llegaban a no las cosas que les tra\u00edamos\u00bb, dice Maruja. \u00abUna se\u00f1ora que estaba al lado m\u00edo me dijo que: \u00a1Esto es peor que la c\u00e1rcel, porque en la c\u00e1rcel al menos se les puede ver en persona!\u00bb<\/p>\n<p>\u00abFueron d\u00edas surrealistas y terribles&#8230; de un d\u00eda para el otro algunos seres humanos pasamos a ser cosas, objetos que no importaban nada. Yo viv\u00eda con un temor permanente a ser detenida, y cada ruido era un sobresalto. So\u00f1aba con mezclarme entre la gente. Pas\u00e1bamos la noche en casas de amigos, con mudas de ropa. Incluso mi hermana, valiente ella, se ven\u00eda algunas veces a pasar la noche conmigo. Hasta ten\u00eda un cuento inventado por si me ven\u00edan a detener.\u00bb<\/p>\n<p>Nunca se fueron al exilio. Tras el fallecimiento de Edmundo en 2013, ha seguido tan activa y aut\u00f3noma como siempre. \u00abYo no me aburro con nada. Ahora que veo menos, escucho audiolibros. Tambi\u00e9n cultivo la vida social: si no me llaman, llamo yo. \u00abYa, \u00bfvan a venir o no van a venir? Por ejemplo, tomamos once con enfermeras compa\u00f1eras de la Escuela de Medicina.\u00bb<\/p>\n<p>Maruja tambi\u00e9n tiene una faceta de escritora: ha publicado varios libros de relatos autobiogr\u00e1ficos, como \u00abCuentos de t\u00edas y sobrinas\u00bb (1995), \u00abVisiones de dos mundos\u00bb (2004), \u00abLa ni\u00f1a de la fuente\u00bb (2015), en que narra an\u00e9cdotas de su ni\u00f1ez y adolescencia y\u00a0 \u00abValientes. Chile 1973-1990\u00bb (2018) , con narraciones autobiogr\u00e1ficas de los a\u00f1os de la dictadura militar.<\/p>\n<p>Adem\u00e1s, entre 1981 y 1990 incursion\u00f3 en el Teatro Familiar de Barrio, compa\u00f1ia de aficionados dirigida por el actor y director Rub\u00e9n Sotoconil que llev\u00f3 obras de contenido social en diferentes casas, poblaciones, parroquias y centros comunitarios de Santiago, partiendo al principio por la obra \u00abRegreso al fin\u00bb, de V\u00edctor Calder\u00f3n, escrita expresamente para ellos. Despu\u00e9s se fueron ampliando a obras de Bertoldt Brecht, Georges Courteline y H\u00e9ctor Aguilar,\u00a0 e interpretaciones basadas en poemas de Gabriela Mistral y Pablo Neruda, entre otros. De m\u00e1s est\u00e1 decir que expresaban y alimentaban la conciencia social en unos a\u00f1os marcados por la represi\u00f3n y el miedo.<\/p>\n<div id=\"attachment_2545226\" class=\"wp-caption aligncenter\"><a href=\"https:\/\/www.pressenza.com\/es\/?attachment_id=2545226\" rel=\"attachment wp-att-2545226\"><img loading=\"lazy\" decoding=\"async\" aria-describedby=\"caption-attachment-2545226\" class=\"wp-image-2545226 size-full\" src=\"https:\/\/www.pressenza.com\/wp-content\/uploads\/2024\/08\/Arpillera-pobladora_Teatro-Familiar-de-Barrio_entrevista-a-Maruja_agosto-2024.jpg\" alt=\"Arpillera tejida por pobladora asistente a la obra &quot;Regreso al fin&quot;, interpretada por el Teatro Familiar de Barrio. D\u00e9cada de 1980.\" width=\"412\" height=\"479\" srcset=\"https:\/\/www.pressenza.com\/wp-content\/uploads\/2024\/08\/Arpillera-pobladora_Teatro-Familiar-de-Barrio_entrevista-a-Maruja_agosto-2024.jpg 412w, https:\/\/www.pressenza.com\/wp-content\/uploads\/2024\/08\/Arpillera-pobladora_Teatro-Familiar-de-Barrio_entrevista-a-Maruja_agosto-2024-258x300.jpg 258w\" sizes=\"auto, (max-width: 412px) 100vw, 412px\" \/><\/a><p id=\"caption-attachment-2545226\" class=\"wp-caption-text\">Arpillera tejida por pobladora asistente a la obra \u00abRegreso al fin\u00bb, interpretada por el Teatro Familiar de Barrio. D\u00e9cada de 1980.<\/p><\/div>\n<p>&nbsp;<\/p>\n","protected":false},"excerpt":{"rendered":"<p>Conoc\u00ed a la Maruja hace unos 5 a\u00f1os, al comenzar a participar en una tertulia literaria de gente procedente en su mayor\u00eda de la Facultad de Medicina de la Universidad de Chile, casi todos ya jubilados. Todos pasaron los a\u00f1os&hellip;<\/p>\n","protected":false},"author":1657,"featured_media":2545233,"comment_status":"closed","ping_status":"closed","sticky":false,"template":"","format":"standard","meta":{"footnotes":""},"categories":[11389,75,1241,155,67],"tags":[12282,122705,122706,122707,122704],"class_list":["post-1843505","post","type-post","status-publish","format-standard","has-post-thumbnail","hentry","category-contenido-original","category-cultura-es","category-diversidad","category-entrevistas","category-sudamerica","tag-dictadura-militar","tag-facultad-de-medicina-de-la-udechile","tag-maria-de-la-fuente","tag-pisco-sour","tag-tertulias-literarias"],"yoast_head":"<!-- This site is optimized with the Yoast SEO plugin v27.1.1 - https:\/\/yoast.com\/product\/yoast-seo-wordpress\/ -->\n<title>Mar\u00eda de la Fuente: una vida de activismo y lucidez<\/title>\n<meta name=\"description\" content=\"Conoc\u00ed a la Maruja hace unos 5 a\u00f1os, al comenzar a participar en una tertulia literaria de gente procedente en su mayor\u00eda de la Facultad de Medicina de la\" \/>\n<meta name=\"robots\" content=\"index, follow, max-snippet:-1, max-image-preview:large, max-video-preview:-1\" \/>\n<link rel=\"canonical\" href=\"https:\/\/www.pressenza.com\/es\/2024\/08\/maria-de-la-fuente-una-vida-de-activismo-y-lucidez\/\" \/>\n<meta property=\"og:locale\" content=\"es_ES\" \/>\n<meta property=\"og:type\" content=\"article\" \/>\n<meta property=\"og:title\" content=\"Mar\u00eda de la Fuente: una vida de activismo y lucidez\" \/>\n<meta property=\"og:description\" content=\"Conoc\u00ed a la Maruja hace unos 5 a\u00f1os, al comenzar a participar en una tertulia literaria de gente procedente en su mayor\u00eda de la Facultad de Medicina de la\" \/>\n<meta property=\"og:url\" content=\"https:\/\/www.pressenza.com\/es\/2024\/08\/maria-de-la-fuente-una-vida-de-activismo-y-lucidez\/\" \/>\n<meta property=\"og:site_name\" content=\"Pressenza\" \/>\n<meta property=\"article:publisher\" content=\"https:\/\/www.facebook.com\/PressenzaItalia\" \/>\n<meta property=\"article:published_time\" content=\"2024-08-30T22:55:04+00:00\" \/>\n<meta property=\"article:modified_time\" content=\"2024-09-09T12:20:04+00:00\" \/>\n<meta property=\"og:image\" content=\"https:\/\/www.pressenza.com\/wp-content\/uploads\/2024\/08\/Maruja_abril-2024-1.jpg\" \/>\n\t<meta property=\"og:image:width\" content=\"771\" \/>\n\t<meta property=\"og:image:height\" content=\"899\" \/>\n\t<meta property=\"og:image:type\" content=\"image\/jpeg\" \/>\n<meta name=\"author\" content=\"David Mel\u00e9ndez Tormen\" \/>\n<meta name=\"twitter:card\" content=\"summary_large_image\" \/>\n<meta name=\"twitter:creator\" content=\"@PressenzaIPA\" \/>\n<meta name=\"twitter:site\" content=\"@PressenzaIPA\" \/>\n<meta name=\"twitter:label1\" content=\"Escrito por\" \/>\n\t<meta name=\"twitter:data1\" content=\"David Mel\u00e9ndez Tormen\" \/>\n\t<meta name=\"twitter:label2\" content=\"Tiempo de lectura\" \/>\n\t<meta name=\"twitter:data2\" content=\"6 minutos\" \/>\n<script type=\"application\/ld+json\" class=\"yoast-schema-graph\">{\"@context\":\"https:\/\/schema.org\",\"@graph\":[{\"@type\":\"Article\",\"@id\":\"https:\/\/www.pressenza.com\/es\/2024\/08\/maria-de-la-fuente-una-vida-de-activismo-y-lucidez\/#article\",\"isPartOf\":{\"@id\":\"https:\/\/www.pressenza.com\/es\/2024\/08\/maria-de-la-fuente-una-vida-de-activismo-y-lucidez\/\"},\"author\":{\"name\":\"David Mel\u00e9ndez Tormen\",\"@id\":\"https:\/\/www.pressenza.com\/es\/#\/schema\/person\/70f60c9c4fac1fd1dfead42691972065\"},\"headline\":\"Mar\u00eda de la Fuente: una vida de activismo y lucidez\",\"datePublished\":\"2024-08-30T22:55:04+00:00\",\"dateModified\":\"2024-09-09T12:20:04+00:00\",\"mainEntityOfPage\":{\"@id\":\"https:\/\/www.pressenza.com\/es\/2024\/08\/maria-de-la-fuente-una-vida-de-activismo-y-lucidez\/\"},\"wordCount\":1274,\"publisher\":{\"@id\":\"https:\/\/www.pressenza.com\/es\/#organization\"},\"image\":{\"@id\":\"https:\/\/www.pressenza.com\/es\/2024\/08\/maria-de-la-fuente-una-vida-de-activismo-y-lucidez\/#primaryimage\"},\"thumbnailUrl\":\"https:\/\/www.pressenza.com\/wp-content\/uploads\/2024\/08\/Maruja_abril-2024-1.jpg\",\"keywords\":[\"Dictadura Militar\",\"Facultad de Medicina de la UdeChile\",\"Mar\u00eda de la Fuente\",\"pisco sour\",\"tertulias literarias\"],\"articleSection\":[\"Contenido Original\",\"Cultura y Medios\",\"Diversidad\",\"Entrevistas\",\"Sudam\u00e9rica\"],\"inLanguage\":\"es\"},{\"@type\":\"WebPage\",\"@id\":\"https:\/\/www.pressenza.com\/es\/2024\/08\/maria-de-la-fuente-una-vida-de-activismo-y-lucidez\/\",\"url\":\"https:\/\/www.pressenza.com\/es\/2024\/08\/maria-de-la-fuente-una-vida-de-activismo-y-lucidez\/\",\"name\":\"Mar\u00eda de la Fuente: una vida de activismo y lucidez\",\"isPartOf\":{\"@id\":\"https:\/\/www.pressenza.com\/es\/#website\"},\"primaryImageOfPage\":{\"@id\":\"https:\/\/www.pressenza.com\/es\/2024\/08\/maria-de-la-fuente-una-vida-de-activismo-y-lucidez\/#primaryimage\"},\"image\":{\"@id\":\"https:\/\/www.pressenza.com\/es\/2024\/08\/maria-de-la-fuente-una-vida-de-activismo-y-lucidez\/#primaryimage\"},\"thumbnailUrl\":\"https:\/\/www.pressenza.com\/wp-content\/uploads\/2024\/08\/Maruja_abril-2024-1.jpg\",\"datePublished\":\"2024-08-30T22:55:04+00:00\",\"dateModified\":\"2024-09-09T12:20:04+00:00\",\"description\":\"Conoc\u00ed a la Maruja hace unos 5 a\u00f1os, al comenzar a participar en una tertulia literaria de gente procedente en su mayor\u00eda de la Facultad de Medicina de la\",\"breadcrumb\":{\"@id\":\"https:\/\/www.pressenza.com\/es\/2024\/08\/maria-de-la-fuente-una-vida-de-activismo-y-lucidez\/#breadcrumb\"},\"inLanguage\":\"es\",\"potentialAction\":[{\"@type\":\"ReadAction\",\"target\":[\"https:\/\/www.pressenza.com\/es\/2024\/08\/maria-de-la-fuente-una-vida-de-activismo-y-lucidez\/\"]}]},{\"@type\":\"ImageObject\",\"inLanguage\":\"es\",\"@id\":\"https:\/\/www.pressenza.com\/es\/2024\/08\/maria-de-la-fuente-una-vida-de-activismo-y-lucidez\/#primaryimage\",\"url\":\"https:\/\/www.pressenza.com\/wp-content\/uploads\/2024\/08\/Maruja_abril-2024-1.jpg\",\"contentUrl\":\"https:\/\/www.pressenza.com\/wp-content\/uploads\/2024\/08\/Maruja_abril-2024-1.jpg\",\"width\":771,\"height\":899},{\"@type\":\"BreadcrumbList\",\"@id\":\"https:\/\/www.pressenza.com\/es\/2024\/08\/maria-de-la-fuente-una-vida-de-activismo-y-lucidez\/#breadcrumb\",\"itemListElement\":[{\"@type\":\"ListItem\",\"position\":1,\"name\":\"Accueil\",\"item\":\"https:\/\/www.pressenza.com\/es\/\"},{\"@type\":\"ListItem\",\"position\":2,\"name\":\"Mar\u00eda de la Fuente: una vida de activismo y lucidez\"}]},{\"@type\":\"WebSite\",\"@id\":\"https:\/\/www.pressenza.com\/es\/#website\",\"url\":\"https:\/\/www.pressenza.com\/es\/\",\"name\":\"Pressenza\",\"description\":\"International Press Agency\",\"publisher\":{\"@id\":\"https:\/\/www.pressenza.com\/es\/#organization\"},\"potentialAction\":[{\"@type\":\"SearchAction\",\"target\":{\"@type\":\"EntryPoint\",\"urlTemplate\":\"https:\/\/www.pressenza.com\/es\/?s={search_term_string}\"},\"query-input\":{\"@type\":\"PropertyValueSpecification\",\"valueRequired\":true,\"valueName\":\"search_term_string\"}}],\"inLanguage\":\"es\"},{\"@type\":\"Organization\",\"@id\":\"https:\/\/www.pressenza.com\/es\/#organization\",\"name\":\"Pressenza\",\"url\":\"https:\/\/www.pressenza.com\/es\/\",\"logo\":{\"@type\":\"ImageObject\",\"inLanguage\":\"es\",\"@id\":\"https:\/\/www.pressenza.com\/es\/#\/schema\/logo\/image\/\",\"url\":\"https:\/\/www.pressenza.com\/wp-content\/uploads\/2022\/10\/pressenza_logo_200x200.jpg\",\"contentUrl\":\"https:\/\/www.pressenza.com\/wp-content\/uploads\/2022\/10\/pressenza_logo_200x200.jpg\",\"width\":200,\"height\":200,\"caption\":\"Pressenza\"},\"image\":{\"@id\":\"https:\/\/www.pressenza.com\/es\/#\/schema\/logo\/image\/\"},\"sameAs\":[\"https:\/\/www.facebook.com\/PressenzaItalia\",\"https:\/\/x.com\/PressenzaIPA\"]},{\"@type\":\"Person\",\"@id\":\"https:\/\/www.pressenza.com\/es\/#\/schema\/person\/70f60c9c4fac1fd1dfead42691972065\",\"name\":\"David Mel\u00e9ndez Tormen\",\"description\":\"Humanist and diversity activist. Born in 1972 in Santiago de Chile. Bachelor\u2019s Degree in Humanities and German-English to Spanish Translator, with studies in journalism. Currently doing a M.A. on Social Transformations. Collaborator in Pressenza since 2018. Co-author, with Riccardo Marinai, of the book Mjuros que Hablan, a compilation of graffitis from the Chilean \\\"estallido social\\\" of 2019.\",\"url\":\"https:\/\/www.pressenza.com\/es\/author\/david-melendez\/\"}]}<\/script>\n<!-- \/ Yoast SEO plugin. -->","yoast_head_json":{"title":"Mar\u00eda de la Fuente: una vida de activismo y lucidez","description":"Conoc\u00ed a la Maruja hace unos 5 a\u00f1os, al comenzar a participar en una tertulia literaria de gente procedente en su mayor\u00eda de la Facultad de Medicina de la","robots":{"index":"index","follow":"follow","max-snippet":"max-snippet:-1","max-image-preview":"max-image-preview:large","max-video-preview":"max-video-preview:-1"},"canonical":"https:\/\/www.pressenza.com\/es\/2024\/08\/maria-de-la-fuente-una-vida-de-activismo-y-lucidez\/","og_locale":"es_ES","og_type":"article","og_title":"Mar\u00eda de la Fuente: una vida de activismo y lucidez","og_description":"Conoc\u00ed a la Maruja hace unos 5 a\u00f1os, al comenzar a participar en una tertulia literaria de gente procedente en su mayor\u00eda de la Facultad de Medicina de la","og_url":"https:\/\/www.pressenza.com\/es\/2024\/08\/maria-de-la-fuente-una-vida-de-activismo-y-lucidez\/","og_site_name":"Pressenza","article_publisher":"https:\/\/www.facebook.com\/PressenzaItalia","article_published_time":"2024-08-30T22:55:04+00:00","article_modified_time":"2024-09-09T12:20:04+00:00","og_image":[{"width":771,"height":899,"url":"https:\/\/www.pressenza.com\/wp-content\/uploads\/2024\/08\/Maruja_abril-2024-1.jpg","type":"image\/jpeg"}],"author":"David Mel\u00e9ndez Tormen","twitter_card":"summary_large_image","twitter_creator":"@PressenzaIPA","twitter_site":"@PressenzaIPA","twitter_misc":{"Escrito por":"David Mel\u00e9ndez Tormen","Tiempo de lectura":"6 minutos"},"schema":{"@context":"https:\/\/schema.org","@graph":[{"@type":"Article","@id":"https:\/\/www.pressenza.com\/es\/2024\/08\/maria-de-la-fuente-una-vida-de-activismo-y-lucidez\/#article","isPartOf":{"@id":"https:\/\/www.pressenza.com\/es\/2024\/08\/maria-de-la-fuente-una-vida-de-activismo-y-lucidez\/"},"author":{"name":"David Mel\u00e9ndez Tormen","@id":"https:\/\/www.pressenza.com\/es\/#\/schema\/person\/70f60c9c4fac1fd1dfead42691972065"},"headline":"Mar\u00eda de la Fuente: una vida de activismo y lucidez","datePublished":"2024-08-30T22:55:04+00:00","dateModified":"2024-09-09T12:20:04+00:00","mainEntityOfPage":{"@id":"https:\/\/www.pressenza.com\/es\/2024\/08\/maria-de-la-fuente-una-vida-de-activismo-y-lucidez\/"},"wordCount":1274,"publisher":{"@id":"https:\/\/www.pressenza.com\/es\/#organization"},"image":{"@id":"https:\/\/www.pressenza.com\/es\/2024\/08\/maria-de-la-fuente-una-vida-de-activismo-y-lucidez\/#primaryimage"},"thumbnailUrl":"https:\/\/www.pressenza.com\/wp-content\/uploads\/2024\/08\/Maruja_abril-2024-1.jpg","keywords":["Dictadura Militar","Facultad de Medicina de la UdeChile","Mar\u00eda de la Fuente","pisco sour","tertulias literarias"],"articleSection":["Contenido Original","Cultura y Medios","Diversidad","Entrevistas","Sudam\u00e9rica"],"inLanguage":"es"},{"@type":"WebPage","@id":"https:\/\/www.pressenza.com\/es\/2024\/08\/maria-de-la-fuente-una-vida-de-activismo-y-lucidez\/","url":"https:\/\/www.pressenza.com\/es\/2024\/08\/maria-de-la-fuente-una-vida-de-activismo-y-lucidez\/","name":"Mar\u00eda de la Fuente: una vida de activismo y lucidez","isPartOf":{"@id":"https:\/\/www.pressenza.com\/es\/#website"},"primaryImageOfPage":{"@id":"https:\/\/www.pressenza.com\/es\/2024\/08\/maria-de-la-fuente-una-vida-de-activismo-y-lucidez\/#primaryimage"},"image":{"@id":"https:\/\/www.pressenza.com\/es\/2024\/08\/maria-de-la-fuente-una-vida-de-activismo-y-lucidez\/#primaryimage"},"thumbnailUrl":"https:\/\/www.pressenza.com\/wp-content\/uploads\/2024\/08\/Maruja_abril-2024-1.jpg","datePublished":"2024-08-30T22:55:04+00:00","dateModified":"2024-09-09T12:20:04+00:00","description":"Conoc\u00ed a la Maruja hace unos 5 a\u00f1os, al comenzar a participar en una tertulia literaria de gente procedente en su mayor\u00eda de la Facultad de Medicina de la","breadcrumb":{"@id":"https:\/\/www.pressenza.com\/es\/2024\/08\/maria-de-la-fuente-una-vida-de-activismo-y-lucidez\/#breadcrumb"},"inLanguage":"es","potentialAction":[{"@type":"ReadAction","target":["https:\/\/www.pressenza.com\/es\/2024\/08\/maria-de-la-fuente-una-vida-de-activismo-y-lucidez\/"]}]},{"@type":"ImageObject","inLanguage":"es","@id":"https:\/\/www.pressenza.com\/es\/2024\/08\/maria-de-la-fuente-una-vida-de-activismo-y-lucidez\/#primaryimage","url":"https:\/\/www.pressenza.com\/wp-content\/uploads\/2024\/08\/Maruja_abril-2024-1.jpg","contentUrl":"https:\/\/www.pressenza.com\/wp-content\/uploads\/2024\/08\/Maruja_abril-2024-1.jpg","width":771,"height":899},{"@type":"BreadcrumbList","@id":"https:\/\/www.pressenza.com\/es\/2024\/08\/maria-de-la-fuente-una-vida-de-activismo-y-lucidez\/#breadcrumb","itemListElement":[{"@type":"ListItem","position":1,"name":"Accueil","item":"https:\/\/www.pressenza.com\/es\/"},{"@type":"ListItem","position":2,"name":"Mar\u00eda de la Fuente: una vida de activismo y lucidez"}]},{"@type":"WebSite","@id":"https:\/\/www.pressenza.com\/es\/#website","url":"https:\/\/www.pressenza.com\/es\/","name":"Pressenza","description":"International Press Agency","publisher":{"@id":"https:\/\/www.pressenza.com\/es\/#organization"},"potentialAction":[{"@type":"SearchAction","target":{"@type":"EntryPoint","urlTemplate":"https:\/\/www.pressenza.com\/es\/?s={search_term_string}"},"query-input":{"@type":"PropertyValueSpecification","valueRequired":true,"valueName":"search_term_string"}}],"inLanguage":"es"},{"@type":"Organization","@id":"https:\/\/www.pressenza.com\/es\/#organization","name":"Pressenza","url":"https:\/\/www.pressenza.com\/es\/","logo":{"@type":"ImageObject","inLanguage":"es","@id":"https:\/\/www.pressenza.com\/es\/#\/schema\/logo\/image\/","url":"https:\/\/www.pressenza.com\/wp-content\/uploads\/2022\/10\/pressenza_logo_200x200.jpg","contentUrl":"https:\/\/www.pressenza.com\/wp-content\/uploads\/2022\/10\/pressenza_logo_200x200.jpg","width":200,"height":200,"caption":"Pressenza"},"image":{"@id":"https:\/\/www.pressenza.com\/es\/#\/schema\/logo\/image\/"},"sameAs":["https:\/\/www.facebook.com\/PressenzaItalia","https:\/\/x.com\/PressenzaIPA"]},{"@type":"Person","@id":"https:\/\/www.pressenza.com\/es\/#\/schema\/person\/70f60c9c4fac1fd1dfead42691972065","name":"David Mel\u00e9ndez Tormen","description":"Humanist and diversity activist. Born in 1972 in Santiago de Chile. Bachelor\u2019s Degree in Humanities and German-English to Spanish Translator, with studies in journalism. Currently doing a M.A. on Social Transformations. Collaborator in Pressenza since 2018. Co-author, with Riccardo Marinai, of the book Mjuros que Hablan, a compilation of graffitis from the Chilean \"estallido social\" of 2019.","url":"https:\/\/www.pressenza.com\/es\/author\/david-melendez\/"}]}},"place":"Santiago de Chile","original_article_url":"","_links":{"self":[{"href":"https:\/\/www.pressenza.com\/es\/wp-json\/wp\/v2\/posts\/1843505","targetHints":{"allow":["GET"]}}],"collection":[{"href":"https:\/\/www.pressenza.com\/es\/wp-json\/wp\/v2\/posts"}],"about":[{"href":"https:\/\/www.pressenza.com\/es\/wp-json\/wp\/v2\/types\/post"}],"author":[{"embeddable":true,"href":"https:\/\/www.pressenza.com\/es\/wp-json\/wp\/v2\/users\/1657"}],"replies":[{"embeddable":true,"href":"https:\/\/www.pressenza.com\/es\/wp-json\/wp\/v2\/comments?post=1843505"}],"version-history":[{"count":0,"href":"https:\/\/www.pressenza.com\/es\/wp-json\/wp\/v2\/posts\/1843505\/revisions"}],"wp:featuredmedia":[{"embeddable":true,"href":"https:\/\/www.pressenza.com\/es\/wp-json\/wp\/v2\/media\/2545233"}],"wp:attachment":[{"href":"https:\/\/www.pressenza.com\/es\/wp-json\/wp\/v2\/media?parent=1843505"}],"wp:term":[{"taxonomy":"category","embeddable":true,"href":"https:\/\/www.pressenza.com\/es\/wp-json\/wp\/v2\/categories?post=1843505"},{"taxonomy":"post_tag","embeddable":true,"href":"https:\/\/www.pressenza.com\/es\/wp-json\/wp\/v2\/tags?post=1843505"}],"curies":[{"name":"wp","href":"https:\/\/api.w.org\/{rel}","templated":true}]}}