{"id":1843120,"date":"2024-05-07T01:18:23","date_gmt":"2024-05-07T00:18:23","guid":{"rendered":"https:\/\/www.pressenza.com\/?p=1843120"},"modified":"2024-05-07T01:18:23","modified_gmt":"2024-05-07T00:18:23","slug":"alberto-fujimori-exige-pension-como-expresidente","status":"publish","type":"post","link":"https:\/\/www.pressenza.com\/es\/2024\/05\/alberto-fujimori-exige-pension-como-expresidente\/","title":{"rendered":"Alberto Fujimori exige pensi\u00f3n como expresidente"},"content":{"rendered":"<p>En el colmo de la impunidad, el ex reo Alberto Fujimori Fujimori inici\u00f3 la gesti\u00f3n ante el Congreso de la Rep\u00fablica para obtener su pensi\u00f3n como expresidente, pese a que hasta el momento mantiene una deuda con el Estado por reparaci\u00f3n civil ascendente a 57 millones de soles y se encuentra en libertad, a pesar de las sentencias que tiene en su contra por delitos de lesa humanidad y de corrupci\u00f3n.<\/p>\n<p>Fujimori Fujimori sali\u00f3 en libertad en diciembre de 2023, luego que el Tribunal Constitucional declarara procedente el indulto otorgado por el expresidente Pedro Pablo Kuczynski, el cual se dio en medio del esc\u00e1ndalo de negociaciones para evitar su vacancia.<\/p>\n<p>El abogado de Alberto Fujimori, Elio Rivera, present\u00f3 la solicitud de pensi\u00f3n para el expresidente amparado en la Ley 26519 que se\u00f1ala que \u00ablos expresidentes constitucionales de la Rep\u00fablica gozar\u00e1n de una pensi\u00f3n equivalente al total de los ingresos de un congresista en actividad. En caso de fallecimiento ser\u00e1n beneficiarios de la pensi\u00f3n el c\u00f3nyuge y los hijos menores si los hubiere\u00bb.<\/p>\n<p>La solicitud fue enviada mediante oficio el pasado 29 de abril al oficial mayor del Congreso, en el cual se solicita se disponga la pensi\u00f3n a Fujimori seg\u00fan el Acuerdo de Mesa N\u00b0 078-2016-2017. De concretarse, Fujimori recibir\u00eda S\/. 15,600.00 soles y otros beneficios.<\/p>\n","protected":false},"excerpt":{"rendered":"<p>En el colmo de la impunidad, el ex reo Alberto Fujimori Fujimori inici\u00f3 la gesti\u00f3n ante el Congreso de la Rep\u00fablica para obtener su pensi\u00f3n como expresidente, pese a que hasta el momento mantiene una deuda con el Estado por&hellip;<\/p>\n","protected":false},"author":831,"featured_media":1843121,"comment_status":"closed","ping_status":"closed","sticky":false,"template":"","format":"standard","meta":{"footnotes":""},"categories":[11389,79,106739,74,67],"tags":[15354,38863,13186],"class_list":["post-1843120","post","type-post","status-publish","format-standard","has-post-thumbnail","hentry","category-contenido-original","category-derechos-humanos","category-noticia","category-politica-es","category-sudamerica","tag-alberto-fujimori","tag-delitos-de-lesa-humanidad","tag-impunidad"],"yoast_head":"<!-- This site is optimized with the Yoast SEO plugin v27.1.1 - https:\/\/yoast.com\/product\/yoast-seo-wordpress\/ -->\n<title>Alberto Fujimori exige pensi\u00f3n como expresidente<\/title>\n<meta name=\"description\" content=\"En el colmo de la impunidad, el ex reo Alberto Fujimori Fujimori inici\u00f3 la gesti\u00f3n ante el Congreso de la Rep\u00fablica para obtener su pensi\u00f3n como\" \/>\n<meta name=\"robots\" content=\"index, follow, max-snippet:-1, max-image-preview:large, max-video-preview:-1\" \/>\n<link rel=\"canonical\" href=\"https:\/\/www.pressenza.com\/es\/2024\/05\/alberto-fujimori-exige-pension-como-expresidente\/\" \/>\n<meta property=\"og:locale\" content=\"es_ES\" \/>\n<meta property=\"og:type\" content=\"article\" \/>\n<meta property=\"og:title\" content=\"Alberto Fujimori exige pensi\u00f3n como expresidente\" \/>\n<meta property=\"og:description\" content=\"En el colmo de la impunidad, el ex reo Alberto Fujimori Fujimori inici\u00f3 la gesti\u00f3n ante el Congreso de la Rep\u00fablica para obtener su pensi\u00f3n como\" \/>\n<meta property=\"og:url\" content=\"https:\/\/www.pressenza.com\/es\/2024\/05\/alberto-fujimori-exige-pension-como-expresidente\/\" \/>\n<meta property=\"og:site_name\" content=\"Pressenza\" \/>\n<meta property=\"article:publisher\" content=\"https:\/\/www.facebook.com\/PressenzaItalia\" \/>\n<meta property=\"article:published_time\" content=\"2024-05-07T00:18:23+00:00\" \/>\n<meta property=\"og:image\" content=\"https:\/\/www.pressenza.com\/wp-content\/uploads\/2024\/05\/fujimori_andina.jpg\" \/>\n\t<meta property=\"og:image:width\" content=\"764\" \/>\n\t<meta property=\"og:image:height\" content=\"480\" \/>\n\t<meta property=\"og:image:type\" content=\"image\/jpeg\" \/>\n<meta name=\"author\" content=\"Redacci\u00f3n Per\u00fa\" \/>\n<meta name=\"twitter:card\" content=\"summary_large_image\" \/>\n<meta name=\"twitter:creator\" content=\"@PressenzaIPA\" \/>\n<meta name=\"twitter:site\" content=\"@PressenzaIPA\" \/>\n<meta name=\"twitter:label1\" content=\"Escrito por\" \/>\n\t<meta name=\"twitter:data1\" content=\"Redacci\u00f3n Per\u00fa\" \/>\n\t<meta name=\"twitter:label2\" content=\"Tiempo de lectura\" \/>\n\t<meta name=\"twitter:data2\" content=\"1 minuto\" \/>\n<script type=\"application\/ld+json\" class=\"yoast-schema-graph\">{\"@context\":\"https:\/\/schema.org\",\"@graph\":[{\"@type\":\"Article\",\"@id\":\"https:\/\/www.pressenza.com\/es\/2024\/05\/alberto-fujimori-exige-pension-como-expresidente\/#article\",\"isPartOf\":{\"@id\":\"https:\/\/www.pressenza.com\/es\/2024\/05\/alberto-fujimori-exige-pension-como-expresidente\/\"},\"author\":{\"name\":\"Redacci\u00f3n Per\u00fa\",\"@id\":\"https:\/\/www.pressenza.com\/es\/#\/schema\/person\/e86c29a41185b85084a478822f5de81b\"},\"headline\":\"Alberto Fujimori exige pensi\u00f3n como expresidente\",\"datePublished\":\"2024-05-07T00:18:23+00:00\",\"mainEntityOfPage\":{\"@id\":\"https:\/\/www.pressenza.com\/es\/2024\/05\/alberto-fujimori-exige-pension-como-expresidente\/\"},\"wordCount\":236,\"publisher\":{\"@id\":\"https:\/\/www.pressenza.com\/es\/#organization\"},\"image\":{\"@id\":\"https:\/\/www.pressenza.com\/es\/2024\/05\/alberto-fujimori-exige-pension-como-expresidente\/#primaryimage\"},\"thumbnailUrl\":\"https:\/\/www.pressenza.com\/wp-content\/uploads\/2024\/05\/fujimori_andina.jpg\",\"keywords\":[\"Alberto Fujimori\",\"delitos de lesa humanidad\",\"Impunidad\"],\"articleSection\":[\"Contenido Original\",\"Derechos Humanos\",\"Noticia\",\"Pol\u00edtica\",\"Sudam\u00e9rica\"],\"inLanguage\":\"es\"},{\"@type\":\"WebPage\",\"@id\":\"https:\/\/www.pressenza.com\/es\/2024\/05\/alberto-fujimori-exige-pension-como-expresidente\/\",\"url\":\"https:\/\/www.pressenza.com\/es\/2024\/05\/alberto-fujimori-exige-pension-como-expresidente\/\",\"name\":\"Alberto Fujimori exige pensi\u00f3n como expresidente\",\"isPartOf\":{\"@id\":\"https:\/\/www.pressenza.com\/es\/#website\"},\"primaryImageOfPage\":{\"@id\":\"https:\/\/www.pressenza.com\/es\/2024\/05\/alberto-fujimori-exige-pension-como-expresidente\/#primaryimage\"},\"image\":{\"@id\":\"https:\/\/www.pressenza.com\/es\/2024\/05\/alberto-fujimori-exige-pension-como-expresidente\/#primaryimage\"},\"thumbnailUrl\":\"https:\/\/www.pressenza.com\/wp-content\/uploads\/2024\/05\/fujimori_andina.jpg\",\"datePublished\":\"2024-05-07T00:18:23+00:00\",\"description\":\"En el colmo de la impunidad, el ex reo Alberto Fujimori Fujimori inici\u00f3 la gesti\u00f3n ante el Congreso de la Rep\u00fablica para obtener su pensi\u00f3n como\",\"breadcrumb\":{\"@id\":\"https:\/\/www.pressenza.com\/es\/2024\/05\/alberto-fujimori-exige-pension-como-expresidente\/#breadcrumb\"},\"inLanguage\":\"es\",\"potentialAction\":[{\"@type\":\"ReadAction\",\"target\":[\"https:\/\/www.pressenza.com\/es\/2024\/05\/alberto-fujimori-exige-pension-como-expresidente\/\"]}]},{\"@type\":\"ImageObject\",\"inLanguage\":\"es\",\"@id\":\"https:\/\/www.pressenza.com\/es\/2024\/05\/alberto-fujimori-exige-pension-como-expresidente\/#primaryimage\",\"url\":\"https:\/\/www.pressenza.com\/wp-content\/uploads\/2024\/05\/fujimori_andina.jpg\",\"contentUrl\":\"https:\/\/www.pressenza.com\/wp-content\/uploads\/2024\/05\/fujimori_andina.jpg\",\"width\":764,\"height\":480},{\"@type\":\"BreadcrumbList\",\"@id\":\"https:\/\/www.pressenza.com\/es\/2024\/05\/alberto-fujimori-exige-pension-como-expresidente\/#breadcrumb\",\"itemListElement\":[{\"@type\":\"ListItem\",\"position\":1,\"name\":\"Accueil\",\"item\":\"https:\/\/www.pressenza.com\/es\/\"},{\"@type\":\"ListItem\",\"position\":2,\"name\":\"Alberto Fujimori exige pensi\u00f3n como expresidente\"}]},{\"@type\":\"WebSite\",\"@id\":\"https:\/\/www.pressenza.com\/es\/#website\",\"url\":\"https:\/\/www.pressenza.com\/es\/\",\"name\":\"Pressenza\",\"description\":\"International Press Agency\",\"publisher\":{\"@id\":\"https:\/\/www.pressenza.com\/es\/#organization\"},\"potentialAction\":[{\"@type\":\"SearchAction\",\"target\":{\"@type\":\"EntryPoint\",\"urlTemplate\":\"https:\/\/www.pressenza.com\/es\/?s={search_term_string}\"},\"query-input\":{\"@type\":\"PropertyValueSpecification\",\"valueRequired\":true,\"valueName\":\"search_term_string\"}}],\"inLanguage\":\"es\"},{\"@type\":\"Organization\",\"@id\":\"https:\/\/www.pressenza.com\/es\/#organization\",\"name\":\"Pressenza\",\"url\":\"https:\/\/www.pressenza.com\/es\/\",\"logo\":{\"@type\":\"ImageObject\",\"inLanguage\":\"es\",\"@id\":\"https:\/\/www.pressenza.com\/es\/#\/schema\/logo\/image\/\",\"url\":\"https:\/\/www.pressenza.com\/wp-content\/uploads\/2022\/10\/pressenza_logo_200x200.jpg\",\"contentUrl\":\"https:\/\/www.pressenza.com\/wp-content\/uploads\/2022\/10\/pressenza_logo_200x200.jpg\",\"width\":200,\"height\":200,\"caption\":\"Pressenza\"},\"image\":{\"@id\":\"https:\/\/www.pressenza.com\/es\/#\/schema\/logo\/image\/\"},\"sameAs\":[\"https:\/\/www.facebook.com\/PressenzaItalia\",\"https:\/\/x.com\/PressenzaIPA\"]},{\"@type\":\"Person\",\"@id\":\"https:\/\/www.pressenza.com\/es\/#\/schema\/person\/e86c29a41185b85084a478822f5de81b\",\"name\":\"Redacci\u00f3n Per\u00fa\",\"description\":\"News published by the Pressenza bureau in Peru\",\"url\":\"https:\/\/www.pressenza.com\/es\/author\/redaccion-peru\/\"}]}<\/script>\n<!-- \/ Yoast SEO plugin. -->","yoast_head_json":{"title":"Alberto Fujimori exige pensi\u00f3n como expresidente","description":"En el colmo de la impunidad, el ex reo Alberto Fujimori Fujimori inici\u00f3 la gesti\u00f3n ante el Congreso de la Rep\u00fablica para obtener su pensi\u00f3n como","robots":{"index":"index","follow":"follow","max-snippet":"max-snippet:-1","max-image-preview":"max-image-preview:large","max-video-preview":"max-video-preview:-1"},"canonical":"https:\/\/www.pressenza.com\/es\/2024\/05\/alberto-fujimori-exige-pension-como-expresidente\/","og_locale":"es_ES","og_type":"article","og_title":"Alberto Fujimori exige pensi\u00f3n como expresidente","og_description":"En el colmo de la impunidad, el ex reo Alberto Fujimori Fujimori inici\u00f3 la gesti\u00f3n ante el Congreso de la Rep\u00fablica para obtener su pensi\u00f3n como","og_url":"https:\/\/www.pressenza.com\/es\/2024\/05\/alberto-fujimori-exige-pension-como-expresidente\/","og_site_name":"Pressenza","article_publisher":"https:\/\/www.facebook.com\/PressenzaItalia","article_published_time":"2024-05-07T00:18:23+00:00","og_image":[{"width":764,"height":480,"url":"https:\/\/www.pressenza.com\/wp-content\/uploads\/2024\/05\/fujimori_andina.jpg","type":"image\/jpeg"}],"author":"Redacci\u00f3n Per\u00fa","twitter_card":"summary_large_image","twitter_creator":"@PressenzaIPA","twitter_site":"@PressenzaIPA","twitter_misc":{"Escrito por":"Redacci\u00f3n Per\u00fa","Tiempo de lectura":"1 minuto"},"schema":{"@context":"https:\/\/schema.org","@graph":[{"@type":"Article","@id":"https:\/\/www.pressenza.com\/es\/2024\/05\/alberto-fujimori-exige-pension-como-expresidente\/#article","isPartOf":{"@id":"https:\/\/www.pressenza.com\/es\/2024\/05\/alberto-fujimori-exige-pension-como-expresidente\/"},"author":{"name":"Redacci\u00f3n Per\u00fa","@id":"https:\/\/www.pressenza.com\/es\/#\/schema\/person\/e86c29a41185b85084a478822f5de81b"},"headline":"Alberto Fujimori exige pensi\u00f3n como expresidente","datePublished":"2024-05-07T00:18:23+00:00","mainEntityOfPage":{"@id":"https:\/\/www.pressenza.com\/es\/2024\/05\/alberto-fujimori-exige-pension-como-expresidente\/"},"wordCount":236,"publisher":{"@id":"https:\/\/www.pressenza.com\/es\/#organization"},"image":{"@id":"https:\/\/www.pressenza.com\/es\/2024\/05\/alberto-fujimori-exige-pension-como-expresidente\/#primaryimage"},"thumbnailUrl":"https:\/\/www.pressenza.com\/wp-content\/uploads\/2024\/05\/fujimori_andina.jpg","keywords":["Alberto Fujimori","delitos de lesa humanidad","Impunidad"],"articleSection":["Contenido Original","Derechos Humanos","Noticia","Pol\u00edtica","Sudam\u00e9rica"],"inLanguage":"es"},{"@type":"WebPage","@id":"https:\/\/www.pressenza.com\/es\/2024\/05\/alberto-fujimori-exige-pension-como-expresidente\/","url":"https:\/\/www.pressenza.com\/es\/2024\/05\/alberto-fujimori-exige-pension-como-expresidente\/","name":"Alberto Fujimori exige pensi\u00f3n como expresidente","isPartOf":{"@id":"https:\/\/www.pressenza.com\/es\/#website"},"primaryImageOfPage":{"@id":"https:\/\/www.pressenza.com\/es\/2024\/05\/alberto-fujimori-exige-pension-como-expresidente\/#primaryimage"},"image":{"@id":"https:\/\/www.pressenza.com\/es\/2024\/05\/alberto-fujimori-exige-pension-como-expresidente\/#primaryimage"},"thumbnailUrl":"https:\/\/www.pressenza.com\/wp-content\/uploads\/2024\/05\/fujimori_andina.jpg","datePublished":"2024-05-07T00:18:23+00:00","description":"En el colmo de la impunidad, el ex reo Alberto Fujimori Fujimori inici\u00f3 la gesti\u00f3n ante el Congreso de la Rep\u00fablica para obtener su pensi\u00f3n como","breadcrumb":{"@id":"https:\/\/www.pressenza.com\/es\/2024\/05\/alberto-fujimori-exige-pension-como-expresidente\/#breadcrumb"},"inLanguage":"es","potentialAction":[{"@type":"ReadAction","target":["https:\/\/www.pressenza.com\/es\/2024\/05\/alberto-fujimori-exige-pension-como-expresidente\/"]}]},{"@type":"ImageObject","inLanguage":"es","@id":"https:\/\/www.pressenza.com\/es\/2024\/05\/alberto-fujimori-exige-pension-como-expresidente\/#primaryimage","url":"https:\/\/www.pressenza.com\/wp-content\/uploads\/2024\/05\/fujimori_andina.jpg","contentUrl":"https:\/\/www.pressenza.com\/wp-content\/uploads\/2024\/05\/fujimori_andina.jpg","width":764,"height":480},{"@type":"BreadcrumbList","@id":"https:\/\/www.pressenza.com\/es\/2024\/05\/alberto-fujimori-exige-pension-como-expresidente\/#breadcrumb","itemListElement":[{"@type":"ListItem","position":1,"name":"Accueil","item":"https:\/\/www.pressenza.com\/es\/"},{"@type":"ListItem","position":2,"name":"Alberto Fujimori exige pensi\u00f3n como expresidente"}]},{"@type":"WebSite","@id":"https:\/\/www.pressenza.com\/es\/#website","url":"https:\/\/www.pressenza.com\/es\/","name":"Pressenza","description":"International Press Agency","publisher":{"@id":"https:\/\/www.pressenza.com\/es\/#organization"},"potentialAction":[{"@type":"SearchAction","target":{"@type":"EntryPoint","urlTemplate":"https:\/\/www.pressenza.com\/es\/?s={search_term_string}"},"query-input":{"@type":"PropertyValueSpecification","valueRequired":true,"valueName":"search_term_string"}}],"inLanguage":"es"},{"@type":"Organization","@id":"https:\/\/www.pressenza.com\/es\/#organization","name":"Pressenza","url":"https:\/\/www.pressenza.com\/es\/","logo":{"@type":"ImageObject","inLanguage":"es","@id":"https:\/\/www.pressenza.com\/es\/#\/schema\/logo\/image\/","url":"https:\/\/www.pressenza.com\/wp-content\/uploads\/2022\/10\/pressenza_logo_200x200.jpg","contentUrl":"https:\/\/www.pressenza.com\/wp-content\/uploads\/2022\/10\/pressenza_logo_200x200.jpg","width":200,"height":200,"caption":"Pressenza"},"image":{"@id":"https:\/\/www.pressenza.com\/es\/#\/schema\/logo\/image\/"},"sameAs":["https:\/\/www.facebook.com\/PressenzaItalia","https:\/\/x.com\/PressenzaIPA"]},{"@type":"Person","@id":"https:\/\/www.pressenza.com\/es\/#\/schema\/person\/e86c29a41185b85084a478822f5de81b","name":"Redacci\u00f3n Per\u00fa","description":"News published by the Pressenza bureau in Peru","url":"https:\/\/www.pressenza.com\/es\/author\/redaccion-peru\/"}]}},"place":"","original_article_url":"","_links":{"self":[{"href":"https:\/\/www.pressenza.com\/es\/wp-json\/wp\/v2\/posts\/1843120","targetHints":{"allow":["GET"]}}],"collection":[{"href":"https:\/\/www.pressenza.com\/es\/wp-json\/wp\/v2\/posts"}],"about":[{"href":"https:\/\/www.pressenza.com\/es\/wp-json\/wp\/v2\/types\/post"}],"author":[{"embeddable":true,"href":"https:\/\/www.pressenza.com\/es\/wp-json\/wp\/v2\/users\/831"}],"replies":[{"embeddable":true,"href":"https:\/\/www.pressenza.com\/es\/wp-json\/wp\/v2\/comments?post=1843120"}],"version-history":[{"count":0,"href":"https:\/\/www.pressenza.com\/es\/wp-json\/wp\/v2\/posts\/1843120\/revisions"}],"wp:featuredmedia":[{"embeddable":true,"href":"https:\/\/www.pressenza.com\/es\/wp-json\/wp\/v2\/media\/1843121"}],"wp:attachment":[{"href":"https:\/\/www.pressenza.com\/es\/wp-json\/wp\/v2\/media?parent=1843120"}],"wp:term":[{"taxonomy":"category","embeddable":true,"href":"https:\/\/www.pressenza.com\/es\/wp-json\/wp\/v2\/categories?post=1843120"},{"taxonomy":"post_tag","embeddable":true,"href":"https:\/\/www.pressenza.com\/es\/wp-json\/wp\/v2\/tags?post=1843120"}],"curies":[{"name":"wp","href":"https:\/\/api.w.org\/{rel}","templated":true}]}}