{"id":1841784,"date":"2024-04-30T17:49:45","date_gmt":"2024-04-30T16:49:45","guid":{"rendered":"https:\/\/www.pressenza.com\/?p=1841784"},"modified":"2024-04-30T17:53:44","modified_gmt":"2024-04-30T16:53:44","slug":"vietnam-celebra-un-nuevo-aniversario-del-fin-de-la-guerra-y-su-reunificacion","status":"publish","type":"post","link":"https:\/\/www.pressenza.com\/es\/2024\/04\/vietnam-celebra-un-nuevo-aniversario-del-fin-de-la-guerra-y-su-reunificacion\/","title":{"rendered":"Vietnam celebra un nuevo aniversario del fin de la guerra y su reunificaci\u00f3n"},"content":{"rendered":"<p>Vietnam conmemora este 30 de Abril el cuadrag\u00e9simo noveno aniversario del fin de la guerra y el logro de su reunificaci\u00f3n nacional.<\/p>\n<p>La capital Han\u00f3i y la m\u00e1s populosa Ho-Chi-Minh (antiguamente Saig\u00f3n) se vistieron de fiesta con banderas rojas y los emblemas del Partido Comunista mientras que a lo largo del pa\u00eds miles de personas participan de actividades culturales para festejar, una vez m\u00e1s, el transcendental acontecimiento.<\/p>\n<p>Un comentario de la agencia nacional de noticias VNA, citado por Prensa Latina, destaca que \u201cEl acontecimiento puso fin al yugo del imperialismo y el feudalismo en nuestro pa\u00eds, complet\u00f3 la revoluci\u00f3n democr\u00e1tica nacional del pueblo, unific\u00f3 a la naci\u00f3n y abri\u00f3 una nueva era en Vietnam. Todo el pa\u00eds comenz\u00f3 a avanzar unido hacia el socialismo\u201d.<\/p>\n<p>Asimismo, se cumplen en la fecha setenta a\u00f1os de la derrota colonial francesa en Dien Bien Phu que llev\u00f3 a la Conferencia de Ginebra, produci\u00e9ndose entonces la divisi\u00f3n en dos zonas, con un gobierno comunista en el norte y un gobierno pro-occidental en el sur. El conflicto b\u00e9lico continu\u00f3 durante dos d\u00e9cadas m\u00e1s, finalizando con la ca\u00edda de Saig\u00f3n en 1975 y la reunificaci\u00f3n del pa\u00eds.<\/p>\n<p>La guerra de Vietnam tuvo consecuencias devastadoras, la p\u00e9rdida de millones de vidas humanas, el desplazamiento masivo de personas y el envenenamiento de poblaciones enteras por el uso criminal extensivo, por parte del ej\u00e9rcito estadounidense, de herbicidas como el Agente Naranja.<\/p>\n<p>En rechazo a la guerra se expandi\u00f3 un amplio movimiento tanto en Estados Unidos como en otras partes del mundo. Las protestas y manifestaciones contra la guerra, junto con una creciente oposici\u00f3n p\u00fablica, influyeron en las pol\u00edticas estadounidenses y contribuyeron a la retirada de sus tropas a principios de la d\u00e9cada de 1970, lo que marc\u00f3 un punto de inflexi\u00f3n en el conflicto.<\/p>\n<p>En la actualidad, Vietnam, siguiendo el modelo de otras naciones orientales, ha mejorado sensiblemente el nivel de vida de su poblaci\u00f3n. Uno de sus logros m\u00e1s destacados ha sido la reducci\u00f3n sustancial de la pobreza. Seg\u00fan el Banco Mundial, la tasa de pobreza en Vietnam disminuy\u00f3 del 58% en 1993 al 5,8% en 2016. Este progreso ha sido el resultado de pol\u00edticas gubernamentales efectivas, inversiones en infraestructura y desarrollo econ\u00f3mico.<\/p>\n<p>Asimismo, hubo avances significativos en el campo de la educaci\u00f3n. La tasa de alfabetizaci\u00f3n es alta y el acceso a la educaci\u00f3n primaria y secundaria se ha ampliado considerablemente. Adem\u00e1s, el pa\u00eds ha invertido en la mejora de la calidad de la educaci\u00f3n y en la formaci\u00f3n de su fuerza laboral.<\/p>\n<p>Los servicios de salud han mejorado considerablemente, consiguiendo reducir la mortalidad infantil y materna, as\u00ed como aumentar el control de enfermedades transmisibles. El acceso a la atenci\u00f3n m\u00e9dica se ha expandido, aunque persisten retos en \u00e1reas rurales y remotas.<\/p>\n<p>Aunque el desarrollo econ\u00f3mico ha tenido un impacto positivo en muchos aspectos de la vida en Vietnam, tambi\u00e9n ha planteado desaf\u00edos ambientales, como la contaminaci\u00f3n del aire y del agua, la deforestaci\u00f3n y la degradaci\u00f3n del suelo. Sin embargo, el gobierno y la sociedad est\u00e1n empe\u00f1ados en abordar estos problemas.<\/p>\n<p>De este modo, el pueblo vietnamita tiene hoy motivos m\u00e1s que justificados para celebrar. La experiencia muestra, una vez m\u00e1s que los pueblos, viviendo en paz logran desarrollarse. La \u00fanica enemiga es la guerra.<\/p>\n","protected":false},"excerpt":{"rendered":"<p>Vietnam conmemora este 30 de Abril el cuadrag\u00e9simo noveno aniversario del fin de la guerra y el logro de su reunificaci\u00f3n nacional. La capital Han\u00f3i y la m\u00e1s populosa Ho-Chi-Minh (antiguamente Saig\u00f3n) se vistieron de fiesta con banderas rojas y&hellip;<\/p>\n","protected":false},"author":19,"featured_media":1841790,"comment_status":"closed","ping_status":"closed","sticky":false,"template":"","format":"standard","meta":{"footnotes":""},"categories":[65,11389,1243,74],"tags":[31193,23329,122430,58411],"class_list":["post-1841784","post","type-post","status-publish","format-standard","has-post-thumbnail","hentry","category-asia-es","category-contenido-original","category-paz-desarme","category-politica-es","tag-celebracion","tag-desarrollo-social","tag-fin-de-la-guerra-de-vietnam","tag-reunificacion"],"yoast_head":"<!-- This site is optimized with the Yoast SEO plugin v27.1.1 - https:\/\/yoast.com\/product\/yoast-seo-wordpress\/ -->\n<title>Vietnam celebra un nuevo aniversario del fin de la guerra y su reunificaci\u00f3n<\/title>\n<meta name=\"description\" content=\"Vietnam conmemora este 30 de Abril el cuadrag\u00e9simo noveno aniversario del fin de la guerra y el logro de su reunificaci\u00f3n nacional. La capital Han\u00f3i y la\" \/>\n<meta name=\"robots\" content=\"index, follow, max-snippet:-1, max-image-preview:large, max-video-preview:-1\" \/>\n<link rel=\"canonical\" href=\"https:\/\/www.pressenza.com\/es\/2024\/04\/vietnam-celebra-un-nuevo-aniversario-del-fin-de-la-guerra-y-su-reunificacion\/\" \/>\n<meta property=\"og:locale\" content=\"es_ES\" \/>\n<meta property=\"og:type\" content=\"article\" \/>\n<meta property=\"og:title\" content=\"Vietnam celebra un nuevo aniversario del fin de la guerra y su reunificaci\u00f3n\" \/>\n<meta property=\"og:description\" content=\"Vietnam conmemora este 30 de Abril el cuadrag\u00e9simo noveno aniversario del fin de la guerra y el logro de su reunificaci\u00f3n nacional. La capital Han\u00f3i y la\" \/>\n<meta property=\"og:url\" content=\"https:\/\/www.pressenza.com\/es\/2024\/04\/vietnam-celebra-un-nuevo-aniversario-del-fin-de-la-guerra-y-su-reunificacion\/\" \/>\n<meta property=\"og:site_name\" content=\"Pressenza\" \/>\n<meta property=\"article:publisher\" content=\"https:\/\/www.facebook.com\/PressenzaItalia\" \/>\n<meta property=\"article:author\" content=\"https:\/\/www.facebook.com\/pressenza\" \/>\n<meta property=\"article:published_time\" content=\"2024-04-30T16:49:45+00:00\" \/>\n<meta property=\"article:modified_time\" content=\"2024-04-30T16:53:44+00:00\" \/>\n<meta property=\"og:image\" content=\"https:\/\/www.pressenza.com\/wp-content\/uploads\/2024\/04\/Vietnam2-1.jpg\" \/>\n\t<meta property=\"og:image:width\" content=\"854\" \/>\n\t<meta property=\"og:image:height\" content=\"476\" \/>\n\t<meta property=\"og:image:type\" content=\"image\/jpeg\" \/>\n<meta name=\"author\" content=\"Pressenza IPA\" \/>\n<meta name=\"twitter:card\" content=\"summary_large_image\" \/>\n<meta name=\"twitter:creator\" content=\"@PressenzaIPA\" \/>\n<meta name=\"twitter:site\" content=\"@PressenzaIPA\" \/>\n<meta name=\"twitter:label1\" content=\"Escrito por\" \/>\n\t<meta name=\"twitter:data1\" content=\"Pressenza IPA\" \/>\n\t<meta name=\"twitter:label2\" content=\"Tiempo de lectura\" \/>\n\t<meta name=\"twitter:data2\" content=\"3 minutos\" \/>\n<script type=\"application\/ld+json\" class=\"yoast-schema-graph\">{\"@context\":\"https:\/\/schema.org\",\"@graph\":[{\"@type\":\"Article\",\"@id\":\"https:\/\/www.pressenza.com\/es\/2024\/04\/vietnam-celebra-un-nuevo-aniversario-del-fin-de-la-guerra-y-su-reunificacion\/#article\",\"isPartOf\":{\"@id\":\"https:\/\/www.pressenza.com\/es\/2024\/04\/vietnam-celebra-un-nuevo-aniversario-del-fin-de-la-guerra-y-su-reunificacion\/\"},\"author\":{\"name\":\"Pressenza IPA\",\"@id\":\"https:\/\/www.pressenza.com\/es\/#\/schema\/person\/010e5d02bcf40965427a1289a4cc8d75\"},\"headline\":\"Vietnam celebra un nuevo aniversario del fin de la guerra y su reunificaci\u00f3n\",\"datePublished\":\"2024-04-30T16:49:45+00:00\",\"dateModified\":\"2024-04-30T16:53:44+00:00\",\"mainEntityOfPage\":{\"@id\":\"https:\/\/www.pressenza.com\/es\/2024\/04\/vietnam-celebra-un-nuevo-aniversario-del-fin-de-la-guerra-y-su-reunificacion\/\"},\"wordCount\":599,\"publisher\":{\"@id\":\"https:\/\/www.pressenza.com\/es\/#organization\"},\"image\":{\"@id\":\"https:\/\/www.pressenza.com\/es\/2024\/04\/vietnam-celebra-un-nuevo-aniversario-del-fin-de-la-guerra-y-su-reunificacion\/#primaryimage\"},\"thumbnailUrl\":\"https:\/\/www.pressenza.com\/wp-content\/uploads\/2024\/04\/Vietnam2-1.jpg\",\"keywords\":[\"celebraci\u00f3n\",\"Desarrollo Social\",\"fin de la guerra de Vietnam\",\"Reunificaci\u00f3n\"],\"articleSection\":[\"Asia\",\"Contenido Original\",\"Paz y Desarme\",\"Pol\u00edtica\"],\"inLanguage\":\"es\"},{\"@type\":\"WebPage\",\"@id\":\"https:\/\/www.pressenza.com\/es\/2024\/04\/vietnam-celebra-un-nuevo-aniversario-del-fin-de-la-guerra-y-su-reunificacion\/\",\"url\":\"https:\/\/www.pressenza.com\/es\/2024\/04\/vietnam-celebra-un-nuevo-aniversario-del-fin-de-la-guerra-y-su-reunificacion\/\",\"name\":\"Vietnam celebra un nuevo aniversario del fin de la guerra y su reunificaci\u00f3n\",\"isPartOf\":{\"@id\":\"https:\/\/www.pressenza.com\/es\/#website\"},\"primaryImageOfPage\":{\"@id\":\"https:\/\/www.pressenza.com\/es\/2024\/04\/vietnam-celebra-un-nuevo-aniversario-del-fin-de-la-guerra-y-su-reunificacion\/#primaryimage\"},\"image\":{\"@id\":\"https:\/\/www.pressenza.com\/es\/2024\/04\/vietnam-celebra-un-nuevo-aniversario-del-fin-de-la-guerra-y-su-reunificacion\/#primaryimage\"},\"thumbnailUrl\":\"https:\/\/www.pressenza.com\/wp-content\/uploads\/2024\/04\/Vietnam2-1.jpg\",\"datePublished\":\"2024-04-30T16:49:45+00:00\",\"dateModified\":\"2024-04-30T16:53:44+00:00\",\"description\":\"Vietnam conmemora este 30 de Abril el cuadrag\u00e9simo noveno aniversario del fin de la guerra y el logro de su reunificaci\u00f3n nacional. La capital Han\u00f3i y la\",\"breadcrumb\":{\"@id\":\"https:\/\/www.pressenza.com\/es\/2024\/04\/vietnam-celebra-un-nuevo-aniversario-del-fin-de-la-guerra-y-su-reunificacion\/#breadcrumb\"},\"inLanguage\":\"es\",\"potentialAction\":[{\"@type\":\"ReadAction\",\"target\":[\"https:\/\/www.pressenza.com\/es\/2024\/04\/vietnam-celebra-un-nuevo-aniversario-del-fin-de-la-guerra-y-su-reunificacion\/\"]}]},{\"@type\":\"ImageObject\",\"inLanguage\":\"es\",\"@id\":\"https:\/\/www.pressenza.com\/es\/2024\/04\/vietnam-celebra-un-nuevo-aniversario-del-fin-de-la-guerra-y-su-reunificacion\/#primaryimage\",\"url\":\"https:\/\/www.pressenza.com\/wp-content\/uploads\/2024\/04\/Vietnam2-1.jpg\",\"contentUrl\":\"https:\/\/www.pressenza.com\/wp-content\/uploads\/2024\/04\/Vietnam2-1.jpg\",\"width\":854,\"height\":476},{\"@type\":\"BreadcrumbList\",\"@id\":\"https:\/\/www.pressenza.com\/es\/2024\/04\/vietnam-celebra-un-nuevo-aniversario-del-fin-de-la-guerra-y-su-reunificacion\/#breadcrumb\",\"itemListElement\":[{\"@type\":\"ListItem\",\"position\":1,\"name\":\"Accueil\",\"item\":\"https:\/\/www.pressenza.com\/es\/\"},{\"@type\":\"ListItem\",\"position\":2,\"name\":\"Vietnam celebra un nuevo aniversario del fin de la guerra y su reunificaci\u00f3n\"}]},{\"@type\":\"WebSite\",\"@id\":\"https:\/\/www.pressenza.com\/es\/#website\",\"url\":\"https:\/\/www.pressenza.com\/es\/\",\"name\":\"Pressenza\",\"description\":\"International Press Agency\",\"publisher\":{\"@id\":\"https:\/\/www.pressenza.com\/es\/#organization\"},\"potentialAction\":[{\"@type\":\"SearchAction\",\"target\":{\"@type\":\"EntryPoint\",\"urlTemplate\":\"https:\/\/www.pressenza.com\/es\/?s={search_term_string}\"},\"query-input\":{\"@type\":\"PropertyValueSpecification\",\"valueRequired\":true,\"valueName\":\"search_term_string\"}}],\"inLanguage\":\"es\"},{\"@type\":\"Organization\",\"@id\":\"https:\/\/www.pressenza.com\/es\/#organization\",\"name\":\"Pressenza\",\"url\":\"https:\/\/www.pressenza.com\/es\/\",\"logo\":{\"@type\":\"ImageObject\",\"inLanguage\":\"es\",\"@id\":\"https:\/\/www.pressenza.com\/es\/#\/schema\/logo\/image\/\",\"url\":\"https:\/\/www.pressenza.com\/wp-content\/uploads\/2022\/10\/pressenza_logo_200x200.jpg\",\"contentUrl\":\"https:\/\/www.pressenza.com\/wp-content\/uploads\/2022\/10\/pressenza_logo_200x200.jpg\",\"width\":200,\"height\":200,\"caption\":\"Pressenza\"},\"image\":{\"@id\":\"https:\/\/www.pressenza.com\/es\/#\/schema\/logo\/image\/\"},\"sameAs\":[\"https:\/\/www.facebook.com\/PressenzaItalia\",\"https:\/\/x.com\/PressenzaIPA\"]},{\"@type\":\"Person\",\"@id\":\"https:\/\/www.pressenza.com\/es\/#\/schema\/person\/010e5d02bcf40965427a1289a4cc8d75\",\"name\":\"Pressenza IPA\",\"description\":\"News from Pressenza IPA correspondents\",\"sameAs\":[\"https:\/\/www.facebook.com\/pressenza\",\"https:\/\/x.com\/PressenzaIPA\"],\"url\":\"https:\/\/www.pressenza.com\/es\/author\/pressenza-ipa\/\"}]}<\/script>\n<!-- \/ Yoast SEO plugin. -->","yoast_head_json":{"title":"Vietnam celebra un nuevo aniversario del fin de la guerra y su reunificaci\u00f3n","description":"Vietnam conmemora este 30 de Abril el cuadrag\u00e9simo noveno aniversario del fin de la guerra y el logro de su reunificaci\u00f3n nacional. La capital Han\u00f3i y la","robots":{"index":"index","follow":"follow","max-snippet":"max-snippet:-1","max-image-preview":"max-image-preview:large","max-video-preview":"max-video-preview:-1"},"canonical":"https:\/\/www.pressenza.com\/es\/2024\/04\/vietnam-celebra-un-nuevo-aniversario-del-fin-de-la-guerra-y-su-reunificacion\/","og_locale":"es_ES","og_type":"article","og_title":"Vietnam celebra un nuevo aniversario del fin de la guerra y su reunificaci\u00f3n","og_description":"Vietnam conmemora este 30 de Abril el cuadrag\u00e9simo noveno aniversario del fin de la guerra y el logro de su reunificaci\u00f3n nacional. La capital Han\u00f3i y la","og_url":"https:\/\/www.pressenza.com\/es\/2024\/04\/vietnam-celebra-un-nuevo-aniversario-del-fin-de-la-guerra-y-su-reunificacion\/","og_site_name":"Pressenza","article_publisher":"https:\/\/www.facebook.com\/PressenzaItalia","article_author":"https:\/\/www.facebook.com\/pressenza","article_published_time":"2024-04-30T16:49:45+00:00","article_modified_time":"2024-04-30T16:53:44+00:00","og_image":[{"width":854,"height":476,"url":"https:\/\/www.pressenza.com\/wp-content\/uploads\/2024\/04\/Vietnam2-1.jpg","type":"image\/jpeg"}],"author":"Pressenza IPA","twitter_card":"summary_large_image","twitter_creator":"@PressenzaIPA","twitter_site":"@PressenzaIPA","twitter_misc":{"Escrito por":"Pressenza IPA","Tiempo de lectura":"3 minutos"},"schema":{"@context":"https:\/\/schema.org","@graph":[{"@type":"Article","@id":"https:\/\/www.pressenza.com\/es\/2024\/04\/vietnam-celebra-un-nuevo-aniversario-del-fin-de-la-guerra-y-su-reunificacion\/#article","isPartOf":{"@id":"https:\/\/www.pressenza.com\/es\/2024\/04\/vietnam-celebra-un-nuevo-aniversario-del-fin-de-la-guerra-y-su-reunificacion\/"},"author":{"name":"Pressenza IPA","@id":"https:\/\/www.pressenza.com\/es\/#\/schema\/person\/010e5d02bcf40965427a1289a4cc8d75"},"headline":"Vietnam celebra un nuevo aniversario del fin de la guerra y su reunificaci\u00f3n","datePublished":"2024-04-30T16:49:45+00:00","dateModified":"2024-04-30T16:53:44+00:00","mainEntityOfPage":{"@id":"https:\/\/www.pressenza.com\/es\/2024\/04\/vietnam-celebra-un-nuevo-aniversario-del-fin-de-la-guerra-y-su-reunificacion\/"},"wordCount":599,"publisher":{"@id":"https:\/\/www.pressenza.com\/es\/#organization"},"image":{"@id":"https:\/\/www.pressenza.com\/es\/2024\/04\/vietnam-celebra-un-nuevo-aniversario-del-fin-de-la-guerra-y-su-reunificacion\/#primaryimage"},"thumbnailUrl":"https:\/\/www.pressenza.com\/wp-content\/uploads\/2024\/04\/Vietnam2-1.jpg","keywords":["celebraci\u00f3n","Desarrollo Social","fin de la guerra de Vietnam","Reunificaci\u00f3n"],"articleSection":["Asia","Contenido Original","Paz y Desarme","Pol\u00edtica"],"inLanguage":"es"},{"@type":"WebPage","@id":"https:\/\/www.pressenza.com\/es\/2024\/04\/vietnam-celebra-un-nuevo-aniversario-del-fin-de-la-guerra-y-su-reunificacion\/","url":"https:\/\/www.pressenza.com\/es\/2024\/04\/vietnam-celebra-un-nuevo-aniversario-del-fin-de-la-guerra-y-su-reunificacion\/","name":"Vietnam celebra un nuevo aniversario del fin de la guerra y su reunificaci\u00f3n","isPartOf":{"@id":"https:\/\/www.pressenza.com\/es\/#website"},"primaryImageOfPage":{"@id":"https:\/\/www.pressenza.com\/es\/2024\/04\/vietnam-celebra-un-nuevo-aniversario-del-fin-de-la-guerra-y-su-reunificacion\/#primaryimage"},"image":{"@id":"https:\/\/www.pressenza.com\/es\/2024\/04\/vietnam-celebra-un-nuevo-aniversario-del-fin-de-la-guerra-y-su-reunificacion\/#primaryimage"},"thumbnailUrl":"https:\/\/www.pressenza.com\/wp-content\/uploads\/2024\/04\/Vietnam2-1.jpg","datePublished":"2024-04-30T16:49:45+00:00","dateModified":"2024-04-30T16:53:44+00:00","description":"Vietnam conmemora este 30 de Abril el cuadrag\u00e9simo noveno aniversario del fin de la guerra y el logro de su reunificaci\u00f3n nacional. La capital Han\u00f3i y la","breadcrumb":{"@id":"https:\/\/www.pressenza.com\/es\/2024\/04\/vietnam-celebra-un-nuevo-aniversario-del-fin-de-la-guerra-y-su-reunificacion\/#breadcrumb"},"inLanguage":"es","potentialAction":[{"@type":"ReadAction","target":["https:\/\/www.pressenza.com\/es\/2024\/04\/vietnam-celebra-un-nuevo-aniversario-del-fin-de-la-guerra-y-su-reunificacion\/"]}]},{"@type":"ImageObject","inLanguage":"es","@id":"https:\/\/www.pressenza.com\/es\/2024\/04\/vietnam-celebra-un-nuevo-aniversario-del-fin-de-la-guerra-y-su-reunificacion\/#primaryimage","url":"https:\/\/www.pressenza.com\/wp-content\/uploads\/2024\/04\/Vietnam2-1.jpg","contentUrl":"https:\/\/www.pressenza.com\/wp-content\/uploads\/2024\/04\/Vietnam2-1.jpg","width":854,"height":476},{"@type":"BreadcrumbList","@id":"https:\/\/www.pressenza.com\/es\/2024\/04\/vietnam-celebra-un-nuevo-aniversario-del-fin-de-la-guerra-y-su-reunificacion\/#breadcrumb","itemListElement":[{"@type":"ListItem","position":1,"name":"Accueil","item":"https:\/\/www.pressenza.com\/es\/"},{"@type":"ListItem","position":2,"name":"Vietnam celebra un nuevo aniversario del fin de la guerra y su reunificaci\u00f3n"}]},{"@type":"WebSite","@id":"https:\/\/www.pressenza.com\/es\/#website","url":"https:\/\/www.pressenza.com\/es\/","name":"Pressenza","description":"International Press Agency","publisher":{"@id":"https:\/\/www.pressenza.com\/es\/#organization"},"potentialAction":[{"@type":"SearchAction","target":{"@type":"EntryPoint","urlTemplate":"https:\/\/www.pressenza.com\/es\/?s={search_term_string}"},"query-input":{"@type":"PropertyValueSpecification","valueRequired":true,"valueName":"search_term_string"}}],"inLanguage":"es"},{"@type":"Organization","@id":"https:\/\/www.pressenza.com\/es\/#organization","name":"Pressenza","url":"https:\/\/www.pressenza.com\/es\/","logo":{"@type":"ImageObject","inLanguage":"es","@id":"https:\/\/www.pressenza.com\/es\/#\/schema\/logo\/image\/","url":"https:\/\/www.pressenza.com\/wp-content\/uploads\/2022\/10\/pressenza_logo_200x200.jpg","contentUrl":"https:\/\/www.pressenza.com\/wp-content\/uploads\/2022\/10\/pressenza_logo_200x200.jpg","width":200,"height":200,"caption":"Pressenza"},"image":{"@id":"https:\/\/www.pressenza.com\/es\/#\/schema\/logo\/image\/"},"sameAs":["https:\/\/www.facebook.com\/PressenzaItalia","https:\/\/x.com\/PressenzaIPA"]},{"@type":"Person","@id":"https:\/\/www.pressenza.com\/es\/#\/schema\/person\/010e5d02bcf40965427a1289a4cc8d75","name":"Pressenza IPA","description":"News from Pressenza IPA correspondents","sameAs":["https:\/\/www.facebook.com\/pressenza","https:\/\/x.com\/PressenzaIPA"],"url":"https:\/\/www.pressenza.com\/es\/author\/pressenza-ipa\/"}]}},"place":"Ciudad Ho-Chi-MInh, Vietnam","original_article_url":"","_links":{"self":[{"href":"https:\/\/www.pressenza.com\/es\/wp-json\/wp\/v2\/posts\/1841784","targetHints":{"allow":["GET"]}}],"collection":[{"href":"https:\/\/www.pressenza.com\/es\/wp-json\/wp\/v2\/posts"}],"about":[{"href":"https:\/\/www.pressenza.com\/es\/wp-json\/wp\/v2\/types\/post"}],"author":[{"embeddable":true,"href":"https:\/\/www.pressenza.com\/es\/wp-json\/wp\/v2\/users\/19"}],"replies":[{"embeddable":true,"href":"https:\/\/www.pressenza.com\/es\/wp-json\/wp\/v2\/comments?post=1841784"}],"version-history":[{"count":0,"href":"https:\/\/www.pressenza.com\/es\/wp-json\/wp\/v2\/posts\/1841784\/revisions"}],"wp:featuredmedia":[{"embeddable":true,"href":"https:\/\/www.pressenza.com\/es\/wp-json\/wp\/v2\/media\/1841790"}],"wp:attachment":[{"href":"https:\/\/www.pressenza.com\/es\/wp-json\/wp\/v2\/media?parent=1841784"}],"wp:term":[{"taxonomy":"category","embeddable":true,"href":"https:\/\/www.pressenza.com\/es\/wp-json\/wp\/v2\/categories?post=1841784"},{"taxonomy":"post_tag","embeddable":true,"href":"https:\/\/www.pressenza.com\/es\/wp-json\/wp\/v2\/tags?post=1841784"}],"curies":[{"name":"wp","href":"https:\/\/api.w.org\/{rel}","templated":true}]}}