{"id":1840541,"date":"2024-04-24T15:39:06","date_gmt":"2024-04-24T14:39:06","guid":{"rendered":"https:\/\/www.pressenza.com\/?p=1840541"},"modified":"2025-01-23T16:23:49","modified_gmt":"2025-01-23T16:23:49","slug":"el-pensamiento-militarista-sobre-las-guerras-justas","status":"publish","type":"post","link":"https:\/\/www.pressenza.com\/es\/2024\/04\/el-pensamiento-militarista-sobre-las-guerras-justas\/","title":{"rendered":"El pensamiento militarista. Sobre las \u201cguerras justas\u201d"},"content":{"rendered":"<div class=\"wp-block-group has-global-padding is-layout-constrained wp-block-group-is-layout-constrained\"><strong>Por Alternativas Noviolentas.<\/strong><\/div>\n<div class=\"wp-block-group has-global-padding is-layout-constrained wp-block-group-is-layout-constrained\">\n<div class=\"entry-content alignwide wp-block-post-content has-global-padding is-content-justification-center is-layout-constrained wp-container-core-post-content-layout-1 wp-block-post-content-is-layout-constrained\">\n<p>El profesor <strong>Fernando Hern\u00e1ndez Holgado<\/strong> analiza, desenmascara y desmonta el militarismo y sus m\u00faltiples justificaciones en su libro <em><strong>El pensamiento militarista. Sobre las \u201cguerras justas\u201d<\/strong><\/em>, editado por Catarata, y que presentamos a continuaci\u00f3n.<\/p>\n<p>El tema central es mostrar c\u00f3mo los intentos de aplicar el derecho a la guerra, y la \u201cguerra justa\u201d son solo coartadas y pretextos que se hunden en sangre y nos llevan hasta las guerras totales y asim\u00e9tricas y permanentes actuales, ya sin otra justificaci\u00f3n que el poder mismo.<\/p>\n<p>Recogiendo el \u201cMito de la experiencia de guerra\u201d del historiador George Mosse expone con claridad c\u00f3mo se construye y difunde la mitificaci\u00f3n y glorificaci\u00f3n de la guerra, con la sobrevaloraci\u00f3n de gestas, armas, ej\u00e9rcitos y toda su parafernalia, con su terminolog\u00eda \u00e9pica de h\u00e9roes, sacrificio, entrega, virtudes militares y ardor patri\u00f3tico, generosidad y misi\u00f3n cumplida, con estatuas en las plazas, pel\u00edculas, leyendas, juegos infantiles o libros de historia. A ello hay que a\u00f1adir una concepci\u00f3n supremacista del hombre y su masculinidad belicosa y dominante.<\/p>\n<p>Denuncia la progresiva primac\u00eda y autonom\u00eda de los ej\u00e9rcitos sobre la pol\u00edtica civil. Y c\u00f3mo el rearme en tiempo de paz explica la guerra que le sigue.<\/p>\n<p>Aunque solo se apunta sin desarrollar su contexto y su riqueza, es de gran importancia la presentaci\u00f3n de la tradici\u00f3n de pensamiento pacifista y de oposici\u00f3n a la guerra, pensamiento siempre ocultado y denostado, con importantes movimientos y organizaciones sociales y pol\u00edticas, y un gran n\u00famero de mujeres y hombres luchadoras y valientes, verdaderos modelos ignorados por la actual cultura militarista.<\/p>\n<p>Bien documentado, el libro est\u00e1 salpicado de peque\u00f1as citas y referencias que, sin embargo, muestran el fonde de cultivo del pensamiento militarista. Por ejemplo, cuando comenta que Hegel plantea c\u00f3mo la guerra fortalece a los pueblos, les aleja del \u201chundimiento en el vicio\u201d propio de \u00e9pocas de paz demasiado prolongadas. O con la cita desmitificadora de nuestro prohombre Ortega y Gasset que, en su libro <em>Espa\u00f1a invertebrada<\/em> dice. <em>\u201d Med\u00edtese un poco sobre la cantidad de fervores, de alt\u00edsimas virtudes, de genialidad, de vital energ\u00eda que es preciso acumular para poner en pie un buen ej\u00e9rcito. \u00bfC\u00f3mo negarse a ver en ello una de las creaciones m\u00e1s maravillosas de la espiritualidad humana? La fuerza de la armas no es fuerza bruta, sino fuerza espiritual\u201d<\/em>.<\/p>\n<p>Es un buen comienzo para el libro el pr\u00f3logo de Carlos Taibo con el reconocimiento, extensible a toda la izquierda, de llegar tarde a asumir el antimilitarismo, con todo su significado.<\/p>\n<p>El camino para salir de esta ideolog\u00eda totalitaria que es el militarismo es una opini\u00f3n p\u00fablica cada vez m\u00e1s consciente y cr\u00edtica, que pase del eslogan \u201cpresupuestos militares para gastos sociales\u201d a la denuncia de los ladrillos con que se construye la guerra, como es por ejemplo, la fabricaci\u00f3n y venta de armas, la aceptaci\u00f3n sin debate de los presupuestos militares o la concesi\u00f3n de grandes partidas para armamento sin pasar por el Parlamento. Necesitamos construir un nuevo imaginario colectivo de noviolencia, que genere alternativas laborales y de defensa y seguridad, solidarias y sin armas.<\/p>\n<p>La lectura de este libro es un buen paso en esa direcci\u00f3n.<\/p>\n<p>&nbsp;<\/p>\n<\/div>\n<\/div>\n","protected":false},"excerpt":{"rendered":"<p>Por Alternativas Noviolentas. El profesor Fernando Hern\u00e1ndez Holgado analiza, desenmascara y desmonta el militarismo y sus m\u00faltiples justificaciones en su libro El pensamiento militarista. Sobre las \u201cguerras justas\u201d, editado por Catarata, y que presentamos a continuaci\u00f3n. El tema central es&hellip;<\/p>\n","protected":false},"author":94,"featured_media":1840542,"comment_status":"closed","ping_status":"closed","sticky":false,"template":"","format":"standard","meta":{"footnotes":""},"categories":[75,106739,1242,1243],"tags":[122222,12671,3496],"class_list":["post-1840541","post","type-post","status-publish","format-standard","has-post-thumbnail","hentry","category-cultura-es","category-noticia","category-noviolencia-tema","category-paz-desarme","tag-el-pensamiento-militarista","tag-militarismo-es","tag-no-a-la-guerra"],"yoast_head":"<!-- This site is optimized with the Yoast SEO plugin v27.1.1 - https:\/\/yoast.com\/product\/yoast-seo-wordpress\/ -->\n<title>El pensamiento militarista. Sobre las \u201cguerras justas\u201d<\/title>\n<meta name=\"description\" content=\"Por Alternativas Noviolentas. El profesor Fernando Hern\u00e1ndez Holgado analiza, desenmascara y desmonta el militarismo y sus m\u00faltiples justificaciones en su\" \/>\n<meta name=\"robots\" content=\"index, follow, max-snippet:-1, max-image-preview:large, max-video-preview:-1\" \/>\n<link rel=\"canonical\" href=\"https:\/\/www.pressenza.com\/es\/2024\/04\/el-pensamiento-militarista-sobre-las-guerras-justas\/\" \/>\n<meta property=\"og:locale\" content=\"es_ES\" \/>\n<meta property=\"og:type\" content=\"article\" \/>\n<meta property=\"og:title\" content=\"El pensamiento militarista. Sobre las \u201cguerras justas\u201d\" \/>\n<meta property=\"og:description\" content=\"Por Alternativas Noviolentas. El profesor Fernando Hern\u00e1ndez Holgado analiza, desenmascara y desmonta el militarismo y sus m\u00faltiples justificaciones en su\" \/>\n<meta property=\"og:url\" content=\"https:\/\/www.pressenza.com\/es\/2024\/04\/el-pensamiento-militarista-sobre-las-guerras-justas\/\" \/>\n<meta property=\"og:site_name\" content=\"Pressenza\" \/>\n<meta property=\"article:publisher\" content=\"https:\/\/www.facebook.com\/PressenzaItalia\" \/>\n<meta property=\"article:author\" content=\"https:\/\/www.facebook.com\/pressenza\" \/>\n<meta property=\"article:published_time\" content=\"2024-04-24T14:39:06+00:00\" \/>\n<meta property=\"article:modified_time\" content=\"2025-01-23T16:23:49+00:00\" \/>\n<meta property=\"og:image\" content=\"https:\/\/www.pressenza.com\/wp-content\/uploads\/2024\/04\/Portada.-El-pensamiento.jpg\" \/>\n\t<meta property=\"og:image:width\" content=\"2048\" \/>\n\t<meta property=\"og:image:height\" content=\"1401\" \/>\n\t<meta property=\"og:image:type\" content=\"image\/jpeg\" \/>\n<meta name=\"author\" content=\"Redacci\u00f3n Madrid\" \/>\n<meta name=\"twitter:card\" content=\"summary_large_image\" \/>\n<meta name=\"twitter:creator\" content=\"@pressenza\" \/>\n<meta name=\"twitter:site\" content=\"@PressenzaIPA\" \/>\n<meta name=\"twitter:label1\" content=\"Escrito por\" \/>\n\t<meta name=\"twitter:data1\" content=\"Redacci\u00f3n Madrid\" \/>\n\t<meta name=\"twitter:label2\" content=\"Tiempo de lectura\" \/>\n\t<meta name=\"twitter:data2\" content=\"3 minutos\" \/>\n<script type=\"application\/ld+json\" class=\"yoast-schema-graph\">{\"@context\":\"https:\/\/schema.org\",\"@graph\":[{\"@type\":\"Article\",\"@id\":\"https:\/\/www.pressenza.com\/es\/2024\/04\/el-pensamiento-militarista-sobre-las-guerras-justas\/#article\",\"isPartOf\":{\"@id\":\"https:\/\/www.pressenza.com\/es\/2024\/04\/el-pensamiento-militarista-sobre-las-guerras-justas\/\"},\"author\":{\"name\":\"Redacci\u00f3n Madrid\",\"@id\":\"https:\/\/www.pressenza.com\/es\/#\/schema\/person\/828fc40eeca2ad7be3630e5a46adba94\"},\"headline\":\"El pensamiento militarista. Sobre las \u201cguerras justas\u201d\",\"datePublished\":\"2024-04-24T14:39:06+00:00\",\"dateModified\":\"2025-01-23T16:23:49+00:00\",\"mainEntityOfPage\":{\"@id\":\"https:\/\/www.pressenza.com\/es\/2024\/04\/el-pensamiento-militarista-sobre-las-guerras-justas\/\"},\"wordCount\":573,\"publisher\":{\"@id\":\"https:\/\/www.pressenza.com\/es\/#organization\"},\"image\":{\"@id\":\"https:\/\/www.pressenza.com\/es\/2024\/04\/el-pensamiento-militarista-sobre-las-guerras-justas\/#primaryimage\"},\"thumbnailUrl\":\"https:\/\/www.pressenza.com\/wp-content\/uploads\/2024\/04\/Portada.-El-pensamiento.jpg\",\"keywords\":[\"El pensamiento militarista\",\"militarismo\",\"no a la guerra\"],\"articleSection\":[\"Cultura y Medios\",\"Noticia\",\"Noviolencia\",\"Paz y Desarme\"],\"inLanguage\":\"es\"},{\"@type\":\"WebPage\",\"@id\":\"https:\/\/www.pressenza.com\/es\/2024\/04\/el-pensamiento-militarista-sobre-las-guerras-justas\/\",\"url\":\"https:\/\/www.pressenza.com\/es\/2024\/04\/el-pensamiento-militarista-sobre-las-guerras-justas\/\",\"name\":\"El pensamiento militarista. Sobre las \u201cguerras justas\u201d\",\"isPartOf\":{\"@id\":\"https:\/\/www.pressenza.com\/es\/#website\"},\"primaryImageOfPage\":{\"@id\":\"https:\/\/www.pressenza.com\/es\/2024\/04\/el-pensamiento-militarista-sobre-las-guerras-justas\/#primaryimage\"},\"image\":{\"@id\":\"https:\/\/www.pressenza.com\/es\/2024\/04\/el-pensamiento-militarista-sobre-las-guerras-justas\/#primaryimage\"},\"thumbnailUrl\":\"https:\/\/www.pressenza.com\/wp-content\/uploads\/2024\/04\/Portada.-El-pensamiento.jpg\",\"datePublished\":\"2024-04-24T14:39:06+00:00\",\"dateModified\":\"2025-01-23T16:23:49+00:00\",\"description\":\"Por Alternativas Noviolentas. El profesor Fernando Hern\u00e1ndez Holgado analiza, desenmascara y desmonta el militarismo y sus m\u00faltiples justificaciones en su\",\"breadcrumb\":{\"@id\":\"https:\/\/www.pressenza.com\/es\/2024\/04\/el-pensamiento-militarista-sobre-las-guerras-justas\/#breadcrumb\"},\"inLanguage\":\"es\",\"potentialAction\":[{\"@type\":\"ReadAction\",\"target\":[\"https:\/\/www.pressenza.com\/es\/2024\/04\/el-pensamiento-militarista-sobre-las-guerras-justas\/\"]}]},{\"@type\":\"ImageObject\",\"inLanguage\":\"es\",\"@id\":\"https:\/\/www.pressenza.com\/es\/2024\/04\/el-pensamiento-militarista-sobre-las-guerras-justas\/#primaryimage\",\"url\":\"https:\/\/www.pressenza.com\/wp-content\/uploads\/2024\/04\/Portada.-El-pensamiento.jpg\",\"contentUrl\":\"https:\/\/www.pressenza.com\/wp-content\/uploads\/2024\/04\/Portada.-El-pensamiento.jpg\",\"width\":2048,\"height\":1401},{\"@type\":\"BreadcrumbList\",\"@id\":\"https:\/\/www.pressenza.com\/es\/2024\/04\/el-pensamiento-militarista-sobre-las-guerras-justas\/#breadcrumb\",\"itemListElement\":[{\"@type\":\"ListItem\",\"position\":1,\"name\":\"Accueil\",\"item\":\"https:\/\/www.pressenza.com\/es\/\"},{\"@type\":\"ListItem\",\"position\":2,\"name\":\"El pensamiento militarista. Sobre las \u201cguerras justas\u201d\"}]},{\"@type\":\"WebSite\",\"@id\":\"https:\/\/www.pressenza.com\/es\/#website\",\"url\":\"https:\/\/www.pressenza.com\/es\/\",\"name\":\"Pressenza\",\"description\":\"International Press Agency\",\"publisher\":{\"@id\":\"https:\/\/www.pressenza.com\/es\/#organization\"},\"potentialAction\":[{\"@type\":\"SearchAction\",\"target\":{\"@type\":\"EntryPoint\",\"urlTemplate\":\"https:\/\/www.pressenza.com\/es\/?s={search_term_string}\"},\"query-input\":{\"@type\":\"PropertyValueSpecification\",\"valueRequired\":true,\"valueName\":\"search_term_string\"}}],\"inLanguage\":\"es\"},{\"@type\":\"Organization\",\"@id\":\"https:\/\/www.pressenza.com\/es\/#organization\",\"name\":\"Pressenza\",\"url\":\"https:\/\/www.pressenza.com\/es\/\",\"logo\":{\"@type\":\"ImageObject\",\"inLanguage\":\"es\",\"@id\":\"https:\/\/www.pressenza.com\/es\/#\/schema\/logo\/image\/\",\"url\":\"https:\/\/www.pressenza.com\/wp-content\/uploads\/2022\/10\/pressenza_logo_200x200.jpg\",\"contentUrl\":\"https:\/\/www.pressenza.com\/wp-content\/uploads\/2022\/10\/pressenza_logo_200x200.jpg\",\"width\":200,\"height\":200,\"caption\":\"Pressenza\"},\"image\":{\"@id\":\"https:\/\/www.pressenza.com\/es\/#\/schema\/logo\/image\/\"},\"sameAs\":[\"https:\/\/www.facebook.com\/PressenzaItalia\",\"https:\/\/x.com\/PressenzaIPA\"]},{\"@type\":\"Person\",\"@id\":\"https:\/\/www.pressenza.com\/es\/#\/schema\/person\/828fc40eeca2ad7be3630e5a46adba94\",\"name\":\"Redacci\u00f3n Madrid\",\"description\":\"News from the Pressenza Bureau in Madrid, Spain\",\"sameAs\":[\"https:\/\/www.facebook.com\/pressenza\",\"https:\/\/x.com\/pressenza\"],\"url\":\"https:\/\/www.pressenza.com\/es\/author\/redaccion-madrid\/\"}]}<\/script>\n<!-- \/ Yoast SEO plugin. -->","yoast_head_json":{"title":"El pensamiento militarista. Sobre las \u201cguerras justas\u201d","description":"Por Alternativas Noviolentas. El profesor Fernando Hern\u00e1ndez Holgado analiza, desenmascara y desmonta el militarismo y sus m\u00faltiples justificaciones en su","robots":{"index":"index","follow":"follow","max-snippet":"max-snippet:-1","max-image-preview":"max-image-preview:large","max-video-preview":"max-video-preview:-1"},"canonical":"https:\/\/www.pressenza.com\/es\/2024\/04\/el-pensamiento-militarista-sobre-las-guerras-justas\/","og_locale":"es_ES","og_type":"article","og_title":"El pensamiento militarista. Sobre las \u201cguerras justas\u201d","og_description":"Por Alternativas Noviolentas. El profesor Fernando Hern\u00e1ndez Holgado analiza, desenmascara y desmonta el militarismo y sus m\u00faltiples justificaciones en su","og_url":"https:\/\/www.pressenza.com\/es\/2024\/04\/el-pensamiento-militarista-sobre-las-guerras-justas\/","og_site_name":"Pressenza","article_publisher":"https:\/\/www.facebook.com\/PressenzaItalia","article_author":"https:\/\/www.facebook.com\/pressenza","article_published_time":"2024-04-24T14:39:06+00:00","article_modified_time":"2025-01-23T16:23:49+00:00","og_image":[{"width":2048,"height":1401,"url":"https:\/\/www.pressenza.com\/wp-content\/uploads\/2024\/04\/Portada.-El-pensamiento.jpg","type":"image\/jpeg"}],"author":"Redacci\u00f3n Madrid","twitter_card":"summary_large_image","twitter_creator":"@pressenza","twitter_site":"@PressenzaIPA","twitter_misc":{"Escrito por":"Redacci\u00f3n Madrid","Tiempo de lectura":"3 minutos"},"schema":{"@context":"https:\/\/schema.org","@graph":[{"@type":"Article","@id":"https:\/\/www.pressenza.com\/es\/2024\/04\/el-pensamiento-militarista-sobre-las-guerras-justas\/#article","isPartOf":{"@id":"https:\/\/www.pressenza.com\/es\/2024\/04\/el-pensamiento-militarista-sobre-las-guerras-justas\/"},"author":{"name":"Redacci\u00f3n Madrid","@id":"https:\/\/www.pressenza.com\/es\/#\/schema\/person\/828fc40eeca2ad7be3630e5a46adba94"},"headline":"El pensamiento militarista. Sobre las \u201cguerras justas\u201d","datePublished":"2024-04-24T14:39:06+00:00","dateModified":"2025-01-23T16:23:49+00:00","mainEntityOfPage":{"@id":"https:\/\/www.pressenza.com\/es\/2024\/04\/el-pensamiento-militarista-sobre-las-guerras-justas\/"},"wordCount":573,"publisher":{"@id":"https:\/\/www.pressenza.com\/es\/#organization"},"image":{"@id":"https:\/\/www.pressenza.com\/es\/2024\/04\/el-pensamiento-militarista-sobre-las-guerras-justas\/#primaryimage"},"thumbnailUrl":"https:\/\/www.pressenza.com\/wp-content\/uploads\/2024\/04\/Portada.-El-pensamiento.jpg","keywords":["El pensamiento militarista","militarismo","no a la guerra"],"articleSection":["Cultura y Medios","Noticia","Noviolencia","Paz y Desarme"],"inLanguage":"es"},{"@type":"WebPage","@id":"https:\/\/www.pressenza.com\/es\/2024\/04\/el-pensamiento-militarista-sobre-las-guerras-justas\/","url":"https:\/\/www.pressenza.com\/es\/2024\/04\/el-pensamiento-militarista-sobre-las-guerras-justas\/","name":"El pensamiento militarista. Sobre las \u201cguerras justas\u201d","isPartOf":{"@id":"https:\/\/www.pressenza.com\/es\/#website"},"primaryImageOfPage":{"@id":"https:\/\/www.pressenza.com\/es\/2024\/04\/el-pensamiento-militarista-sobre-las-guerras-justas\/#primaryimage"},"image":{"@id":"https:\/\/www.pressenza.com\/es\/2024\/04\/el-pensamiento-militarista-sobre-las-guerras-justas\/#primaryimage"},"thumbnailUrl":"https:\/\/www.pressenza.com\/wp-content\/uploads\/2024\/04\/Portada.-El-pensamiento.jpg","datePublished":"2024-04-24T14:39:06+00:00","dateModified":"2025-01-23T16:23:49+00:00","description":"Por Alternativas Noviolentas. El profesor Fernando Hern\u00e1ndez Holgado analiza, desenmascara y desmonta el militarismo y sus m\u00faltiples justificaciones en su","breadcrumb":{"@id":"https:\/\/www.pressenza.com\/es\/2024\/04\/el-pensamiento-militarista-sobre-las-guerras-justas\/#breadcrumb"},"inLanguage":"es","potentialAction":[{"@type":"ReadAction","target":["https:\/\/www.pressenza.com\/es\/2024\/04\/el-pensamiento-militarista-sobre-las-guerras-justas\/"]}]},{"@type":"ImageObject","inLanguage":"es","@id":"https:\/\/www.pressenza.com\/es\/2024\/04\/el-pensamiento-militarista-sobre-las-guerras-justas\/#primaryimage","url":"https:\/\/www.pressenza.com\/wp-content\/uploads\/2024\/04\/Portada.-El-pensamiento.jpg","contentUrl":"https:\/\/www.pressenza.com\/wp-content\/uploads\/2024\/04\/Portada.-El-pensamiento.jpg","width":2048,"height":1401},{"@type":"BreadcrumbList","@id":"https:\/\/www.pressenza.com\/es\/2024\/04\/el-pensamiento-militarista-sobre-las-guerras-justas\/#breadcrumb","itemListElement":[{"@type":"ListItem","position":1,"name":"Accueil","item":"https:\/\/www.pressenza.com\/es\/"},{"@type":"ListItem","position":2,"name":"El pensamiento militarista. Sobre las \u201cguerras justas\u201d"}]},{"@type":"WebSite","@id":"https:\/\/www.pressenza.com\/es\/#website","url":"https:\/\/www.pressenza.com\/es\/","name":"Pressenza","description":"International Press Agency","publisher":{"@id":"https:\/\/www.pressenza.com\/es\/#organization"},"potentialAction":[{"@type":"SearchAction","target":{"@type":"EntryPoint","urlTemplate":"https:\/\/www.pressenza.com\/es\/?s={search_term_string}"},"query-input":{"@type":"PropertyValueSpecification","valueRequired":true,"valueName":"search_term_string"}}],"inLanguage":"es"},{"@type":"Organization","@id":"https:\/\/www.pressenza.com\/es\/#organization","name":"Pressenza","url":"https:\/\/www.pressenza.com\/es\/","logo":{"@type":"ImageObject","inLanguage":"es","@id":"https:\/\/www.pressenza.com\/es\/#\/schema\/logo\/image\/","url":"https:\/\/www.pressenza.com\/wp-content\/uploads\/2022\/10\/pressenza_logo_200x200.jpg","contentUrl":"https:\/\/www.pressenza.com\/wp-content\/uploads\/2022\/10\/pressenza_logo_200x200.jpg","width":200,"height":200,"caption":"Pressenza"},"image":{"@id":"https:\/\/www.pressenza.com\/es\/#\/schema\/logo\/image\/"},"sameAs":["https:\/\/www.facebook.com\/PressenzaItalia","https:\/\/x.com\/PressenzaIPA"]},{"@type":"Person","@id":"https:\/\/www.pressenza.com\/es\/#\/schema\/person\/828fc40eeca2ad7be3630e5a46adba94","name":"Redacci\u00f3n Madrid","description":"News from the Pressenza Bureau in Madrid, Spain","sameAs":["https:\/\/www.facebook.com\/pressenza","https:\/\/x.com\/pressenza"],"url":"https:\/\/www.pressenza.com\/es\/author\/redaccion-madrid\/"}]}},"place":"","original_article_url":"https:\/\/alternativasnoviolentas.org\/2024\/04\/24\/el-pensamiento-militarista-sobre-las-guerras-justas\/","_links":{"self":[{"href":"https:\/\/www.pressenza.com\/es\/wp-json\/wp\/v2\/posts\/1840541","targetHints":{"allow":["GET"]}}],"collection":[{"href":"https:\/\/www.pressenza.com\/es\/wp-json\/wp\/v2\/posts"}],"about":[{"href":"https:\/\/www.pressenza.com\/es\/wp-json\/wp\/v2\/types\/post"}],"author":[{"embeddable":true,"href":"https:\/\/www.pressenza.com\/es\/wp-json\/wp\/v2\/users\/94"}],"replies":[{"embeddable":true,"href":"https:\/\/www.pressenza.com\/es\/wp-json\/wp\/v2\/comments?post=1840541"}],"version-history":[{"count":0,"href":"https:\/\/www.pressenza.com\/es\/wp-json\/wp\/v2\/posts\/1840541\/revisions"}],"wp:featuredmedia":[{"embeddable":true,"href":"https:\/\/www.pressenza.com\/es\/wp-json\/wp\/v2\/media\/1840542"}],"wp:attachment":[{"href":"https:\/\/www.pressenza.com\/es\/wp-json\/wp\/v2\/media?parent=1840541"}],"wp:term":[{"taxonomy":"category","embeddable":true,"href":"https:\/\/www.pressenza.com\/es\/wp-json\/wp\/v2\/categories?post=1840541"},{"taxonomy":"post_tag","embeddable":true,"href":"https:\/\/www.pressenza.com\/es\/wp-json\/wp\/v2\/tags?post=1840541"}],"curies":[{"name":"wp","href":"https:\/\/api.w.org\/{rel}","templated":true}]}}