{"id":1840,"date":"2009-10-20T00:00:00","date_gmt":"2009-10-20T00:00:00","guid":{"rendered":""},"modified":"2009-10-20T11:10:41","modified_gmt":"2009-10-20T11:10:41","slug":"la-bandera-de-la-paz-flamea-en-las-alturas-del-volcan-lanin","status":"publish","type":"post","link":"https:\/\/www.pressenza.com\/es\/2009\/10\/la-bandera-de-la-paz-flamea-en-las-alturas-del-volcan-lanin\/","title":{"rendered":"La bandera de la Paz flamea en las alturas del volc\u00e1n Lan\u00edn"},"content":{"rendered":"<p>Extra\u00f1as coincidencias a veces concluyen en grandes haza\u00f1as. Sucede que, lo que comenz\u00f3  como una simple y fortuita b\u00fasqueda en internet, condujo al despliegue de la bandera de la Marcha Mundial por la Paz y la No-Violencia en la cima del Volc\u00e1n Lan\u00edn, que se eleva a m\u00e1s de 3700 metros de altura en la Patagonia Argentina. Es que una ma\u00f1ana com\u00fan y corriente, Roberto Rojas, miembro del Mensaje de Silo, recibe un alerta de Google que reenv\u00eda al blog de los andinistas Siloman Toledo y Cecilia Ulloa (http:\/\/siloyceci.blogspot.com). El mismo abre con una frase que todav\u00eda resuena: \u201cel andinista es quien conduce su cuerpo all\u00e1 donde un d\u00eda sus ojos lo so\u00f1aron\u2026\u201d. Un aforismo que tal vez recuerda a la filosof\u00eda de vida humanista. <\/p>\n<p>Lo cierto es que Roberto les escribi\u00f3 invit\u00e1ndolos a sumarse a la Marcha Mundial, y los dos j\u00f3venes le respondieron: \u201ccompartimos totalmente esta lucha por la paz y la no-violencia. No nos quedamos con los brazos cruzados y, como una manera de apoyarlos en esta Marcha, vamos a hacer algo que amamos; vamos a representarla desde las alturas&#8230; la idea es subir el volc\u00e1n Lan\u00edn, el emblema de nuestra provincia, un imponente coloso de roca y hielo que se eleva 3776 m.s.n.m, y que identifica a toda persona que se siente apasionada por la monta\u00f1a. El objetivo es llegar a la cumbre levantando una bandera en representaci\u00f3n a esta lucha por la Paz\u201d. <\/p>\n<p>El mi\u00e9rcoles 14 de octubre comienza el ascenso. \u201cDurante la madrugada, s\u00f3lo escuch\u00e1bamos el crujir de la nieve congelada, pero nuestros pensamientos nos dec\u00edan que alguien en alg\u00fan lugar nos estar\u00eda apoyando\u201d, comentan Silo y Ceci. \u201cLuego de mucha determinaci\u00f3n, llegamos a la cima, mostrando al mundo que Neuqu\u00e9n, desde la monta\u00f1a m\u00e1s emblem\u00e1tica de la provincia, apoya esta Marcha Mundial por la Paz y la No-Violencia, para as\u00ed crear conciencia e inspiraci\u00f3n sobre esta sociedad\u201d. <\/p>\n<p>El volc\u00e1n Lan\u00edn est\u00e1 situado en el suroeste de dicha provincia, a orillas de la ruta provincial 60 que une Argentina con Chile. Est\u00e1 rodeado por numerosos lagos y valles glaciarios. Sus laderas est\u00e1n cubiertas por bosques naturales de Pehuenes (araucaria araucana), \u00e1rboles que pueden alcanzar hasta 70 metros de altura, y que s\u00f3lo crecen entre cuatro y ocho cent\u00edmetros al a\u00f1o. Geol\u00f3gicamente, el Lan\u00edn es uno de los volcanes m\u00e1s j\u00f3venes de la cordillera de los Andes. Se lo considera extinto y una de las monta\u00f1as m\u00e1s atractivas del mundo. <\/p>\n<p>\u201cNo importa que tan alto eleves tu cuerpo, ni d\u00f3nde lo lleves; lo importante es que haya paz en tu mente y puedas transmitirla\u2026\u201d, concluyen. \u201cEsperamos que esta experiencia sea inspiradora y logremos concientizar a la sociedad y a los l\u00edderes a tomar las decisiones correctas. Estaremos infinitamente agradecidos a las personas que nos dieron su apoyo incondicional y luchan por esta causa tan justa y trascendental para el mundo\u201d, relatan los aventureros. <\/p>\n<p>Al parecer, no ser\u00eda la primera vez que se escala una monta\u00f1a para manifestarse a favor de la Paz. Recientemente, otros adherentes a la Marcha Mundial escalaron el m\u00edtico monte Ararat, en Turqu\u00eda. Y la tendencia se impone: para los \u00faltimos d\u00edas de diciembre, otro grupo de andinistas har\u00e1 lo propio en el Monte Aconcagua, a cuyos pies concluye la Marcha Mundial por la Paz y la No-violencia.  <\/p>\n<p>Video en: http:\/\/www.youtube.com\/watch?v=iT4M2ZWOOxA<\/p>\n","protected":false},"excerpt":{"rendered":"<p>El volc\u00e1n Lan\u00edn est\u00e1 situado en el suroeste de la provincia de Neuqu\u00e9n, en Argentina. Dos andinistas, Siloman Toledo y Cecilia Ulloa, llegaron a su cima a 3776 metros de altura, donde desplegaron la bandera de la Marcha Mundial por la Paz y la No-Violencia.  \u201cEsperamos que esta experiencia sea inspiradora y logremos concientizar a la sociedad\u201d, expresan los aventureros. <\/p>\n","protected":false},"author":19,"featured_media":0,"comment_status":"closed","ping_status":"open","sticky":false,"template":"","format":"standard","meta":{"footnotes":""},"categories":[75,39,161,67],"tags":[],"class_list":["post-1840","post","type-post","status-publish","format-standard","hentry","category-cultura-es","category-internacional","category-opiniones","category-sudamerica"],"yoast_head":"<!-- This site is optimized with the Yoast SEO plugin v27.1.1 - https:\/\/yoast.com\/product\/yoast-seo-wordpress\/ -->\n<title>La bandera de la Paz flamea en las alturas del volc\u00e1n Lan\u00edn<\/title>\n<meta name=\"description\" content=\"El volc\u00e1n Lan\u00edn est\u00e1 situado en el suroeste de la provincia de Neuqu\u00e9n, en Argentina. Dos andinistas, Siloman Toledo y Cecilia Ulloa, llegaron a su cima a 3776 metros de altura, donde desplegaron la bandera de la Marcha Mundial por la Paz y la No-Violencia. \u201cEsperamos que esta experiencia sea inspiradora y logremos concientizar a la sociedad\u201d, expresan los aventureros.\" \/>\n<meta name=\"robots\" content=\"index, follow, max-snippet:-1, max-image-preview:large, max-video-preview:-1\" \/>\n<link rel=\"canonical\" href=\"https:\/\/www.pressenza.com\/es\/2009\/10\/la-bandera-de-la-paz-flamea-en-las-alturas-del-volcan-lanin\/\" \/>\n<meta property=\"og:locale\" content=\"es_ES\" \/>\n<meta property=\"og:type\" content=\"article\" \/>\n<meta property=\"og:title\" content=\"La bandera de la Paz flamea en las alturas del volc\u00e1n Lan\u00edn\" \/>\n<meta property=\"og:description\" content=\"El volc\u00e1n Lan\u00edn est\u00e1 situado en el suroeste de la provincia de Neuqu\u00e9n, en Argentina. Dos andinistas, Siloman Toledo y Cecilia Ulloa, llegaron a su cima a 3776 metros de altura, donde desplegaron la bandera de la Marcha Mundial por la Paz y la No-Violencia. \u201cEsperamos que esta experiencia sea inspiradora y logremos concientizar a la sociedad\u201d, expresan los aventureros.\" \/>\n<meta property=\"og:url\" content=\"https:\/\/www.pressenza.com\/es\/2009\/10\/la-bandera-de-la-paz-flamea-en-las-alturas-del-volcan-lanin\/\" \/>\n<meta property=\"og:site_name\" content=\"Pressenza\" \/>\n<meta property=\"article:publisher\" content=\"https:\/\/www.facebook.com\/PressenzaItalia\" \/>\n<meta property=\"article:author\" content=\"https:\/\/www.facebook.com\/pressenza\" \/>\n<meta property=\"article:published_time\" content=\"2009-10-20T00:00:00+00:00\" \/>\n<meta property=\"article:modified_time\" content=\"2009-10-20T11:10:41+00:00\" \/>\n<meta name=\"author\" content=\"Pressenza IPA\" \/>\n<meta name=\"twitter:card\" content=\"summary_large_image\" \/>\n<meta name=\"twitter:creator\" content=\"@PressenzaIPA\" \/>\n<meta name=\"twitter:site\" content=\"@PressenzaIPA\" \/>\n<meta name=\"twitter:label1\" content=\"Escrito por\" \/>\n\t<meta name=\"twitter:data1\" content=\"Pressenza IPA\" \/>\n\t<meta name=\"twitter:label2\" content=\"Tiempo de lectura\" \/>\n\t<meta name=\"twitter:data2\" content=\"3 minutos\" \/>\n<script type=\"application\/ld+json\" class=\"yoast-schema-graph\">{\"@context\":\"https:\/\/schema.org\",\"@graph\":[{\"@type\":\"Article\",\"@id\":\"https:\/\/www.pressenza.com\/es\/2009\/10\/la-bandera-de-la-paz-flamea-en-las-alturas-del-volcan-lanin\/#article\",\"isPartOf\":{\"@id\":\"https:\/\/www.pressenza.com\/es\/2009\/10\/la-bandera-de-la-paz-flamea-en-las-alturas-del-volcan-lanin\/\"},\"author\":{\"name\":\"Pressenza IPA\",\"@id\":\"https:\/\/www.pressenza.com\/es\/#\/schema\/person\/010e5d02bcf40965427a1289a4cc8d75\"},\"headline\":\"La bandera de la Paz flamea en las alturas del volc\u00e1n Lan\u00edn\",\"datePublished\":\"2009-10-20T00:00:00+00:00\",\"dateModified\":\"2009-10-20T11:10:41+00:00\",\"mainEntityOfPage\":{\"@id\":\"https:\/\/www.pressenza.com\/es\/2009\/10\/la-bandera-de-la-paz-flamea-en-las-alturas-del-volcan-lanin\/\"},\"wordCount\":622,\"publisher\":{\"@id\":\"https:\/\/www.pressenza.com\/es\/#organization\"},\"articleSection\":[\"Cultura y Medios\",\"Internacional\",\"Opiniones\",\"Sudam\u00e9rica\"],\"inLanguage\":\"es\"},{\"@type\":\"WebPage\",\"@id\":\"https:\/\/www.pressenza.com\/es\/2009\/10\/la-bandera-de-la-paz-flamea-en-las-alturas-del-volcan-lanin\/\",\"url\":\"https:\/\/www.pressenza.com\/es\/2009\/10\/la-bandera-de-la-paz-flamea-en-las-alturas-del-volcan-lanin\/\",\"name\":\"La bandera de la Paz flamea en las alturas del volc\u00e1n Lan\u00edn\",\"isPartOf\":{\"@id\":\"https:\/\/www.pressenza.com\/es\/#website\"},\"datePublished\":\"2009-10-20T00:00:00+00:00\",\"dateModified\":\"2009-10-20T11:10:41+00:00\",\"description\":\"El volc\u00e1n Lan\u00edn est\u00e1 situado en el suroeste de la provincia de Neuqu\u00e9n, en Argentina. Dos andinistas, Siloman Toledo y Cecilia Ulloa, llegaron a su cima a 3776 metros de altura, donde desplegaron la bandera de la Marcha Mundial por la Paz y la No-Violencia. \u201cEsperamos que esta experiencia sea inspiradora y logremos concientizar a la sociedad\u201d, expresan los aventureros.\",\"breadcrumb\":{\"@id\":\"https:\/\/www.pressenza.com\/es\/2009\/10\/la-bandera-de-la-paz-flamea-en-las-alturas-del-volcan-lanin\/#breadcrumb\"},\"inLanguage\":\"es\",\"potentialAction\":[{\"@type\":\"ReadAction\",\"target\":[\"https:\/\/www.pressenza.com\/es\/2009\/10\/la-bandera-de-la-paz-flamea-en-las-alturas-del-volcan-lanin\/\"]}]},{\"@type\":\"BreadcrumbList\",\"@id\":\"https:\/\/www.pressenza.com\/es\/2009\/10\/la-bandera-de-la-paz-flamea-en-las-alturas-del-volcan-lanin\/#breadcrumb\",\"itemListElement\":[{\"@type\":\"ListItem\",\"position\":1,\"name\":\"Accueil\",\"item\":\"https:\/\/www.pressenza.com\/es\/\"},{\"@type\":\"ListItem\",\"position\":2,\"name\":\"La bandera de la Paz flamea en las alturas del volc\u00e1n Lan\u00edn\"}]},{\"@type\":\"WebSite\",\"@id\":\"https:\/\/www.pressenza.com\/es\/#website\",\"url\":\"https:\/\/www.pressenza.com\/es\/\",\"name\":\"Pressenza\",\"description\":\"International Press Agency\",\"publisher\":{\"@id\":\"https:\/\/www.pressenza.com\/es\/#organization\"},\"potentialAction\":[{\"@type\":\"SearchAction\",\"target\":{\"@type\":\"EntryPoint\",\"urlTemplate\":\"https:\/\/www.pressenza.com\/es\/?s={search_term_string}\"},\"query-input\":{\"@type\":\"PropertyValueSpecification\",\"valueRequired\":true,\"valueName\":\"search_term_string\"}}],\"inLanguage\":\"es\"},{\"@type\":\"Organization\",\"@id\":\"https:\/\/www.pressenza.com\/es\/#organization\",\"name\":\"Pressenza\",\"url\":\"https:\/\/www.pressenza.com\/es\/\",\"logo\":{\"@type\":\"ImageObject\",\"inLanguage\":\"es\",\"@id\":\"https:\/\/www.pressenza.com\/es\/#\/schema\/logo\/image\/\",\"url\":\"https:\/\/www.pressenza.com\/wp-content\/uploads\/2022\/10\/pressenza_logo_200x200.jpg\",\"contentUrl\":\"https:\/\/www.pressenza.com\/wp-content\/uploads\/2022\/10\/pressenza_logo_200x200.jpg\",\"width\":200,\"height\":200,\"caption\":\"Pressenza\"},\"image\":{\"@id\":\"https:\/\/www.pressenza.com\/es\/#\/schema\/logo\/image\/\"},\"sameAs\":[\"https:\/\/www.facebook.com\/PressenzaItalia\",\"https:\/\/x.com\/PressenzaIPA\"]},{\"@type\":\"Person\",\"@id\":\"https:\/\/www.pressenza.com\/es\/#\/schema\/person\/010e5d02bcf40965427a1289a4cc8d75\",\"name\":\"Pressenza IPA\",\"description\":\"News from Pressenza IPA correspondents\",\"sameAs\":[\"https:\/\/www.facebook.com\/pressenza\",\"https:\/\/x.com\/PressenzaIPA\"],\"url\":\"https:\/\/www.pressenza.com\/es\/author\/pressenza-ipa\/\"}]}<\/script>\n<!-- \/ Yoast SEO plugin. -->","yoast_head_json":{"title":"La bandera de la Paz flamea en las alturas del volc\u00e1n Lan\u00edn","description":"El volc\u00e1n Lan\u00edn est\u00e1 situado en el suroeste de la provincia de Neuqu\u00e9n, en Argentina. Dos andinistas, Siloman Toledo y Cecilia Ulloa, llegaron a su cima a 3776 metros de altura, donde desplegaron la bandera de la Marcha Mundial por la Paz y la No-Violencia. \u201cEsperamos que esta experiencia sea inspiradora y logremos concientizar a la sociedad\u201d, expresan los aventureros.","robots":{"index":"index","follow":"follow","max-snippet":"max-snippet:-1","max-image-preview":"max-image-preview:large","max-video-preview":"max-video-preview:-1"},"canonical":"https:\/\/www.pressenza.com\/es\/2009\/10\/la-bandera-de-la-paz-flamea-en-las-alturas-del-volcan-lanin\/","og_locale":"es_ES","og_type":"article","og_title":"La bandera de la Paz flamea en las alturas del volc\u00e1n Lan\u00edn","og_description":"El volc\u00e1n Lan\u00edn est\u00e1 situado en el suroeste de la provincia de Neuqu\u00e9n, en Argentina. Dos andinistas, Siloman Toledo y Cecilia Ulloa, llegaron a su cima a 3776 metros de altura, donde desplegaron la bandera de la Marcha Mundial por la Paz y la No-Violencia. \u201cEsperamos que esta experiencia sea inspiradora y logremos concientizar a la sociedad\u201d, expresan los aventureros.","og_url":"https:\/\/www.pressenza.com\/es\/2009\/10\/la-bandera-de-la-paz-flamea-en-las-alturas-del-volcan-lanin\/","og_site_name":"Pressenza","article_publisher":"https:\/\/www.facebook.com\/PressenzaItalia","article_author":"https:\/\/www.facebook.com\/pressenza","article_published_time":"2009-10-20T00:00:00+00:00","article_modified_time":"2009-10-20T11:10:41+00:00","author":"Pressenza IPA","twitter_card":"summary_large_image","twitter_creator":"@PressenzaIPA","twitter_site":"@PressenzaIPA","twitter_misc":{"Escrito por":"Pressenza IPA","Tiempo de lectura":"3 minutos"},"schema":{"@context":"https:\/\/schema.org","@graph":[{"@type":"Article","@id":"https:\/\/www.pressenza.com\/es\/2009\/10\/la-bandera-de-la-paz-flamea-en-las-alturas-del-volcan-lanin\/#article","isPartOf":{"@id":"https:\/\/www.pressenza.com\/es\/2009\/10\/la-bandera-de-la-paz-flamea-en-las-alturas-del-volcan-lanin\/"},"author":{"name":"Pressenza IPA","@id":"https:\/\/www.pressenza.com\/es\/#\/schema\/person\/010e5d02bcf40965427a1289a4cc8d75"},"headline":"La bandera de la Paz flamea en las alturas del volc\u00e1n Lan\u00edn","datePublished":"2009-10-20T00:00:00+00:00","dateModified":"2009-10-20T11:10:41+00:00","mainEntityOfPage":{"@id":"https:\/\/www.pressenza.com\/es\/2009\/10\/la-bandera-de-la-paz-flamea-en-las-alturas-del-volcan-lanin\/"},"wordCount":622,"publisher":{"@id":"https:\/\/www.pressenza.com\/es\/#organization"},"articleSection":["Cultura y Medios","Internacional","Opiniones","Sudam\u00e9rica"],"inLanguage":"es"},{"@type":"WebPage","@id":"https:\/\/www.pressenza.com\/es\/2009\/10\/la-bandera-de-la-paz-flamea-en-las-alturas-del-volcan-lanin\/","url":"https:\/\/www.pressenza.com\/es\/2009\/10\/la-bandera-de-la-paz-flamea-en-las-alturas-del-volcan-lanin\/","name":"La bandera de la Paz flamea en las alturas del volc\u00e1n Lan\u00edn","isPartOf":{"@id":"https:\/\/www.pressenza.com\/es\/#website"},"datePublished":"2009-10-20T00:00:00+00:00","dateModified":"2009-10-20T11:10:41+00:00","description":"El volc\u00e1n Lan\u00edn est\u00e1 situado en el suroeste de la provincia de Neuqu\u00e9n, en Argentina. Dos andinistas, Siloman Toledo y Cecilia Ulloa, llegaron a su cima a 3776 metros de altura, donde desplegaron la bandera de la Marcha Mundial por la Paz y la No-Violencia. \u201cEsperamos que esta experiencia sea inspiradora y logremos concientizar a la sociedad\u201d, expresan los aventureros.","breadcrumb":{"@id":"https:\/\/www.pressenza.com\/es\/2009\/10\/la-bandera-de-la-paz-flamea-en-las-alturas-del-volcan-lanin\/#breadcrumb"},"inLanguage":"es","potentialAction":[{"@type":"ReadAction","target":["https:\/\/www.pressenza.com\/es\/2009\/10\/la-bandera-de-la-paz-flamea-en-las-alturas-del-volcan-lanin\/"]}]},{"@type":"BreadcrumbList","@id":"https:\/\/www.pressenza.com\/es\/2009\/10\/la-bandera-de-la-paz-flamea-en-las-alturas-del-volcan-lanin\/#breadcrumb","itemListElement":[{"@type":"ListItem","position":1,"name":"Accueil","item":"https:\/\/www.pressenza.com\/es\/"},{"@type":"ListItem","position":2,"name":"La bandera de la Paz flamea en las alturas del volc\u00e1n Lan\u00edn"}]},{"@type":"WebSite","@id":"https:\/\/www.pressenza.com\/es\/#website","url":"https:\/\/www.pressenza.com\/es\/","name":"Pressenza","description":"International Press Agency","publisher":{"@id":"https:\/\/www.pressenza.com\/es\/#organization"},"potentialAction":[{"@type":"SearchAction","target":{"@type":"EntryPoint","urlTemplate":"https:\/\/www.pressenza.com\/es\/?s={search_term_string}"},"query-input":{"@type":"PropertyValueSpecification","valueRequired":true,"valueName":"search_term_string"}}],"inLanguage":"es"},{"@type":"Organization","@id":"https:\/\/www.pressenza.com\/es\/#organization","name":"Pressenza","url":"https:\/\/www.pressenza.com\/es\/","logo":{"@type":"ImageObject","inLanguage":"es","@id":"https:\/\/www.pressenza.com\/es\/#\/schema\/logo\/image\/","url":"https:\/\/www.pressenza.com\/wp-content\/uploads\/2022\/10\/pressenza_logo_200x200.jpg","contentUrl":"https:\/\/www.pressenza.com\/wp-content\/uploads\/2022\/10\/pressenza_logo_200x200.jpg","width":200,"height":200,"caption":"Pressenza"},"image":{"@id":"https:\/\/www.pressenza.com\/es\/#\/schema\/logo\/image\/"},"sameAs":["https:\/\/www.facebook.com\/PressenzaItalia","https:\/\/x.com\/PressenzaIPA"]},{"@type":"Person","@id":"https:\/\/www.pressenza.com\/es\/#\/schema\/person\/010e5d02bcf40965427a1289a4cc8d75","name":"Pressenza IPA","description":"News from Pressenza IPA correspondents","sameAs":["https:\/\/www.facebook.com\/pressenza","https:\/\/x.com\/PressenzaIPA"],"url":"https:\/\/www.pressenza.com\/es\/author\/pressenza-ipa\/"}]}},"place":"Neuqu\u00e9n","original_article_url":"","_links":{"self":[{"href":"https:\/\/www.pressenza.com\/es\/wp-json\/wp\/v2\/posts\/1840","targetHints":{"allow":["GET"]}}],"collection":[{"href":"https:\/\/www.pressenza.com\/es\/wp-json\/wp\/v2\/posts"}],"about":[{"href":"https:\/\/www.pressenza.com\/es\/wp-json\/wp\/v2\/types\/post"}],"author":[{"embeddable":true,"href":"https:\/\/www.pressenza.com\/es\/wp-json\/wp\/v2\/users\/19"}],"replies":[{"embeddable":true,"href":"https:\/\/www.pressenza.com\/es\/wp-json\/wp\/v2\/comments?post=1840"}],"version-history":[{"count":0,"href":"https:\/\/www.pressenza.com\/es\/wp-json\/wp\/v2\/posts\/1840\/revisions"}],"wp:attachment":[{"href":"https:\/\/www.pressenza.com\/es\/wp-json\/wp\/v2\/media?parent=1840"}],"wp:term":[{"taxonomy":"category","embeddable":true,"href":"https:\/\/www.pressenza.com\/es\/wp-json\/wp\/v2\/categories?post=1840"},{"taxonomy":"post_tag","embeddable":true,"href":"https:\/\/www.pressenza.com\/es\/wp-json\/wp\/v2\/tags?post=1840"}],"curies":[{"name":"wp","href":"https:\/\/api.w.org\/{rel}","templated":true}]}}